{"id":4779,"date":"2014-12-15T11:44:17","date_gmt":"2014-12-15T10:44:17","guid":{"rendered":"http:\/\/www.naturparkmagazin.de\/vdn\/?p=4779"},"modified":"2014-12-18T11:55:04","modified_gmt":"2014-12-18T10:55:04","slug":"pflaumen-nuss-butter-aus-dem-naturpark-stechlin-ruppiner-land","status":"publish","type":"post","link":"https:\/\/www.naturparkmagazin.de\/vdn\/pflaumen-nuss-butter-aus-dem-naturpark-stechlin-ruppiner-land\/","title":{"rendered":"Pflaumen-Nuss-Butter aus dem Naturpark Stechlin-Ruppiner Land"},"content":{"rendered":"<div id=\"attachment_4780\" style=\"width: 510px\" class=\"wp-caption aligncenter\"><a href=\"https:\/\/www.naturparkmagazin.de\/vdn\/wp-content\/uploads\/sites\/3\/Butter_beitrag.jpg\"><img aria-describedby=\"caption-attachment-4780\" decoding=\"async\" loading=\"lazy\" class=\"size-full wp-image-4780\" title=\"Copyright: Naturgenuss GmbH\" alt=\"Copyright: Naturgenuss GmbH\" src=\"https:\/\/www.naturparkmagazin.de\/vdn\/wp-content\/uploads\/sites\/3\/Butter_beitrag.jpg\" width=\"500\" height=\"300\" srcset=\"https:\/\/www.naturparkmagazin.de\/vdn\/wp-content\/uploads\/sites\/3\/Butter_beitrag.jpg 500w, https:\/\/www.naturparkmagazin.de\/vdn\/wp-content\/uploads\/sites\/3\/Butter_beitrag-300x180.jpg 300w, https:\/\/www.naturparkmagazin.de\/vdn\/wp-content\/uploads\/sites\/3\/Butter_beitrag-200x120.jpg 200w\" sizes=\"(max-width: 500px) 100vw, 500px\" \/><\/a><p id=\"caption-attachment-4780\" class=\"wp-caption-text\">Copyright: Naturgenuss GmbH<\/p><\/div>\n<p>Wer sich mit Gaumenfreuden die \u201estille Zeit\u201c vertreiben will, sollte die Pflaumen-Nuss-Butter \u201emarmelo\u201c aus dem Naturpark Stechlin-Ruppiner Land probieren. Wunderbar fruchtig, geschmacksintensiv und streichf\u00e4hig\u00a0 passt sie zu Weichk\u00e4se, Joghurt &amp; M\u00fcsli, Cr\u00eapes &amp; Eierkuchen aber auch zu warmem Toast und Croissants.<\/p>\n<p><b><i>marmelo\u00a0 Manufaktur<\/i><\/b><i>\n<\/i>Marmelo steht f\u00fcr handgemachte, geschmacksintensive und raffinierte Fruchtaufstriche und Fruchtbutter mit einem Fruchtanteil von mindesten 70 %. Sorgf\u00e4ltige &amp; aromaschonende Verarbeitung ausgesuchter frischer Fr\u00fcchte aus der Region\u00a0 sowie die Verwendung nat\u00fcrlicher Stoffe wie Zitronensaft, Roh-Rohrzucker und reinem Apfelpektin garantieren gesunden Genuss.<\/p>\n<p>Marmelo ist ein Unternehmen der Slow-Food Bewegung. Unser Produkt des Monats und weitere Gaumenfreunden finden Sie online im <a href=\"http:\/\/www.naturpark-spezialitaeten.de\" target=\"_blank\">Naturpark-Spezialit\u00e4ten-Shop<\/a>.<\/p>\n","protected":false},"excerpt":{"rendered":"<p>Wer sich mit Gaumenfreuden die \u201estille Zeit\u201c vertreiben will, sollte die Pflaumen-Nuss-Butter \u201emarmelo\u201c aus dem Naturpark Stechlin-Ruppiner Land probieren. <\/p>\n","protected":false},"author":14,"featured_media":4781,"comment_status":"open","ping_status":"open","sticky":false,"template":"","format":"standard","meta":{"_links_to":"","_links_to_target":""},"categories":[13],"tags":[],"yoast_head":"<!-- This site is optimized with the Yoast SEO plugin v19.10 - https:\/\/yoast.com\/wordpress\/plugins\/seo\/ -->\n<title>Pflaumen-Nuss-Butter aus dem Naturpark Stechlin-Ruppiner Land<\/title>\n<meta name=\"description\" content=\"Wer sich mit Gaumenfreuden die \u201estille Zeit\u201c vertreiben will, sollte die Pflaumen-Nuss-Butter \u201emarmelo\u201c aus dem Naturpark Stechlin-Ruppiner Land probieren.\" \/>\n<meta name=\"robots\" content=\"index, follow, max-snippet:-1, max-image-preview:large, max-video-preview:-1\" \/>\n<link rel=\"canonical\" href=\"https:\/\/www.naturparkmagazin.de\/vdn\/pflaumen-nuss-butter-aus-dem-naturpark-stechlin-ruppiner-land\/\" \/>\n<meta property=\"og:locale\" content=\"de_DE\" \/>\n<meta property=\"og:type\" content=\"article\" \/>\n<meta property=\"og:title\" content=\"Pflaumen-Nuss-Butter aus dem Naturpark Stechlin-Ruppiner Land\" \/>\n<meta property=\"og:description\" content=\"Wer sich mit Gaumenfreuden die \u201estille Zeit\u201c vertreiben will, sollte die Pflaumen-Nuss-Butter \u201emarmelo\u201c aus dem Naturpark Stechlin-Ruppiner Land probieren.\" \/>\n<meta property=\"og:url\" content=\"https:\/\/www.naturparkmagazin.de\/vdn\/pflaumen-nuss-butter-aus-dem-naturpark-stechlin-ruppiner-land\/\" \/>\n<meta property=\"og:site_name\" content=\"Verband Deutscher Naturparke\" \/>\n<meta property=\"article:published_time\" content=\"2014-12-15T10:44:17+00:00\" \/>\n<meta property=\"article:modified_time\" content=\"2014-12-18T10:55:04+00:00\" \/>\n<meta property=\"og:image\" content=\"https:\/\/www.naturparkmagazin.de\/vdn\/wp-content\/uploads\/sites\/3\/Butter_beitragsbild.jpg\" \/>\n\t<meta property=\"og:image:width\" content=\"180\" \/>\n\t<meta property=\"og:image:height\" content=\"135\" \/>\n\t<meta property=\"og:image:type\" content=\"image\/jpeg\" \/>\n<meta name=\"author\" content=\"vdnnational\" \/>\n<meta name=\"twitter:label1\" content=\"Verfasst von\" \/>\n\t<meta name=\"twitter:data1\" content=\"vdnnational\" \/>\n\t<meta name=\"twitter:label2\" content=\"Gesch\u00e4tzte Lesezeit\" \/>\n\t<meta name=\"twitter:data2\" content=\"1\u00a0Minute\" \/>\n<script type=\"application\/ld+json\" class=\"yoast-schema-graph\">{\"@context\":\"https:\/\/schema.org\",\"@graph\":[{\"@type\":\"WebPage\",\"@id\":\"https:\/\/www.naturparkmagazin.de\/vdn\/pflaumen-nuss-butter-aus-dem-naturpark-stechlin-ruppiner-land\/\",\"url\":\"https:\/\/www.naturparkmagazin.de\/vdn\/pflaumen-nuss-butter-aus-dem-naturpark-stechlin-ruppiner-land\/\",\"name\":\"Pflaumen-Nuss-Butter aus dem Naturpark Stechlin-Ruppiner Land\",\"isPartOf\":{\"@id\":\"https:\/\/www.naturparkmagazin.de\/vdn\/#website\"},\"datePublished\":\"2014-12-15T10:44:17+00:00\",\"dateModified\":\"2014-12-18T10:55:04+00:00\",\"author\":{\"@id\":\"https:\/\/www.naturparkmagazin.de\/vdn\/#\/schema\/person\/e28d931df83318a48d52ae72b08d2bfb\"},\"description\":\"Wer sich mit Gaumenfreuden die \u201estille Zeit\u201c vertreiben will, sollte die Pflaumen-Nuss-Butter \u201emarmelo\u201c aus dem Naturpark Stechlin-Ruppiner Land probieren.\",\"breadcrumb\":{\"@id\":\"https:\/\/www.naturparkmagazin.de\/vdn\/pflaumen-nuss-butter-aus-dem-naturpark-stechlin-ruppiner-land\/#breadcrumb\"},\"inLanguage\":\"de\",\"potentialAction\":[{\"@type\":\"ReadAction\",\"target\":[\"https:\/\/www.naturparkmagazin.de\/vdn\/pflaumen-nuss-butter-aus-dem-naturpark-stechlin-ruppiner-land\/\"]}]},{\"@type\":\"BreadcrumbList\",\"@id\":\"https:\/\/www.naturparkmagazin.de\/vdn\/pflaumen-nuss-butter-aus-dem-naturpark-stechlin-ruppiner-land\/#breadcrumb\",\"itemListElement\":[{\"@type\":\"ListItem\",\"position\":1,\"name\":\"Home\",\"item\":\"https:\/\/www.naturparkmagazin.de\/vdn\/\"},{\"@type\":\"ListItem\",\"position\":2,\"name\":\"Pflaumen-Nuss-Butter aus dem Naturpark Stechlin-Ruppiner Land\"}]},{\"@type\":\"WebSite\",\"@id\":\"https:\/\/www.naturparkmagazin.de\/vdn\/#website\",\"url\":\"https:\/\/www.naturparkmagazin.de\/vdn\/\",\"name\":\"Verband Deutscher Naturparke\",\"description\":\"Eine weitere Naturparkmagazin.de Netzwerk Seite\",\"potentialAction\":[{\"@type\":\"SearchAction\",\"target\":{\"@type\":\"EntryPoint\",\"urlTemplate\":\"https:\/\/www.naturparkmagazin.de\/vdn\/?s={search_term_string}\"},\"query-input\":\"required name=search_term_string\"}],\"inLanguage\":\"de\"},{\"@type\":\"Person\",\"@id\":\"https:\/\/www.naturparkmagazin.de\/vdn\/#\/schema\/person\/e28d931df83318a48d52ae72b08d2bfb\",\"name\":\"vdnnational\",\"url\":\"https:\/\/www.naturparkmagazin.de\/vdn\/author\/vdnnational\/\"}]}<\/script>\n<!-- \/ Yoast SEO plugin. -->","yoast_head_json":{"title":"Pflaumen-Nuss-Butter aus dem Naturpark Stechlin-Ruppiner Land","description":"Wer sich mit Gaumenfreuden die \u201estille Zeit\u201c vertreiben will, sollte die Pflaumen-Nuss-Butter \u201emarmelo\u201c aus dem Naturpark Stechlin-Ruppiner Land probieren.","robots":{"index":"index","follow":"follow","max-snippet":"max-snippet:-1","max-image-preview":"max-image-preview:large","max-video-preview":"max-video-preview:-1"},"canonical":"https:\/\/www.naturparkmagazin.de\/vdn\/pflaumen-nuss-butter-aus-dem-naturpark-stechlin-ruppiner-land\/","og_locale":"de_DE","og_type":"article","og_title":"Pflaumen-Nuss-Butter aus dem Naturpark Stechlin-Ruppiner Land","og_description":"Wer sich mit Gaumenfreuden die \u201estille Zeit\u201c vertreiben will, sollte die Pflaumen-Nuss-Butter \u201emarmelo\u201c aus dem Naturpark Stechlin-Ruppiner Land probieren.","og_url":"https:\/\/www.naturparkmagazin.de\/vdn\/pflaumen-nuss-butter-aus-dem-naturpark-stechlin-ruppiner-land\/","og_site_name":"Verband Deutscher Naturparke","article_published_time":"2014-12-15T10:44:17+00:00","article_modified_time":"2014-12-18T10:55:04+00:00","og_image":[{"width":180,"height":135,"url":"https:\/\/www.naturparkmagazin.de\/vdn\/wp-content\/uploads\/sites\/3\/Butter_beitragsbild.jpg","type":"image\/jpeg"}],"author":"vdnnational","twitter_misc":{"Verfasst von":"vdnnational","Gesch\u00e4tzte Lesezeit":"1\u00a0Minute"},"schema":{"@context":"https:\/\/schema.org","@graph":[{"@type":"WebPage","@id":"https:\/\/www.naturparkmagazin.de\/vdn\/pflaumen-nuss-butter-aus-dem-naturpark-stechlin-ruppiner-land\/","url":"https:\/\/www.naturparkmagazin.de\/vdn\/pflaumen-nuss-butter-aus-dem-naturpark-stechlin-ruppiner-land\/","name":"Pflaumen-Nuss-Butter aus dem Naturpark Stechlin-Ruppiner Land","isPartOf":{"@id":"https:\/\/www.naturparkmagazin.de\/vdn\/#website"},"datePublished":"2014-12-15T10:44:17+00:00","dateModified":"2014-12-18T10:55:04+00:00","author":{"@id":"https:\/\/www.naturparkmagazin.de\/vdn\/#\/schema\/person\/e28d931df83318a48d52ae72b08d2bfb"},"description":"Wer sich mit Gaumenfreuden die \u201estille Zeit\u201c vertreiben will, sollte die Pflaumen-Nuss-Butter \u201emarmelo\u201c aus dem Naturpark Stechlin-Ruppiner Land probieren.","breadcrumb":{"@id":"https:\/\/www.naturparkmagazin.de\/vdn\/pflaumen-nuss-butter-aus-dem-naturpark-stechlin-ruppiner-land\/#breadcrumb"},"inLanguage":"de","potentialAction":[{"@type":"ReadAction","target":["https:\/\/www.naturparkmagazin.de\/vdn\/pflaumen-nuss-butter-aus-dem-naturpark-stechlin-ruppiner-land\/"]}]},{"@type":"BreadcrumbList","@id":"https:\/\/www.naturparkmagazin.de\/vdn\/pflaumen-nuss-butter-aus-dem-naturpark-stechlin-ruppiner-land\/#breadcrumb","itemListElement":[{"@type":"ListItem","position":1,"name":"Home","item":"https:\/\/www.naturparkmagazin.de\/vdn\/"},{"@type":"ListItem","position":2,"name":"Pflaumen-Nuss-Butter aus dem Naturpark Stechlin-Ruppiner Land"}]},{"@type":"WebSite","@id":"https:\/\/www.naturparkmagazin.de\/vdn\/#website","url":"https:\/\/www.naturparkmagazin.de\/vdn\/","name":"Verband Deutscher Naturparke","description":"Eine weitere Naturparkmagazin.de Netzwerk Seite","potentialAction":[{"@type":"SearchAction","target":{"@type":"EntryPoint","urlTemplate":"https:\/\/www.naturparkmagazin.de\/vdn\/?s={search_term_string}"},"query-input":"required name=search_term_string"}],"inLanguage":"de"},{"@type":"Person","@id":"https:\/\/www.naturparkmagazin.de\/vdn\/#\/schema\/person\/e28d931df83318a48d52ae72b08d2bfb","name":"vdnnational","url":"https:\/\/www.naturparkmagazin.de\/vdn\/author\/vdnnational\/"}]}},"_links":{"self":[{"href":"https:\/\/www.naturparkmagazin.de\/vdn\/wp-json\/wp\/v2\/posts\/4779"}],"collection":[{"href":"https:\/\/www.naturparkmagazin.de\/vdn\/wp-json\/wp\/v2\/posts"}],"about":[{"href":"https:\/\/www.naturparkmagazin.de\/vdn\/wp-json\/wp\/v2\/types\/post"}],"author":[{"embeddable":true,"href":"https:\/\/www.naturparkmagazin.de\/vdn\/wp-json\/wp\/v2\/users\/14"}],"replies":[{"embeddable":true,"href":"https:\/\/www.naturparkmagazin.de\/vdn\/wp-json\/wp\/v2\/comments?post=4779"}],"version-history":[{"count":5,"href":"https:\/\/www.naturparkmagazin.de\/vdn\/wp-json\/wp\/v2\/posts\/4779\/revisions"}],"predecessor-version":[{"id":4839,"href":"https:\/\/www.naturparkmagazin.de\/vdn\/wp-json\/wp\/v2\/posts\/4779\/revisions\/4839"}],"wp:featuredmedia":[{"embeddable":true,"href":"https:\/\/www.naturparkmagazin.de\/vdn\/wp-json\/wp\/v2\/media\/4781"}],"wp:attachment":[{"href":"https:\/\/www.naturparkmagazin.de\/vdn\/wp-json\/wp\/v2\/media?parent=4779"}],"wp:term":[{"taxonomy":"category","embeddable":true,"href":"https:\/\/www.naturparkmagazin.de\/vdn\/wp-json\/wp\/v2\/categories?post=4779"},{"taxonomy":"post_tag","embeddable":true,"href":"https:\/\/www.naturparkmagazin.de\/vdn\/wp-json\/wp\/v2\/tags?post=4779"}],"curies":[{"name":"wp","href":"https:\/\/api.w.org\/{rel}","templated":true}]}}