{"id":4801,"date":"2014-12-15T14:17:14","date_gmt":"2014-12-15T13:17:14","guid":{"rendered":"http:\/\/www.naturparkmagazin.de\/vdn\/?p=4801"},"modified":"2015-01-15T10:46:32","modified_gmt":"2015-01-15T09:46:32","slug":"stille-zeit-winter-erleben-in-naturparken","status":"publish","type":"post","link":"https:\/\/www.naturparkmagazin.de\/vdn\/stille-zeit-winter-erleben-in-naturparken\/","title":{"rendered":"Stille Zeit \u2013 Winter erleben in Naturparken"},"content":{"rendered":"<div id=\"attachment_4823\" style=\"width: 510px\" class=\"wp-caption aligncenter\"><a href=\"https:\/\/www.naturparkmagazin.de\/vdn\/wp-content\/uploads\/sites\/3\/img-6618_beitrag.jpg\"><img aria-describedby=\"caption-attachment-4823\" decoding=\"async\" loading=\"lazy\" class=\"size-full wp-image-4823\" title=\"Copyright: VDN\/J\u00fcrgen Holzhausen\" alt=\"Copyright: VDN\/J\u00fcrgen Holzhausen\" src=\"https:\/\/www.naturparkmagazin.de\/vdn\/wp-content\/uploads\/sites\/3\/img-6618_beitrag.jpg\" width=\"500\" height=\"300\" srcset=\"https:\/\/www.naturparkmagazin.de\/vdn\/wp-content\/uploads\/sites\/3\/img-6618_beitrag.jpg 500w, https:\/\/www.naturparkmagazin.de\/vdn\/wp-content\/uploads\/sites\/3\/img-6618_beitrag-300x180.jpg 300w, https:\/\/www.naturparkmagazin.de\/vdn\/wp-content\/uploads\/sites\/3\/img-6618_beitrag-200x120.jpg 200w\" sizes=\"(max-width: 500px) 100vw, 500px\" \/><\/a><p id=\"caption-attachment-4823\" class=\"wp-caption-text\">Copyright: VDN\/J\u00fcrgen Holzhausen<\/p><\/div>\n<p style=\"text-align: left\">In Naturparken wird auch der Winter zum Naturerlebnis. \u00dcber allem liegt eine ungewohnte Stille, Gegens\u00e4tze verschmelzen. Gut markierte Winterwanderwege laden zur Bewegung in frischer Luft ein. Gerade in dieser \u201estillen\u201c Zeit, in der auch die Natur einmal \u201ePause\u201c zu machen scheint, kann man bei ausgedehnten Spazierg\u00e4ngen die Seele baumeln lassen und zur Ruhe kommen.<\/p>\n<div id=\"attachment_4825\" style=\"width: 510px\" class=\"wp-caption aligncenter\"><a href=\"https:\/\/www.naturparkmagazin.de\/vdn\/wp-content\/uploads\/sites\/3\/winterwanderung-im-idyllischen-waldnaabtal_beitrag.jpg\"><img aria-describedby=\"caption-attachment-4825\" decoding=\"async\" loading=\"lazy\" class=\"size-full wp-image-4825\" title=\"Winterwanderung im idyllischen Waldnaabtal -  Copyright: VDN\/Norbert Schreiber\" alt=\"Winterwanderung im idyllischen Waldnaabtal -  Copyright: VDN\/Norbert Schreiber\" src=\"https:\/\/www.naturparkmagazin.de\/vdn\/wp-content\/uploads\/sites\/3\/winterwanderung-im-idyllischen-waldnaabtal_beitrag.jpg\" width=\"500\" height=\"300\" srcset=\"https:\/\/www.naturparkmagazin.de\/vdn\/wp-content\/uploads\/sites\/3\/winterwanderung-im-idyllischen-waldnaabtal_beitrag.jpg 500w, https:\/\/www.naturparkmagazin.de\/vdn\/wp-content\/uploads\/sites\/3\/winterwanderung-im-idyllischen-waldnaabtal_beitrag-300x180.jpg 300w, https:\/\/www.naturparkmagazin.de\/vdn\/wp-content\/uploads\/sites\/3\/winterwanderung-im-idyllischen-waldnaabtal_beitrag-200x120.jpg 200w\" sizes=\"(max-width: 500px) 100vw, 500px\" \/><\/a><p id=\"caption-attachment-4825\" class=\"wp-caption-text\">Winterwanderung im idyllischen Waldnaabtal &#8211; Copyright: VDN\/Norbert Schreiber<\/p><\/div>\n<p>In schneereichen Wintern und in den h\u00f6heren Lagen laden Spazierg\u00e4nge auf tiefer Schneedecke zur Spurensuche in der Natur ein. Auf gef\u00fchrten Wanderungen kann man mit dem Naturparkf\u00fchrer die Geheimnisse der winterlichen Tierwelt erkunden, nach Tierspuren fahnden und diese den entsprechenden Tieren zuordnen. Besondere Erlebnisse bieten auch Fackelwanderungen oder vergn\u00fcgliche Pferdeschlittenfahrten, die von verschiedenen Naturparken in den Wintermonaten angeboten werden.<\/p>\n<div id=\"attachment_4826\" style=\"width: 510px\" class=\"wp-caption aligncenter\"><a href=\"https:\/\/www.naturparkmagazin.de\/vdn\/wp-content\/uploads\/sites\/3\/schlossweiher-febr-2012_beitrag.jpg\"><img aria-describedby=\"caption-attachment-4826\" decoding=\"async\" loading=\"lazy\" class=\"size-full wp-image-4826\" title=\"Copyright: VDN\/Lorenz Schreiber\" alt=\"Copyright: VDN\/Lorenz Schreiber\" src=\"https:\/\/www.naturparkmagazin.de\/vdn\/wp-content\/uploads\/sites\/3\/schlossweiher-febr-2012_beitrag.jpg\" width=\"500\" height=\"300\" srcset=\"https:\/\/www.naturparkmagazin.de\/vdn\/wp-content\/uploads\/sites\/3\/schlossweiher-febr-2012_beitrag.jpg 500w, https:\/\/www.naturparkmagazin.de\/vdn\/wp-content\/uploads\/sites\/3\/schlossweiher-febr-2012_beitrag-300x180.jpg 300w, https:\/\/www.naturparkmagazin.de\/vdn\/wp-content\/uploads\/sites\/3\/schlossweiher-febr-2012_beitrag-200x120.jpg 200w\" sizes=\"(max-width: 500px) 100vw, 500px\" \/><\/a><p id=\"caption-attachment-4826\" class=\"wp-caption-text\">Copyright: VDN\/Lorenz Schreiber<\/p><\/div>\n<p>Sportlicher geht es bei Schneeschuhwanderungen auf ausgewiesenen Wegen, beim Schlittschuhlauf auf zugefrorenen Seen, einer Rodelpartie oder beim Skilanglauf auf bestens pr\u00e4parierten Loipen zu. Auch Alpinskifahrer finden bei guten Schneelagen in einigen Naturparken Pisten unterschiedlicher Schwierigkeitsgrade. Urige H\u00fctten und Gasth\u00f6fe laden in den wohlverdienten Pausen zu winterlichen Gaumenfreuden ein.<\/p>\n<div id=\"attachment_4827\" style=\"width: 510px\" class=\"wp-caption aligncenter\"><a href=\"https:\/\/www.naturparkmagazin.de\/vdn\/wp-content\/uploads\/sites\/3\/raureif-am-hirschenstein-gipfel_beitrag.jpg\"><img aria-describedby=\"caption-attachment-4827\" decoding=\"async\" loading=\"lazy\" class=\"size-full wp-image-4827\" title=\"Raureif am Hirschensteingipfel - Copyright: VDN\/R. Rinkl\" alt=\"Raureif am Hirschensteingipfel - Copyright: VDN\/R. Rinkl\" src=\"https:\/\/www.naturparkmagazin.de\/vdn\/wp-content\/uploads\/sites\/3\/raureif-am-hirschenstein-gipfel_beitrag.jpg\" width=\"500\" height=\"300\" srcset=\"https:\/\/www.naturparkmagazin.de\/vdn\/wp-content\/uploads\/sites\/3\/raureif-am-hirschenstein-gipfel_beitrag.jpg 500w, https:\/\/www.naturparkmagazin.de\/vdn\/wp-content\/uploads\/sites\/3\/raureif-am-hirschenstein-gipfel_beitrag-300x180.jpg 300w, https:\/\/www.naturparkmagazin.de\/vdn\/wp-content\/uploads\/sites\/3\/raureif-am-hirschenstein-gipfel_beitrag-200x120.jpg 200w\" sizes=\"(max-width: 500px) 100vw, 500px\" \/><\/a><p id=\"caption-attachment-4827\" class=\"wp-caption-text\">Raureif am Hirschensteingipfel &#8211; Copyright: VDN\/R. Rinkl<\/p><\/div>\n<p>Angebote der Naturparke finden Sie sicher auch in Ihrer N\u00e4he im Terminkalender unter <a href=\"http:\/\/www.naturparke.de\">www.naturparke.de<\/a> .<\/p>\n<p>&nbsp;<\/p>\n","protected":false},"excerpt":{"rendered":"<p>In Naturparken wird auch der Winter zum Naturerlebnis. \u00dcber allem liegt eine ungewohnte Stille, Gegens\u00e4tze verschmelzen.<\/p>\n","protected":false},"author":14,"featured_media":4829,"comment_status":"open","ping_status":"open","sticky":false,"template":"","format":"standard","meta":{"_links_to":"","_links_to_target":""},"categories":[51],"tags":[316,157,154,231,86,81,3154,41,170],"yoast_head":"<!-- This site is optimized with the Yoast SEO plugin v19.10 - https:\/\/yoast.com\/wordpress\/plugins\/seo\/ -->\n<title>Stille Zeit \u2013 Winter erleben in Naturparken<\/title>\n<meta name=\"description\" content=\"In Naturparken wird auch der Winter zum Naturerlebnis. \u00dcber allem liegt eine ungewohnte Stille, Gegens\u00e4tze verschmelzen.\" \/>\n<meta name=\"robots\" content=\"index, follow, max-snippet:-1, max-image-preview:large, max-video-preview:-1\" \/>\n<link rel=\"canonical\" href=\"https:\/\/www.naturparkmagazin.de\/vdn\/stille-zeit-winter-erleben-in-naturparken\/\" \/>\n<meta property=\"og:locale\" content=\"de_DE\" \/>\n<meta property=\"og:type\" content=\"article\" \/>\n<meta property=\"og:title\" content=\"Stille Zeit \u2013 Winter erleben in Naturparken\" \/>\n<meta property=\"og:description\" content=\"In Naturparken wird auch der Winter zum Naturerlebnis. \u00dcber allem liegt eine ungewohnte Stille, Gegens\u00e4tze verschmelzen.\" \/>\n<meta property=\"og:url\" content=\"https:\/\/www.naturparkmagazin.de\/vdn\/stille-zeit-winter-erleben-in-naturparken\/\" \/>\n<meta property=\"og:site_name\" content=\"Verband Deutscher Naturparke\" \/>\n<meta property=\"article:published_time\" content=\"2014-12-15T13:17:14+00:00\" \/>\n<meta property=\"article:modified_time\" content=\"2015-01-15T09:46:32+00:00\" \/>\n<meta property=\"og:image\" content=\"https:\/\/www.naturparkmagazin.de\/vdn\/wp-content\/uploads\/sites\/3\/085-winterimpression-horst_beitragsbild.jpg\" \/>\n\t<meta property=\"og:image:width\" content=\"181\" \/>\n\t<meta property=\"og:image:height\" content=\"136\" \/>\n\t<meta property=\"og:image:type\" content=\"image\/jpeg\" \/>\n<meta name=\"author\" content=\"vdnnational\" \/>\n<meta name=\"twitter:label1\" content=\"Verfasst von\" \/>\n\t<meta name=\"twitter:data1\" content=\"vdnnational\" \/>\n\t<meta name=\"twitter:label2\" content=\"Gesch\u00e4tzte Lesezeit\" \/>\n\t<meta name=\"twitter:data2\" content=\"1\u00a0Minute\" \/>\n<script type=\"application\/ld+json\" class=\"yoast-schema-graph\">{\"@context\":\"https:\/\/schema.org\",\"@graph\":[{\"@type\":\"WebPage\",\"@id\":\"https:\/\/www.naturparkmagazin.de\/vdn\/stille-zeit-winter-erleben-in-naturparken\/\",\"url\":\"https:\/\/www.naturparkmagazin.de\/vdn\/stille-zeit-winter-erleben-in-naturparken\/\",\"name\":\"Stille Zeit \u2013 Winter erleben in Naturparken\",\"isPartOf\":{\"@id\":\"https:\/\/www.naturparkmagazin.de\/vdn\/#website\"},\"datePublished\":\"2014-12-15T13:17:14+00:00\",\"dateModified\":\"2015-01-15T09:46:32+00:00\",\"author\":{\"@id\":\"https:\/\/www.naturparkmagazin.de\/vdn\/#\/schema\/person\/e28d931df83318a48d52ae72b08d2bfb\"},\"description\":\"In Naturparken wird auch der Winter zum Naturerlebnis. \u00dcber allem liegt eine ungewohnte Stille, Gegens\u00e4tze verschmelzen.\",\"breadcrumb\":{\"@id\":\"https:\/\/www.naturparkmagazin.de\/vdn\/stille-zeit-winter-erleben-in-naturparken\/#breadcrumb\"},\"inLanguage\":\"de\",\"potentialAction\":[{\"@type\":\"ReadAction\",\"target\":[\"https:\/\/www.naturparkmagazin.de\/vdn\/stille-zeit-winter-erleben-in-naturparken\/\"]}]},{\"@type\":\"BreadcrumbList\",\"@id\":\"https:\/\/www.naturparkmagazin.de\/vdn\/stille-zeit-winter-erleben-in-naturparken\/#breadcrumb\",\"itemListElement\":[{\"@type\":\"ListItem\",\"position\":1,\"name\":\"Home\",\"item\":\"https:\/\/www.naturparkmagazin.de\/vdn\/\"},{\"@type\":\"ListItem\",\"position\":2,\"name\":\"Stille Zeit \u2013 Winter erleben in Naturparken\"}]},{\"@type\":\"WebSite\",\"@id\":\"https:\/\/www.naturparkmagazin.de\/vdn\/#website\",\"url\":\"https:\/\/www.naturparkmagazin.de\/vdn\/\",\"name\":\"Verband Deutscher Naturparke\",\"description\":\"Eine weitere Naturparkmagazin.de Netzwerk Seite\",\"potentialAction\":[{\"@type\":\"SearchAction\",\"target\":{\"@type\":\"EntryPoint\",\"urlTemplate\":\"https:\/\/www.naturparkmagazin.de\/vdn\/?s={search_term_string}\"},\"query-input\":\"required name=search_term_string\"}],\"inLanguage\":\"de\"},{\"@type\":\"Person\",\"@id\":\"https:\/\/www.naturparkmagazin.de\/vdn\/#\/schema\/person\/e28d931df83318a48d52ae72b08d2bfb\",\"name\":\"vdnnational\",\"url\":\"https:\/\/www.naturparkmagazin.de\/vdn\/author\/vdnnational\/\"}]}<\/script>\n<!-- \/ Yoast SEO plugin. -->","yoast_head_json":{"title":"Stille Zeit \u2013 Winter erleben in Naturparken","description":"In Naturparken wird auch der Winter zum Naturerlebnis. \u00dcber allem liegt eine ungewohnte Stille, Gegens\u00e4tze verschmelzen.","robots":{"index":"index","follow":"follow","max-snippet":"max-snippet:-1","max-image-preview":"max-image-preview:large","max-video-preview":"max-video-preview:-1"},"canonical":"https:\/\/www.naturparkmagazin.de\/vdn\/stille-zeit-winter-erleben-in-naturparken\/","og_locale":"de_DE","og_type":"article","og_title":"Stille Zeit \u2013 Winter erleben in Naturparken","og_description":"In Naturparken wird auch der Winter zum Naturerlebnis. \u00dcber allem liegt eine ungewohnte Stille, Gegens\u00e4tze verschmelzen.","og_url":"https:\/\/www.naturparkmagazin.de\/vdn\/stille-zeit-winter-erleben-in-naturparken\/","og_site_name":"Verband Deutscher Naturparke","article_published_time":"2014-12-15T13:17:14+00:00","article_modified_time":"2015-01-15T09:46:32+00:00","og_image":[{"width":181,"height":136,"url":"https:\/\/www.naturparkmagazin.de\/vdn\/wp-content\/uploads\/sites\/3\/085-winterimpression-horst_beitragsbild.jpg","type":"image\/jpeg"}],"author":"vdnnational","twitter_misc":{"Verfasst von":"vdnnational","Gesch\u00e4tzte Lesezeit":"1\u00a0Minute"},"schema":{"@context":"https:\/\/schema.org","@graph":[{"@type":"WebPage","@id":"https:\/\/www.naturparkmagazin.de\/vdn\/stille-zeit-winter-erleben-in-naturparken\/","url":"https:\/\/www.naturparkmagazin.de\/vdn\/stille-zeit-winter-erleben-in-naturparken\/","name":"Stille Zeit \u2013 Winter erleben in Naturparken","isPartOf":{"@id":"https:\/\/www.naturparkmagazin.de\/vdn\/#website"},"datePublished":"2014-12-15T13:17:14+00:00","dateModified":"2015-01-15T09:46:32+00:00","author":{"@id":"https:\/\/www.naturparkmagazin.de\/vdn\/#\/schema\/person\/e28d931df83318a48d52ae72b08d2bfb"},"description":"In Naturparken wird auch der Winter zum Naturerlebnis. \u00dcber allem liegt eine ungewohnte Stille, Gegens\u00e4tze verschmelzen.","breadcrumb":{"@id":"https:\/\/www.naturparkmagazin.de\/vdn\/stille-zeit-winter-erleben-in-naturparken\/#breadcrumb"},"inLanguage":"de","potentialAction":[{"@type":"ReadAction","target":["https:\/\/www.naturparkmagazin.de\/vdn\/stille-zeit-winter-erleben-in-naturparken\/"]}]},{"@type":"BreadcrumbList","@id":"https:\/\/www.naturparkmagazin.de\/vdn\/stille-zeit-winter-erleben-in-naturparken\/#breadcrumb","itemListElement":[{"@type":"ListItem","position":1,"name":"Home","item":"https:\/\/www.naturparkmagazin.de\/vdn\/"},{"@type":"ListItem","position":2,"name":"Stille Zeit \u2013 Winter erleben in Naturparken"}]},{"@type":"WebSite","@id":"https:\/\/www.naturparkmagazin.de\/vdn\/#website","url":"https:\/\/www.naturparkmagazin.de\/vdn\/","name":"Verband Deutscher Naturparke","description":"Eine weitere Naturparkmagazin.de Netzwerk Seite","potentialAction":[{"@type":"SearchAction","target":{"@type":"EntryPoint","urlTemplate":"https:\/\/www.naturparkmagazin.de\/vdn\/?s={search_term_string}"},"query-input":"required name=search_term_string"}],"inLanguage":"de"},{"@type":"Person","@id":"https:\/\/www.naturparkmagazin.de\/vdn\/#\/schema\/person\/e28d931df83318a48d52ae72b08d2bfb","name":"vdnnational","url":"https:\/\/www.naturparkmagazin.de\/vdn\/author\/vdnnational\/"}]}},"_links":{"self":[{"href":"https:\/\/www.naturparkmagazin.de\/vdn\/wp-json\/wp\/v2\/posts\/4801"}],"collection":[{"href":"https:\/\/www.naturparkmagazin.de\/vdn\/wp-json\/wp\/v2\/posts"}],"about":[{"href":"https:\/\/www.naturparkmagazin.de\/vdn\/wp-json\/wp\/v2\/types\/post"}],"author":[{"embeddable":true,"href":"https:\/\/www.naturparkmagazin.de\/vdn\/wp-json\/wp\/v2\/users\/14"}],"replies":[{"embeddable":true,"href":"https:\/\/www.naturparkmagazin.de\/vdn\/wp-json\/wp\/v2\/comments?post=4801"}],"version-history":[{"count":4,"href":"https:\/\/www.naturparkmagazin.de\/vdn\/wp-json\/wp\/v2\/posts\/4801\/revisions"}],"predecessor-version":[{"id":4831,"href":"https:\/\/www.naturparkmagazin.de\/vdn\/wp-json\/wp\/v2\/posts\/4801\/revisions\/4831"}],"wp:featuredmedia":[{"embeddable":true,"href":"https:\/\/www.naturparkmagazin.de\/vdn\/wp-json\/wp\/v2\/media\/4829"}],"wp:attachment":[{"href":"https:\/\/www.naturparkmagazin.de\/vdn\/wp-json\/wp\/v2\/media?parent=4801"}],"wp:term":[{"taxonomy":"category","embeddable":true,"href":"https:\/\/www.naturparkmagazin.de\/vdn\/wp-json\/wp\/v2\/categories?post=4801"},{"taxonomy":"post_tag","embeddable":true,"href":"https:\/\/www.naturparkmagazin.de\/vdn\/wp-json\/wp\/v2\/tags?post=4801"}],"curies":[{"name":"wp","href":"https:\/\/api.w.org\/{rel}","templated":true}]}}