{"id":4804,"date":"2014-12-15T13:40:32","date_gmt":"2014-12-15T12:40:32","guid":{"rendered":"http:\/\/www.naturparkmagazin.de\/vdn\/?p=4804"},"modified":"2014-12-15T13:44:40","modified_gmt":"2014-12-15T12:44:40","slug":"flaemingteller","status":"publish","type":"post","link":"https:\/\/www.naturparkmagazin.de\/vdn\/flaemingteller\/","title":{"rendered":"\u201eFl\u00e4mingteller\u201c"},"content":{"rendered":"<div id=\"attachment_4805\" style=\"width: 410px\" class=\"wp-caption aligncenter\"><a href=\"https:\/\/www.naturparkmagazin.de\/vdn\/wp-content\/uploads\/sites\/3\/Forelle_-Fl\u00e4mingteller-NP-Fl\u00e4ming-.jpg\"><img aria-describedby=\"caption-attachment-4805\" decoding=\"async\" loading=\"lazy\" class=\"size-full wp-image-4805\" title=\"Fl\u00e4mingteller mit ger\u00e4ucherter Forelle - Copyright: Naturpark Fl\u00e4ming\" alt=\"Fl\u00e4mingteller mit ger\u00e4ucherter Forelle - Copyright: Naturpark Fl\u00e4ming\" src=\"https:\/\/www.naturparkmagazin.de\/vdn\/wp-content\/uploads\/sites\/3\/Forelle_-Fl\u00e4mingteller-NP-Fl\u00e4ming-.jpg\" width=\"400\" height=\"300\" srcset=\"https:\/\/www.naturparkmagazin.de\/vdn\/wp-content\/uploads\/sites\/3\/Forelle_-Fl\u00e4mingteller-NP-Fl\u00e4ming-.jpg 400w, https:\/\/www.naturparkmagazin.de\/vdn\/wp-content\/uploads\/sites\/3\/Forelle_-Fl\u00e4mingteller-NP-Fl\u00e4ming--300x225.jpg 300w, https:\/\/www.naturparkmagazin.de\/vdn\/wp-content\/uploads\/sites\/3\/Forelle_-Fl\u00e4mingteller-NP-Fl\u00e4ming--180x135.jpg 180w, https:\/\/www.naturparkmagazin.de\/vdn\/wp-content\/uploads\/sites\/3\/Forelle_-Fl\u00e4mingteller-NP-Fl\u00e4ming--95x71.jpg 95w, https:\/\/www.naturparkmagazin.de\/vdn\/wp-content\/uploads\/sites\/3\/Forelle_-Fl\u00e4mingteller-NP-Fl\u00e4ming--200x150.jpg 200w\" sizes=\"(max-width: 400px) 100vw, 400px\" \/><\/a><p id=\"caption-attachment-4805\" class=\"wp-caption-text\">Fl\u00e4mingteller mit ger\u00e4ucherter Forelle &#8211; Copyright: Naturpark Fl\u00e4ming<\/p><\/div>\n<p>In vielen Haushalten im Fl\u00e4ming hat man am Silvesterabend die Wahl: Forelle oder W\u00fcrstchen \u2013 aber unbedingt mit Kartoffelsalat. Forellen, frisch aus dem Fl\u00e4ming, kann man in Deetz oder in Thie\u00dfen beim Direktvermarkter kaufen. Je nach Belieben genie\u00dft man sie als ger\u00e4ucherte Forelle oder als gebratenes Forellenfilet (warm oder kalt). \u00dcber den Kartoffelsalat l\u00e4sst sich streiten: mit oder ohne Wurst, mit Essig oder Majon\u00e4se, mit Zwiebel oder ohne, warm oder kalt \u2026 Kartoffeln sollten aber jeden Fall die Basis sein \u2013 und dann noch Apfel, Gurke, gekochtes Ei, Gew\u00fcrze und frische Kr\u00e4uter.<\/p>\n<div id=\"attachment_4806\" style=\"width: 410px\" class=\"wp-caption aligncenter\"><a href=\"https:\/\/www.naturparkmagazin.de\/vdn\/wp-content\/uploads\/sites\/3\/Forelle_2_-Fl\u00e4mingteller-NP-Fl\u00e4ming-.jpg\"><img aria-describedby=\"caption-attachment-4806\" decoding=\"async\" loading=\"lazy\" class=\"size-full wp-image-4806\" title=\"Fl\u00e4mingteller mit gebratener Forelle - Copyright: Naturpark Fl\u00e4ming\" alt=\"Fl\u00e4mingteller mit gebratener Forelle - Copyright: Naturpark Fl\u00e4ming\" src=\"https:\/\/www.naturparkmagazin.de\/vdn\/wp-content\/uploads\/sites\/3\/Forelle_2_-Fl\u00e4mingteller-NP-Fl\u00e4ming-.jpg\" width=\"400\" height=\"300\" srcset=\"https:\/\/www.naturparkmagazin.de\/vdn\/wp-content\/uploads\/sites\/3\/Forelle_2_-Fl\u00e4mingteller-NP-Fl\u00e4ming-.jpg 400w, https:\/\/www.naturparkmagazin.de\/vdn\/wp-content\/uploads\/sites\/3\/Forelle_2_-Fl\u00e4mingteller-NP-Fl\u00e4ming--300x225.jpg 300w, https:\/\/www.naturparkmagazin.de\/vdn\/wp-content\/uploads\/sites\/3\/Forelle_2_-Fl\u00e4mingteller-NP-Fl\u00e4ming--180x135.jpg 180w, https:\/\/www.naturparkmagazin.de\/vdn\/wp-content\/uploads\/sites\/3\/Forelle_2_-Fl\u00e4mingteller-NP-Fl\u00e4ming--95x71.jpg 95w, https:\/\/www.naturparkmagazin.de\/vdn\/wp-content\/uploads\/sites\/3\/Forelle_2_-Fl\u00e4mingteller-NP-Fl\u00e4ming--200x150.jpg 200w\" sizes=\"(max-width: 400px) 100vw, 400px\" \/><\/a><p id=\"caption-attachment-4806\" class=\"wp-caption-text\">Fl\u00e4mingteller mit gebratener Forelle &#8211; Copyright: Naturpark Fl\u00e4ming<\/p><\/div>\n<p>Forellenfilet und Kartoffelsalat kann man im Forellenhof Thie\u00dfen auch als \u201eFl\u00e4mingteller\u201c kaufen und bei sch\u00f6nem Wetter am Angelteich genie\u00dfen. Das Gericht ist besonders beliebt, wenn G\u00e4ste angesagt sind, denn alles kann fertig sein, bevor es klingelt oder bevor man gemeinsam das neue Jahr begr\u00fc\u00dft.<\/p>\n<p>&nbsp;<\/p>\n","protected":false},"excerpt":{"rendered":"<p>Forellen aus dem Fl\u00e4ming sind nicht nur zum Jahreswechsel beliebt. Gern werden sie direkt am Deetzer Teich oder am Forellenhof Thie\u00dfen gekauft. Einige gastronomische Einrichtungen im Naturpark bieten auch Gerichte mit Fl\u00e4ming-Forellen an.<\/p>\n","protected":false},"author":14,"featured_media":4808,"comment_status":"open","ping_status":"open","sticky":false,"template":"","format":"standard","meta":{"_links_to":"","_links_to_target":""},"categories":[14],"tags":[],"yoast_head":"<!-- This site is optimized with the Yoast SEO plugin v19.10 - https:\/\/yoast.com\/wordpress\/plugins\/seo\/ -->\n<title>\u201eFl\u00e4mingteller\u201c<\/title>\n<meta name=\"description\" content=\"Forellen aus dem Fl\u00e4ming sind nicht nur zum Jahreswechsel beliebt. Gern werden sie direkt am Deetzer Teich oder am Forellenhof Thie\u00dfen gekauft. Einige gastronomische Einrichtungen im Naturpark bieten auch Gerichte mit Fl\u00e4ming-Forellen an.\" \/>\n<meta name=\"robots\" content=\"index, follow, max-snippet:-1, max-image-preview:large, max-video-preview:-1\" \/>\n<link rel=\"canonical\" href=\"https:\/\/www.naturparkmagazin.de\/vdn\/flaemingteller\/\" \/>\n<meta property=\"og:locale\" content=\"de_DE\" \/>\n<meta property=\"og:type\" content=\"article\" \/>\n<meta property=\"og:title\" content=\"\u201eFl\u00e4mingteller\u201c\" \/>\n<meta property=\"og:description\" content=\"Forellen aus dem Fl\u00e4ming sind nicht nur zum Jahreswechsel beliebt. Gern werden sie direkt am Deetzer Teich oder am Forellenhof Thie\u00dfen gekauft. Einige gastronomische Einrichtungen im Naturpark bieten auch Gerichte mit Fl\u00e4ming-Forellen an.\" \/>\n<meta property=\"og:url\" content=\"https:\/\/www.naturparkmagazin.de\/vdn\/flaemingteller\/\" \/>\n<meta property=\"og:site_name\" content=\"Verband Deutscher Naturparke\" \/>\n<meta property=\"article:published_time\" content=\"2014-12-15T12:40:32+00:00\" \/>\n<meta property=\"article:modified_time\" content=\"2014-12-15T12:44:40+00:00\" \/>\n<meta property=\"og:image\" content=\"https:\/\/www.naturparkmagazin.de\/vdn\/wp-content\/uploads\/sites\/3\/Forelle_-Fl\u00e4mingteller-NP-Fl\u00e4ming-_beitragsbild.jpg\" \/>\n\t<meta property=\"og:image:width\" content=\"180\" \/>\n\t<meta property=\"og:image:height\" content=\"135\" \/>\n\t<meta property=\"og:image:type\" content=\"image\/jpeg\" \/>\n<meta name=\"author\" content=\"vdnnational\" \/>\n<meta name=\"twitter:label1\" content=\"Verfasst von\" \/>\n\t<meta name=\"twitter:data1\" content=\"vdnnational\" \/>\n\t<meta name=\"twitter:label2\" content=\"Gesch\u00e4tzte Lesezeit\" \/>\n\t<meta name=\"twitter:data2\" content=\"1\u00a0Minute\" \/>\n<script type=\"application\/ld+json\" class=\"yoast-schema-graph\">{\"@context\":\"https:\/\/schema.org\",\"@graph\":[{\"@type\":\"WebPage\",\"@id\":\"https:\/\/www.naturparkmagazin.de\/vdn\/flaemingteller\/\",\"url\":\"https:\/\/www.naturparkmagazin.de\/vdn\/flaemingteller\/\",\"name\":\"\u201eFl\u00e4mingteller\u201c\",\"isPartOf\":{\"@id\":\"https:\/\/www.naturparkmagazin.de\/vdn\/#website\"},\"datePublished\":\"2014-12-15T12:40:32+00:00\",\"dateModified\":\"2014-12-15T12:44:40+00:00\",\"author\":{\"@id\":\"https:\/\/www.naturparkmagazin.de\/vdn\/#\/schema\/person\/e28d931df83318a48d52ae72b08d2bfb\"},\"description\":\"Forellen aus dem Fl\u00e4ming sind nicht nur zum Jahreswechsel beliebt. Gern werden sie direkt am Deetzer Teich oder am Forellenhof Thie\u00dfen gekauft. Einige gastronomische Einrichtungen im Naturpark bieten auch Gerichte mit Fl\u00e4ming-Forellen an.\",\"breadcrumb\":{\"@id\":\"https:\/\/www.naturparkmagazin.de\/vdn\/flaemingteller\/#breadcrumb\"},\"inLanguage\":\"de\",\"potentialAction\":[{\"@type\":\"ReadAction\",\"target\":[\"https:\/\/www.naturparkmagazin.de\/vdn\/flaemingteller\/\"]}]},{\"@type\":\"BreadcrumbList\",\"@id\":\"https:\/\/www.naturparkmagazin.de\/vdn\/flaemingteller\/#breadcrumb\",\"itemListElement\":[{\"@type\":\"ListItem\",\"position\":1,\"name\":\"Home\",\"item\":\"https:\/\/www.naturparkmagazin.de\/vdn\/\"},{\"@type\":\"ListItem\",\"position\":2,\"name\":\"\u201eFl\u00e4mingteller\u201c\"}]},{\"@type\":\"WebSite\",\"@id\":\"https:\/\/www.naturparkmagazin.de\/vdn\/#website\",\"url\":\"https:\/\/www.naturparkmagazin.de\/vdn\/\",\"name\":\"Verband Deutscher Naturparke\",\"description\":\"Eine weitere Naturparkmagazin.de Netzwerk Seite\",\"potentialAction\":[{\"@type\":\"SearchAction\",\"target\":{\"@type\":\"EntryPoint\",\"urlTemplate\":\"https:\/\/www.naturparkmagazin.de\/vdn\/?s={search_term_string}\"},\"query-input\":\"required name=search_term_string\"}],\"inLanguage\":\"de\"},{\"@type\":\"Person\",\"@id\":\"https:\/\/www.naturparkmagazin.de\/vdn\/#\/schema\/person\/e28d931df83318a48d52ae72b08d2bfb\",\"name\":\"vdnnational\",\"url\":\"https:\/\/www.naturparkmagazin.de\/vdn\/author\/vdnnational\/\"}]}<\/script>\n<!-- \/ Yoast SEO plugin. -->","yoast_head_json":{"title":"\u201eFl\u00e4mingteller\u201c","description":"Forellen aus dem Fl\u00e4ming sind nicht nur zum Jahreswechsel beliebt. Gern werden sie direkt am Deetzer Teich oder am Forellenhof Thie\u00dfen gekauft. Einige gastronomische Einrichtungen im Naturpark bieten auch Gerichte mit Fl\u00e4ming-Forellen an.","robots":{"index":"index","follow":"follow","max-snippet":"max-snippet:-1","max-image-preview":"max-image-preview:large","max-video-preview":"max-video-preview:-1"},"canonical":"https:\/\/www.naturparkmagazin.de\/vdn\/flaemingteller\/","og_locale":"de_DE","og_type":"article","og_title":"\u201eFl\u00e4mingteller\u201c","og_description":"Forellen aus dem Fl\u00e4ming sind nicht nur zum Jahreswechsel beliebt. Gern werden sie direkt am Deetzer Teich oder am Forellenhof Thie\u00dfen gekauft. Einige gastronomische Einrichtungen im Naturpark bieten auch Gerichte mit Fl\u00e4ming-Forellen an.","og_url":"https:\/\/www.naturparkmagazin.de\/vdn\/flaemingteller\/","og_site_name":"Verband Deutscher Naturparke","article_published_time":"2014-12-15T12:40:32+00:00","article_modified_time":"2014-12-15T12:44:40+00:00","og_image":[{"width":180,"height":135,"url":"https:\/\/www.naturparkmagazin.de\/vdn\/wp-content\/uploads\/sites\/3\/Forelle_-Fl\u00e4mingteller-NP-Fl\u00e4ming-_beitragsbild.jpg","type":"image\/jpeg"}],"author":"vdnnational","twitter_misc":{"Verfasst von":"vdnnational","Gesch\u00e4tzte Lesezeit":"1\u00a0Minute"},"schema":{"@context":"https:\/\/schema.org","@graph":[{"@type":"WebPage","@id":"https:\/\/www.naturparkmagazin.de\/vdn\/flaemingteller\/","url":"https:\/\/www.naturparkmagazin.de\/vdn\/flaemingteller\/","name":"\u201eFl\u00e4mingteller\u201c","isPartOf":{"@id":"https:\/\/www.naturparkmagazin.de\/vdn\/#website"},"datePublished":"2014-12-15T12:40:32+00:00","dateModified":"2014-12-15T12:44:40+00:00","author":{"@id":"https:\/\/www.naturparkmagazin.de\/vdn\/#\/schema\/person\/e28d931df83318a48d52ae72b08d2bfb"},"description":"Forellen aus dem Fl\u00e4ming sind nicht nur zum Jahreswechsel beliebt. Gern werden sie direkt am Deetzer Teich oder am Forellenhof Thie\u00dfen gekauft. Einige gastronomische Einrichtungen im Naturpark bieten auch Gerichte mit Fl\u00e4ming-Forellen an.","breadcrumb":{"@id":"https:\/\/www.naturparkmagazin.de\/vdn\/flaemingteller\/#breadcrumb"},"inLanguage":"de","potentialAction":[{"@type":"ReadAction","target":["https:\/\/www.naturparkmagazin.de\/vdn\/flaemingteller\/"]}]},{"@type":"BreadcrumbList","@id":"https:\/\/www.naturparkmagazin.de\/vdn\/flaemingteller\/#breadcrumb","itemListElement":[{"@type":"ListItem","position":1,"name":"Home","item":"https:\/\/www.naturparkmagazin.de\/vdn\/"},{"@type":"ListItem","position":2,"name":"\u201eFl\u00e4mingteller\u201c"}]},{"@type":"WebSite","@id":"https:\/\/www.naturparkmagazin.de\/vdn\/#website","url":"https:\/\/www.naturparkmagazin.de\/vdn\/","name":"Verband Deutscher Naturparke","description":"Eine weitere Naturparkmagazin.de Netzwerk Seite","potentialAction":[{"@type":"SearchAction","target":{"@type":"EntryPoint","urlTemplate":"https:\/\/www.naturparkmagazin.de\/vdn\/?s={search_term_string}"},"query-input":"required name=search_term_string"}],"inLanguage":"de"},{"@type":"Person","@id":"https:\/\/www.naturparkmagazin.de\/vdn\/#\/schema\/person\/e28d931df83318a48d52ae72b08d2bfb","name":"vdnnational","url":"https:\/\/www.naturparkmagazin.de\/vdn\/author\/vdnnational\/"}]}},"_links":{"self":[{"href":"https:\/\/www.naturparkmagazin.de\/vdn\/wp-json\/wp\/v2\/posts\/4804"}],"collection":[{"href":"https:\/\/www.naturparkmagazin.de\/vdn\/wp-json\/wp\/v2\/posts"}],"about":[{"href":"https:\/\/www.naturparkmagazin.de\/vdn\/wp-json\/wp\/v2\/types\/post"}],"author":[{"embeddable":true,"href":"https:\/\/www.naturparkmagazin.de\/vdn\/wp-json\/wp\/v2\/users\/14"}],"replies":[{"embeddable":true,"href":"https:\/\/www.naturparkmagazin.de\/vdn\/wp-json\/wp\/v2\/comments?post=4804"}],"version-history":[{"count":2,"href":"https:\/\/www.naturparkmagazin.de\/vdn\/wp-json\/wp\/v2\/posts\/4804\/revisions"}],"predecessor-version":[{"id":4809,"href":"https:\/\/www.naturparkmagazin.de\/vdn\/wp-json\/wp\/v2\/posts\/4804\/revisions\/4809"}],"wp:featuredmedia":[{"embeddable":true,"href":"https:\/\/www.naturparkmagazin.de\/vdn\/wp-json\/wp\/v2\/media\/4808"}],"wp:attachment":[{"href":"https:\/\/www.naturparkmagazin.de\/vdn\/wp-json\/wp\/v2\/media?parent=4804"}],"wp:term":[{"taxonomy":"category","embeddable":true,"href":"https:\/\/www.naturparkmagazin.de\/vdn\/wp-json\/wp\/v2\/categories?post=4804"},{"taxonomy":"post_tag","embeddable":true,"href":"https:\/\/www.naturparkmagazin.de\/vdn\/wp-json\/wp\/v2\/tags?post=4804"}],"curies":[{"name":"wp","href":"https:\/\/api.w.org\/{rel}","templated":true}]}}