{"id":4810,"date":"2014-12-15T14:07:43","date_gmt":"2014-12-15T13:07:43","guid":{"rendered":"http:\/\/www.naturparkmagazin.de\/vdn\/?p=4810"},"modified":"2014-12-18T11:53:53","modified_gmt":"2014-12-18T10:53:53","slug":"heinz-vierenklee","status":"publish","type":"post","link":"https:\/\/www.naturparkmagazin.de\/vdn\/heinz-vierenklee\/","title":{"rendered":"Heinz Vierenklee"},"content":{"rendered":"<div id=\"attachment_4820\" style=\"width: 510px\" class=\"wp-caption aligncenter\"><a href=\"https:\/\/www.naturparkmagazin.de\/vdn\/wp-content\/uploads\/sites\/3\/Hieinz_Vierenklee_beitrag.jpg\"><img aria-describedby=\"caption-attachment-4820\" decoding=\"async\" loading=\"lazy\" class=\"size-full wp-image-4820\" title=\"Heinz Vierenklee - Copyright: Naturpark Fl\u00e4mingbeitrag\" alt=\"Heinz Vierenklee - Copyright: Naturpark Fl\u00e4mingbeitrag\" src=\"https:\/\/www.naturparkmagazin.de\/vdn\/wp-content\/uploads\/sites\/3\/Hieinz_Vierenklee_beitrag.jpg\" width=\"500\" height=\"300\" srcset=\"https:\/\/www.naturparkmagazin.de\/vdn\/wp-content\/uploads\/sites\/3\/Hieinz_Vierenklee_beitrag.jpg 500w, https:\/\/www.naturparkmagazin.de\/vdn\/wp-content\/uploads\/sites\/3\/Hieinz_Vierenklee_beitrag-300x180.jpg 300w, https:\/\/www.naturparkmagazin.de\/vdn\/wp-content\/uploads\/sites\/3\/Hieinz_Vierenklee_beitrag-200x120.jpg 200w\" sizes=\"(max-width: 500px) 100vw, 500px\" \/><\/a><p id=\"caption-attachment-4820\" class=\"wp-caption-text\">Heinz Vierenklee &#8211; Copyright: Naturpark Fl\u00e4mingbeitrag<\/p><\/div>\n<p>Schon lange vor der Erkl\u00e4rung des Naturpark Fl\u00e4ming\/Sachsen-Anhalt geh\u00f6rte Heinz Vierenklee als Gesch\u00e4ftsf\u00fchrer des Bauernverbandes Mittlere Elbe e.V. zu den Unterst\u00fctzern der Naturparkidee. Als im Jahr 2003 der Tr\u00e4gerverein Naturpark Fl\u00e4ming e.V. gegr\u00fcndet wurde, war er einer der Gr\u00fcndungsmitglieder und seitdem stets mit der Entwicklung des Naturparks verbunden.<\/p>\n<p>Seine Aktivit\u00e4ten beschr\u00e4nkten sich nicht nur auf Landwirtschaft und Naturpark, ihm lagen immer die Entwicklung des l\u00e4ndlichen Raumes als Ganzes und die Vernetzung der Akteure am Herzen. Als Vorsitzender der Lokalen Aktionsgruppe \u201eMittlere Elbe-Fl\u00e4ming\u201c, in der auch der Naturpark Fl\u00e4ming\/Sachsen-Anhalt angesiedelt ist, hat er sich f\u00fcr die Belange der Projekttr\u00e4ger bei der Realisierung der Vorhaben und somit f\u00fcr die Entwicklung der Region regional und \u00fcberregional eingesetzt.<\/p>\n<p>Mister Leader &#8211; den Namen wird Heinz Vierenklee wohl behalten. Er geht offiziell in den Ruhestand, aber ganz ohne Besch\u00e4ftigung wird er nicht sein. Zu seiner Verabschiedung am 10. Dezember in Rag\u00f6sen kamen viele Mitstreiter, Kollegen und Freunde, um seine Arbeit zu w\u00fcrdigen.<\/p>\n","protected":false},"excerpt":{"rendered":"<p>war er einer der Gr\u00fcndungsmitglieder des Tr\u00e4gervereins Naturpark Fl\u00e4ming e.V. im Jahr 2003 und seitdem stets mit der Entwicklung des Naturparks verbunden.<\/p>\n","protected":false},"author":14,"featured_media":4821,"comment_status":"open","ping_status":"open","sticky":false,"template":"","format":"standard","meta":{"_links_to":"","_links_to_target":""},"categories":[8],"tags":[],"yoast_head":"<!-- This site is optimized with the Yoast SEO plugin v19.10 - https:\/\/yoast.com\/wordpress\/plugins\/seo\/ -->\n<title>Heinz Vierenklee<\/title>\n<meta name=\"description\" content=\"war er einer der Gr\u00fcndungsmitglieder des Tr\u00e4gervereins Naturpark Fl\u00e4ming e.V. im Jahr 2003 und seitdem stets mit der Entwicklung des Naturparks verbunden.\" \/>\n<meta name=\"robots\" content=\"index, follow, max-snippet:-1, max-image-preview:large, max-video-preview:-1\" \/>\n<link rel=\"canonical\" href=\"https:\/\/www.naturparkmagazin.de\/vdn\/heinz-vierenklee\/\" \/>\n<meta property=\"og:locale\" content=\"de_DE\" \/>\n<meta property=\"og:type\" content=\"article\" \/>\n<meta property=\"og:title\" content=\"Heinz Vierenklee\" \/>\n<meta property=\"og:description\" content=\"war er einer der Gr\u00fcndungsmitglieder des Tr\u00e4gervereins Naturpark Fl\u00e4ming e.V. im Jahr 2003 und seitdem stets mit der Entwicklung des Naturparks verbunden.\" \/>\n<meta property=\"og:url\" content=\"https:\/\/www.naturparkmagazin.de\/vdn\/heinz-vierenklee\/\" \/>\n<meta property=\"og:site_name\" content=\"Verband Deutscher Naturparke\" \/>\n<meta property=\"article:published_time\" content=\"2014-12-15T13:07:43+00:00\" \/>\n<meta property=\"article:modified_time\" content=\"2014-12-18T10:53:53+00:00\" \/>\n<meta property=\"og:image\" content=\"https:\/\/www.naturparkmagazin.de\/vdn\/wp-content\/uploads\/sites\/3\/Hieinz_Vierenklee_beitragsbild.jpg\" \/>\n\t<meta property=\"og:image:width\" content=\"180\" \/>\n\t<meta property=\"og:image:height\" content=\"135\" \/>\n\t<meta property=\"og:image:type\" content=\"image\/jpeg\" \/>\n<meta name=\"author\" content=\"vdnnational\" \/>\n<meta name=\"twitter:label1\" content=\"Verfasst von\" \/>\n\t<meta name=\"twitter:data1\" content=\"vdnnational\" \/>\n\t<meta name=\"twitter:label2\" content=\"Gesch\u00e4tzte Lesezeit\" \/>\n\t<meta name=\"twitter:data2\" content=\"1\u00a0Minute\" \/>\n<script type=\"application\/ld+json\" class=\"yoast-schema-graph\">{\"@context\":\"https:\/\/schema.org\",\"@graph\":[{\"@type\":\"WebPage\",\"@id\":\"https:\/\/www.naturparkmagazin.de\/vdn\/heinz-vierenklee\/\",\"url\":\"https:\/\/www.naturparkmagazin.de\/vdn\/heinz-vierenklee\/\",\"name\":\"Heinz Vierenklee\",\"isPartOf\":{\"@id\":\"https:\/\/www.naturparkmagazin.de\/vdn\/#website\"},\"datePublished\":\"2014-12-15T13:07:43+00:00\",\"dateModified\":\"2014-12-18T10:53:53+00:00\",\"author\":{\"@id\":\"https:\/\/www.naturparkmagazin.de\/vdn\/#\/schema\/person\/e28d931df83318a48d52ae72b08d2bfb\"},\"description\":\"war er einer der Gr\u00fcndungsmitglieder des Tr\u00e4gervereins Naturpark Fl\u00e4ming e.V. im Jahr 2003 und seitdem stets mit der Entwicklung des Naturparks verbunden.\",\"breadcrumb\":{\"@id\":\"https:\/\/www.naturparkmagazin.de\/vdn\/heinz-vierenklee\/#breadcrumb\"},\"inLanguage\":\"de\",\"potentialAction\":[{\"@type\":\"ReadAction\",\"target\":[\"https:\/\/www.naturparkmagazin.de\/vdn\/heinz-vierenklee\/\"]}]},{\"@type\":\"BreadcrumbList\",\"@id\":\"https:\/\/www.naturparkmagazin.de\/vdn\/heinz-vierenklee\/#breadcrumb\",\"itemListElement\":[{\"@type\":\"ListItem\",\"position\":1,\"name\":\"Home\",\"item\":\"https:\/\/www.naturparkmagazin.de\/vdn\/\"},{\"@type\":\"ListItem\",\"position\":2,\"name\":\"Heinz Vierenklee\"}]},{\"@type\":\"WebSite\",\"@id\":\"https:\/\/www.naturparkmagazin.de\/vdn\/#website\",\"url\":\"https:\/\/www.naturparkmagazin.de\/vdn\/\",\"name\":\"Verband Deutscher Naturparke\",\"description\":\"Eine weitere Naturparkmagazin.de Netzwerk Seite\",\"potentialAction\":[{\"@type\":\"SearchAction\",\"target\":{\"@type\":\"EntryPoint\",\"urlTemplate\":\"https:\/\/www.naturparkmagazin.de\/vdn\/?s={search_term_string}\"},\"query-input\":\"required name=search_term_string\"}],\"inLanguage\":\"de\"},{\"@type\":\"Person\",\"@id\":\"https:\/\/www.naturparkmagazin.de\/vdn\/#\/schema\/person\/e28d931df83318a48d52ae72b08d2bfb\",\"name\":\"vdnnational\",\"url\":\"https:\/\/www.naturparkmagazin.de\/vdn\/author\/vdnnational\/\"}]}<\/script>\n<!-- \/ Yoast SEO plugin. -->","yoast_head_json":{"title":"Heinz Vierenklee","description":"war er einer der Gr\u00fcndungsmitglieder des Tr\u00e4gervereins Naturpark Fl\u00e4ming e.V. im Jahr 2003 und seitdem stets mit der Entwicklung des Naturparks verbunden.","robots":{"index":"index","follow":"follow","max-snippet":"max-snippet:-1","max-image-preview":"max-image-preview:large","max-video-preview":"max-video-preview:-1"},"canonical":"https:\/\/www.naturparkmagazin.de\/vdn\/heinz-vierenklee\/","og_locale":"de_DE","og_type":"article","og_title":"Heinz Vierenklee","og_description":"war er einer der Gr\u00fcndungsmitglieder des Tr\u00e4gervereins Naturpark Fl\u00e4ming e.V. im Jahr 2003 und seitdem stets mit der Entwicklung des Naturparks verbunden.","og_url":"https:\/\/www.naturparkmagazin.de\/vdn\/heinz-vierenklee\/","og_site_name":"Verband Deutscher Naturparke","article_published_time":"2014-12-15T13:07:43+00:00","article_modified_time":"2014-12-18T10:53:53+00:00","og_image":[{"width":180,"height":135,"url":"https:\/\/www.naturparkmagazin.de\/vdn\/wp-content\/uploads\/sites\/3\/Hieinz_Vierenklee_beitragsbild.jpg","type":"image\/jpeg"}],"author":"vdnnational","twitter_misc":{"Verfasst von":"vdnnational","Gesch\u00e4tzte Lesezeit":"1\u00a0Minute"},"schema":{"@context":"https:\/\/schema.org","@graph":[{"@type":"WebPage","@id":"https:\/\/www.naturparkmagazin.de\/vdn\/heinz-vierenklee\/","url":"https:\/\/www.naturparkmagazin.de\/vdn\/heinz-vierenklee\/","name":"Heinz Vierenklee","isPartOf":{"@id":"https:\/\/www.naturparkmagazin.de\/vdn\/#website"},"datePublished":"2014-12-15T13:07:43+00:00","dateModified":"2014-12-18T10:53:53+00:00","author":{"@id":"https:\/\/www.naturparkmagazin.de\/vdn\/#\/schema\/person\/e28d931df83318a48d52ae72b08d2bfb"},"description":"war er einer der Gr\u00fcndungsmitglieder des Tr\u00e4gervereins Naturpark Fl\u00e4ming e.V. im Jahr 2003 und seitdem stets mit der Entwicklung des Naturparks verbunden.","breadcrumb":{"@id":"https:\/\/www.naturparkmagazin.de\/vdn\/heinz-vierenklee\/#breadcrumb"},"inLanguage":"de","potentialAction":[{"@type":"ReadAction","target":["https:\/\/www.naturparkmagazin.de\/vdn\/heinz-vierenklee\/"]}]},{"@type":"BreadcrumbList","@id":"https:\/\/www.naturparkmagazin.de\/vdn\/heinz-vierenklee\/#breadcrumb","itemListElement":[{"@type":"ListItem","position":1,"name":"Home","item":"https:\/\/www.naturparkmagazin.de\/vdn\/"},{"@type":"ListItem","position":2,"name":"Heinz Vierenklee"}]},{"@type":"WebSite","@id":"https:\/\/www.naturparkmagazin.de\/vdn\/#website","url":"https:\/\/www.naturparkmagazin.de\/vdn\/","name":"Verband Deutscher Naturparke","description":"Eine weitere Naturparkmagazin.de Netzwerk Seite","potentialAction":[{"@type":"SearchAction","target":{"@type":"EntryPoint","urlTemplate":"https:\/\/www.naturparkmagazin.de\/vdn\/?s={search_term_string}"},"query-input":"required name=search_term_string"}],"inLanguage":"de"},{"@type":"Person","@id":"https:\/\/www.naturparkmagazin.de\/vdn\/#\/schema\/person\/e28d931df83318a48d52ae72b08d2bfb","name":"vdnnational","url":"https:\/\/www.naturparkmagazin.de\/vdn\/author\/vdnnational\/"}]}},"_links":{"self":[{"href":"https:\/\/www.naturparkmagazin.de\/vdn\/wp-json\/wp\/v2\/posts\/4810"}],"collection":[{"href":"https:\/\/www.naturparkmagazin.de\/vdn\/wp-json\/wp\/v2\/posts"}],"about":[{"href":"https:\/\/www.naturparkmagazin.de\/vdn\/wp-json\/wp\/v2\/types\/post"}],"author":[{"embeddable":true,"href":"https:\/\/www.naturparkmagazin.de\/vdn\/wp-json\/wp\/v2\/users\/14"}],"replies":[{"embeddable":true,"href":"https:\/\/www.naturparkmagazin.de\/vdn\/wp-json\/wp\/v2\/comments?post=4810"}],"version-history":[{"count":6,"href":"https:\/\/www.naturparkmagazin.de\/vdn\/wp-json\/wp\/v2\/posts\/4810\/revisions"}],"predecessor-version":[{"id":4837,"href":"https:\/\/www.naturparkmagazin.de\/vdn\/wp-json\/wp\/v2\/posts\/4810\/revisions\/4837"}],"wp:featuredmedia":[{"embeddable":true,"href":"https:\/\/www.naturparkmagazin.de\/vdn\/wp-json\/wp\/v2\/media\/4821"}],"wp:attachment":[{"href":"https:\/\/www.naturparkmagazin.de\/vdn\/wp-json\/wp\/v2\/media?parent=4810"}],"wp:term":[{"taxonomy":"category","embeddable":true,"href":"https:\/\/www.naturparkmagazin.de\/vdn\/wp-json\/wp\/v2\/categories?post=4810"},{"taxonomy":"post_tag","embeddable":true,"href":"https:\/\/www.naturparkmagazin.de\/vdn\/wp-json\/wp\/v2\/tags?post=4810"}],"curies":[{"name":"wp","href":"https:\/\/api.w.org\/{rel}","templated":true}]}}