{"id":4874,"date":"2015-01-18T07:41:22","date_gmt":"2015-01-18T06:41:22","guid":{"rendered":"http:\/\/www.naturparkmagazin.de\/vdn\/?p=4874"},"modified":"2015-01-27T16:40:20","modified_gmt":"2015-01-27T15:40:20","slug":"foto-des-monats-leise","status":"publish","type":"post","link":"https:\/\/www.naturparkmagazin.de\/vdn\/foto-des-monats-leise\/","title":{"rendered":"Foto des Monats: &#8222;Leise&#8230;.&#8220;"},"content":{"rendered":"<p>&nbsp;<\/p>\n<div id=\"attachment_4889\" style=\"width: 510px\" class=\"wp-caption aligncenter\"><a href=\"https:\/\/www.naturparkmagazin.de\/vdn\/wp-content\/uploads\/sites\/3\/i-8-06744-a-beitrag1.jpg\"><img aria-describedby=\"caption-attachment-4889\" decoding=\"async\" loading=\"lazy\" class=\"size-full wp-image-4889\" alt=\"'Leise....(HF)' Copyright: VDN \/ Schwarzwaldelch\" src=\"https:\/\/www.naturparkmagazin.de\/vdn\/wp-content\/uploads\/sites\/3\/i-8-06744-a-beitrag1.jpg\" width=\"500\" height=\"749\" srcset=\"https:\/\/www.naturparkmagazin.de\/vdn\/wp-content\/uploads\/sites\/3\/i-8-06744-a-beitrag1.jpg 500w, https:\/\/www.naturparkmagazin.de\/vdn\/wp-content\/uploads\/sites\/3\/i-8-06744-a-beitrag1-300x449.jpg 300w, https:\/\/www.naturparkmagazin.de\/vdn\/wp-content\/uploads\/sites\/3\/i-8-06744-a-beitrag1-200x300.jpg 200w\" sizes=\"(max-width: 500px) 100vw, 500px\" \/><\/a><p id=\"caption-attachment-4889\" class=\"wp-caption-text\">&#8218;Leise&#8230;.(HF)&#8216; Copyright: VDN \/ Schwarzwaldelch<\/p><\/div>\n<p>Igel \u00fcberbr\u00fccken die kalte Jahreszeit, indem sie Winterschlaf halten. Sie sind die einzigen Winterschl\u00e4fer unter den Insektenfressern. Der Naturfotograf Christoph B\u00f6hme hat seinen Igel im Naturpark Rheinland in seinem gut w\u00e4rmeisolierten kugelf\u00f6rmigen Nest in einem Komposthaufen im Naturpark Rheinland entdeckt und den Schl\u00e4fer ins Bild gesetzt. Bis zu f\u00fcnf Monate kann er hier die nahrungsarme kalte Jahreszeit verschlafen.<\/p>\n<p>Mit unserem Foto des Monats belegte Christoph B\u00f6hme einen der ersten 10 Pl\u00e4tze unter den Jahressiegern im Fotowettbewerb &#8222;Augenblick Natur&#8220; 2014. Die Jahressieger 2014 k\u00f6nnen Sie sich ansehen im Fotoportal der Naturparke Deutschlands <a title=\"www.naturparkfotos.de\" href=\"http:\/\/www.naturparkfotos.de\">www.naturparkfotos.de<\/a> .<\/p>\n<p>&nbsp;<\/p>\n<p>&nbsp;<\/p>\n","protected":false},"excerpt":{"rendered":"<p>&#8222;Leise, sonst wacht er noch auf, der Igel, der es sich im Komposthaufen gem\u00fctlich gemacht hat&#8220;<\/p>\n","protected":false},"author":14,"featured_media":4876,"comment_status":"open","ping_status":"open","sticky":false,"template":"","format":"standard","meta":{"_links_to":"","_links_to_target":""},"categories":[10],"tags":[3154,94,82,93],"yoast_head":"<!-- This site is optimized with the Yoast SEO plugin v19.10 - https:\/\/yoast.com\/wordpress\/plugins\/seo\/ -->\n<title>Foto des Monats: &quot;Leise....&quot;<\/title>\n<meta name=\"description\" content=\"&quot;Leise, sonst wacht er noch auf, der Igel, der es sich im Komposthaufen gem\u00fctlich gemacht hat&quot;\" \/>\n<meta name=\"robots\" content=\"index, follow, max-snippet:-1, max-image-preview:large, max-video-preview:-1\" \/>\n<link rel=\"canonical\" href=\"https:\/\/www.naturparkmagazin.de\/vdn\/foto-des-monats-leise\/\" \/>\n<meta property=\"og:locale\" content=\"de_DE\" \/>\n<meta property=\"og:type\" content=\"article\" \/>\n<meta property=\"og:title\" content=\"Foto des Monats: &quot;Leise....&quot;\" \/>\n<meta property=\"og:description\" content=\"&quot;Leise, sonst wacht er noch auf, der Igel, der es sich im Komposthaufen gem\u00fctlich gemacht hat&quot;\" \/>\n<meta property=\"og:url\" content=\"https:\/\/www.naturparkmagazin.de\/vdn\/foto-des-monats-leise\/\" \/>\n<meta property=\"og:site_name\" content=\"Verband Deutscher Naturparke\" \/>\n<meta property=\"article:published_time\" content=\"2015-01-18T06:41:22+00:00\" \/>\n<meta property=\"article:modified_time\" content=\"2015-01-27T15:40:20+00:00\" \/>\n<meta property=\"og:image\" content=\"https:\/\/www.naturparkmagazin.de\/vdn\/wp-content\/uploads\/sites\/3\/i-8-06744-a-beitragsfoto.jpg\" \/>\n\t<meta property=\"og:image:width\" content=\"180\" \/>\n\t<meta property=\"og:image:height\" content=\"135\" \/>\n\t<meta property=\"og:image:type\" content=\"image\/jpeg\" \/>\n<meta name=\"author\" content=\"vdnnational\" \/>\n<meta name=\"twitter:label1\" content=\"Verfasst von\" \/>\n\t<meta name=\"twitter:data1\" content=\"vdnnational\" \/>\n\t<meta name=\"twitter:label2\" content=\"Gesch\u00e4tzte Lesezeit\" \/>\n\t<meta name=\"twitter:data2\" content=\"1\u00a0Minute\" \/>\n<script type=\"application\/ld+json\" class=\"yoast-schema-graph\">{\"@context\":\"https:\/\/schema.org\",\"@graph\":[{\"@type\":\"WebPage\",\"@id\":\"https:\/\/www.naturparkmagazin.de\/vdn\/foto-des-monats-leise\/\",\"url\":\"https:\/\/www.naturparkmagazin.de\/vdn\/foto-des-monats-leise\/\",\"name\":\"Foto des Monats: \\\"Leise....\\\"\",\"isPartOf\":{\"@id\":\"https:\/\/www.naturparkmagazin.de\/vdn\/#website\"},\"datePublished\":\"2015-01-18T06:41:22+00:00\",\"dateModified\":\"2015-01-27T15:40:20+00:00\",\"author\":{\"@id\":\"https:\/\/www.naturparkmagazin.de\/vdn\/#\/schema\/person\/e28d931df83318a48d52ae72b08d2bfb\"},\"description\":\"\\\"Leise, sonst wacht er noch auf, der Igel, der es sich im Komposthaufen gem\u00fctlich gemacht hat\\\"\",\"breadcrumb\":{\"@id\":\"https:\/\/www.naturparkmagazin.de\/vdn\/foto-des-monats-leise\/#breadcrumb\"},\"inLanguage\":\"de\",\"potentialAction\":[{\"@type\":\"ReadAction\",\"target\":[\"https:\/\/www.naturparkmagazin.de\/vdn\/foto-des-monats-leise\/\"]}]},{\"@type\":\"BreadcrumbList\",\"@id\":\"https:\/\/www.naturparkmagazin.de\/vdn\/foto-des-monats-leise\/#breadcrumb\",\"itemListElement\":[{\"@type\":\"ListItem\",\"position\":1,\"name\":\"Home\",\"item\":\"https:\/\/www.naturparkmagazin.de\/vdn\/\"},{\"@type\":\"ListItem\",\"position\":2,\"name\":\"Foto des Monats: &#8222;Leise&#8230;.&#8220;\"}]},{\"@type\":\"WebSite\",\"@id\":\"https:\/\/www.naturparkmagazin.de\/vdn\/#website\",\"url\":\"https:\/\/www.naturparkmagazin.de\/vdn\/\",\"name\":\"Verband Deutscher Naturparke\",\"description\":\"Eine weitere Naturparkmagazin.de Netzwerk Seite\",\"potentialAction\":[{\"@type\":\"SearchAction\",\"target\":{\"@type\":\"EntryPoint\",\"urlTemplate\":\"https:\/\/www.naturparkmagazin.de\/vdn\/?s={search_term_string}\"},\"query-input\":\"required name=search_term_string\"}],\"inLanguage\":\"de\"},{\"@type\":\"Person\",\"@id\":\"https:\/\/www.naturparkmagazin.de\/vdn\/#\/schema\/person\/e28d931df83318a48d52ae72b08d2bfb\",\"name\":\"vdnnational\",\"url\":\"https:\/\/www.naturparkmagazin.de\/vdn\/author\/vdnnational\/\"}]}<\/script>\n<!-- \/ Yoast SEO plugin. -->","yoast_head_json":{"title":"Foto des Monats: \"Leise....\"","description":"\"Leise, sonst wacht er noch auf, der Igel, der es sich im Komposthaufen gem\u00fctlich gemacht hat\"","robots":{"index":"index","follow":"follow","max-snippet":"max-snippet:-1","max-image-preview":"max-image-preview:large","max-video-preview":"max-video-preview:-1"},"canonical":"https:\/\/www.naturparkmagazin.de\/vdn\/foto-des-monats-leise\/","og_locale":"de_DE","og_type":"article","og_title":"Foto des Monats: \"Leise....\"","og_description":"\"Leise, sonst wacht er noch auf, der Igel, der es sich im Komposthaufen gem\u00fctlich gemacht hat\"","og_url":"https:\/\/www.naturparkmagazin.de\/vdn\/foto-des-monats-leise\/","og_site_name":"Verband Deutscher Naturparke","article_published_time":"2015-01-18T06:41:22+00:00","article_modified_time":"2015-01-27T15:40:20+00:00","og_image":[{"width":180,"height":135,"url":"https:\/\/www.naturparkmagazin.de\/vdn\/wp-content\/uploads\/sites\/3\/i-8-06744-a-beitragsfoto.jpg","type":"image\/jpeg"}],"author":"vdnnational","twitter_misc":{"Verfasst von":"vdnnational","Gesch\u00e4tzte Lesezeit":"1\u00a0Minute"},"schema":{"@context":"https:\/\/schema.org","@graph":[{"@type":"WebPage","@id":"https:\/\/www.naturparkmagazin.de\/vdn\/foto-des-monats-leise\/","url":"https:\/\/www.naturparkmagazin.de\/vdn\/foto-des-monats-leise\/","name":"Foto des Monats: \"Leise....\"","isPartOf":{"@id":"https:\/\/www.naturparkmagazin.de\/vdn\/#website"},"datePublished":"2015-01-18T06:41:22+00:00","dateModified":"2015-01-27T15:40:20+00:00","author":{"@id":"https:\/\/www.naturparkmagazin.de\/vdn\/#\/schema\/person\/e28d931df83318a48d52ae72b08d2bfb"},"description":"\"Leise, sonst wacht er noch auf, der Igel, der es sich im Komposthaufen gem\u00fctlich gemacht hat\"","breadcrumb":{"@id":"https:\/\/www.naturparkmagazin.de\/vdn\/foto-des-monats-leise\/#breadcrumb"},"inLanguage":"de","potentialAction":[{"@type":"ReadAction","target":["https:\/\/www.naturparkmagazin.de\/vdn\/foto-des-monats-leise\/"]}]},{"@type":"BreadcrumbList","@id":"https:\/\/www.naturparkmagazin.de\/vdn\/foto-des-monats-leise\/#breadcrumb","itemListElement":[{"@type":"ListItem","position":1,"name":"Home","item":"https:\/\/www.naturparkmagazin.de\/vdn\/"},{"@type":"ListItem","position":2,"name":"Foto des Monats: &#8222;Leise&#8230;.&#8220;"}]},{"@type":"WebSite","@id":"https:\/\/www.naturparkmagazin.de\/vdn\/#website","url":"https:\/\/www.naturparkmagazin.de\/vdn\/","name":"Verband Deutscher Naturparke","description":"Eine weitere Naturparkmagazin.de Netzwerk Seite","potentialAction":[{"@type":"SearchAction","target":{"@type":"EntryPoint","urlTemplate":"https:\/\/www.naturparkmagazin.de\/vdn\/?s={search_term_string}"},"query-input":"required name=search_term_string"}],"inLanguage":"de"},{"@type":"Person","@id":"https:\/\/www.naturparkmagazin.de\/vdn\/#\/schema\/person\/e28d931df83318a48d52ae72b08d2bfb","name":"vdnnational","url":"https:\/\/www.naturparkmagazin.de\/vdn\/author\/vdnnational\/"}]}},"_links":{"self":[{"href":"https:\/\/www.naturparkmagazin.de\/vdn\/wp-json\/wp\/v2\/posts\/4874"}],"collection":[{"href":"https:\/\/www.naturparkmagazin.de\/vdn\/wp-json\/wp\/v2\/posts"}],"about":[{"href":"https:\/\/www.naturparkmagazin.de\/vdn\/wp-json\/wp\/v2\/types\/post"}],"author":[{"embeddable":true,"href":"https:\/\/www.naturparkmagazin.de\/vdn\/wp-json\/wp\/v2\/users\/14"}],"replies":[{"embeddable":true,"href":"https:\/\/www.naturparkmagazin.de\/vdn\/wp-json\/wp\/v2\/comments?post=4874"}],"version-history":[{"count":5,"href":"https:\/\/www.naturparkmagazin.de\/vdn\/wp-json\/wp\/v2\/posts\/4874\/revisions"}],"predecessor-version":[{"id":4996,"href":"https:\/\/www.naturparkmagazin.de\/vdn\/wp-json\/wp\/v2\/posts\/4874\/revisions\/4996"}],"wp:featuredmedia":[{"embeddable":true,"href":"https:\/\/www.naturparkmagazin.de\/vdn\/wp-json\/wp\/v2\/media\/4876"}],"wp:attachment":[{"href":"https:\/\/www.naturparkmagazin.de\/vdn\/wp-json\/wp\/v2\/media?parent=4874"}],"wp:term":[{"taxonomy":"category","embeddable":true,"href":"https:\/\/www.naturparkmagazin.de\/vdn\/wp-json\/wp\/v2\/categories?post=4874"},{"taxonomy":"post_tag","embeddable":true,"href":"https:\/\/www.naturparkmagazin.de\/vdn\/wp-json\/wp\/v2\/tags?post=4874"}],"curies":[{"name":"wp","href":"https:\/\/api.w.org\/{rel}","templated":true}]}}