{"id":4900,"date":"2015-01-18T07:27:21","date_gmt":"2015-01-18T06:27:21","guid":{"rendered":"http:\/\/www.naturparkmagazin.de\/vdn\/?p=4900"},"modified":"2015-01-28T16:08:58","modified_gmt":"2015-01-28T15:08:58","slug":"mario-krueger","status":"publish","type":"post","link":"https:\/\/www.naturparkmagazin.de\/vdn\/mario-krueger\/","title":{"rendered":"Mario Kr\u00fcger"},"content":{"rendered":"<div id=\"attachment_4982\" style=\"width: 310px\" class=\"wp-caption aligncenter\"><a href=\"https:\/\/www.naturparkmagazin.de\/vdn\/wp-content\/uploads\/sites\/3\/Mario_Kr\u00fcger-Beitrag-final.jpg\"><img aria-describedby=\"caption-attachment-4982\" decoding=\"async\" loading=\"lazy\" class=\"size-full wp-image-4982 \" title=\"Mario Kr\u00fcger Copyright: Naturpark Sternberger Seenland\" alt=\"Mario Kr\u00fcger Copyright: Naturpark Sternberger Seenland\" src=\"https:\/\/www.naturparkmagazin.de\/vdn\/wp-content\/uploads\/sites\/3\/Mario_Kr\u00fcger-Beitrag-final.jpg\" width=\"300\" height=\"500\" srcset=\"https:\/\/www.naturparkmagazin.de\/vdn\/wp-content\/uploads\/sites\/3\/Mario_Kr\u00fcger-Beitrag-final.jpg 300w, https:\/\/www.naturparkmagazin.de\/vdn\/wp-content\/uploads\/sites\/3\/Mario_Kr\u00fcger-Beitrag-final-200x333.jpg 200w\" sizes=\"(max-width: 300px) 100vw, 300px\" \/><\/a><p id=\"caption-attachment-4982\" class=\"wp-caption-text\">Mario Kr\u00fcger Copyright: Naturpark Sternberger Seenland<\/p><\/div>\n<p>Mario Kr\u00fcger ist seit 2005 im Naturpark Sternberger Seenland in der Naturwacht t\u00e4tig, deren Leiter er inzwischen geworden ist. Zu seinen Arbeitsaufgaben geh\u00f6rt auch das regelm\u00e4\u00dfige Monitoring zur Erfassung der vorhandenen Biberpopulation im Naturpark. Da diese Aufgabe sich mit seinen pers\u00f6nlichen Interessen deckt, hat er sich im Laufe der Jahre immer wieder zum Thema Biber fortgebildet und gilt inzwischen in Mecklenburg als anerkannter Biberexperte. Aus anderen Gro\u00dfschutzgebieten kommen immer wieder Anfragen, was bei auftauchenden Problemen mit Bibern getan werden kann. Hier steht er dann den Kollegen mit Rat (und manchmal auch Tat) helfend zur Seite.<\/p>\n<p>&nbsp;<\/p>\n<div id=\"attachment_4984\" style=\"width: 510px\" class=\"wp-caption aligncenter\"><a href=\"https:\/\/www.naturparkmagazin.de\/vdn\/wp-content\/uploads\/sites\/3\/Karnin-05.08.2013-Beitrag.jpg\"><img aria-describedby=\"caption-attachment-4984\" decoding=\"async\" loading=\"lazy\" class=\"size-full wp-image-4984 \" title=\"Karnin - Copyright Naturpark Sternberger Seenland\" alt=\"Karnin - Copyright Naturpark Sternberger Seenland\" src=\"https:\/\/www.naturparkmagazin.de\/vdn\/wp-content\/uploads\/sites\/3\/Karnin-05.08.2013-Beitrag.jpg\" width=\"500\" height=\"300\" srcset=\"https:\/\/www.naturparkmagazin.de\/vdn\/wp-content\/uploads\/sites\/3\/Karnin-05.08.2013-Beitrag.jpg 500w, https:\/\/www.naturparkmagazin.de\/vdn\/wp-content\/uploads\/sites\/3\/Karnin-05.08.2013-Beitrag-300x180.jpg 300w, https:\/\/www.naturparkmagazin.de\/vdn\/wp-content\/uploads\/sites\/3\/Karnin-05.08.2013-Beitrag-200x120.jpg 200w\" sizes=\"(max-width: 500px) 100vw, 500px\" \/><\/a><p id=\"caption-attachment-4984\" class=\"wp-caption-text\">Karnin &#8211; Copyright Naturpark Sternberger Seenland<\/p><\/div>\n<p>Sein pers\u00f6nlicher Lieblingsplatz im Naturpark Sternberger Seenland ist das 112 ha gro\u00dfe Naturschutzgebiet \u201eWarnowtal bei Karnin\u201c. Die hier noch sehr urw\u00fcchsige Landschaft beeindruckt wohl jeden Besucher. Die Warnow hat sich etwa 20 m tief in den Endmor\u00e4nenbogen eingeschnitten. Die H\u00e4nge sind mit Erlen- \/ Eschenw\u00e4ldern und teilweise auch mit Rotbuchenaltholz bestockt. Hier gibt es verschiedene Orchideenarten, viele Pilzarten, und auch seltene Tiere kommen hier vor. Genannt seien beispielsweise Siebenschl\u00e4fer, mehrere Fledermausarten, Seeadler, Hohltaube, Eisvogel, Fischotter und Biber. Mit etwas Gl\u00fcck kann man sich hier abends oder morgens am Ufer ansetzen und einen Biber in seinem nat\u00fcrlichen Lebensraum beobachten. Mario Kr\u00fcger dazu: \u201eIn diesem \u201emeinem\u201c Naturschutzgebiet gibt es immer wieder etwas Neues zu entdecken. Deshalb bin ich auch oft hier unterwegs. Ob nun im Fr\u00fchjahr zur Bl\u00fcte der Schl\u00fcsselblumen oder im Sp\u00e4therbst, wenn die Meerforellen laichen, es ist immer wundersch\u00f6n hier und man kann einfach mal die Seele baumeln lassen\u201c.<\/p>\n<div id=\"attachment_4986\" style=\"width: 510px\" class=\"wp-caption aligncenter\"><a href=\"https:\/\/www.naturparkmagazin.de\/vdn\/wp-content\/uploads\/sites\/3\/NSG-Karnin-3-Beitrag.jpg\"><img aria-describedby=\"caption-attachment-4986\" decoding=\"async\" loading=\"lazy\" class=\"size-full wp-image-4986 \" title=\"Copyright Naturpark Sternberger Seenland\" alt=\"Copyright Naturpark Sternberger Seenland\" src=\"https:\/\/www.naturparkmagazin.de\/vdn\/wp-content\/uploads\/sites\/3\/NSG-Karnin-3-Beitrag.jpg\" width=\"500\" height=\"300\" srcset=\"https:\/\/www.naturparkmagazin.de\/vdn\/wp-content\/uploads\/sites\/3\/NSG-Karnin-3-Beitrag.jpg 500w, https:\/\/www.naturparkmagazin.de\/vdn\/wp-content\/uploads\/sites\/3\/NSG-Karnin-3-Beitrag-300x180.jpg 300w, https:\/\/www.naturparkmagazin.de\/vdn\/wp-content\/uploads\/sites\/3\/NSG-Karnin-3-Beitrag-200x120.jpg 200w\" sizes=\"(max-width: 500px) 100vw, 500px\" \/><\/a><p id=\"caption-attachment-4986\" class=\"wp-caption-text\">Copyright Naturpark Sternberger Seenland<\/p><\/div>\n<p>F\u00fcr das angrenzende M\u00fchlenmoor und das Torfmoor bei Zaschendorf gab es bereits Renaturierungsversuche von Natursch\u00fctzern. Diese zeigten jedoch immer nur vor\u00fcbergehend Wirkung. Nachdem sich im Torfmoor eine Biberfamilie angesiedelt hat, l\u00e4uft die Renaturierung bestens. \u201eSie ist sogar so weit fortgeschritten, dass wir den im M\u00fchlenmoor befindlichen Grundwasserpegel nicht mehr zur Ablesung erreichen k\u00f6nnen\u201c, freut sich Mario Kr\u00fcger. \u201eBessere Hilfe zur Renaturierung h\u00e4tten wir gar nicht bekommen k\u00f6nnen.\u201c<\/p>\n<div id=\"attachment_4985\" style=\"width: 510px\" class=\"wp-caption aligncenter\"><a href=\"https:\/\/www.naturparkmagazin.de\/vdn\/wp-content\/uploads\/sites\/3\/Zaschendorfer-Torfmoor-27-Beitrag.jpg\"><img aria-describedby=\"caption-attachment-4985\" decoding=\"async\" loading=\"lazy\" class=\"size-full wp-image-4985\" title=\"Zaschendorfer Torfmoor - Copyright Naturpark Sternberger Seenland\" alt=\"Zaschendorfer Torfmoor - Copyright Naturpark Sternberger Seenland\" src=\"https:\/\/www.naturparkmagazin.de\/vdn\/wp-content\/uploads\/sites\/3\/Zaschendorfer-Torfmoor-27-Beitrag.jpg\" width=\"500\" height=\"300\" srcset=\"https:\/\/www.naturparkmagazin.de\/vdn\/wp-content\/uploads\/sites\/3\/Zaschendorfer-Torfmoor-27-Beitrag.jpg 500w, https:\/\/www.naturparkmagazin.de\/vdn\/wp-content\/uploads\/sites\/3\/Zaschendorfer-Torfmoor-27-Beitrag-300x180.jpg 300w, https:\/\/www.naturparkmagazin.de\/vdn\/wp-content\/uploads\/sites\/3\/Zaschendorfer-Torfmoor-27-Beitrag-200x120.jpg 200w\" sizes=\"(max-width: 500px) 100vw, 500px\" \/><\/a><p id=\"caption-attachment-4985\" class=\"wp-caption-text\">Zaschendorfer Torfmoor &#8211; Copyright Naturpark Sternberger Seenland<\/p><\/div>\n<p>&nbsp;<\/p>\n","protected":false},"excerpt":{"rendered":"<p>  ist der Leiter der Naturwacht im Naturpark Sternberger Seenland und gilt als anerkannter Biberexperte.<\/p>\n","protected":false},"author":14,"featured_media":4983,"comment_status":"open","ping_status":"open","sticky":false,"template":"","format":"standard","meta":{"_links_to":"","_links_to_target":""},"categories":[8],"tags":[316,87,35,3155,91,231,86,94,41],"yoast_head":"<!-- This site is optimized with the Yoast SEO plugin v19.10 - https:\/\/yoast.com\/wordpress\/plugins\/seo\/ -->\n<title>Mario Kr\u00fcger<\/title>\n<meta name=\"description\" content=\"ist der Leiter der Naturwacht im Naturpark Sternberger Seenland und gilt als anerkannter Biberexperte.\" \/>\n<meta name=\"robots\" content=\"index, follow, max-snippet:-1, max-image-preview:large, max-video-preview:-1\" \/>\n<link rel=\"canonical\" href=\"https:\/\/www.naturparkmagazin.de\/vdn\/mario-krueger\/\" \/>\n<meta property=\"og:locale\" content=\"de_DE\" \/>\n<meta property=\"og:type\" content=\"article\" \/>\n<meta property=\"og:title\" content=\"Mario Kr\u00fcger\" \/>\n<meta property=\"og:description\" content=\"ist der Leiter der Naturwacht im Naturpark Sternberger Seenland und gilt als anerkannter Biberexperte.\" \/>\n<meta property=\"og:url\" content=\"https:\/\/www.naturparkmagazin.de\/vdn\/mario-krueger\/\" \/>\n<meta property=\"og:site_name\" content=\"Verband Deutscher Naturparke\" \/>\n<meta property=\"article:published_time\" content=\"2015-01-18T06:27:21+00:00\" \/>\n<meta property=\"article:modified_time\" content=\"2015-01-28T15:08:58+00:00\" \/>\n<meta property=\"og:image\" content=\"https:\/\/www.naturparkmagazin.de\/vdn\/wp-content\/uploads\/sites\/3\/Mario_Kr\u00fcger-Beitragsbild-final.jpg\" \/>\n\t<meta property=\"og:image:width\" content=\"180\" \/>\n\t<meta property=\"og:image:height\" content=\"135\" \/>\n\t<meta property=\"og:image:type\" content=\"image\/jpeg\" \/>\n<meta name=\"author\" content=\"vdnnational\" \/>\n<meta name=\"twitter:label1\" content=\"Verfasst von\" \/>\n\t<meta name=\"twitter:data1\" content=\"vdnnational\" \/>\n\t<meta name=\"twitter:label2\" content=\"Gesch\u00e4tzte Lesezeit\" \/>\n\t<meta name=\"twitter:data2\" content=\"2\u00a0Minuten\" \/>\n<script type=\"application\/ld+json\" class=\"yoast-schema-graph\">{\"@context\":\"https:\/\/schema.org\",\"@graph\":[{\"@type\":\"WebPage\",\"@id\":\"https:\/\/www.naturparkmagazin.de\/vdn\/mario-krueger\/\",\"url\":\"https:\/\/www.naturparkmagazin.de\/vdn\/mario-krueger\/\",\"name\":\"Mario Kr\u00fcger\",\"isPartOf\":{\"@id\":\"https:\/\/www.naturparkmagazin.de\/vdn\/#website\"},\"datePublished\":\"2015-01-18T06:27:21+00:00\",\"dateModified\":\"2015-01-28T15:08:58+00:00\",\"author\":{\"@id\":\"https:\/\/www.naturparkmagazin.de\/vdn\/#\/schema\/person\/e28d931df83318a48d52ae72b08d2bfb\"},\"description\":\"ist der Leiter der Naturwacht im Naturpark Sternberger Seenland und gilt als anerkannter Biberexperte.\",\"breadcrumb\":{\"@id\":\"https:\/\/www.naturparkmagazin.de\/vdn\/mario-krueger\/#breadcrumb\"},\"inLanguage\":\"de\",\"potentialAction\":[{\"@type\":\"ReadAction\",\"target\":[\"https:\/\/www.naturparkmagazin.de\/vdn\/mario-krueger\/\"]}]},{\"@type\":\"BreadcrumbList\",\"@id\":\"https:\/\/www.naturparkmagazin.de\/vdn\/mario-krueger\/#breadcrumb\",\"itemListElement\":[{\"@type\":\"ListItem\",\"position\":1,\"name\":\"Home\",\"item\":\"https:\/\/www.naturparkmagazin.de\/vdn\/\"},{\"@type\":\"ListItem\",\"position\":2,\"name\":\"Mario Kr\u00fcger\"}]},{\"@type\":\"WebSite\",\"@id\":\"https:\/\/www.naturparkmagazin.de\/vdn\/#website\",\"url\":\"https:\/\/www.naturparkmagazin.de\/vdn\/\",\"name\":\"Verband Deutscher Naturparke\",\"description\":\"Eine weitere Naturparkmagazin.de Netzwerk Seite\",\"potentialAction\":[{\"@type\":\"SearchAction\",\"target\":{\"@type\":\"EntryPoint\",\"urlTemplate\":\"https:\/\/www.naturparkmagazin.de\/vdn\/?s={search_term_string}\"},\"query-input\":\"required name=search_term_string\"}],\"inLanguage\":\"de\"},{\"@type\":\"Person\",\"@id\":\"https:\/\/www.naturparkmagazin.de\/vdn\/#\/schema\/person\/e28d931df83318a48d52ae72b08d2bfb\",\"name\":\"vdnnational\",\"url\":\"https:\/\/www.naturparkmagazin.de\/vdn\/author\/vdnnational\/\"}]}<\/script>\n<!-- \/ Yoast SEO plugin. -->","yoast_head_json":{"title":"Mario Kr\u00fcger","description":"ist der Leiter der Naturwacht im Naturpark Sternberger Seenland und gilt als anerkannter Biberexperte.","robots":{"index":"index","follow":"follow","max-snippet":"max-snippet:-1","max-image-preview":"max-image-preview:large","max-video-preview":"max-video-preview:-1"},"canonical":"https:\/\/www.naturparkmagazin.de\/vdn\/mario-krueger\/","og_locale":"de_DE","og_type":"article","og_title":"Mario Kr\u00fcger","og_description":"ist der Leiter der Naturwacht im Naturpark Sternberger Seenland und gilt als anerkannter Biberexperte.","og_url":"https:\/\/www.naturparkmagazin.de\/vdn\/mario-krueger\/","og_site_name":"Verband Deutscher Naturparke","article_published_time":"2015-01-18T06:27:21+00:00","article_modified_time":"2015-01-28T15:08:58+00:00","og_image":[{"width":180,"height":135,"url":"https:\/\/www.naturparkmagazin.de\/vdn\/wp-content\/uploads\/sites\/3\/Mario_Kr\u00fcger-Beitragsbild-final.jpg","type":"image\/jpeg"}],"author":"vdnnational","twitter_misc":{"Verfasst von":"vdnnational","Gesch\u00e4tzte Lesezeit":"2\u00a0Minuten"},"schema":{"@context":"https:\/\/schema.org","@graph":[{"@type":"WebPage","@id":"https:\/\/www.naturparkmagazin.de\/vdn\/mario-krueger\/","url":"https:\/\/www.naturparkmagazin.de\/vdn\/mario-krueger\/","name":"Mario Kr\u00fcger","isPartOf":{"@id":"https:\/\/www.naturparkmagazin.de\/vdn\/#website"},"datePublished":"2015-01-18T06:27:21+00:00","dateModified":"2015-01-28T15:08:58+00:00","author":{"@id":"https:\/\/www.naturparkmagazin.de\/vdn\/#\/schema\/person\/e28d931df83318a48d52ae72b08d2bfb"},"description":"ist der Leiter der Naturwacht im Naturpark Sternberger Seenland und gilt als anerkannter Biberexperte.","breadcrumb":{"@id":"https:\/\/www.naturparkmagazin.de\/vdn\/mario-krueger\/#breadcrumb"},"inLanguage":"de","potentialAction":[{"@type":"ReadAction","target":["https:\/\/www.naturparkmagazin.de\/vdn\/mario-krueger\/"]}]},{"@type":"BreadcrumbList","@id":"https:\/\/www.naturparkmagazin.de\/vdn\/mario-krueger\/#breadcrumb","itemListElement":[{"@type":"ListItem","position":1,"name":"Home","item":"https:\/\/www.naturparkmagazin.de\/vdn\/"},{"@type":"ListItem","position":2,"name":"Mario Kr\u00fcger"}]},{"@type":"WebSite","@id":"https:\/\/www.naturparkmagazin.de\/vdn\/#website","url":"https:\/\/www.naturparkmagazin.de\/vdn\/","name":"Verband Deutscher Naturparke","description":"Eine weitere Naturparkmagazin.de Netzwerk Seite","potentialAction":[{"@type":"SearchAction","target":{"@type":"EntryPoint","urlTemplate":"https:\/\/www.naturparkmagazin.de\/vdn\/?s={search_term_string}"},"query-input":"required name=search_term_string"}],"inLanguage":"de"},{"@type":"Person","@id":"https:\/\/www.naturparkmagazin.de\/vdn\/#\/schema\/person\/e28d931df83318a48d52ae72b08d2bfb","name":"vdnnational","url":"https:\/\/www.naturparkmagazin.de\/vdn\/author\/vdnnational\/"}]}},"_links":{"self":[{"href":"https:\/\/www.naturparkmagazin.de\/vdn\/wp-json\/wp\/v2\/posts\/4900"}],"collection":[{"href":"https:\/\/www.naturparkmagazin.de\/vdn\/wp-json\/wp\/v2\/posts"}],"about":[{"href":"https:\/\/www.naturparkmagazin.de\/vdn\/wp-json\/wp\/v2\/types\/post"}],"author":[{"embeddable":true,"href":"https:\/\/www.naturparkmagazin.de\/vdn\/wp-json\/wp\/v2\/users\/14"}],"replies":[{"embeddable":true,"href":"https:\/\/www.naturparkmagazin.de\/vdn\/wp-json\/wp\/v2\/comments?post=4900"}],"version-history":[{"count":10,"href":"https:\/\/www.naturparkmagazin.de\/vdn\/wp-json\/wp\/v2\/posts\/4900\/revisions"}],"predecessor-version":[{"id":5004,"href":"https:\/\/www.naturparkmagazin.de\/vdn\/wp-json\/wp\/v2\/posts\/4900\/revisions\/5004"}],"wp:featuredmedia":[{"embeddable":true,"href":"https:\/\/www.naturparkmagazin.de\/vdn\/wp-json\/wp\/v2\/media\/4983"}],"wp:attachment":[{"href":"https:\/\/www.naturparkmagazin.de\/vdn\/wp-json\/wp\/v2\/media?parent=4900"}],"wp:term":[{"taxonomy":"category","embeddable":true,"href":"https:\/\/www.naturparkmagazin.de\/vdn\/wp-json\/wp\/v2\/categories?post=4900"},{"taxonomy":"post_tag","embeddable":true,"href":"https:\/\/www.naturparkmagazin.de\/vdn\/wp-json\/wp\/v2\/tags?post=4900"}],"curies":[{"name":"wp","href":"https:\/\/api.w.org\/{rel}","templated":true}]}}