{"id":4920,"date":"2015-01-18T07:22:51","date_gmt":"2015-01-18T06:22:51","guid":{"rendered":"http:\/\/www.naturparkmagazin.de\/vdn\/?p=4920"},"modified":"2015-01-27T15:28:19","modified_gmt":"2015-01-27T14:28:19","slug":"aufgetischt-naturparke-auf-der-gruenen-woche","status":"publish","type":"post","link":"https:\/\/www.naturparkmagazin.de\/vdn\/aufgetischt-naturparke-auf-der-gruenen-woche\/","title":{"rendered":"\u201eAufgetischt\u201c &#8211; Naturparke auf der Gr\u00fcnen Woche"},"content":{"rendered":"<div id=\"attachment_4921\" style=\"width: 510px\" class=\"wp-caption aligncenter\"><a href=\"https:\/\/www.naturparkmagazin.de\/vdn\/wp-content\/uploads\/sites\/3\/Fasan-G.-Blum_DSC_7373vdn_beitrag.jpg\"><img aria-describedby=\"caption-attachment-4921\" decoding=\"async\" loading=\"lazy\" class=\"size-full wp-image-4921 \" title=\"Fasan - Copyright: VDN\/G.Blum\" alt=\"Fasan - Copyright: VDN\/G.Blum\" src=\"https:\/\/www.naturparkmagazin.de\/vdn\/wp-content\/uploads\/sites\/3\/Fasan-G.-Blum_DSC_7373vdn_beitrag.jpg\" width=\"500\" height=\"300\" srcset=\"https:\/\/www.naturparkmagazin.de\/vdn\/wp-content\/uploads\/sites\/3\/Fasan-G.-Blum_DSC_7373vdn_beitrag.jpg 500w, https:\/\/www.naturparkmagazin.de\/vdn\/wp-content\/uploads\/sites\/3\/Fasan-G.-Blum_DSC_7373vdn_beitrag-300x180.jpg 300w, https:\/\/www.naturparkmagazin.de\/vdn\/wp-content\/uploads\/sites\/3\/Fasan-G.-Blum_DSC_7373vdn_beitrag-200x120.jpg 200w\" sizes=\"(max-width: 500px) 100vw, 500px\" \/><\/a><p id=\"caption-attachment-4921\" class=\"wp-caption-text\">Fasan &#8211; Copyright: VDN\/G.Blum<\/p><\/div>\n<p>Die Internationale Gr\u00fcne Woche Berlin ist die weltgr\u00f6\u00dfte Messe f\u00fcr Ern\u00e4hrung, Landwirtschaft und Gartenbau. 2015 fand Sie vom 15. bis 26. Januar zum 80. Mal statt. Der Regionalbezug nimmt auf der Gr\u00fcnen Woche einen immer wichtigeren Platz ein und die Themen nachwachsende Rohstoffe, Bio und \u201el\u00e4ndlicher Raum\u201c gewinnen immer weiter an Bedeutung. Dazu passend pr\u00e4sentierten sich auch die Naturparke Westhavelland und Stechlin-Ruppiner Land in diesem Jahr als Teil der Nationalen Naturlandschaften Brandenburgs in der Brandenburg-Halle ITB 2015 in Berlin. Den Naturpark Westhavelland\u00a0 begleitete der <a href=\"http:\/\/www.nabu-westhavelland.de\/projekte\/streuobstwiesen\/\" target=\"_blank\">NABU Regionalverband Westhavelland e.V.<\/a> als regionaler Partner des Naturparks mit Apfelsaft und Honig von westhavell\u00e4ndischen Streuobstwiesen, f\u00fcr deren Erhalt er sich besonders einsetzt. Gepresst wird der Saft ebenfalls im Naturpark in der Mosterei Kai Brass in Ketz\u00fcr.<\/p>\n<p>Der Naturpark Stechlin-Ruppiner Land \u00a0pr\u00e4sentierte sich\u00a0 gemeinsam mit der Firma marmelo aus Rheinsberg. Das Ein-Frau-Unternehmen produziert Marmeladen und Fruchtaufstriche f\u00fcr den Verkauf ab Manufaktur und auf dem Berliner Markt. Der Betrieb ist Mitglied in der Slowfood-Bewegung, die Produkte sind auch im <a href=\"http:\/\/www.naturpark-spezialitaeten.de\" target=\"_blank\">Naturpark-Spezialit\u00e4ten-Shop<\/a> erh\u00e4ltlich.<\/p>\n","protected":false},"excerpt":{"rendered":"<p>Auf der Internationalen Gr\u00fcne Woche Berlin 2015 pr\u00e4sentierten sich die Naturparke Westhavelland und Stechlin-Ruppiner Land als Teil der Nationalen Naturlandschaften Brandenburgs. <\/p>\n","protected":false},"author":14,"featured_media":4922,"comment_status":"open","ping_status":"open","sticky":false,"template":"","format":"standard","meta":{"_links_to":"","_links_to_target":""},"categories":[7],"tags":[],"yoast_head":"<!-- This site is optimized with the Yoast SEO plugin v19.10 - https:\/\/yoast.com\/wordpress\/plugins\/seo\/ -->\n<title>\u201eAufgetischt\u201c - Naturparke auf der Gr\u00fcnen Woche<\/title>\n<meta name=\"description\" content=\"Auf der Internationalen Gr\u00fcne Woche Berlin 2015 pr\u00e4sentierten sich die Naturparke Westhavelland und Stechlin-Ruppiner Land als Teil der Nationalen Naturlandschaften Brandenburgs.\" \/>\n<meta name=\"robots\" content=\"index, follow, max-snippet:-1, max-image-preview:large, max-video-preview:-1\" \/>\n<link rel=\"canonical\" href=\"https:\/\/www.naturparkmagazin.de\/vdn\/aufgetischt-naturparke-auf-der-gruenen-woche\/\" \/>\n<meta property=\"og:locale\" content=\"de_DE\" \/>\n<meta property=\"og:type\" content=\"article\" \/>\n<meta property=\"og:title\" content=\"\u201eAufgetischt\u201c - Naturparke auf der Gr\u00fcnen Woche\" \/>\n<meta property=\"og:description\" content=\"Auf der Internationalen Gr\u00fcne Woche Berlin 2015 pr\u00e4sentierten sich die Naturparke Westhavelland und Stechlin-Ruppiner Land als Teil der Nationalen Naturlandschaften Brandenburgs.\" \/>\n<meta property=\"og:url\" content=\"https:\/\/www.naturparkmagazin.de\/vdn\/aufgetischt-naturparke-auf-der-gruenen-woche\/\" \/>\n<meta property=\"og:site_name\" content=\"Verband Deutscher Naturparke\" \/>\n<meta property=\"article:published_time\" content=\"2015-01-18T06:22:51+00:00\" \/>\n<meta property=\"article:modified_time\" content=\"2015-01-27T14:28:19+00:00\" \/>\n<meta property=\"og:image\" content=\"https:\/\/www.naturparkmagazin.de\/vdn\/wp-content\/uploads\/sites\/3\/Fasan-G.-Blum_DSC_7373vdn_beitragsbild.jpg\" \/>\n\t<meta property=\"og:image:width\" content=\"180\" \/>\n\t<meta property=\"og:image:height\" content=\"135\" \/>\n\t<meta property=\"og:image:type\" content=\"image\/jpeg\" \/>\n<meta name=\"author\" content=\"vdnnational\" \/>\n<meta name=\"twitter:label1\" content=\"Verfasst von\" \/>\n\t<meta name=\"twitter:data1\" content=\"vdnnational\" \/>\n\t<meta name=\"twitter:label2\" content=\"Gesch\u00e4tzte Lesezeit\" \/>\n\t<meta name=\"twitter:data2\" content=\"1\u00a0Minute\" \/>\n<script type=\"application\/ld+json\" class=\"yoast-schema-graph\">{\"@context\":\"https:\/\/schema.org\",\"@graph\":[{\"@type\":\"WebPage\",\"@id\":\"https:\/\/www.naturparkmagazin.de\/vdn\/aufgetischt-naturparke-auf-der-gruenen-woche\/\",\"url\":\"https:\/\/www.naturparkmagazin.de\/vdn\/aufgetischt-naturparke-auf-der-gruenen-woche\/\",\"name\":\"\u201eAufgetischt\u201c - Naturparke auf der Gr\u00fcnen Woche\",\"isPartOf\":{\"@id\":\"https:\/\/www.naturparkmagazin.de\/vdn\/#website\"},\"datePublished\":\"2015-01-18T06:22:51+00:00\",\"dateModified\":\"2015-01-27T14:28:19+00:00\",\"author\":{\"@id\":\"https:\/\/www.naturparkmagazin.de\/vdn\/#\/schema\/person\/e28d931df83318a48d52ae72b08d2bfb\"},\"description\":\"Auf der Internationalen Gr\u00fcne Woche Berlin 2015 pr\u00e4sentierten sich die Naturparke Westhavelland und Stechlin-Ruppiner Land als Teil der Nationalen Naturlandschaften Brandenburgs.\",\"breadcrumb\":{\"@id\":\"https:\/\/www.naturparkmagazin.de\/vdn\/aufgetischt-naturparke-auf-der-gruenen-woche\/#breadcrumb\"},\"inLanguage\":\"de\",\"potentialAction\":[{\"@type\":\"ReadAction\",\"target\":[\"https:\/\/www.naturparkmagazin.de\/vdn\/aufgetischt-naturparke-auf-der-gruenen-woche\/\"]}]},{\"@type\":\"BreadcrumbList\",\"@id\":\"https:\/\/www.naturparkmagazin.de\/vdn\/aufgetischt-naturparke-auf-der-gruenen-woche\/#breadcrumb\",\"itemListElement\":[{\"@type\":\"ListItem\",\"position\":1,\"name\":\"Home\",\"item\":\"https:\/\/www.naturparkmagazin.de\/vdn\/\"},{\"@type\":\"ListItem\",\"position\":2,\"name\":\"\u201eAufgetischt\u201c &#8211; Naturparke auf der Gr\u00fcnen Woche\"}]},{\"@type\":\"WebSite\",\"@id\":\"https:\/\/www.naturparkmagazin.de\/vdn\/#website\",\"url\":\"https:\/\/www.naturparkmagazin.de\/vdn\/\",\"name\":\"Verband Deutscher Naturparke\",\"description\":\"Eine weitere Naturparkmagazin.de Netzwerk Seite\",\"potentialAction\":[{\"@type\":\"SearchAction\",\"target\":{\"@type\":\"EntryPoint\",\"urlTemplate\":\"https:\/\/www.naturparkmagazin.de\/vdn\/?s={search_term_string}\"},\"query-input\":\"required name=search_term_string\"}],\"inLanguage\":\"de\"},{\"@type\":\"Person\",\"@id\":\"https:\/\/www.naturparkmagazin.de\/vdn\/#\/schema\/person\/e28d931df83318a48d52ae72b08d2bfb\",\"name\":\"vdnnational\",\"url\":\"https:\/\/www.naturparkmagazin.de\/vdn\/author\/vdnnational\/\"}]}<\/script>\n<!-- \/ Yoast SEO plugin. -->","yoast_head_json":{"title":"\u201eAufgetischt\u201c - Naturparke auf der Gr\u00fcnen Woche","description":"Auf der Internationalen Gr\u00fcne Woche Berlin 2015 pr\u00e4sentierten sich die Naturparke Westhavelland und Stechlin-Ruppiner Land als Teil der Nationalen Naturlandschaften Brandenburgs.","robots":{"index":"index","follow":"follow","max-snippet":"max-snippet:-1","max-image-preview":"max-image-preview:large","max-video-preview":"max-video-preview:-1"},"canonical":"https:\/\/www.naturparkmagazin.de\/vdn\/aufgetischt-naturparke-auf-der-gruenen-woche\/","og_locale":"de_DE","og_type":"article","og_title":"\u201eAufgetischt\u201c - Naturparke auf der Gr\u00fcnen Woche","og_description":"Auf der Internationalen Gr\u00fcne Woche Berlin 2015 pr\u00e4sentierten sich die Naturparke Westhavelland und Stechlin-Ruppiner Land als Teil der Nationalen Naturlandschaften Brandenburgs.","og_url":"https:\/\/www.naturparkmagazin.de\/vdn\/aufgetischt-naturparke-auf-der-gruenen-woche\/","og_site_name":"Verband Deutscher Naturparke","article_published_time":"2015-01-18T06:22:51+00:00","article_modified_time":"2015-01-27T14:28:19+00:00","og_image":[{"width":180,"height":135,"url":"https:\/\/www.naturparkmagazin.de\/vdn\/wp-content\/uploads\/sites\/3\/Fasan-G.-Blum_DSC_7373vdn_beitragsbild.jpg","type":"image\/jpeg"}],"author":"vdnnational","twitter_misc":{"Verfasst von":"vdnnational","Gesch\u00e4tzte Lesezeit":"1\u00a0Minute"},"schema":{"@context":"https:\/\/schema.org","@graph":[{"@type":"WebPage","@id":"https:\/\/www.naturparkmagazin.de\/vdn\/aufgetischt-naturparke-auf-der-gruenen-woche\/","url":"https:\/\/www.naturparkmagazin.de\/vdn\/aufgetischt-naturparke-auf-der-gruenen-woche\/","name":"\u201eAufgetischt\u201c - Naturparke auf der Gr\u00fcnen Woche","isPartOf":{"@id":"https:\/\/www.naturparkmagazin.de\/vdn\/#website"},"datePublished":"2015-01-18T06:22:51+00:00","dateModified":"2015-01-27T14:28:19+00:00","author":{"@id":"https:\/\/www.naturparkmagazin.de\/vdn\/#\/schema\/person\/e28d931df83318a48d52ae72b08d2bfb"},"description":"Auf der Internationalen Gr\u00fcne Woche Berlin 2015 pr\u00e4sentierten sich die Naturparke Westhavelland und Stechlin-Ruppiner Land als Teil der Nationalen Naturlandschaften Brandenburgs.","breadcrumb":{"@id":"https:\/\/www.naturparkmagazin.de\/vdn\/aufgetischt-naturparke-auf-der-gruenen-woche\/#breadcrumb"},"inLanguage":"de","potentialAction":[{"@type":"ReadAction","target":["https:\/\/www.naturparkmagazin.de\/vdn\/aufgetischt-naturparke-auf-der-gruenen-woche\/"]}]},{"@type":"BreadcrumbList","@id":"https:\/\/www.naturparkmagazin.de\/vdn\/aufgetischt-naturparke-auf-der-gruenen-woche\/#breadcrumb","itemListElement":[{"@type":"ListItem","position":1,"name":"Home","item":"https:\/\/www.naturparkmagazin.de\/vdn\/"},{"@type":"ListItem","position":2,"name":"\u201eAufgetischt\u201c &#8211; Naturparke auf der Gr\u00fcnen Woche"}]},{"@type":"WebSite","@id":"https:\/\/www.naturparkmagazin.de\/vdn\/#website","url":"https:\/\/www.naturparkmagazin.de\/vdn\/","name":"Verband Deutscher Naturparke","description":"Eine weitere Naturparkmagazin.de Netzwerk Seite","potentialAction":[{"@type":"SearchAction","target":{"@type":"EntryPoint","urlTemplate":"https:\/\/www.naturparkmagazin.de\/vdn\/?s={search_term_string}"},"query-input":"required name=search_term_string"}],"inLanguage":"de"},{"@type":"Person","@id":"https:\/\/www.naturparkmagazin.de\/vdn\/#\/schema\/person\/e28d931df83318a48d52ae72b08d2bfb","name":"vdnnational","url":"https:\/\/www.naturparkmagazin.de\/vdn\/author\/vdnnational\/"}]}},"_links":{"self":[{"href":"https:\/\/www.naturparkmagazin.de\/vdn\/wp-json\/wp\/v2\/posts\/4920"}],"collection":[{"href":"https:\/\/www.naturparkmagazin.de\/vdn\/wp-json\/wp\/v2\/posts"}],"about":[{"href":"https:\/\/www.naturparkmagazin.de\/vdn\/wp-json\/wp\/v2\/types\/post"}],"author":[{"embeddable":true,"href":"https:\/\/www.naturparkmagazin.de\/vdn\/wp-json\/wp\/v2\/users\/14"}],"replies":[{"embeddable":true,"href":"https:\/\/www.naturparkmagazin.de\/vdn\/wp-json\/wp\/v2\/comments?post=4920"}],"version-history":[{"count":5,"href":"https:\/\/www.naturparkmagazin.de\/vdn\/wp-json\/wp\/v2\/posts\/4920\/revisions"}],"predecessor-version":[{"id":4992,"href":"https:\/\/www.naturparkmagazin.de\/vdn\/wp-json\/wp\/v2\/posts\/4920\/revisions\/4992"}],"wp:featuredmedia":[{"embeddable":true,"href":"https:\/\/www.naturparkmagazin.de\/vdn\/wp-json\/wp\/v2\/media\/4922"}],"wp:attachment":[{"href":"https:\/\/www.naturparkmagazin.de\/vdn\/wp-json\/wp\/v2\/media?parent=4920"}],"wp:term":[{"taxonomy":"category","embeddable":true,"href":"https:\/\/www.naturparkmagazin.de\/vdn\/wp-json\/wp\/v2\/categories?post=4920"},{"taxonomy":"post_tag","embeddable":true,"href":"https:\/\/www.naturparkmagazin.de\/vdn\/wp-json\/wp\/v2\/tags?post=4920"}],"curies":[{"name":"wp","href":"https:\/\/api.w.org\/{rel}","templated":true}]}}