{"id":4926,"date":"2015-01-18T07:40:46","date_gmt":"2015-01-18T06:40:46","guid":{"rendered":"http:\/\/www.naturparkmagazin.de\/vdn\/?p=4926"},"modified":"2015-01-28T17:30:58","modified_gmt":"2015-01-28T16:30:58","slug":"neue-raeume-vdn-zieht-um","status":"publish","type":"post","link":"https:\/\/www.naturparkmagazin.de\/vdn\/neue-raeume-vdn-zieht-um\/","title":{"rendered":"\u201eNeue R\u00e4ume\u201c &#8211; VDN zieht um"},"content":{"rendered":"<div id=\"attachment_4960\" style=\"width: 510px\" class=\"wp-caption aligncenter\"><a href=\"https:\/\/www.naturparkmagazin.de\/vdn\/wp-content\/uploads\/sites\/3\/Fotolia_61158109_S_Trueffelpix-Fotolia_beitrag.jpg\"><img aria-describedby=\"caption-attachment-4960\" decoding=\"async\" loading=\"lazy\" class=\"size-full wp-image-4960 \" title=\"Copyright: Trueffelpix - Fotolia.com\" alt=\"Copyright: Trueffelpix - Fotolia.com\" src=\"https:\/\/www.naturparkmagazin.de\/vdn\/wp-content\/uploads\/sites\/3\/Fotolia_61158109_S_Trueffelpix-Fotolia_beitrag.jpg\" width=\"500\" height=\"300\" srcset=\"https:\/\/www.naturparkmagazin.de\/vdn\/wp-content\/uploads\/sites\/3\/Fotolia_61158109_S_Trueffelpix-Fotolia_beitrag.jpg 500w, https:\/\/www.naturparkmagazin.de\/vdn\/wp-content\/uploads\/sites\/3\/Fotolia_61158109_S_Trueffelpix-Fotolia_beitrag-300x180.jpg 300w, https:\/\/www.naturparkmagazin.de\/vdn\/wp-content\/uploads\/sites\/3\/Fotolia_61158109_S_Trueffelpix-Fotolia_beitrag-200x120.jpg 200w\" sizes=\"(max-width: 500px) 100vw, 500px\" \/><\/a><p id=\"caption-attachment-4960\" class=\"wp-caption-text\">Copyright: Trueffelpix &#8211; Fotolia.com<\/p><\/div>\n<p>Zum 1. Februar 2015 wird die Gesch\u00e4ftsstelle des Verbandes Deutscher Naturparke e. V. (VDN) in neue R\u00e4umlichkeiten umziehen. Aus den R\u00e4umen des ehemaligen Bundesratsgeb\u00e4udes, die 2015 nicht mehr zur Verf\u00fcgung stehen, geht es nur einen Steinwurf entfernt in die neue, helle B\u00fcroeinheit in der Holbeinstra\u00dfe. Die neue Gesch\u00e4ftsstelle liegt \u00a0im Regierungsviertel und in Nachbarschaft des Tagungszentrums \u201eGustav-Stresemann-Institut\u201c und ist bestens mit \u00f6ffentlichen Verkehrsmitteln zu erreichen.<\/p>\n<p>&nbsp;<\/p>\n<p><strong><em>Die neue Adresse lautet:<\/em><\/strong><\/p>\n<p><em>Verband Deutscher Naturparke e.V.<\/em>\n<em> Holbeinstra\u00dfe 12<\/em>\n<em> 53175 Bonn<\/em>\n<em> Tel.: 0228-9212860<\/em>\n<em>Fax: 0228-9212869<\/em>\n<em><a href=\"http:\/\/www.naturparkfotos.de\">info@naturparke.de\nwww.naturparke.de\nwww.naturparkfotos.de<\/a><\/em><\/p>\n","protected":false},"excerpt":{"rendered":"<p>Zum 1. Februar 2015 wird die Gesch\u00e4ftsstelle des Verbandes Deutscher Naturparke e. V. (VDN) in neue R\u00e4umlichkeiten umziehen.<\/p>\n","protected":false},"author":14,"featured_media":4961,"comment_status":"open","ping_status":"open","sticky":false,"template":"","format":"standard","meta":{"_links_to":"","_links_to_target":""},"categories":[7],"tags":[],"yoast_head":"<!-- This site is optimized with the Yoast SEO plugin v19.10 - https:\/\/yoast.com\/wordpress\/plugins\/seo\/ -->\n<title>\u201eNeue R\u00e4ume\u201c - VDN zieht um<\/title>\n<meta name=\"description\" content=\"Zum 1. Februar 2015 wird die Gesch\u00e4ftsstelle des Verbandes Deutscher Naturparke e. V. (VDN) in neue R\u00e4umlichkeiten umziehen.\" \/>\n<meta name=\"robots\" content=\"index, follow, max-snippet:-1, max-image-preview:large, max-video-preview:-1\" \/>\n<link rel=\"canonical\" href=\"https:\/\/www.naturparkmagazin.de\/vdn\/neue-raeume-vdn-zieht-um\/\" \/>\n<meta property=\"og:locale\" content=\"de_DE\" \/>\n<meta property=\"og:type\" content=\"article\" \/>\n<meta property=\"og:title\" content=\"\u201eNeue R\u00e4ume\u201c - VDN zieht um\" \/>\n<meta property=\"og:description\" content=\"Zum 1. Februar 2015 wird die Gesch\u00e4ftsstelle des Verbandes Deutscher Naturparke e. V. (VDN) in neue R\u00e4umlichkeiten umziehen.\" \/>\n<meta property=\"og:url\" content=\"https:\/\/www.naturparkmagazin.de\/vdn\/neue-raeume-vdn-zieht-um\/\" \/>\n<meta property=\"og:site_name\" content=\"Verband Deutscher Naturparke\" \/>\n<meta property=\"article:published_time\" content=\"2015-01-18T06:40:46+00:00\" \/>\n<meta property=\"article:modified_time\" content=\"2015-01-28T16:30:58+00:00\" \/>\n<meta property=\"og:image\" content=\"https:\/\/www.naturparkmagazin.de\/vdn\/wp-content\/uploads\/sites\/3\/Fotolia_61158109_S_Trueffelpix-Fotolia_beitragsbild.jpg\" \/>\n\t<meta property=\"og:image:width\" content=\"180\" \/>\n\t<meta property=\"og:image:height\" content=\"135\" \/>\n\t<meta property=\"og:image:type\" content=\"image\/jpeg\" \/>\n<meta name=\"author\" content=\"vdnnational\" \/>\n<meta name=\"twitter:label1\" content=\"Verfasst von\" \/>\n\t<meta name=\"twitter:data1\" content=\"vdnnational\" \/>\n\t<meta name=\"twitter:label2\" content=\"Gesch\u00e4tzte Lesezeit\" \/>\n\t<meta name=\"twitter:data2\" content=\"1\u00a0Minute\" \/>\n<script type=\"application\/ld+json\" class=\"yoast-schema-graph\">{\"@context\":\"https:\/\/schema.org\",\"@graph\":[{\"@type\":\"WebPage\",\"@id\":\"https:\/\/www.naturparkmagazin.de\/vdn\/neue-raeume-vdn-zieht-um\/\",\"url\":\"https:\/\/www.naturparkmagazin.de\/vdn\/neue-raeume-vdn-zieht-um\/\",\"name\":\"\u201eNeue R\u00e4ume\u201c - VDN zieht um\",\"isPartOf\":{\"@id\":\"https:\/\/www.naturparkmagazin.de\/vdn\/#website\"},\"datePublished\":\"2015-01-18T06:40:46+00:00\",\"dateModified\":\"2015-01-28T16:30:58+00:00\",\"author\":{\"@id\":\"https:\/\/www.naturparkmagazin.de\/vdn\/#\/schema\/person\/e28d931df83318a48d52ae72b08d2bfb\"},\"description\":\"Zum 1. Februar 2015 wird die Gesch\u00e4ftsstelle des Verbandes Deutscher Naturparke e. V. (VDN) in neue R\u00e4umlichkeiten umziehen.\",\"breadcrumb\":{\"@id\":\"https:\/\/www.naturparkmagazin.de\/vdn\/neue-raeume-vdn-zieht-um\/#breadcrumb\"},\"inLanguage\":\"de\",\"potentialAction\":[{\"@type\":\"ReadAction\",\"target\":[\"https:\/\/www.naturparkmagazin.de\/vdn\/neue-raeume-vdn-zieht-um\/\"]}]},{\"@type\":\"BreadcrumbList\",\"@id\":\"https:\/\/www.naturparkmagazin.de\/vdn\/neue-raeume-vdn-zieht-um\/#breadcrumb\",\"itemListElement\":[{\"@type\":\"ListItem\",\"position\":1,\"name\":\"Home\",\"item\":\"https:\/\/www.naturparkmagazin.de\/vdn\/\"},{\"@type\":\"ListItem\",\"position\":2,\"name\":\"\u201eNeue R\u00e4ume\u201c &#8211; VDN zieht um\"}]},{\"@type\":\"WebSite\",\"@id\":\"https:\/\/www.naturparkmagazin.de\/vdn\/#website\",\"url\":\"https:\/\/www.naturparkmagazin.de\/vdn\/\",\"name\":\"Verband Deutscher Naturparke\",\"description\":\"Eine weitere Naturparkmagazin.de Netzwerk Seite\",\"potentialAction\":[{\"@type\":\"SearchAction\",\"target\":{\"@type\":\"EntryPoint\",\"urlTemplate\":\"https:\/\/www.naturparkmagazin.de\/vdn\/?s={search_term_string}\"},\"query-input\":\"required name=search_term_string\"}],\"inLanguage\":\"de\"},{\"@type\":\"Person\",\"@id\":\"https:\/\/www.naturparkmagazin.de\/vdn\/#\/schema\/person\/e28d931df83318a48d52ae72b08d2bfb\",\"name\":\"vdnnational\",\"url\":\"https:\/\/www.naturparkmagazin.de\/vdn\/author\/vdnnational\/\"}]}<\/script>\n<!-- \/ Yoast SEO plugin. -->","yoast_head_json":{"title":"\u201eNeue R\u00e4ume\u201c - VDN zieht um","description":"Zum 1. Februar 2015 wird die Gesch\u00e4ftsstelle des Verbandes Deutscher Naturparke e. V. (VDN) in neue R\u00e4umlichkeiten umziehen.","robots":{"index":"index","follow":"follow","max-snippet":"max-snippet:-1","max-image-preview":"max-image-preview:large","max-video-preview":"max-video-preview:-1"},"canonical":"https:\/\/www.naturparkmagazin.de\/vdn\/neue-raeume-vdn-zieht-um\/","og_locale":"de_DE","og_type":"article","og_title":"\u201eNeue R\u00e4ume\u201c - VDN zieht um","og_description":"Zum 1. Februar 2015 wird die Gesch\u00e4ftsstelle des Verbandes Deutscher Naturparke e. V. (VDN) in neue R\u00e4umlichkeiten umziehen.","og_url":"https:\/\/www.naturparkmagazin.de\/vdn\/neue-raeume-vdn-zieht-um\/","og_site_name":"Verband Deutscher Naturparke","article_published_time":"2015-01-18T06:40:46+00:00","article_modified_time":"2015-01-28T16:30:58+00:00","og_image":[{"width":180,"height":135,"url":"https:\/\/www.naturparkmagazin.de\/vdn\/wp-content\/uploads\/sites\/3\/Fotolia_61158109_S_Trueffelpix-Fotolia_beitragsbild.jpg","type":"image\/jpeg"}],"author":"vdnnational","twitter_misc":{"Verfasst von":"vdnnational","Gesch\u00e4tzte Lesezeit":"1\u00a0Minute"},"schema":{"@context":"https:\/\/schema.org","@graph":[{"@type":"WebPage","@id":"https:\/\/www.naturparkmagazin.de\/vdn\/neue-raeume-vdn-zieht-um\/","url":"https:\/\/www.naturparkmagazin.de\/vdn\/neue-raeume-vdn-zieht-um\/","name":"\u201eNeue R\u00e4ume\u201c - VDN zieht um","isPartOf":{"@id":"https:\/\/www.naturparkmagazin.de\/vdn\/#website"},"datePublished":"2015-01-18T06:40:46+00:00","dateModified":"2015-01-28T16:30:58+00:00","author":{"@id":"https:\/\/www.naturparkmagazin.de\/vdn\/#\/schema\/person\/e28d931df83318a48d52ae72b08d2bfb"},"description":"Zum 1. Februar 2015 wird die Gesch\u00e4ftsstelle des Verbandes Deutscher Naturparke e. V. (VDN) in neue R\u00e4umlichkeiten umziehen.","breadcrumb":{"@id":"https:\/\/www.naturparkmagazin.de\/vdn\/neue-raeume-vdn-zieht-um\/#breadcrumb"},"inLanguage":"de","potentialAction":[{"@type":"ReadAction","target":["https:\/\/www.naturparkmagazin.de\/vdn\/neue-raeume-vdn-zieht-um\/"]}]},{"@type":"BreadcrumbList","@id":"https:\/\/www.naturparkmagazin.de\/vdn\/neue-raeume-vdn-zieht-um\/#breadcrumb","itemListElement":[{"@type":"ListItem","position":1,"name":"Home","item":"https:\/\/www.naturparkmagazin.de\/vdn\/"},{"@type":"ListItem","position":2,"name":"\u201eNeue R\u00e4ume\u201c &#8211; VDN zieht um"}]},{"@type":"WebSite","@id":"https:\/\/www.naturparkmagazin.de\/vdn\/#website","url":"https:\/\/www.naturparkmagazin.de\/vdn\/","name":"Verband Deutscher Naturparke","description":"Eine weitere Naturparkmagazin.de Netzwerk Seite","potentialAction":[{"@type":"SearchAction","target":{"@type":"EntryPoint","urlTemplate":"https:\/\/www.naturparkmagazin.de\/vdn\/?s={search_term_string}"},"query-input":"required name=search_term_string"}],"inLanguage":"de"},{"@type":"Person","@id":"https:\/\/www.naturparkmagazin.de\/vdn\/#\/schema\/person\/e28d931df83318a48d52ae72b08d2bfb","name":"vdnnational","url":"https:\/\/www.naturparkmagazin.de\/vdn\/author\/vdnnational\/"}]}},"_links":{"self":[{"href":"https:\/\/www.naturparkmagazin.de\/vdn\/wp-json\/wp\/v2\/posts\/4926"}],"collection":[{"href":"https:\/\/www.naturparkmagazin.de\/vdn\/wp-json\/wp\/v2\/posts"}],"about":[{"href":"https:\/\/www.naturparkmagazin.de\/vdn\/wp-json\/wp\/v2\/types\/post"}],"author":[{"embeddable":true,"href":"https:\/\/www.naturparkmagazin.de\/vdn\/wp-json\/wp\/v2\/users\/14"}],"replies":[{"embeddable":true,"href":"https:\/\/www.naturparkmagazin.de\/vdn\/wp-json\/wp\/v2\/comments?post=4926"}],"version-history":[{"count":7,"href":"https:\/\/www.naturparkmagazin.de\/vdn\/wp-json\/wp\/v2\/posts\/4926\/revisions"}],"predecessor-version":[{"id":4972,"href":"https:\/\/www.naturparkmagazin.de\/vdn\/wp-json\/wp\/v2\/posts\/4926\/revisions\/4972"}],"wp:featuredmedia":[{"embeddable":true,"href":"https:\/\/www.naturparkmagazin.de\/vdn\/wp-json\/wp\/v2\/media\/4961"}],"wp:attachment":[{"href":"https:\/\/www.naturparkmagazin.de\/vdn\/wp-json\/wp\/v2\/media?parent=4926"}],"wp:term":[{"taxonomy":"category","embeddable":true,"href":"https:\/\/www.naturparkmagazin.de\/vdn\/wp-json\/wp\/v2\/categories?post=4926"},{"taxonomy":"post_tag","embeddable":true,"href":"https:\/\/www.naturparkmagazin.de\/vdn\/wp-json\/wp\/v2\/tags?post=4926"}],"curies":[{"name":"wp","href":"https:\/\/api.w.org\/{rel}","templated":true}]}}