{"id":5016,"date":"2015-02-18T08:16:27","date_gmt":"2015-02-18T07:16:27","guid":{"rendered":"http:\/\/www.naturparkmagazin.de\/vdn\/?p=5016"},"modified":"2015-02-18T14:13:15","modified_gmt":"2015-02-18T13:13:15","slug":"christel-wemheuer","status":"publish","type":"post","link":"https:\/\/www.naturparkmagazin.de\/vdn\/christel-wemheuer\/","title":{"rendered":"Christel Wemheuer"},"content":{"rendered":"<div id=\"attachment_5020\" style=\"width: 510px\" class=\"wp-caption aligncenter\"><a href=\"https:\/\/www.naturparkmagazin.de\/vdn\/wp-content\/uploads\/sites\/3\/2011-07-Foto-Ch.-Wemheuer_beitrag.jpg\"><img aria-describedby=\"caption-attachment-5020\" decoding=\"async\" loading=\"lazy\" class=\"size-full wp-image-5020\" title=\"Copyright: Christel Wemheuer\" alt=\"Copyright: Christel Wemheuer\" src=\"https:\/\/www.naturparkmagazin.de\/vdn\/wp-content\/uploads\/sites\/3\/2011-07-Foto-Ch.-Wemheuer_beitrag.jpg\" width=\"500\" height=\"500\" srcset=\"https:\/\/www.naturparkmagazin.de\/vdn\/wp-content\/uploads\/sites\/3\/2011-07-Foto-Ch.-Wemheuer_beitrag.jpg 500w, https:\/\/www.naturparkmagazin.de\/vdn\/wp-content\/uploads\/sites\/3\/2011-07-Foto-Ch.-Wemheuer_beitrag-300x300.jpg 300w, https:\/\/www.naturparkmagazin.de\/vdn\/wp-content\/uploads\/sites\/3\/2011-07-Foto-Ch.-Wemheuer_beitrag-200x200.jpg 200w, https:\/\/www.naturparkmagazin.de\/vdn\/wp-content\/uploads\/sites\/3\/2011-07-Foto-Ch.-Wemheuer_beitrag-30x30.jpg 30w\" sizes=\"(max-width: 500px) 100vw, 500px\" \/><\/a><p id=\"caption-attachment-5020\" class=\"wp-caption-text\">Copyright: Christel Wemheuer<\/p><\/div>\n<p style=\"text-align: left\">ist Naturpark-Botschafterin des Naturparks M\u00fcnden. Was die Kreisr\u00e4tin des Landkreises G\u00f6ttingen und Vorsitzende des Naturparks M\u00fcnden an ihrem Naturpark so liebt, verr\u00e4t sie uns gerne:<\/p>\n<p>\u201eIch mag den Naturpark M\u00fcnden, weil dort M\u00e4rchen und Magie zwischen Buchen und B\u00e4chen pl\u00f6tzlich lebendig werden.\u201c<\/p>\n<div id=\"attachment_5017\" style=\"width: 510px\" class=\"wp-caption aligncenter\"><a href=\"https:\/\/www.naturparkmagazin.de\/vdn\/wp-content\/uploads\/sites\/3\/KlosterBursfeldeanderWesercoSibylleSusat_beitrag.jpg\"><img aria-describedby=\"caption-attachment-5017\" decoding=\"async\" loading=\"lazy\" class=\"size-full wp-image-5017\" title=\"Kloster Bursfelde an der Weser - Copyright: Sibylle Susat\" alt=\"Kloster Bursfelde an der Weser - Copyright: Sibylle Susat\" src=\"https:\/\/www.naturparkmagazin.de\/vdn\/wp-content\/uploads\/sites\/3\/KlosterBursfeldeanderWesercoSibylleSusat_beitrag.jpg\" width=\"500\" height=\"300\" srcset=\"https:\/\/www.naturparkmagazin.de\/vdn\/wp-content\/uploads\/sites\/3\/KlosterBursfeldeanderWesercoSibylleSusat_beitrag.jpg 500w, https:\/\/www.naturparkmagazin.de\/vdn\/wp-content\/uploads\/sites\/3\/KlosterBursfeldeanderWesercoSibylleSusat_beitrag-300x180.jpg 300w, https:\/\/www.naturparkmagazin.de\/vdn\/wp-content\/uploads\/sites\/3\/KlosterBursfeldeanderWesercoSibylleSusat_beitrag-200x120.jpg 200w\" sizes=\"(max-width: 500px) 100vw, 500px\" \/><\/a><p id=\"caption-attachment-5017\" class=\"wp-caption-text\">Kloster Bursfelde an der Weser &#8211; Copyright: Sibylle Susat<\/p><\/div>\n<p style=\"text-align: left\">\u201eMein Lieblingsort im Naturpark M\u00fcnden ist Bursfelde; das romanische Kloster ruht seit bald 1000 Jahren zwischen Weser und Nieme an einem magischen Ort, wo ich auf Trampelpfaden zwischen Eisv\u00f6geln, Wasseramseln und weidenden Pferden die Seele baumeln lasse &#8211; Naturschutz mit allen Sinnen genie\u00dfen!\u201c<\/p>\n<p style=\"text-align: left\">\n","protected":false},"excerpt":{"rendered":"<p>ist Naturpark-Botschafterin des Naturparks M\u00fcnden. Was die Kreisr\u00e4tin des Landkreises G\u00f6ttingen und Vorsitzende des Naturparks M\u00fcnden an ihrem Naturpark so liebt, verr\u00e4t sie uns gerne.<\/p>\n","protected":false},"author":14,"featured_media":5021,"comment_status":"open","ping_status":"open","sticky":false,"template":"","format":"standard","meta":{"_links_to":"","_links_to_target":""},"categories":[8],"tags":[],"yoast_head":"<!-- This site is optimized with the Yoast SEO plugin v19.10 - https:\/\/yoast.com\/wordpress\/plugins\/seo\/ -->\n<title>Christel Wemheuer<\/title>\n<meta name=\"description\" content=\"ist Naturpark-Botschafterin des Naturparks M\u00fcnden. Was die Kreisr\u00e4tin des Landkreises G\u00f6ttingen und Vorsitzende des Naturparks M\u00fcnden an ihrem Naturpark so liebt, verr\u00e4t sie uns gerne.\" \/>\n<meta name=\"robots\" content=\"index, follow, max-snippet:-1, max-image-preview:large, max-video-preview:-1\" \/>\n<link rel=\"canonical\" href=\"https:\/\/www.naturparkmagazin.de\/vdn\/christel-wemheuer\/\" \/>\n<meta property=\"og:locale\" content=\"de_DE\" \/>\n<meta property=\"og:type\" content=\"article\" \/>\n<meta property=\"og:title\" content=\"Christel Wemheuer\" \/>\n<meta property=\"og:description\" content=\"ist Naturpark-Botschafterin des Naturparks M\u00fcnden. Was die Kreisr\u00e4tin des Landkreises G\u00f6ttingen und Vorsitzende des Naturparks M\u00fcnden an ihrem Naturpark so liebt, verr\u00e4t sie uns gerne.\" \/>\n<meta property=\"og:url\" content=\"https:\/\/www.naturparkmagazin.de\/vdn\/christel-wemheuer\/\" \/>\n<meta property=\"og:site_name\" content=\"Verband Deutscher Naturparke\" \/>\n<meta property=\"article:published_time\" content=\"2015-02-18T07:16:27+00:00\" \/>\n<meta property=\"article:modified_time\" content=\"2015-02-18T13:13:15+00:00\" \/>\n<meta property=\"og:image\" content=\"https:\/\/www.naturparkmagazin.de\/vdn\/wp-content\/uploads\/sites\/3\/2011-07-Foto-Ch.-Wemheuer_beitragsbild.jpg\" \/>\n\t<meta property=\"og:image:width\" content=\"180\" \/>\n\t<meta property=\"og:image:height\" content=\"135\" \/>\n\t<meta property=\"og:image:type\" content=\"image\/jpeg\" \/>\n<meta name=\"author\" content=\"vdnnational\" \/>\n<meta name=\"twitter:label1\" content=\"Verfasst von\" \/>\n\t<meta name=\"twitter:data1\" content=\"vdnnational\" \/>\n\t<meta name=\"twitter:label2\" content=\"Gesch\u00e4tzte Lesezeit\" \/>\n\t<meta name=\"twitter:data2\" content=\"1\u00a0Minute\" \/>\n<script type=\"application\/ld+json\" class=\"yoast-schema-graph\">{\"@context\":\"https:\/\/schema.org\",\"@graph\":[{\"@type\":\"WebPage\",\"@id\":\"https:\/\/www.naturparkmagazin.de\/vdn\/christel-wemheuer\/\",\"url\":\"https:\/\/www.naturparkmagazin.de\/vdn\/christel-wemheuer\/\",\"name\":\"Christel Wemheuer\",\"isPartOf\":{\"@id\":\"https:\/\/www.naturparkmagazin.de\/vdn\/#website\"},\"datePublished\":\"2015-02-18T07:16:27+00:00\",\"dateModified\":\"2015-02-18T13:13:15+00:00\",\"author\":{\"@id\":\"https:\/\/www.naturparkmagazin.de\/vdn\/#\/schema\/person\/e28d931df83318a48d52ae72b08d2bfb\"},\"description\":\"ist Naturpark-Botschafterin des Naturparks M\u00fcnden. Was die Kreisr\u00e4tin des Landkreises G\u00f6ttingen und Vorsitzende des Naturparks M\u00fcnden an ihrem Naturpark so liebt, verr\u00e4t sie uns gerne.\",\"breadcrumb\":{\"@id\":\"https:\/\/www.naturparkmagazin.de\/vdn\/christel-wemheuer\/#breadcrumb\"},\"inLanguage\":\"de\",\"potentialAction\":[{\"@type\":\"ReadAction\",\"target\":[\"https:\/\/www.naturparkmagazin.de\/vdn\/christel-wemheuer\/\"]}]},{\"@type\":\"BreadcrumbList\",\"@id\":\"https:\/\/www.naturparkmagazin.de\/vdn\/christel-wemheuer\/#breadcrumb\",\"itemListElement\":[{\"@type\":\"ListItem\",\"position\":1,\"name\":\"Home\",\"item\":\"https:\/\/www.naturparkmagazin.de\/vdn\/\"},{\"@type\":\"ListItem\",\"position\":2,\"name\":\"Christel Wemheuer\"}]},{\"@type\":\"WebSite\",\"@id\":\"https:\/\/www.naturparkmagazin.de\/vdn\/#website\",\"url\":\"https:\/\/www.naturparkmagazin.de\/vdn\/\",\"name\":\"Verband Deutscher Naturparke\",\"description\":\"Eine weitere Naturparkmagazin.de Netzwerk Seite\",\"potentialAction\":[{\"@type\":\"SearchAction\",\"target\":{\"@type\":\"EntryPoint\",\"urlTemplate\":\"https:\/\/www.naturparkmagazin.de\/vdn\/?s={search_term_string}\"},\"query-input\":\"required name=search_term_string\"}],\"inLanguage\":\"de\"},{\"@type\":\"Person\",\"@id\":\"https:\/\/www.naturparkmagazin.de\/vdn\/#\/schema\/person\/e28d931df83318a48d52ae72b08d2bfb\",\"name\":\"vdnnational\",\"url\":\"https:\/\/www.naturparkmagazin.de\/vdn\/author\/vdnnational\/\"}]}<\/script>\n<!-- \/ Yoast SEO plugin. -->","yoast_head_json":{"title":"Christel Wemheuer","description":"ist Naturpark-Botschafterin des Naturparks M\u00fcnden. Was die Kreisr\u00e4tin des Landkreises G\u00f6ttingen und Vorsitzende des Naturparks M\u00fcnden an ihrem Naturpark so liebt, verr\u00e4t sie uns gerne.","robots":{"index":"index","follow":"follow","max-snippet":"max-snippet:-1","max-image-preview":"max-image-preview:large","max-video-preview":"max-video-preview:-1"},"canonical":"https:\/\/www.naturparkmagazin.de\/vdn\/christel-wemheuer\/","og_locale":"de_DE","og_type":"article","og_title":"Christel Wemheuer","og_description":"ist Naturpark-Botschafterin des Naturparks M\u00fcnden. Was die Kreisr\u00e4tin des Landkreises G\u00f6ttingen und Vorsitzende des Naturparks M\u00fcnden an ihrem Naturpark so liebt, verr\u00e4t sie uns gerne.","og_url":"https:\/\/www.naturparkmagazin.de\/vdn\/christel-wemheuer\/","og_site_name":"Verband Deutscher Naturparke","article_published_time":"2015-02-18T07:16:27+00:00","article_modified_time":"2015-02-18T13:13:15+00:00","og_image":[{"width":180,"height":135,"url":"https:\/\/www.naturparkmagazin.de\/vdn\/wp-content\/uploads\/sites\/3\/2011-07-Foto-Ch.-Wemheuer_beitragsbild.jpg","type":"image\/jpeg"}],"author":"vdnnational","twitter_misc":{"Verfasst von":"vdnnational","Gesch\u00e4tzte Lesezeit":"1\u00a0Minute"},"schema":{"@context":"https:\/\/schema.org","@graph":[{"@type":"WebPage","@id":"https:\/\/www.naturparkmagazin.de\/vdn\/christel-wemheuer\/","url":"https:\/\/www.naturparkmagazin.de\/vdn\/christel-wemheuer\/","name":"Christel Wemheuer","isPartOf":{"@id":"https:\/\/www.naturparkmagazin.de\/vdn\/#website"},"datePublished":"2015-02-18T07:16:27+00:00","dateModified":"2015-02-18T13:13:15+00:00","author":{"@id":"https:\/\/www.naturparkmagazin.de\/vdn\/#\/schema\/person\/e28d931df83318a48d52ae72b08d2bfb"},"description":"ist Naturpark-Botschafterin des Naturparks M\u00fcnden. Was die Kreisr\u00e4tin des Landkreises G\u00f6ttingen und Vorsitzende des Naturparks M\u00fcnden an ihrem Naturpark so liebt, verr\u00e4t sie uns gerne.","breadcrumb":{"@id":"https:\/\/www.naturparkmagazin.de\/vdn\/christel-wemheuer\/#breadcrumb"},"inLanguage":"de","potentialAction":[{"@type":"ReadAction","target":["https:\/\/www.naturparkmagazin.de\/vdn\/christel-wemheuer\/"]}]},{"@type":"BreadcrumbList","@id":"https:\/\/www.naturparkmagazin.de\/vdn\/christel-wemheuer\/#breadcrumb","itemListElement":[{"@type":"ListItem","position":1,"name":"Home","item":"https:\/\/www.naturparkmagazin.de\/vdn\/"},{"@type":"ListItem","position":2,"name":"Christel Wemheuer"}]},{"@type":"WebSite","@id":"https:\/\/www.naturparkmagazin.de\/vdn\/#website","url":"https:\/\/www.naturparkmagazin.de\/vdn\/","name":"Verband Deutscher Naturparke","description":"Eine weitere Naturparkmagazin.de Netzwerk Seite","potentialAction":[{"@type":"SearchAction","target":{"@type":"EntryPoint","urlTemplate":"https:\/\/www.naturparkmagazin.de\/vdn\/?s={search_term_string}"},"query-input":"required name=search_term_string"}],"inLanguage":"de"},{"@type":"Person","@id":"https:\/\/www.naturparkmagazin.de\/vdn\/#\/schema\/person\/e28d931df83318a48d52ae72b08d2bfb","name":"vdnnational","url":"https:\/\/www.naturparkmagazin.de\/vdn\/author\/vdnnational\/"}]}},"_links":{"self":[{"href":"https:\/\/www.naturparkmagazin.de\/vdn\/wp-json\/wp\/v2\/posts\/5016"}],"collection":[{"href":"https:\/\/www.naturparkmagazin.de\/vdn\/wp-json\/wp\/v2\/posts"}],"about":[{"href":"https:\/\/www.naturparkmagazin.de\/vdn\/wp-json\/wp\/v2\/types\/post"}],"author":[{"embeddable":true,"href":"https:\/\/www.naturparkmagazin.de\/vdn\/wp-json\/wp\/v2\/users\/14"}],"replies":[{"embeddable":true,"href":"https:\/\/www.naturparkmagazin.de\/vdn\/wp-json\/wp\/v2\/comments?post=5016"}],"version-history":[{"count":9,"href":"https:\/\/www.naturparkmagazin.de\/vdn\/wp-json\/wp\/v2\/posts\/5016\/revisions"}],"predecessor-version":[{"id":5132,"href":"https:\/\/www.naturparkmagazin.de\/vdn\/wp-json\/wp\/v2\/posts\/5016\/revisions\/5132"}],"wp:featuredmedia":[{"embeddable":true,"href":"https:\/\/www.naturparkmagazin.de\/vdn\/wp-json\/wp\/v2\/media\/5021"}],"wp:attachment":[{"href":"https:\/\/www.naturparkmagazin.de\/vdn\/wp-json\/wp\/v2\/media?parent=5016"}],"wp:term":[{"taxonomy":"category","embeddable":true,"href":"https:\/\/www.naturparkmagazin.de\/vdn\/wp-json\/wp\/v2\/categories?post=5016"},{"taxonomy":"post_tag","embeddable":true,"href":"https:\/\/www.naturparkmagazin.de\/vdn\/wp-json\/wp\/v2\/tags?post=5016"}],"curies":[{"name":"wp","href":"https:\/\/api.w.org\/{rel}","templated":true}]}}