{"id":5032,"date":"2015-02-18T08:38:00","date_gmt":"2015-02-18T07:38:00","guid":{"rendered":"http:\/\/www.naturparkmagazin.de\/vdn\/?p=5032"},"modified":"2015-02-23T13:09:27","modified_gmt":"2015-02-23T12:09:27","slug":"spannend-und-vielfaeltig-naturpark-muenden","status":"publish","type":"post","link":"https:\/\/www.naturparkmagazin.de\/vdn\/spannend-und-vielfaeltig-naturpark-muenden\/","title":{"rendered":"Spannend und vielf\u00e4ltig \u2013 Naturpark M\u00fcnden"},"content":{"rendered":"<div id=\"attachment_5034\" style=\"width: 510px\" class=\"wp-caption aligncenter\"><a href=\"https:\/\/www.naturparkmagazin.de\/vdn\/wp-content\/uploads\/sites\/3\/Fr\u00fchling-an-der-Werra-c-Sibylle-Susat_beitrag.jpg\"><img aria-describedby=\"caption-attachment-5034\" decoding=\"async\" loading=\"lazy\" class=\"size-full wp-image-5034\" title=\"Fr\u00fchling an der Werra - Copyright: Sibylle Susat\" alt=\"Fr\u00fchling an der Werra - Copyright: Sibylle Susat\" src=\"https:\/\/www.naturparkmagazin.de\/vdn\/wp-content\/uploads\/sites\/3\/Fr\u00fchling-an-der-Werra-c-Sibylle-Susat_beitrag.jpg\" width=\"500\" height=\"300\" srcset=\"https:\/\/www.naturparkmagazin.de\/vdn\/wp-content\/uploads\/sites\/3\/Fr\u00fchling-an-der-Werra-c-Sibylle-Susat_beitrag.jpg 500w, https:\/\/www.naturparkmagazin.de\/vdn\/wp-content\/uploads\/sites\/3\/Fr\u00fchling-an-der-Werra-c-Sibylle-Susat_beitrag-300x180.jpg 300w, https:\/\/www.naturparkmagazin.de\/vdn\/wp-content\/uploads\/sites\/3\/Fr\u00fchling-an-der-Werra-c-Sibylle-Susat_beitrag-200x120.jpg 200w\" sizes=\"(max-width: 500px) 100vw, 500px\" \/><\/a><p id=\"caption-attachment-5034\" class=\"wp-caption-text\">Fr\u00fchling an der Werra &#8211; Copyright: Sibylle Susat<\/p><\/div>\n<p style=\"text-align: left\">Der Naturpark M\u00fcnden ist einer der \u00e4ltesten Naturparke in Deutschland. Als s\u00fcdlichster Naturpark Niedersachsens umfasst er ca. 45.000 ha reizvoller Mittelgebirgslandschaft und Waldwiesent\u00e4ler mit idyllischen Bachl\u00e4ufen.<\/p>\n<div id=\"attachment_5036\" style=\"width: 510px\" class=\"wp-caption aligncenter\"><a href=\"https:\/\/www.naturparkmagazin.de\/vdn\/wp-content\/uploads\/sites\/3\/Abendsonne-im-M\u00e4rz-2014-an-der-Werra-im-Naturpark-M\u00fcnden-c-S.-Susat_beitrag.jpg\"><img aria-describedby=\"caption-attachment-5036\" decoding=\"async\" loading=\"lazy\" class=\"size-full wp-image-5036\" title=\"Abendsonne im M\u00e4rz 2014 an der Werra im Naturpark M\u00fcnden - Copyright: Sybille S. Susat\" alt=\"Abendsonne im M\u00e4rz 2014 an der Werra im Naturpark M\u00fcnden - Copyright: Sybille S. Susat\" src=\"https:\/\/www.naturparkmagazin.de\/vdn\/wp-content\/uploads\/sites\/3\/Abendsonne-im-M\u00e4rz-2014-an-der-Werra-im-Naturpark-M\u00fcnden-c-S.-Susat_beitrag.jpg\" width=\"500\" height=\"300\" srcset=\"https:\/\/www.naturparkmagazin.de\/vdn\/wp-content\/uploads\/sites\/3\/Abendsonne-im-M\u00e4rz-2014-an-der-Werra-im-Naturpark-M\u00fcnden-c-S.-Susat_beitrag.jpg 500w, https:\/\/www.naturparkmagazin.de\/vdn\/wp-content\/uploads\/sites\/3\/Abendsonne-im-M\u00e4rz-2014-an-der-Werra-im-Naturpark-M\u00fcnden-c-S.-Susat_beitrag-300x180.jpg 300w, https:\/\/www.naturparkmagazin.de\/vdn\/wp-content\/uploads\/sites\/3\/Abendsonne-im-M\u00e4rz-2014-an-der-Werra-im-Naturpark-M\u00fcnden-c-S.-Susat_beitrag-200x120.jpg 200w\" sizes=\"(max-width: 500px) 100vw, 500px\" \/><\/a><p id=\"caption-attachment-5036\" class=\"wp-caption-text\">Abendsonne im M\u00e4rz 2014 an der Werra im Naturpark M\u00fcnden &#8211; Copyright: Sybille S. Susat<\/p><\/div>\n<p style=\"text-align: left\">Die Fl\u00fcsse Werra, Fulda und Weser haben sich tief in die auf Buntsandstein stehenden gro\u00dfen Waldgebiete Kaufunger Wald, Bramwald und Reinhardswald eingeschnitten. Vor allem die gro\u00dfen und teilweise lichten Buchenmischw\u00e4lder mit den naturnahen Bacht\u00e4lern sind f\u00fcr das Vorkommen von sehr seltenen Tier- und Pflanzenarten von herausragender Bedeutung.<\/p>\n<div id=\"attachment_5059\" style=\"width: 510px\" class=\"wp-caption aligncenter\"><a href=\"https:\/\/www.naturparkmagazin.de\/vdn\/wp-content\/uploads\/sites\/3\/igp6425.jpg\"><img aria-describedby=\"caption-attachment-5059\" decoding=\"async\" loading=\"lazy\" class=\"size-full wp-image-5059\" title=\"Schwarzst\u00f6rche - Copyright: VDN\/G.Schweidler\" alt=\"Schwarzst\u00f6rche - Copyright: VDN\/G.Schweidler\" src=\"https:\/\/www.naturparkmagazin.de\/vdn\/wp-content\/uploads\/sites\/3\/igp6425.jpg\" width=\"500\" height=\"300\" srcset=\"https:\/\/www.naturparkmagazin.de\/vdn\/wp-content\/uploads\/sites\/3\/igp6425.jpg 500w, https:\/\/www.naturparkmagazin.de\/vdn\/wp-content\/uploads\/sites\/3\/igp6425-300x180.jpg 300w, https:\/\/www.naturparkmagazin.de\/vdn\/wp-content\/uploads\/sites\/3\/igp6425-200x120.jpg 200w\" sizes=\"(max-width: 500px) 100vw, 500px\" \/><\/a><p id=\"caption-attachment-5059\" class=\"wp-caption-text\">Schwarzst\u00f6rche &#8211; Copyright: VDN\/G.Schweidler<\/p><\/div>\n<p style=\"text-align: left\">Eisvogel, Wasseramsel oder Gebirgsstelze sind hier anzutreffen und auch der scheue Schwarzstorch br\u00fctet im Naturpark. Wildkatzen und seit neuestem Biber f\u00fchlen sich in den weitl\u00e4ufigen Buchenmischw\u00e4ldern und an den Ufern der Fl\u00fcsse wohl.<\/p>\n<p>Im Nordosten wird der Naturpark durch die Dransfelder Hochebene begrenzt. Auf dieser eher fruchtbaren und landwirtschaftlich genutzten Hochebene findet der Besucher zahlreiche Trocken- und Halbtrockenrasen mit ihrer Orchideenpracht sowie artenreiche Kalkbuchenw\u00e4lder.<\/p>\n<div id=\"attachment_5060\" style=\"width: 510px\" class=\"wp-caption aligncenter\"><a href=\"https:\/\/www.naturparkmagazin.de\/vdn\/wp-content\/uploads\/sites\/3\/2000.jpg\"><img aria-describedby=\"caption-attachment-5060\" decoding=\"async\" loading=\"lazy\" class=\"size-full wp-image-5060\" title=\"Alte Werra-Br\u00fccke - Copyright: VDN\/S.Grieger\" alt=\"Alte Werra-Br\u00fccke - Copyright: VDN\/S.Grieger\" src=\"https:\/\/www.naturparkmagazin.de\/vdn\/wp-content\/uploads\/sites\/3\/2000.jpg\" width=\"500\" height=\"300\" srcset=\"https:\/\/www.naturparkmagazin.de\/vdn\/wp-content\/uploads\/sites\/3\/2000.jpg 500w, https:\/\/www.naturparkmagazin.de\/vdn\/wp-content\/uploads\/sites\/3\/2000-300x180.jpg 300w, https:\/\/www.naturparkmagazin.de\/vdn\/wp-content\/uploads\/sites\/3\/2000-200x120.jpg 200w\" sizes=\"(max-width: 500px) 100vw, 500px\" \/><\/a><p id=\"caption-attachment-5060\" class=\"wp-caption-text\">Alte Werra-Br\u00fccke &#8211; Copyright: VDN\/S.Grieger<\/p><\/div>\n<p>Eine der &#8222;sieben am sch\u00f6nsten gelegenen St\u00e4dte der Welt&#8220; (Alexander v. Humboldt), Hannoversch M\u00fcnden in der Mitte des Naturparks, ist bekannt durch den Zusammenfluss von Werra und Fulda zur Weser, ihr geschlossenes mittelalterliches Stadtbild und ihre Geschichte in Schifffahrt, Handel und Handwerk. Viele kleine Ortschaften zeugen von einer spannenden und vielf\u00e4ltigen Kulturgeschichte im Naturpark. Kleine Fischerd\u00f6rfer, Fl\u00f6\u00dfereien, K\u00f6hlereien und Glash\u00fcttenstandorte weisen auf das Jahrhunderte lange Wirtschaften des Menschen in der Region hin.<\/p>\n<div id=\"attachment_5061\" style=\"width: 510px\" class=\"wp-caption aligncenter\"><a href=\"https:\/\/www.naturparkmagazin.de\/vdn\/wp-content\/uploads\/sites\/3\/p7267210.jpg\"><img aria-describedby=\"caption-attachment-5061\" decoding=\"async\" loading=\"lazy\" class=\"size-full wp-image-5061\" title=\"Ferienerlebniss auf  &quot;Rollen&quot; - Copyright: VDN\/Johannes Brenner\" alt=\"Ferienerlebniss auf  &quot;Rollen&quot; - Copyright: VDN\/Johannes Brenner\" src=\"https:\/\/www.naturparkmagazin.de\/vdn\/wp-content\/uploads\/sites\/3\/p7267210.jpg\" width=\"500\" height=\"300\" srcset=\"https:\/\/www.naturparkmagazin.de\/vdn\/wp-content\/uploads\/sites\/3\/p7267210.jpg 500w, https:\/\/www.naturparkmagazin.de\/vdn\/wp-content\/uploads\/sites\/3\/p7267210-300x180.jpg 300w, https:\/\/www.naturparkmagazin.de\/vdn\/wp-content\/uploads\/sites\/3\/p7267210-200x120.jpg 200w\" sizes=\"(max-width: 500px) 100vw, 500px\" \/><\/a><p id=\"caption-attachment-5061\" class=\"wp-caption-text\">Ferienerlebniss auf &#8222;Rollen&#8220; &#8211; Copyright: VDN\/Johannes Brenner<\/p><\/div>\n<p>Von den Flussniederungen der Werra, Weser und Fulda bis zum 585 Meter hoch gelegenen Haferberg \u2013 der Naturpark M\u00fcnden bietet gro\u00dfen und kleinen Naturpark-Entdeckern gut gekennzeichnete Wanderwege, Radwanderwege (an der Weser entlang bis nach Bremen), zahlreiche Naturlehr- und Erlebnispfade und spannende Naturbegegnungen. Der Waldgeschichtspfad, der Ameisenpfad, der Barfu\u00dfpfad in Nienhagen oder der Geologie- und Bergbaupfad am Hohen Hagen sind nur einige Beispiele f\u00fcr das Angebot, Natur hautnah zu erleben.<\/p>\n<div id=\"attachment_5064\" style=\"width: 510px\" class=\"wp-caption aligncenter\"><a href=\"https:\/\/www.naturparkmagazin.de\/vdn\/wp-content\/uploads\/sites\/3\/Hoher_Hagen_2_04.03.2008.jpg\"><img aria-describedby=\"caption-attachment-5064\" decoding=\"async\" loading=\"lazy\" class=\"size-full wp-image-5064\" title=\"Hoher Hagen - Copyright: VDN\/Sunke Ernst\" alt=\"Hoher Hagen - Copyright: VDN\/Sunke Ernst\" src=\"https:\/\/www.naturparkmagazin.de\/vdn\/wp-content\/uploads\/sites\/3\/Hoher_Hagen_2_04.03.2008.jpg\" width=\"500\" height=\"300\" srcset=\"https:\/\/www.naturparkmagazin.de\/vdn\/wp-content\/uploads\/sites\/3\/Hoher_Hagen_2_04.03.2008.jpg 500w, https:\/\/www.naturparkmagazin.de\/vdn\/wp-content\/uploads\/sites\/3\/Hoher_Hagen_2_04.03.2008-300x180.jpg 300w, https:\/\/www.naturparkmagazin.de\/vdn\/wp-content\/uploads\/sites\/3\/Hoher_Hagen_2_04.03.2008-200x120.jpg 200w\" sizes=\"(max-width: 500px) 100vw, 500px\" \/><\/a><p id=\"caption-attachment-5064\" class=\"wp-caption-text\">Hoher Hagen &#8211; Copyright: VDN\/Sunke Ernst<\/p><\/div>\n<p>Ein herausragendes Ziel im wahrsten Sinne des Wortes ist der Hohe Hagen mit dem Gau\u00dfturm bei Dransfeld. Carl-Friedrich Gau\u00df, der &#8222;Herr vom Zehnmarkschein&#8220;, f\u00fchrte von hier aus seine Landvermessungen durch. Der heutige Besucher genie\u00dft bei sch\u00f6nem Wetter die Fernsicht bis hin zum Harz, Teutoburger und Th\u00fcringer Wald.<\/p>\n<p>Weitere\u00a0 Informationen: <a href=\"http:\/\/www.naturpark-muenden.de\/\">www.naturpark-muenden.de<\/a><\/p>\n<p>&nbsp;<\/p>\n","protected":false},"excerpt":{"rendered":"<p>Der Naturpark M\u00fcnden ist einer der \u00e4ltesten Naturparke in Deutschland. Eisvogel, Wasseramsel oder Gebirgsstelze sind hier anzutreffen und auch der scheue Schwarzstorch br\u00fctet im Naturpark. Pl\u00e4tschernde Bacht\u00e4ler und Quellen, m\u00e4rchenhafte W\u00e4lder, bl\u00fchende und summende Streuobstwiesen, romantische Wiesent\u00e4ler, geheimnisvolle Steinbr\u00fcche, historische Waldnutzungsformen, Einblicke in die d\u00f6rfliche Kulturlandschaft &#8211; der Naturpark M\u00fcnden hat viele Seiten und sicher auch f\u00fcr Sie ein besonderes Highlight!<\/p>\n","protected":false},"author":14,"featured_media":5034,"comment_status":"open","ping_status":"open","sticky":false,"template":"","format":"standard","meta":{"_links_to":"","_links_to_target":""},"categories":[15],"tags":[],"yoast_head":"<!-- This site is optimized with the Yoast SEO plugin v19.10 - https:\/\/yoast.com\/wordpress\/plugins\/seo\/ -->\n<title>Spannend und vielf\u00e4ltig \u2013 Naturpark M\u00fcnden<\/title>\n<meta name=\"description\" content=\"Der Naturpark M\u00fcnden ist einer der \u00e4ltesten Naturparke in Deutschland. Eisvogel, Wasseramsel oder Gebirgsstelze sind hier anzutreffen und auch der scheue Schwarzstorch br\u00fctet im Naturpark. Pl\u00e4tschernde Bacht\u00e4ler und Quellen, m\u00e4rchenhafte W\u00e4lder, bl\u00fchende und summende Streuobstwiesen, romantische Wiesent\u00e4ler, geheimnisvolle Steinbr\u00fcche, historische Waldnutzungsformen, Einblicke in die d\u00f6rfliche Kulturlandschaft - der Naturpark M\u00fcnden hat viele Seiten und sicher auch f\u00fcr Sie ein besonderes Highlight!\" \/>\n<meta name=\"robots\" content=\"index, follow, max-snippet:-1, max-image-preview:large, max-video-preview:-1\" \/>\n<link rel=\"canonical\" href=\"https:\/\/www.naturparkmagazin.de\/vdn\/spannend-und-vielfaeltig-naturpark-muenden\/\" \/>\n<meta property=\"og:locale\" content=\"de_DE\" \/>\n<meta property=\"og:type\" content=\"article\" \/>\n<meta property=\"og:title\" content=\"Spannend und vielf\u00e4ltig \u2013 Naturpark M\u00fcnden\" \/>\n<meta property=\"og:description\" content=\"Der Naturpark M\u00fcnden ist einer der \u00e4ltesten Naturparke in Deutschland. Eisvogel, Wasseramsel oder Gebirgsstelze sind hier anzutreffen und auch der scheue Schwarzstorch br\u00fctet im Naturpark. Pl\u00e4tschernde Bacht\u00e4ler und Quellen, m\u00e4rchenhafte W\u00e4lder, bl\u00fchende und summende Streuobstwiesen, romantische Wiesent\u00e4ler, geheimnisvolle Steinbr\u00fcche, historische Waldnutzungsformen, Einblicke in die d\u00f6rfliche Kulturlandschaft - der Naturpark M\u00fcnden hat viele Seiten und sicher auch f\u00fcr Sie ein besonderes Highlight!\" \/>\n<meta property=\"og:url\" content=\"https:\/\/www.naturparkmagazin.de\/vdn\/spannend-und-vielfaeltig-naturpark-muenden\/\" \/>\n<meta property=\"og:site_name\" content=\"Verband Deutscher Naturparke\" \/>\n<meta property=\"article:published_time\" content=\"2015-02-18T07:38:00+00:00\" \/>\n<meta property=\"article:modified_time\" content=\"2015-02-23T12:09:27+00:00\" \/>\n<meta property=\"og:image\" content=\"https:\/\/www.naturparkmagazin.de\/vdn\/wp-content\/uploads\/sites\/3\/Fr\u00fchling-an-der-Werra-c-Sibylle-Susat_beitrag.jpg\" \/>\n\t<meta property=\"og:image:width\" content=\"500\" \/>\n\t<meta property=\"og:image:height\" content=\"300\" \/>\n\t<meta property=\"og:image:type\" content=\"image\/jpeg\" \/>\n<meta name=\"author\" content=\"vdnnational\" \/>\n<meta name=\"twitter:label1\" content=\"Verfasst von\" \/>\n\t<meta name=\"twitter:data1\" content=\"vdnnational\" \/>\n\t<meta name=\"twitter:label2\" content=\"Gesch\u00e4tzte Lesezeit\" \/>\n\t<meta name=\"twitter:data2\" content=\"2\u00a0Minuten\" \/>\n<script type=\"application\/ld+json\" class=\"yoast-schema-graph\">{\"@context\":\"https:\/\/schema.org\",\"@graph\":[{\"@type\":\"WebPage\",\"@id\":\"https:\/\/www.naturparkmagazin.de\/vdn\/spannend-und-vielfaeltig-naturpark-muenden\/\",\"url\":\"https:\/\/www.naturparkmagazin.de\/vdn\/spannend-und-vielfaeltig-naturpark-muenden\/\",\"name\":\"Spannend und vielf\u00e4ltig \u2013 Naturpark M\u00fcnden\",\"isPartOf\":{\"@id\":\"https:\/\/www.naturparkmagazin.de\/vdn\/#website\"},\"datePublished\":\"2015-02-18T07:38:00+00:00\",\"dateModified\":\"2015-02-23T12:09:27+00:00\",\"author\":{\"@id\":\"https:\/\/www.naturparkmagazin.de\/vdn\/#\/schema\/person\/e28d931df83318a48d52ae72b08d2bfb\"},\"description\":\"Der Naturpark M\u00fcnden ist einer der \u00e4ltesten Naturparke in Deutschland. Eisvogel, Wasseramsel oder Gebirgsstelze sind hier anzutreffen und auch der scheue Schwarzstorch br\u00fctet im Naturpark. Pl\u00e4tschernde Bacht\u00e4ler und Quellen, m\u00e4rchenhafte W\u00e4lder, bl\u00fchende und summende Streuobstwiesen, romantische Wiesent\u00e4ler, geheimnisvolle Steinbr\u00fcche, historische Waldnutzungsformen, Einblicke in die d\u00f6rfliche Kulturlandschaft - der Naturpark M\u00fcnden hat viele Seiten und sicher auch f\u00fcr Sie ein besonderes Highlight!\",\"breadcrumb\":{\"@id\":\"https:\/\/www.naturparkmagazin.de\/vdn\/spannend-und-vielfaeltig-naturpark-muenden\/#breadcrumb\"},\"inLanguage\":\"de\",\"potentialAction\":[{\"@type\":\"ReadAction\",\"target\":[\"https:\/\/www.naturparkmagazin.de\/vdn\/spannend-und-vielfaeltig-naturpark-muenden\/\"]}]},{\"@type\":\"BreadcrumbList\",\"@id\":\"https:\/\/www.naturparkmagazin.de\/vdn\/spannend-und-vielfaeltig-naturpark-muenden\/#breadcrumb\",\"itemListElement\":[{\"@type\":\"ListItem\",\"position\":1,\"name\":\"Home\",\"item\":\"https:\/\/www.naturparkmagazin.de\/vdn\/\"},{\"@type\":\"ListItem\",\"position\":2,\"name\":\"Spannend und vielf\u00e4ltig \u2013 Naturpark M\u00fcnden\"}]},{\"@type\":\"WebSite\",\"@id\":\"https:\/\/www.naturparkmagazin.de\/vdn\/#website\",\"url\":\"https:\/\/www.naturparkmagazin.de\/vdn\/\",\"name\":\"Verband Deutscher Naturparke\",\"description\":\"Eine weitere Naturparkmagazin.de Netzwerk Seite\",\"potentialAction\":[{\"@type\":\"SearchAction\",\"target\":{\"@type\":\"EntryPoint\",\"urlTemplate\":\"https:\/\/www.naturparkmagazin.de\/vdn\/?s={search_term_string}\"},\"query-input\":\"required name=search_term_string\"}],\"inLanguage\":\"de\"},{\"@type\":\"Person\",\"@id\":\"https:\/\/www.naturparkmagazin.de\/vdn\/#\/schema\/person\/e28d931df83318a48d52ae72b08d2bfb\",\"name\":\"vdnnational\",\"url\":\"https:\/\/www.naturparkmagazin.de\/vdn\/author\/vdnnational\/\"}]}<\/script>\n<!-- \/ Yoast SEO plugin. -->","yoast_head_json":{"title":"Spannend und vielf\u00e4ltig \u2013 Naturpark M\u00fcnden","description":"Der Naturpark M\u00fcnden ist einer der \u00e4ltesten Naturparke in Deutschland. Eisvogel, Wasseramsel oder Gebirgsstelze sind hier anzutreffen und auch der scheue Schwarzstorch br\u00fctet im Naturpark. Pl\u00e4tschernde Bacht\u00e4ler und Quellen, m\u00e4rchenhafte W\u00e4lder, bl\u00fchende und summende Streuobstwiesen, romantische Wiesent\u00e4ler, geheimnisvolle Steinbr\u00fcche, historische Waldnutzungsformen, Einblicke in die d\u00f6rfliche Kulturlandschaft - der Naturpark M\u00fcnden hat viele Seiten und sicher auch f\u00fcr Sie ein besonderes Highlight!","robots":{"index":"index","follow":"follow","max-snippet":"max-snippet:-1","max-image-preview":"max-image-preview:large","max-video-preview":"max-video-preview:-1"},"canonical":"https:\/\/www.naturparkmagazin.de\/vdn\/spannend-und-vielfaeltig-naturpark-muenden\/","og_locale":"de_DE","og_type":"article","og_title":"Spannend und vielf\u00e4ltig \u2013 Naturpark M\u00fcnden","og_description":"Der Naturpark M\u00fcnden ist einer der \u00e4ltesten Naturparke in Deutschland. Eisvogel, Wasseramsel oder Gebirgsstelze sind hier anzutreffen und auch der scheue Schwarzstorch br\u00fctet im Naturpark. Pl\u00e4tschernde Bacht\u00e4ler und Quellen, m\u00e4rchenhafte W\u00e4lder, bl\u00fchende und summende Streuobstwiesen, romantische Wiesent\u00e4ler, geheimnisvolle Steinbr\u00fcche, historische Waldnutzungsformen, Einblicke in die d\u00f6rfliche Kulturlandschaft - der Naturpark M\u00fcnden hat viele Seiten und sicher auch f\u00fcr Sie ein besonderes Highlight!","og_url":"https:\/\/www.naturparkmagazin.de\/vdn\/spannend-und-vielfaeltig-naturpark-muenden\/","og_site_name":"Verband Deutscher Naturparke","article_published_time":"2015-02-18T07:38:00+00:00","article_modified_time":"2015-02-23T12:09:27+00:00","og_image":[{"width":500,"height":300,"url":"https:\/\/www.naturparkmagazin.de\/vdn\/wp-content\/uploads\/sites\/3\/Fr\u00fchling-an-der-Werra-c-Sibylle-Susat_beitrag.jpg","type":"image\/jpeg"}],"author":"vdnnational","twitter_misc":{"Verfasst von":"vdnnational","Gesch\u00e4tzte Lesezeit":"2\u00a0Minuten"},"schema":{"@context":"https:\/\/schema.org","@graph":[{"@type":"WebPage","@id":"https:\/\/www.naturparkmagazin.de\/vdn\/spannend-und-vielfaeltig-naturpark-muenden\/","url":"https:\/\/www.naturparkmagazin.de\/vdn\/spannend-und-vielfaeltig-naturpark-muenden\/","name":"Spannend und vielf\u00e4ltig \u2013 Naturpark M\u00fcnden","isPartOf":{"@id":"https:\/\/www.naturparkmagazin.de\/vdn\/#website"},"datePublished":"2015-02-18T07:38:00+00:00","dateModified":"2015-02-23T12:09:27+00:00","author":{"@id":"https:\/\/www.naturparkmagazin.de\/vdn\/#\/schema\/person\/e28d931df83318a48d52ae72b08d2bfb"},"description":"Der Naturpark M\u00fcnden ist einer der \u00e4ltesten Naturparke in Deutschland. Eisvogel, Wasseramsel oder Gebirgsstelze sind hier anzutreffen und auch der scheue Schwarzstorch br\u00fctet im Naturpark. Pl\u00e4tschernde Bacht\u00e4ler und Quellen, m\u00e4rchenhafte W\u00e4lder, bl\u00fchende und summende Streuobstwiesen, romantische Wiesent\u00e4ler, geheimnisvolle Steinbr\u00fcche, historische Waldnutzungsformen, Einblicke in die d\u00f6rfliche Kulturlandschaft - der Naturpark M\u00fcnden hat viele Seiten und sicher auch f\u00fcr Sie ein besonderes Highlight!","breadcrumb":{"@id":"https:\/\/www.naturparkmagazin.de\/vdn\/spannend-und-vielfaeltig-naturpark-muenden\/#breadcrumb"},"inLanguage":"de","potentialAction":[{"@type":"ReadAction","target":["https:\/\/www.naturparkmagazin.de\/vdn\/spannend-und-vielfaeltig-naturpark-muenden\/"]}]},{"@type":"BreadcrumbList","@id":"https:\/\/www.naturparkmagazin.de\/vdn\/spannend-und-vielfaeltig-naturpark-muenden\/#breadcrumb","itemListElement":[{"@type":"ListItem","position":1,"name":"Home","item":"https:\/\/www.naturparkmagazin.de\/vdn\/"},{"@type":"ListItem","position":2,"name":"Spannend und vielf\u00e4ltig \u2013 Naturpark M\u00fcnden"}]},{"@type":"WebSite","@id":"https:\/\/www.naturparkmagazin.de\/vdn\/#website","url":"https:\/\/www.naturparkmagazin.de\/vdn\/","name":"Verband Deutscher Naturparke","description":"Eine weitere Naturparkmagazin.de Netzwerk Seite","potentialAction":[{"@type":"SearchAction","target":{"@type":"EntryPoint","urlTemplate":"https:\/\/www.naturparkmagazin.de\/vdn\/?s={search_term_string}"},"query-input":"required name=search_term_string"}],"inLanguage":"de"},{"@type":"Person","@id":"https:\/\/www.naturparkmagazin.de\/vdn\/#\/schema\/person\/e28d931df83318a48d52ae72b08d2bfb","name":"vdnnational","url":"https:\/\/www.naturparkmagazin.de\/vdn\/author\/vdnnational\/"}]}},"_links":{"self":[{"href":"https:\/\/www.naturparkmagazin.de\/vdn\/wp-json\/wp\/v2\/posts\/5032"}],"collection":[{"href":"https:\/\/www.naturparkmagazin.de\/vdn\/wp-json\/wp\/v2\/posts"}],"about":[{"href":"https:\/\/www.naturparkmagazin.de\/vdn\/wp-json\/wp\/v2\/types\/post"}],"author":[{"embeddable":true,"href":"https:\/\/www.naturparkmagazin.de\/vdn\/wp-json\/wp\/v2\/users\/14"}],"replies":[{"embeddable":true,"href":"https:\/\/www.naturparkmagazin.de\/vdn\/wp-json\/wp\/v2\/comments?post=5032"}],"version-history":[{"count":13,"href":"https:\/\/www.naturparkmagazin.de\/vdn\/wp-json\/wp\/v2\/posts\/5032\/revisions"}],"predecessor-version":[{"id":5141,"href":"https:\/\/www.naturparkmagazin.de\/vdn\/wp-json\/wp\/v2\/posts\/5032\/revisions\/5141"}],"wp:featuredmedia":[{"embeddable":true,"href":"https:\/\/www.naturparkmagazin.de\/vdn\/wp-json\/wp\/v2\/media\/5034"}],"wp:attachment":[{"href":"https:\/\/www.naturparkmagazin.de\/vdn\/wp-json\/wp\/v2\/media?parent=5032"}],"wp:term":[{"taxonomy":"category","embeddable":true,"href":"https:\/\/www.naturparkmagazin.de\/vdn\/wp-json\/wp\/v2\/categories?post=5032"},{"taxonomy":"post_tag","embeddable":true,"href":"https:\/\/www.naturparkmagazin.de\/vdn\/wp-json\/wp\/v2\/tags?post=5032"}],"curies":[{"name":"wp","href":"https:\/\/api.w.org\/{rel}","templated":true}]}}