{"id":507,"date":"2013-05-08T10:00:00","date_gmt":"2013-05-08T08:00:00","guid":{"rendered":"http:\/\/www.naturparkmagazin.de\/vdn\/?p=507"},"modified":"2013-05-08T17:31:21","modified_gmt":"2013-05-08T15:31:21","slug":"grund-zum-feiern-50-jahre-netzwerk-naturparke-2","status":"publish","type":"post","link":"https:\/\/www.naturparkmagazin.de\/vdn\/grund-zum-feiern-50-jahre-netzwerk-naturparke-2\/","title":{"rendered":"Grund zum Feiern &#8211; 50 Jahre Netzwerk Naturparke"},"content":{"rendered":"<p><a href=\"https:\/\/www.naturparkmagazin.de\/vdn\/wp-content\/uploads\/sites\/3\/50_jahre.jpg\"><img decoding=\"async\" loading=\"lazy\" width=\"150\" height=\"143\" class=\"alignleft size-full wp-image-5\" alt=\"50_jahre\" src=\"https:\/\/www.naturparkmagazin.de\/vdn\/wp-content\/uploads\/sites\/3\/50_jahre.jpg\" srcset=\"https:\/\/www.naturparkmagazin.de\/vdn\/wp-content\/uploads\/sites\/3\/50_jahre.jpg 150w, https:\/\/www.naturparkmagazin.de\/vdn\/wp-content\/uploads\/sites\/3\/50_jahre-30x30.jpg 30w\" sizes=\"(max-width: 150px) 100vw, 150px\" \/><\/a>Deutschlands Umweltminister Peter Altmaier war angereist, Brandenburgs Umweltministerin Anita Tack hatte es nicht ganz so weit, zahlreiche Experten aus Deutschland und dem europ\u00e4ischen Ausland fanden ebenfalls den Weg in den Naturpark Barnim. Es gab Mitte April allerdings auch wirklich was zu feiern: Vor 50 Jahren ist der Verband Deutscher Naturparke (VDN) gegr\u00fcndet worden, der heute zwischen dem Naturpark Schlei im Norden und dem Naturpark Nagelfluhkette im S\u00fcden 97 der 104 Naturparke in Deutschland vertritt, verschieden in der Form, einig in den Zielen. Dank der Kompetenz und des Engagements vieler, vieler Fachleute in den Naturparken bildet der Verband ein starkes Netzwerk, Netzwerk, das Mensch und Natur verbindet.<\/p>\n<p>Die Jubil\u00e4umsveranstaltung in Wandlitz m Naturpark Barnim bei Berlin hat eindrucksvoll bewiesen, dass die Idee \u201eNaturpark\u201c zwar erwachsen, aber keineswegs alt geworden ist. Einen Meilenstein hatte der Verband 2006 mit dem Petersberger Programm gesetzt. Es formuliert unter anderem Ziele, um die biologische Vielfalt zu sichern und Regionen in allen Ecken Deutschlands nachhaltig weiterzuentwickeln. Das Jubil\u00e4um nahm der Verband Deutscher Naturparke jetzt zum Anlass, den n\u00e4chsten Schritt zu machen. Unterzeichnet wurde die Erkl\u00e4rung \u201eEuropa braucht Naturparke: starke Naturparke &#8211; starke l\u00e4ndliche R\u00e4ume\u201c. Die Idee dahinter: Wenn sich der Admiralsfalter auf seinen Wanderungen nicht an Grenzen h\u00e4lt, die Menschen festgelegt haben, warum sollte es dann die Idee der Naturparke tun?<\/p>\n<p>&nbsp;<\/p>\n<p><span style=\"text-decoration: underline;\">Einige Fakten<\/span><\/p>\n<p>1963 wurde der VDN gegr\u00fcndet. Heute gibt es 104 Naturparke auf 27% der Fl\u00e4che Deutschlands.<\/p>\n<p>1976 wurden Naturparke als Schutzgebiet im Bundesnaturschutzgesetz aufgenommen.<\/p>\n<p>1990 erhielten die Naturparke mit der Wiedervereinigung neue M\u00f6glichkeiten und Impulse. In den ostdeutschen Bundesl\u00e4ndern konnten in den folgenden Jahren zahlreiche Naturparke gegr\u00fcndet werden.<\/p>\n<p>2006 war das \u201eJahr der Naturparke\u201c. Mit dem Start der Qualit\u00e4tsoffensive Naturparke und dem Petersberger\u00a0 Programm setzte der VDN in diesem Jahr zwei wichtige Akzente f\u00fcr die k\u00fcnftige Entwicklung der Naturparke.<\/p>\n<p>2008 begann das Projekt \u201eNaturparke machen Schule\u201c.<\/p>\n<p>2010 schloss der VDN das Projekt \u201eBiologische Vielfalt in den Naturparken st\u00e4rken\u201c erfolgreich ab und machte damit den Beitrag der Naturparke zur Umsetzung der CBD Konvention und der Nationalen Strategie zur Biologischen Vielfalt deutlich.<\/p>\n","protected":false},"excerpt":{"rendered":"<p>Deutschlands Umweltminister Peter Altmaier war angereist, Brandenburgs Umweltministerin Anita Tack hatte es nicht ganz so weit, zahlreiche Experten aus Deutschland und dem europ\u00e4ischen Ausland fanden ebenfalls den Weg in den Naturpark Barnim. Es gab Mitte April allerdings auch wirklich was zu feiern: Vor 50 Jahren ist der Verband Deutscher Naturparke (VDN) gegr\u00fcndet worden, der heute<\/p>\n","protected":false},"author":14,"featured_media":5,"comment_status":"open","ping_status":"open","sticky":false,"template":"","format":"standard","meta":{"_links_to":"","_links_to_target":""},"categories":[51],"tags":[92,81,3154],"yoast_head":"<!-- This site is optimized with the Yoast SEO plugin v19.10 - https:\/\/yoast.com\/wordpress\/plugins\/seo\/ -->\n<title>Grund zum Feiern - 50 Jahre Netzwerk Naturparke<\/title>\n<meta name=\"description\" content=\"Deutschlands Umweltminister Peter Altmaier war angereist, Brandenburgs Umweltministerin Anita Tack hatte es nicht ganz so weit, zahlreiche Experten aus\" \/>\n<meta name=\"robots\" content=\"index, follow, max-snippet:-1, max-image-preview:large, max-video-preview:-1\" \/>\n<link rel=\"canonical\" href=\"https:\/\/www.naturparkmagazin.de\/vdn\/grund-zum-feiern-50-jahre-netzwerk-naturparke-2\/\" \/>\n<meta property=\"og:locale\" content=\"de_DE\" \/>\n<meta property=\"og:type\" content=\"article\" \/>\n<meta property=\"og:title\" content=\"Grund zum Feiern - 50 Jahre Netzwerk Naturparke\" \/>\n<meta property=\"og:description\" content=\"Deutschlands Umweltminister Peter Altmaier war angereist, Brandenburgs Umweltministerin Anita Tack hatte es nicht ganz so weit, zahlreiche Experten aus\" \/>\n<meta property=\"og:url\" content=\"https:\/\/www.naturparkmagazin.de\/vdn\/grund-zum-feiern-50-jahre-netzwerk-naturparke-2\/\" \/>\n<meta property=\"og:site_name\" content=\"Verband Deutscher Naturparke\" \/>\n<meta property=\"article:published_time\" content=\"2013-05-08T08:00:00+00:00\" \/>\n<meta property=\"article:modified_time\" content=\"2013-05-08T15:31:21+00:00\" \/>\n<meta property=\"og:image\" content=\"https:\/\/www.naturparkmagazin.de\/vdn\/wp-content\/uploads\/sites\/3\/50_jahre.jpg\" \/>\n\t<meta property=\"og:image:width\" content=\"150\" \/>\n\t<meta property=\"og:image:height\" content=\"143\" \/>\n\t<meta property=\"og:image:type\" content=\"image\/jpeg\" \/>\n<meta name=\"author\" content=\"vdnnational\" \/>\n<meta name=\"twitter:label1\" content=\"Verfasst von\" \/>\n\t<meta name=\"twitter:data1\" content=\"vdnnational\" \/>\n\t<meta name=\"twitter:label2\" content=\"Gesch\u00e4tzte Lesezeit\" \/>\n\t<meta name=\"twitter:data2\" content=\"2\u00a0Minuten\" \/>\n<script type=\"application\/ld+json\" class=\"yoast-schema-graph\">{\"@context\":\"https:\/\/schema.org\",\"@graph\":[{\"@type\":\"WebPage\",\"@id\":\"https:\/\/www.naturparkmagazin.de\/vdn\/grund-zum-feiern-50-jahre-netzwerk-naturparke-2\/\",\"url\":\"https:\/\/www.naturparkmagazin.de\/vdn\/grund-zum-feiern-50-jahre-netzwerk-naturparke-2\/\",\"name\":\"Grund zum Feiern - 50 Jahre Netzwerk Naturparke\",\"isPartOf\":{\"@id\":\"https:\/\/www.naturparkmagazin.de\/vdn\/#website\"},\"datePublished\":\"2013-05-08T08:00:00+00:00\",\"dateModified\":\"2013-05-08T15:31:21+00:00\",\"author\":{\"@id\":\"https:\/\/www.naturparkmagazin.de\/vdn\/#\/schema\/person\/e28d931df83318a48d52ae72b08d2bfb\"},\"description\":\"Deutschlands Umweltminister Peter Altmaier war angereist, Brandenburgs Umweltministerin Anita Tack hatte es nicht ganz so weit, zahlreiche Experten aus\",\"breadcrumb\":{\"@id\":\"https:\/\/www.naturparkmagazin.de\/vdn\/grund-zum-feiern-50-jahre-netzwerk-naturparke-2\/#breadcrumb\"},\"inLanguage\":\"de\",\"potentialAction\":[{\"@type\":\"ReadAction\",\"target\":[\"https:\/\/www.naturparkmagazin.de\/vdn\/grund-zum-feiern-50-jahre-netzwerk-naturparke-2\/\"]}]},{\"@type\":\"BreadcrumbList\",\"@id\":\"https:\/\/www.naturparkmagazin.de\/vdn\/grund-zum-feiern-50-jahre-netzwerk-naturparke-2\/#breadcrumb\",\"itemListElement\":[{\"@type\":\"ListItem\",\"position\":1,\"name\":\"Home\",\"item\":\"https:\/\/www.naturparkmagazin.de\/vdn\/\"},{\"@type\":\"ListItem\",\"position\":2,\"name\":\"Grund zum Feiern &#8211; 50 Jahre Netzwerk Naturparke\"}]},{\"@type\":\"WebSite\",\"@id\":\"https:\/\/www.naturparkmagazin.de\/vdn\/#website\",\"url\":\"https:\/\/www.naturparkmagazin.de\/vdn\/\",\"name\":\"Verband Deutscher Naturparke\",\"description\":\"Eine weitere Naturparkmagazin.de Netzwerk Seite\",\"potentialAction\":[{\"@type\":\"SearchAction\",\"target\":{\"@type\":\"EntryPoint\",\"urlTemplate\":\"https:\/\/www.naturparkmagazin.de\/vdn\/?s={search_term_string}\"},\"query-input\":\"required name=search_term_string\"}],\"inLanguage\":\"de\"},{\"@type\":\"Person\",\"@id\":\"https:\/\/www.naturparkmagazin.de\/vdn\/#\/schema\/person\/e28d931df83318a48d52ae72b08d2bfb\",\"name\":\"vdnnational\",\"url\":\"https:\/\/www.naturparkmagazin.de\/vdn\/author\/vdnnational\/\"}]}<\/script>\n<!-- \/ Yoast SEO plugin. -->","yoast_head_json":{"title":"Grund zum Feiern - 50 Jahre Netzwerk Naturparke","description":"Deutschlands Umweltminister Peter Altmaier war angereist, Brandenburgs Umweltministerin Anita Tack hatte es nicht ganz so weit, zahlreiche Experten aus","robots":{"index":"index","follow":"follow","max-snippet":"max-snippet:-1","max-image-preview":"max-image-preview:large","max-video-preview":"max-video-preview:-1"},"canonical":"https:\/\/www.naturparkmagazin.de\/vdn\/grund-zum-feiern-50-jahre-netzwerk-naturparke-2\/","og_locale":"de_DE","og_type":"article","og_title":"Grund zum Feiern - 50 Jahre Netzwerk Naturparke","og_description":"Deutschlands Umweltminister Peter Altmaier war angereist, Brandenburgs Umweltministerin Anita Tack hatte es nicht ganz so weit, zahlreiche Experten aus","og_url":"https:\/\/www.naturparkmagazin.de\/vdn\/grund-zum-feiern-50-jahre-netzwerk-naturparke-2\/","og_site_name":"Verband Deutscher Naturparke","article_published_time":"2013-05-08T08:00:00+00:00","article_modified_time":"2013-05-08T15:31:21+00:00","og_image":[{"width":150,"height":143,"url":"https:\/\/www.naturparkmagazin.de\/vdn\/wp-content\/uploads\/sites\/3\/50_jahre.jpg","type":"image\/jpeg"}],"author":"vdnnational","twitter_misc":{"Verfasst von":"vdnnational","Gesch\u00e4tzte Lesezeit":"2\u00a0Minuten"},"schema":{"@context":"https:\/\/schema.org","@graph":[{"@type":"WebPage","@id":"https:\/\/www.naturparkmagazin.de\/vdn\/grund-zum-feiern-50-jahre-netzwerk-naturparke-2\/","url":"https:\/\/www.naturparkmagazin.de\/vdn\/grund-zum-feiern-50-jahre-netzwerk-naturparke-2\/","name":"Grund zum Feiern - 50 Jahre Netzwerk Naturparke","isPartOf":{"@id":"https:\/\/www.naturparkmagazin.de\/vdn\/#website"},"datePublished":"2013-05-08T08:00:00+00:00","dateModified":"2013-05-08T15:31:21+00:00","author":{"@id":"https:\/\/www.naturparkmagazin.de\/vdn\/#\/schema\/person\/e28d931df83318a48d52ae72b08d2bfb"},"description":"Deutschlands Umweltminister Peter Altmaier war angereist, Brandenburgs Umweltministerin Anita Tack hatte es nicht ganz so weit, zahlreiche Experten aus","breadcrumb":{"@id":"https:\/\/www.naturparkmagazin.de\/vdn\/grund-zum-feiern-50-jahre-netzwerk-naturparke-2\/#breadcrumb"},"inLanguage":"de","potentialAction":[{"@type":"ReadAction","target":["https:\/\/www.naturparkmagazin.de\/vdn\/grund-zum-feiern-50-jahre-netzwerk-naturparke-2\/"]}]},{"@type":"BreadcrumbList","@id":"https:\/\/www.naturparkmagazin.de\/vdn\/grund-zum-feiern-50-jahre-netzwerk-naturparke-2\/#breadcrumb","itemListElement":[{"@type":"ListItem","position":1,"name":"Home","item":"https:\/\/www.naturparkmagazin.de\/vdn\/"},{"@type":"ListItem","position":2,"name":"Grund zum Feiern &#8211; 50 Jahre Netzwerk Naturparke"}]},{"@type":"WebSite","@id":"https:\/\/www.naturparkmagazin.de\/vdn\/#website","url":"https:\/\/www.naturparkmagazin.de\/vdn\/","name":"Verband Deutscher Naturparke","description":"Eine weitere Naturparkmagazin.de Netzwerk Seite","potentialAction":[{"@type":"SearchAction","target":{"@type":"EntryPoint","urlTemplate":"https:\/\/www.naturparkmagazin.de\/vdn\/?s={search_term_string}"},"query-input":"required name=search_term_string"}],"inLanguage":"de"},{"@type":"Person","@id":"https:\/\/www.naturparkmagazin.de\/vdn\/#\/schema\/person\/e28d931df83318a48d52ae72b08d2bfb","name":"vdnnational","url":"https:\/\/www.naturparkmagazin.de\/vdn\/author\/vdnnational\/"}]}},"_links":{"self":[{"href":"https:\/\/www.naturparkmagazin.de\/vdn\/wp-json\/wp\/v2\/posts\/507"}],"collection":[{"href":"https:\/\/www.naturparkmagazin.de\/vdn\/wp-json\/wp\/v2\/posts"}],"about":[{"href":"https:\/\/www.naturparkmagazin.de\/vdn\/wp-json\/wp\/v2\/types\/post"}],"author":[{"embeddable":true,"href":"https:\/\/www.naturparkmagazin.de\/vdn\/wp-json\/wp\/v2\/users\/14"}],"replies":[{"embeddable":true,"href":"https:\/\/www.naturparkmagazin.de\/vdn\/wp-json\/wp\/v2\/comments?post=507"}],"version-history":[{"count":8,"href":"https:\/\/www.naturparkmagazin.de\/vdn\/wp-json\/wp\/v2\/posts\/507\/revisions"}],"predecessor-version":[{"id":1062,"href":"https:\/\/www.naturparkmagazin.de\/vdn\/wp-json\/wp\/v2\/posts\/507\/revisions\/1062"}],"wp:featuredmedia":[{"embeddable":true,"href":"https:\/\/www.naturparkmagazin.de\/vdn\/wp-json\/wp\/v2\/media\/5"}],"wp:attachment":[{"href":"https:\/\/www.naturparkmagazin.de\/vdn\/wp-json\/wp\/v2\/media?parent=507"}],"wp:term":[{"taxonomy":"category","embeddable":true,"href":"https:\/\/www.naturparkmagazin.de\/vdn\/wp-json\/wp\/v2\/categories?post=507"},{"taxonomy":"post_tag","embeddable":true,"href":"https:\/\/www.naturparkmagazin.de\/vdn\/wp-json\/wp\/v2\/tags?post=507"}],"curies":[{"name":"wp","href":"https:\/\/api.w.org\/{rel}","templated":true}]}}