{"id":5071,"date":"2015-02-18T08:13:32","date_gmt":"2015-02-18T07:13:32","guid":{"rendered":"http:\/\/www.naturparkmagazin.de\/vdn\/?p=5071"},"modified":"2015-02-23T13:05:50","modified_gmt":"2015-02-23T12:05:50","slug":"frueh-erwacht-buschwindroeschen-und-co","status":"publish","type":"post","link":"https:\/\/www.naturparkmagazin.de\/vdn\/frueh-erwacht-buschwindroeschen-und-co\/","title":{"rendered":"&#8222;Fr\u00fch erwacht&#8220; &#8211; Buschwindr\u00f6schen und Co."},"content":{"rendered":"<div id=\"attachment_5074\" style=\"width: 510px\" class=\"wp-caption aligncenter\"><a href=\"https:\/\/www.naturparkmagazin.de\/vdn\/wp-content\/uploads\/sites\/3\/p1140087_beitrag.jpg\"><img aria-describedby=\"caption-attachment-5074\" decoding=\"async\" loading=\"lazy\" class=\"size-full wp-image-5074\" title=\"Winterlinge und Schneegl\u00f6ckchen - Copyright: VDN\/B.Walther\" alt=\"Winterlinge und Schneegl\u00f6ckchen - Copyright: VDN\/B.Walther\" src=\"https:\/\/www.naturparkmagazin.de\/vdn\/wp-content\/uploads\/sites\/3\/p1140087_beitrag.jpg\" width=\"500\" height=\"300\" srcset=\"https:\/\/www.naturparkmagazin.de\/vdn\/wp-content\/uploads\/sites\/3\/p1140087_beitrag.jpg 500w, https:\/\/www.naturparkmagazin.de\/vdn\/wp-content\/uploads\/sites\/3\/p1140087_beitrag-300x180.jpg 300w, https:\/\/www.naturparkmagazin.de\/vdn\/wp-content\/uploads\/sites\/3\/p1140087_beitrag-200x120.jpg 200w\" sizes=\"(max-width: 500px) 100vw, 500px\" \/><\/a><p id=\"caption-attachment-5074\" class=\"wp-caption-text\">Winterlinge und Schneegl\u00f6ckchen &#8211; Copyright: VDN\/B.Walther<\/p><\/div>\n<p>Fr\u00fchbl\u00fcher, so werden Pflanzen genannt, die im zeitigen Fr\u00fchjahr vor der Laubentwicklung der B\u00e4ume eine wahre Bl\u00fctenpracht am Boden entfalten. Schneegl\u00f6ckchen und Winterling k\u00fcndigen bereits im Januar noch bei Schnee und Eis den kommenden Fr\u00fchling an.<\/p>\n<div id=\"attachment_5075\" style=\"width: 510px\" class=\"wp-caption aligncenter\"><a href=\"https:\/\/www.naturparkmagazin.de\/vdn\/wp-content\/uploads\/sites\/3\/blten_beitrag.jpg\"><img aria-describedby=\"caption-attachment-5075\" decoding=\"async\" loading=\"lazy\" class=\"size-full wp-image-5075\" title=\"Leberbl\u00fcmchen - Copyright: VDN\/Brezina Peter\" alt=\"Leberbl\u00fcmchen - Copyright: VDN\/Brezina Peter\" src=\"https:\/\/www.naturparkmagazin.de\/vdn\/wp-content\/uploads\/sites\/3\/blten_beitrag.jpg\" width=\"500\" height=\"300\" srcset=\"https:\/\/www.naturparkmagazin.de\/vdn\/wp-content\/uploads\/sites\/3\/blten_beitrag.jpg 500w, https:\/\/www.naturparkmagazin.de\/vdn\/wp-content\/uploads\/sites\/3\/blten_beitrag-300x180.jpg 300w, https:\/\/www.naturparkmagazin.de\/vdn\/wp-content\/uploads\/sites\/3\/blten_beitrag-200x120.jpg 200w\" sizes=\"(max-width: 500px) 100vw, 500px\" \/><\/a><p id=\"caption-attachment-5075\" class=\"wp-caption-text\">Leberbl\u00fcmchen &#8211; Copyright: VDN\/Brezina Peter<\/p><\/div>\n<div id=\"attachment_5076\" style=\"width: 510px\" class=\"wp-caption aligncenter\"><a href=\"https:\/\/www.naturparkmagazin.de\/vdn\/wp-content\/uploads\/sites\/3\/A11_01_beitrag.jpg\"><img aria-describedby=\"caption-attachment-5076\" decoding=\"async\" loading=\"lazy\" class=\"size-full wp-image-5076\" title=\"Scharbockskraut - Copyright: VDN\/Winkel Kai\" alt=\"Scharbockskraut - Copyright: VDN\/Winkel Kai\" src=\"https:\/\/www.naturparkmagazin.de\/vdn\/wp-content\/uploads\/sites\/3\/A11_01_beitrag.jpg\" width=\"500\" height=\"300\" srcset=\"https:\/\/www.naturparkmagazin.de\/vdn\/wp-content\/uploads\/sites\/3\/A11_01_beitrag.jpg 500w, https:\/\/www.naturparkmagazin.de\/vdn\/wp-content\/uploads\/sites\/3\/A11_01_beitrag-300x180.jpg 300w, https:\/\/www.naturparkmagazin.de\/vdn\/wp-content\/uploads\/sites\/3\/A11_01_beitrag-200x120.jpg 200w\" sizes=\"(max-width: 500px) 100vw, 500px\" \/><\/a><p id=\"caption-attachment-5076\" class=\"wp-caption-text\">Scharbockskraut &#8211; Copyright: VDN\/Winkel Kai<\/p><\/div>\n<p>Im Februar und M\u00e4rz kommen je nach Standort Leberbl\u00fcmchen oder Scharbockskraut hinzu; im April f\u00fcllt der Knoblauchduft des B\u00e4rlauchs ganze W\u00e4lder.<\/p>\n<div id=\"attachment_5078\" style=\"width: 510px\" class=\"wp-caption aligncenter\"><a href=\"https:\/\/www.naturparkmagazin.de\/vdn\/wp-content\/uploads\/sites\/3\/huflatich_beitrag.jpg\"><img aria-describedby=\"caption-attachment-5078\" decoding=\"async\" loading=\"lazy\" class=\"size-full wp-image-5078\" title=\"Huflatich - Copyright: VDN\/Brezina Peter\" alt=\"Huflatich - Copyright: VDN\/Brezina Peter\" src=\"https:\/\/www.naturparkmagazin.de\/vdn\/wp-content\/uploads\/sites\/3\/huflatich_beitrag.jpg\" width=\"500\" height=\"300\" srcset=\"https:\/\/www.naturparkmagazin.de\/vdn\/wp-content\/uploads\/sites\/3\/huflatich_beitrag.jpg 500w, https:\/\/www.naturparkmagazin.de\/vdn\/wp-content\/uploads\/sites\/3\/huflatich_beitrag-300x180.jpg 300w, https:\/\/www.naturparkmagazin.de\/vdn\/wp-content\/uploads\/sites\/3\/huflatich_beitrag-200x120.jpg 200w\" sizes=\"(max-width: 500px) 100vw, 500px\" \/><\/a><p id=\"caption-attachment-5078\" class=\"wp-caption-text\">Huflatich &#8211; Copyright: VDN\/Brezina Peter<\/p><\/div>\n<div id=\"attachment_5080\" style=\"width: 510px\" class=\"wp-caption aligncenter\"><a href=\"https:\/\/www.naturparkmagazin.de\/vdn\/wp-content\/uploads\/sites\/3\/img-0270_beitrag.jpg\"><img aria-describedby=\"caption-attachment-5080\" decoding=\"async\" loading=\"lazy\" class=\"size-full wp-image-5080\" title=\"B\u00e4rlauchbl\u00fcte - Copyright: VDN\/Klaus Koch\" alt=\"B\u00e4rlauchbl\u00fcte - Copyright: VDN\/Klaus Koch\" src=\"https:\/\/www.naturparkmagazin.de\/vdn\/wp-content\/uploads\/sites\/3\/img-0270_beitrag.jpg\" width=\"500\" height=\"300\" srcset=\"https:\/\/www.naturparkmagazin.de\/vdn\/wp-content\/uploads\/sites\/3\/img-0270_beitrag.jpg 500w, https:\/\/www.naturparkmagazin.de\/vdn\/wp-content\/uploads\/sites\/3\/img-0270_beitrag-300x180.jpg 300w, https:\/\/www.naturparkmagazin.de\/vdn\/wp-content\/uploads\/sites\/3\/img-0270_beitrag-200x120.jpg 200w\" sizes=\"(max-width: 500px) 100vw, 500px\" \/><\/a><p id=\"caption-attachment-5080\" class=\"wp-caption-text\">B\u00e4rlauchbl\u00fcte &#8211; Copyright: VDN\/Klaus Koch<\/p><\/div>\n<p style=\"text-align: left\">Lichteinstrahlung und W\u00e4rme direkt \u00fcber dem Boden erm\u00f6glichen den Fr\u00fchbl\u00fchern besondere Wachstumsbedingungen. Sie profitieren davon, dass andere Pflanzen noch keine Bl\u00e4tter ausgebildet haben. Ihre Bl\u00fctezeit ist allerdings nur kurz, und sobald die B\u00e4ume ihr Laub tragen, bilden die meisten Fr\u00fchbl\u00fcher Fr\u00fcchte und schlie\u00dfen ihre Entwicklung ab.<\/p>\n<div id=\"attachment_5079\" style=\"width: 510px\" class=\"wp-caption aligncenter\"><a href=\"https:\/\/www.naturparkmagazin.de\/vdn\/wp-content\/uploads\/sites\/3\/p1110688_beitrag.jpg\"><img aria-describedby=\"caption-attachment-5079\" decoding=\"async\" loading=\"lazy\" class=\"size-full wp-image-5079\" title=\"Lerchenspornteppich - Copyright: VDN\/Rolf J\u00fcrgens\" alt=\"Lerchenspornteppich - Copyright: VDN\/Rolf J\u00fcrgens\" src=\"https:\/\/www.naturparkmagazin.de\/vdn\/wp-content\/uploads\/sites\/3\/p1110688_beitrag.jpg\" width=\"500\" height=\"300\" srcset=\"https:\/\/www.naturparkmagazin.de\/vdn\/wp-content\/uploads\/sites\/3\/p1110688_beitrag.jpg 500w, https:\/\/www.naturparkmagazin.de\/vdn\/wp-content\/uploads\/sites\/3\/p1110688_beitrag-300x180.jpg 300w, https:\/\/www.naturparkmagazin.de\/vdn\/wp-content\/uploads\/sites\/3\/p1110688_beitrag-200x120.jpg 200w\" sizes=\"(max-width: 500px) 100vw, 500px\" \/><\/a><p id=\"caption-attachment-5079\" class=\"wp-caption-text\">Lerchenspornteppich &#8211; Copyright: VDN\/Rolf J\u00fcrgens<\/p><\/div>\n<p>Das Geheimnis der Fr\u00fchbl\u00fcher liegt darin, dass sie \u00fcber den Winter Vorr\u00e4te in bestimmten Pflanzenteilen anlegen. Denn so fr\u00fch im Fr\u00fchjahr reicht die Sonneneinstrahlung nicht aus, um gen\u00fcgend Energie zum Austreiben der Bl\u00fcten zu gewinnen. Einj\u00e4hrige Pflanzen \u00fcberleben den Winter, in dem sie Samen auswerfen. Bei den mehrj\u00e4hrigen Pflanzen sterben die oberirdischen Pflanzenteile im Winter ab. Es \u00fcberwintern die unterirdischen Teile als Zwiebel, Wurzelknolle oder Erdsprossen. Hier finden sich die Energievorr\u00e4te in Form von Speicherstoffen wie z.B. St\u00e4rke..<\/p>\n<p>Durch weitere spezielle Anpassungen gelingt es den Fr\u00fchbl\u00fchern, die K\u00e4lte im Fr\u00fchjahr und auch den Winter zu \u00fcberstehen. So lagert das Schneegl\u00f6ckchen Salze ein, damit das Wasser nicht gefriert. Die Speicherorgane nehmen Wasser auf und sch\u00fctzen dadurch die Pflanze vor einem Wasserentzug.<\/p>\n<p>Eine Auswahl von Fr\u00fchbl\u00fchern und Pflanzen im Fr\u00fchjahr finden Sie <a href=\"http:\/\/www.digitalefolien.de\/biologie\/pflanzen\/frueh\/blueher.htm\" target=\"_blank\">hier<\/a>\u00a0dargestellt.<\/p>\n<p>&nbsp;<\/p>\n<p><em>Quellen: R\u00fcther, P. (2008): Fr\u00fchbl\u00fcher \u2013 Heimische Arten im \u00dcberblick. Hohenwarsleben (Westarp) (= Die Neue Brehm-B\u00fccherei, Nr. 661); T. Seilnacht, www.digitalefolien.de<\/em><\/p>\n<p>&nbsp;<\/p>\n","protected":false},"excerpt":{"rendered":"<p>Fr\u00fchbl\u00fcher, so werden Pflanzen genannt, die im zeitigen Fr\u00fchjahr vor der Laubentwicklung der B\u00e4ume eine wahre Bl\u00fctenpracht am Boden entfalten. Lichteinstrahlung und W\u00e4rme direkt \u00fcber dem Boden erm\u00f6glicht den Fr\u00fchbl\u00fchern besondere Wachstumsbedingungen.<\/p>\n","protected":false},"author":14,"featured_media":5082,"comment_status":"open","ping_status":"open","sticky":false,"template":"","format":"standard","meta":{"_links_to":"","_links_to_target":""},"categories":[51],"tags":[],"yoast_head":"<!-- This site is optimized with the Yoast SEO plugin v19.10 - https:\/\/yoast.com\/wordpress\/plugins\/seo\/ -->\n<title>&quot;Fr\u00fch erwacht&quot; - Buschwindr\u00f6schen und Co.<\/title>\n<meta name=\"description\" content=\"Fr\u00fchbl\u00fcher, so werden Pflanzen genannt, die im zeitigen Fr\u00fchjahr vor der Laubentwicklung der B\u00e4ume eine wahre Bl\u00fctenpracht am Boden entfalten. Lichteinstrahlung und W\u00e4rme direkt \u00fcber dem Boden erm\u00f6glicht den Fr\u00fchbl\u00fchern besondere Wachstumsbedingungen.\" \/>\n<meta name=\"robots\" content=\"index, follow, max-snippet:-1, max-image-preview:large, max-video-preview:-1\" \/>\n<link rel=\"canonical\" href=\"https:\/\/www.naturparkmagazin.de\/vdn\/frueh-erwacht-buschwindroeschen-und-co\/\" \/>\n<meta property=\"og:locale\" content=\"de_DE\" \/>\n<meta property=\"og:type\" content=\"article\" \/>\n<meta property=\"og:title\" content=\"&quot;Fr\u00fch erwacht&quot; - Buschwindr\u00f6schen und Co.\" \/>\n<meta property=\"og:description\" content=\"Fr\u00fchbl\u00fcher, so werden Pflanzen genannt, die im zeitigen Fr\u00fchjahr vor der Laubentwicklung der B\u00e4ume eine wahre Bl\u00fctenpracht am Boden entfalten. Lichteinstrahlung und W\u00e4rme direkt \u00fcber dem Boden erm\u00f6glicht den Fr\u00fchbl\u00fchern besondere Wachstumsbedingungen.\" \/>\n<meta property=\"og:url\" content=\"https:\/\/www.naturparkmagazin.de\/vdn\/frueh-erwacht-buschwindroeschen-und-co\/\" \/>\n<meta property=\"og:site_name\" content=\"Verband Deutscher Naturparke\" \/>\n<meta property=\"article:published_time\" content=\"2015-02-18T07:13:32+00:00\" \/>\n<meta property=\"article:modified_time\" content=\"2015-02-23T12:05:50+00:00\" \/>\n<meta property=\"og:image\" content=\"https:\/\/www.naturparkmagazin.de\/vdn\/wp-content\/uploads\/sites\/3\/Frhlingswald.jpg\" \/>\n\t<meta property=\"og:image:width\" content=\"180\" \/>\n\t<meta property=\"og:image:height\" content=\"135\" \/>\n\t<meta property=\"og:image:type\" content=\"image\/jpeg\" \/>\n<meta name=\"author\" content=\"vdnnational\" \/>\n<meta name=\"twitter:label1\" content=\"Verfasst von\" \/>\n\t<meta name=\"twitter:data1\" content=\"vdnnational\" \/>\n\t<meta name=\"twitter:label2\" content=\"Gesch\u00e4tzte Lesezeit\" \/>\n\t<meta name=\"twitter:data2\" content=\"2\u00a0Minuten\" \/>\n<script type=\"application\/ld+json\" class=\"yoast-schema-graph\">{\"@context\":\"https:\/\/schema.org\",\"@graph\":[{\"@type\":\"WebPage\",\"@id\":\"https:\/\/www.naturparkmagazin.de\/vdn\/frueh-erwacht-buschwindroeschen-und-co\/\",\"url\":\"https:\/\/www.naturparkmagazin.de\/vdn\/frueh-erwacht-buschwindroeschen-und-co\/\",\"name\":\"\\\"Fr\u00fch erwacht\\\" - Buschwindr\u00f6schen und Co.\",\"isPartOf\":{\"@id\":\"https:\/\/www.naturparkmagazin.de\/vdn\/#website\"},\"datePublished\":\"2015-02-18T07:13:32+00:00\",\"dateModified\":\"2015-02-23T12:05:50+00:00\",\"author\":{\"@id\":\"https:\/\/www.naturparkmagazin.de\/vdn\/#\/schema\/person\/e28d931df83318a48d52ae72b08d2bfb\"},\"description\":\"Fr\u00fchbl\u00fcher, so werden Pflanzen genannt, die im zeitigen Fr\u00fchjahr vor der Laubentwicklung der B\u00e4ume eine wahre Bl\u00fctenpracht am Boden entfalten. Lichteinstrahlung und W\u00e4rme direkt \u00fcber dem Boden erm\u00f6glicht den Fr\u00fchbl\u00fchern besondere Wachstumsbedingungen.\",\"breadcrumb\":{\"@id\":\"https:\/\/www.naturparkmagazin.de\/vdn\/frueh-erwacht-buschwindroeschen-und-co\/#breadcrumb\"},\"inLanguage\":\"de\",\"potentialAction\":[{\"@type\":\"ReadAction\",\"target\":[\"https:\/\/www.naturparkmagazin.de\/vdn\/frueh-erwacht-buschwindroeschen-und-co\/\"]}]},{\"@type\":\"BreadcrumbList\",\"@id\":\"https:\/\/www.naturparkmagazin.de\/vdn\/frueh-erwacht-buschwindroeschen-und-co\/#breadcrumb\",\"itemListElement\":[{\"@type\":\"ListItem\",\"position\":1,\"name\":\"Home\",\"item\":\"https:\/\/www.naturparkmagazin.de\/vdn\/\"},{\"@type\":\"ListItem\",\"position\":2,\"name\":\"&#8222;Fr\u00fch erwacht&#8220; &#8211; Buschwindr\u00f6schen und Co.\"}]},{\"@type\":\"WebSite\",\"@id\":\"https:\/\/www.naturparkmagazin.de\/vdn\/#website\",\"url\":\"https:\/\/www.naturparkmagazin.de\/vdn\/\",\"name\":\"Verband Deutscher Naturparke\",\"description\":\"Eine weitere Naturparkmagazin.de Netzwerk Seite\",\"potentialAction\":[{\"@type\":\"SearchAction\",\"target\":{\"@type\":\"EntryPoint\",\"urlTemplate\":\"https:\/\/www.naturparkmagazin.de\/vdn\/?s={search_term_string}\"},\"query-input\":\"required name=search_term_string\"}],\"inLanguage\":\"de\"},{\"@type\":\"Person\",\"@id\":\"https:\/\/www.naturparkmagazin.de\/vdn\/#\/schema\/person\/e28d931df83318a48d52ae72b08d2bfb\",\"name\":\"vdnnational\",\"url\":\"https:\/\/www.naturparkmagazin.de\/vdn\/author\/vdnnational\/\"}]}<\/script>\n<!-- \/ Yoast SEO plugin. -->","yoast_head_json":{"title":"\"Fr\u00fch erwacht\" - Buschwindr\u00f6schen und Co.","description":"Fr\u00fchbl\u00fcher, so werden Pflanzen genannt, die im zeitigen Fr\u00fchjahr vor der Laubentwicklung der B\u00e4ume eine wahre Bl\u00fctenpracht am Boden entfalten. Lichteinstrahlung und W\u00e4rme direkt \u00fcber dem Boden erm\u00f6glicht den Fr\u00fchbl\u00fchern besondere Wachstumsbedingungen.","robots":{"index":"index","follow":"follow","max-snippet":"max-snippet:-1","max-image-preview":"max-image-preview:large","max-video-preview":"max-video-preview:-1"},"canonical":"https:\/\/www.naturparkmagazin.de\/vdn\/frueh-erwacht-buschwindroeschen-und-co\/","og_locale":"de_DE","og_type":"article","og_title":"\"Fr\u00fch erwacht\" - Buschwindr\u00f6schen und Co.","og_description":"Fr\u00fchbl\u00fcher, so werden Pflanzen genannt, die im zeitigen Fr\u00fchjahr vor der Laubentwicklung der B\u00e4ume eine wahre Bl\u00fctenpracht am Boden entfalten. Lichteinstrahlung und W\u00e4rme direkt \u00fcber dem Boden erm\u00f6glicht den Fr\u00fchbl\u00fchern besondere Wachstumsbedingungen.","og_url":"https:\/\/www.naturparkmagazin.de\/vdn\/frueh-erwacht-buschwindroeschen-und-co\/","og_site_name":"Verband Deutscher Naturparke","article_published_time":"2015-02-18T07:13:32+00:00","article_modified_time":"2015-02-23T12:05:50+00:00","og_image":[{"width":180,"height":135,"url":"https:\/\/www.naturparkmagazin.de\/vdn\/wp-content\/uploads\/sites\/3\/Frhlingswald.jpg","type":"image\/jpeg"}],"author":"vdnnational","twitter_misc":{"Verfasst von":"vdnnational","Gesch\u00e4tzte Lesezeit":"2\u00a0Minuten"},"schema":{"@context":"https:\/\/schema.org","@graph":[{"@type":"WebPage","@id":"https:\/\/www.naturparkmagazin.de\/vdn\/frueh-erwacht-buschwindroeschen-und-co\/","url":"https:\/\/www.naturparkmagazin.de\/vdn\/frueh-erwacht-buschwindroeschen-und-co\/","name":"\"Fr\u00fch erwacht\" - Buschwindr\u00f6schen und Co.","isPartOf":{"@id":"https:\/\/www.naturparkmagazin.de\/vdn\/#website"},"datePublished":"2015-02-18T07:13:32+00:00","dateModified":"2015-02-23T12:05:50+00:00","author":{"@id":"https:\/\/www.naturparkmagazin.de\/vdn\/#\/schema\/person\/e28d931df83318a48d52ae72b08d2bfb"},"description":"Fr\u00fchbl\u00fcher, so werden Pflanzen genannt, die im zeitigen Fr\u00fchjahr vor der Laubentwicklung der B\u00e4ume eine wahre Bl\u00fctenpracht am Boden entfalten. Lichteinstrahlung und W\u00e4rme direkt \u00fcber dem Boden erm\u00f6glicht den Fr\u00fchbl\u00fchern besondere Wachstumsbedingungen.","breadcrumb":{"@id":"https:\/\/www.naturparkmagazin.de\/vdn\/frueh-erwacht-buschwindroeschen-und-co\/#breadcrumb"},"inLanguage":"de","potentialAction":[{"@type":"ReadAction","target":["https:\/\/www.naturparkmagazin.de\/vdn\/frueh-erwacht-buschwindroeschen-und-co\/"]}]},{"@type":"BreadcrumbList","@id":"https:\/\/www.naturparkmagazin.de\/vdn\/frueh-erwacht-buschwindroeschen-und-co\/#breadcrumb","itemListElement":[{"@type":"ListItem","position":1,"name":"Home","item":"https:\/\/www.naturparkmagazin.de\/vdn\/"},{"@type":"ListItem","position":2,"name":"&#8222;Fr\u00fch erwacht&#8220; &#8211; Buschwindr\u00f6schen und Co."}]},{"@type":"WebSite","@id":"https:\/\/www.naturparkmagazin.de\/vdn\/#website","url":"https:\/\/www.naturparkmagazin.de\/vdn\/","name":"Verband Deutscher Naturparke","description":"Eine weitere Naturparkmagazin.de Netzwerk Seite","potentialAction":[{"@type":"SearchAction","target":{"@type":"EntryPoint","urlTemplate":"https:\/\/www.naturparkmagazin.de\/vdn\/?s={search_term_string}"},"query-input":"required name=search_term_string"}],"inLanguage":"de"},{"@type":"Person","@id":"https:\/\/www.naturparkmagazin.de\/vdn\/#\/schema\/person\/e28d931df83318a48d52ae72b08d2bfb","name":"vdnnational","url":"https:\/\/www.naturparkmagazin.de\/vdn\/author\/vdnnational\/"}]}},"_links":{"self":[{"href":"https:\/\/www.naturparkmagazin.de\/vdn\/wp-json\/wp\/v2\/posts\/5071"}],"collection":[{"href":"https:\/\/www.naturparkmagazin.de\/vdn\/wp-json\/wp\/v2\/posts"}],"about":[{"href":"https:\/\/www.naturparkmagazin.de\/vdn\/wp-json\/wp\/v2\/types\/post"}],"author":[{"embeddable":true,"href":"https:\/\/www.naturparkmagazin.de\/vdn\/wp-json\/wp\/v2\/users\/14"}],"replies":[{"embeddable":true,"href":"https:\/\/www.naturparkmagazin.de\/vdn\/wp-json\/wp\/v2\/comments?post=5071"}],"version-history":[{"count":10,"href":"https:\/\/www.naturparkmagazin.de\/vdn\/wp-json\/wp\/v2\/posts\/5071\/revisions"}],"predecessor-version":[{"id":5130,"href":"https:\/\/www.naturparkmagazin.de\/vdn\/wp-json\/wp\/v2\/posts\/5071\/revisions\/5130"}],"wp:featuredmedia":[{"embeddable":true,"href":"https:\/\/www.naturparkmagazin.de\/vdn\/wp-json\/wp\/v2\/media\/5082"}],"wp:attachment":[{"href":"https:\/\/www.naturparkmagazin.de\/vdn\/wp-json\/wp\/v2\/media?parent=5071"}],"wp:term":[{"taxonomy":"category","embeddable":true,"href":"https:\/\/www.naturparkmagazin.de\/vdn\/wp-json\/wp\/v2\/categories?post=5071"},{"taxonomy":"post_tag","embeddable":true,"href":"https:\/\/www.naturparkmagazin.de\/vdn\/wp-json\/wp\/v2\/tags?post=5071"}],"curies":[{"name":"wp","href":"https:\/\/api.w.org\/{rel}","templated":true}]}}