{"id":5095,"date":"2015-02-18T08:59:21","date_gmt":"2015-02-18T07:59:21","guid":{"rendered":"http:\/\/www.naturparkmagazin.de\/vdn\/?p=5095"},"modified":"2015-02-25T11:09:22","modified_gmt":"2015-02-25T10:09:22","slug":"messeauftritt-vdn-auf-der-itb-2015","status":"publish","type":"post","link":"https:\/\/www.naturparkmagazin.de\/vdn\/messeauftritt-vdn-auf-der-itb-2015\/","title":{"rendered":"&#8222;Messeauftritt&#8220; &#8211; VDN auf der ITB 2015"},"content":{"rendered":"<div id=\"attachment_5100\" style=\"width: 510px\" class=\"wp-caption aligncenter\"><a href=\"https:\/\/www.naturparkmagazin.de\/vdn\/wp-content\/uploads\/sites\/3\/Lahn-Dill-Bergland-2011-087_beitrag.jpg\"><img aria-describedby=\"caption-attachment-5100\" decoding=\"async\" loading=\"lazy\" class=\"size-full wp-image-5100\" title=\"Copyright: Naturpark Lahn-Dill-Bergland\" alt=\"Copyright: Naturpark Lahn-Dill-Bergland\" src=\"https:\/\/www.naturparkmagazin.de\/vdn\/wp-content\/uploads\/sites\/3\/Lahn-Dill-Bergland-2011-087_beitrag.jpg\" width=\"500\" height=\"300\" srcset=\"https:\/\/www.naturparkmagazin.de\/vdn\/wp-content\/uploads\/sites\/3\/Lahn-Dill-Bergland-2011-087_beitrag.jpg 500w, https:\/\/www.naturparkmagazin.de\/vdn\/wp-content\/uploads\/sites\/3\/Lahn-Dill-Bergland-2011-087_beitrag-300x180.jpg 300w, https:\/\/www.naturparkmagazin.de\/vdn\/wp-content\/uploads\/sites\/3\/Lahn-Dill-Bergland-2011-087_beitrag-200x120.jpg 200w\" sizes=\"(max-width: 500px) 100vw, 500px\" \/><\/a><p id=\"caption-attachment-5100\" class=\"wp-caption-text\">Copyright: Naturpark Lahn-Dill-Bergland<\/p><\/div>\n<p>Vom 4. bis 8. M\u00e4rz 2015 findet in Berlin die Internationale Tourismusb\u00f6rse (ITB) statt. Nachhaltigkeit im Tourismus ist seit Jahren Bestandteil im Programm der ITB Berlin.<\/p>\n<p>In diesem Jahr wird der VDN wieder als Partner der Deutschen Zentrale f\u00fcr Tourismus (DZT) \u00fcber Naturparke in Deutschland und ihre Angebote f\u00fcr Naturerleben und nachhaltigen Tourismus informieren.<\/p>\n<p>Naturparke sind von Menschen gepr\u00e4gte besondere Landschaften zum Anfassen, Erleben und aktiv sein. Mensch und Natur sind hier eng verbunden. Das Herzst\u00fcck der Naturparke sind ihre sch\u00fctzenswerte Natur und ihre faszinierenden Landschaften, die durch jahrhundertelange Nutzung von Menschen gepr\u00e4gt worden sind. Diese Landschaften gemeinsam mit den Menschen und f\u00fcr die Menschen zu bewahren ist heute die gro\u00dfe Herausforderung.<\/p>\n<p>Nachhaltige Reiseangebote der deutschen Naturparke \u2013 erg\u00e4nzt durch Angebote der Naturparke aus Luxemburg, \u00d6sterreich und Schweiz \u2013 werden auf der Messe in der neuen Brosch\u00fcre \u201cReisen in die Naturparke 2015\u2033 vorgestellt.<\/p>\n<p><a href=\"http:\/\/www.itb-berlin.de\/ITBBerlin\/\" target=\"_blank\">Hier k\u00f6nnen Sie sich \u00fcber die ITB 2015 informieren<\/a><\/p>\n<p><a href=\"http:\/\/www.naturparke.de\/system\/librarydownloads\/183\/original\/Reisebrosch\u00fcre_2015_web.pdf?1415615662\" target=\"_blank\">Hier k\u00f6nnen Sie die Brosch\u00fcre &#8222;Reisen in die Naturparke 2015&#8220; downloaden<\/a><\/p>\n<p><a href=\"http:\/\/www.naturparke.de\/relaxation\/travels?cat=travels\" target=\"_blank\">Hier finden Sie weitere Reiseangebote aus Naturparken in Deutschland<\/a><\/p>\n<p>&nbsp;<\/p>\n<p>&nbsp;<\/p>\n","protected":false},"excerpt":{"rendered":"<p>Vom 4. bis 8. M\u00e4rz 2015 wird der VDN in Berlin auf der Internationalen Tourismusb\u00f6rse (ITB) \u00fcber die Naturparke in Deutschland und ihre Naturerlebnisangebote informieren.<\/p>\n","protected":false},"author":14,"featured_media":5101,"comment_status":"open","ping_status":"open","sticky":false,"template":"","format":"standard","meta":{"_links_to":"","_links_to_target":""},"categories":[7],"tags":[],"yoast_head":"<!-- This site is optimized with the Yoast SEO plugin v19.10 - https:\/\/yoast.com\/wordpress\/plugins\/seo\/ -->\n<title>&quot;Messeauftritt&quot; - VDN auf der ITB 2015<\/title>\n<meta name=\"description\" content=\"Vom 4. bis 8. M\u00e4rz 2015 wird der VDN in Berlin auf der Internationalen Tourismusb\u00f6rse (ITB) \u00fcber die Naturparke in Deutschland und ihre Naturerlebnisangebote informieren.\" \/>\n<meta name=\"robots\" content=\"index, follow, max-snippet:-1, max-image-preview:large, max-video-preview:-1\" \/>\n<link rel=\"canonical\" href=\"https:\/\/www.naturparkmagazin.de\/vdn\/messeauftritt-vdn-auf-der-itb-2015\/\" \/>\n<meta property=\"og:locale\" content=\"de_DE\" \/>\n<meta property=\"og:type\" content=\"article\" \/>\n<meta property=\"og:title\" content=\"&quot;Messeauftritt&quot; - VDN auf der ITB 2015\" \/>\n<meta property=\"og:description\" content=\"Vom 4. bis 8. M\u00e4rz 2015 wird der VDN in Berlin auf der Internationalen Tourismusb\u00f6rse (ITB) \u00fcber die Naturparke in Deutschland und ihre Naturerlebnisangebote informieren.\" \/>\n<meta property=\"og:url\" content=\"https:\/\/www.naturparkmagazin.de\/vdn\/messeauftritt-vdn-auf-der-itb-2015\/\" \/>\n<meta property=\"og:site_name\" content=\"Verband Deutscher Naturparke\" \/>\n<meta property=\"article:published_time\" content=\"2015-02-18T07:59:21+00:00\" \/>\n<meta property=\"article:modified_time\" content=\"2015-02-25T10:09:22+00:00\" \/>\n<meta property=\"og:image\" content=\"https:\/\/www.naturparkmagazin.de\/vdn\/wp-content\/uploads\/sites\/3\/Lahn-Dill-Bergland-2011-087_beitragsbild.jpg\" \/>\n\t<meta property=\"og:image:width\" content=\"180\" \/>\n\t<meta property=\"og:image:height\" content=\"135\" \/>\n\t<meta property=\"og:image:type\" content=\"image\/jpeg\" \/>\n<meta name=\"author\" content=\"vdnnational\" \/>\n<meta name=\"twitter:label1\" content=\"Verfasst von\" \/>\n\t<meta name=\"twitter:data1\" content=\"vdnnational\" \/>\n\t<meta name=\"twitter:label2\" content=\"Gesch\u00e4tzte Lesezeit\" \/>\n\t<meta name=\"twitter:data2\" content=\"1\u00a0Minute\" \/>\n<script type=\"application\/ld+json\" class=\"yoast-schema-graph\">{\"@context\":\"https:\/\/schema.org\",\"@graph\":[{\"@type\":\"WebPage\",\"@id\":\"https:\/\/www.naturparkmagazin.de\/vdn\/messeauftritt-vdn-auf-der-itb-2015\/\",\"url\":\"https:\/\/www.naturparkmagazin.de\/vdn\/messeauftritt-vdn-auf-der-itb-2015\/\",\"name\":\"\\\"Messeauftritt\\\" - VDN auf der ITB 2015\",\"isPartOf\":{\"@id\":\"https:\/\/www.naturparkmagazin.de\/vdn\/#website\"},\"datePublished\":\"2015-02-18T07:59:21+00:00\",\"dateModified\":\"2015-02-25T10:09:22+00:00\",\"author\":{\"@id\":\"https:\/\/www.naturparkmagazin.de\/vdn\/#\/schema\/person\/e28d931df83318a48d52ae72b08d2bfb\"},\"description\":\"Vom 4. bis 8. M\u00e4rz 2015 wird der VDN in Berlin auf der Internationalen Tourismusb\u00f6rse (ITB) \u00fcber die Naturparke in Deutschland und ihre Naturerlebnisangebote informieren.\",\"breadcrumb\":{\"@id\":\"https:\/\/www.naturparkmagazin.de\/vdn\/messeauftritt-vdn-auf-der-itb-2015\/#breadcrumb\"},\"inLanguage\":\"de\",\"potentialAction\":[{\"@type\":\"ReadAction\",\"target\":[\"https:\/\/www.naturparkmagazin.de\/vdn\/messeauftritt-vdn-auf-der-itb-2015\/\"]}]},{\"@type\":\"BreadcrumbList\",\"@id\":\"https:\/\/www.naturparkmagazin.de\/vdn\/messeauftritt-vdn-auf-der-itb-2015\/#breadcrumb\",\"itemListElement\":[{\"@type\":\"ListItem\",\"position\":1,\"name\":\"Home\",\"item\":\"https:\/\/www.naturparkmagazin.de\/vdn\/\"},{\"@type\":\"ListItem\",\"position\":2,\"name\":\"&#8222;Messeauftritt&#8220; &#8211; VDN auf der ITB 2015\"}]},{\"@type\":\"WebSite\",\"@id\":\"https:\/\/www.naturparkmagazin.de\/vdn\/#website\",\"url\":\"https:\/\/www.naturparkmagazin.de\/vdn\/\",\"name\":\"Verband Deutscher Naturparke\",\"description\":\"Eine weitere Naturparkmagazin.de Netzwerk Seite\",\"potentialAction\":[{\"@type\":\"SearchAction\",\"target\":{\"@type\":\"EntryPoint\",\"urlTemplate\":\"https:\/\/www.naturparkmagazin.de\/vdn\/?s={search_term_string}\"},\"query-input\":\"required name=search_term_string\"}],\"inLanguage\":\"de\"},{\"@type\":\"Person\",\"@id\":\"https:\/\/www.naturparkmagazin.de\/vdn\/#\/schema\/person\/e28d931df83318a48d52ae72b08d2bfb\",\"name\":\"vdnnational\",\"url\":\"https:\/\/www.naturparkmagazin.de\/vdn\/author\/vdnnational\/\"}]}<\/script>\n<!-- \/ Yoast SEO plugin. -->","yoast_head_json":{"title":"\"Messeauftritt\" - VDN auf der ITB 2015","description":"Vom 4. bis 8. M\u00e4rz 2015 wird der VDN in Berlin auf der Internationalen Tourismusb\u00f6rse (ITB) \u00fcber die Naturparke in Deutschland und ihre Naturerlebnisangebote informieren.","robots":{"index":"index","follow":"follow","max-snippet":"max-snippet:-1","max-image-preview":"max-image-preview:large","max-video-preview":"max-video-preview:-1"},"canonical":"https:\/\/www.naturparkmagazin.de\/vdn\/messeauftritt-vdn-auf-der-itb-2015\/","og_locale":"de_DE","og_type":"article","og_title":"\"Messeauftritt\" - VDN auf der ITB 2015","og_description":"Vom 4. bis 8. M\u00e4rz 2015 wird der VDN in Berlin auf der Internationalen Tourismusb\u00f6rse (ITB) \u00fcber die Naturparke in Deutschland und ihre Naturerlebnisangebote informieren.","og_url":"https:\/\/www.naturparkmagazin.de\/vdn\/messeauftritt-vdn-auf-der-itb-2015\/","og_site_name":"Verband Deutscher Naturparke","article_published_time":"2015-02-18T07:59:21+00:00","article_modified_time":"2015-02-25T10:09:22+00:00","og_image":[{"width":180,"height":135,"url":"https:\/\/www.naturparkmagazin.de\/vdn\/wp-content\/uploads\/sites\/3\/Lahn-Dill-Bergland-2011-087_beitragsbild.jpg","type":"image\/jpeg"}],"author":"vdnnational","twitter_misc":{"Verfasst von":"vdnnational","Gesch\u00e4tzte Lesezeit":"1\u00a0Minute"},"schema":{"@context":"https:\/\/schema.org","@graph":[{"@type":"WebPage","@id":"https:\/\/www.naturparkmagazin.de\/vdn\/messeauftritt-vdn-auf-der-itb-2015\/","url":"https:\/\/www.naturparkmagazin.de\/vdn\/messeauftritt-vdn-auf-der-itb-2015\/","name":"\"Messeauftritt\" - VDN auf der ITB 2015","isPartOf":{"@id":"https:\/\/www.naturparkmagazin.de\/vdn\/#website"},"datePublished":"2015-02-18T07:59:21+00:00","dateModified":"2015-02-25T10:09:22+00:00","author":{"@id":"https:\/\/www.naturparkmagazin.de\/vdn\/#\/schema\/person\/e28d931df83318a48d52ae72b08d2bfb"},"description":"Vom 4. bis 8. M\u00e4rz 2015 wird der VDN in Berlin auf der Internationalen Tourismusb\u00f6rse (ITB) \u00fcber die Naturparke in Deutschland und ihre Naturerlebnisangebote informieren.","breadcrumb":{"@id":"https:\/\/www.naturparkmagazin.de\/vdn\/messeauftritt-vdn-auf-der-itb-2015\/#breadcrumb"},"inLanguage":"de","potentialAction":[{"@type":"ReadAction","target":["https:\/\/www.naturparkmagazin.de\/vdn\/messeauftritt-vdn-auf-der-itb-2015\/"]}]},{"@type":"BreadcrumbList","@id":"https:\/\/www.naturparkmagazin.de\/vdn\/messeauftritt-vdn-auf-der-itb-2015\/#breadcrumb","itemListElement":[{"@type":"ListItem","position":1,"name":"Home","item":"https:\/\/www.naturparkmagazin.de\/vdn\/"},{"@type":"ListItem","position":2,"name":"&#8222;Messeauftritt&#8220; &#8211; VDN auf der ITB 2015"}]},{"@type":"WebSite","@id":"https:\/\/www.naturparkmagazin.de\/vdn\/#website","url":"https:\/\/www.naturparkmagazin.de\/vdn\/","name":"Verband Deutscher Naturparke","description":"Eine weitere Naturparkmagazin.de Netzwerk Seite","potentialAction":[{"@type":"SearchAction","target":{"@type":"EntryPoint","urlTemplate":"https:\/\/www.naturparkmagazin.de\/vdn\/?s={search_term_string}"},"query-input":"required name=search_term_string"}],"inLanguage":"de"},{"@type":"Person","@id":"https:\/\/www.naturparkmagazin.de\/vdn\/#\/schema\/person\/e28d931df83318a48d52ae72b08d2bfb","name":"vdnnational","url":"https:\/\/www.naturparkmagazin.de\/vdn\/author\/vdnnational\/"}]}},"_links":{"self":[{"href":"https:\/\/www.naturparkmagazin.de\/vdn\/wp-json\/wp\/v2\/posts\/5095"}],"collection":[{"href":"https:\/\/www.naturparkmagazin.de\/vdn\/wp-json\/wp\/v2\/posts"}],"about":[{"href":"https:\/\/www.naturparkmagazin.de\/vdn\/wp-json\/wp\/v2\/types\/post"}],"author":[{"embeddable":true,"href":"https:\/\/www.naturparkmagazin.de\/vdn\/wp-json\/wp\/v2\/users\/14"}],"replies":[{"embeddable":true,"href":"https:\/\/www.naturparkmagazin.de\/vdn\/wp-json\/wp\/v2\/comments?post=5095"}],"version-history":[{"count":10,"href":"https:\/\/www.naturparkmagazin.de\/vdn\/wp-json\/wp\/v2\/posts\/5095\/revisions"}],"predecessor-version":[{"id":5148,"href":"https:\/\/www.naturparkmagazin.de\/vdn\/wp-json\/wp\/v2\/posts\/5095\/revisions\/5148"}],"wp:featuredmedia":[{"embeddable":true,"href":"https:\/\/www.naturparkmagazin.de\/vdn\/wp-json\/wp\/v2\/media\/5101"}],"wp:attachment":[{"href":"https:\/\/www.naturparkmagazin.de\/vdn\/wp-json\/wp\/v2\/media?parent=5095"}],"wp:term":[{"taxonomy":"category","embeddable":true,"href":"https:\/\/www.naturparkmagazin.de\/vdn\/wp-json\/wp\/v2\/categories?post=5095"},{"taxonomy":"post_tag","embeddable":true,"href":"https:\/\/www.naturparkmagazin.de\/vdn\/wp-json\/wp\/v2\/tags?post=5095"}],"curies":[{"name":"wp","href":"https:\/\/api.w.org\/{rel}","templated":true}]}}