{"id":5155,"date":"2015-03-18T13:01:40","date_gmt":"2015-03-18T12:01:40","guid":{"rendered":"http:\/\/www.naturparkmagazin.de\/vdn\/?p=5155"},"modified":"2015-03-19T11:04:01","modified_gmt":"2015-03-19T10:04:01","slug":"mediterranes-wuerzoel-aus-dem-naturpark-solling-vogler","status":"publish","type":"post","link":"https:\/\/www.naturparkmagazin.de\/vdn\/mediterranes-wuerzoel-aus-dem-naturpark-solling-vogler\/","title":{"rendered":"Mediterranes W\u00fcrz\u00f6l aus dem Naturpark Solling-Vogler"},"content":{"rendered":"<div id=\"attachment_5156\" style=\"width: 813px\" class=\"wp-caption aligncenter\"><a href=\"https:\/\/www.naturparkmagazin.de\/vdn\/wp-content\/uploads\/sites\/3\/W\u00fcrz\u00f6l-Beitrag.jpg\"><img aria-describedby=\"caption-attachment-5156\" decoding=\"async\" loading=\"lazy\" class=\"size-full wp-image-5156 \" title=\"Mediterranes W\u00fcrz\u00f6l copyright: Naturgenuss GmbH\" alt=\"Mediterranes W\u00fcrz\u00f6l copyright: Naturgenuss GmbH\" src=\"https:\/\/www.naturparkmagazin.de\/vdn\/wp-content\/uploads\/sites\/3\/W\u00fcrz\u00f6l-Beitrag.jpg\" width=\"803\" height=\"500\" srcset=\"https:\/\/www.naturparkmagazin.de\/vdn\/wp-content\/uploads\/sites\/3\/W\u00fcrz\u00f6l-Beitrag.jpg 803w, https:\/\/www.naturparkmagazin.de\/vdn\/wp-content\/uploads\/sites\/3\/W\u00fcrz\u00f6l-Beitrag-300x187.jpg 300w, https:\/\/www.naturparkmagazin.de\/vdn\/wp-content\/uploads\/sites\/3\/W\u00fcrz\u00f6l-Beitrag-620x386.jpg 620w, https:\/\/www.naturparkmagazin.de\/vdn\/wp-content\/uploads\/sites\/3\/W\u00fcrz\u00f6l-Beitrag-670x417.jpg 670w, https:\/\/www.naturparkmagazin.de\/vdn\/wp-content\/uploads\/sites\/3\/W\u00fcrz\u00f6l-Beitrag-200x125.jpg 200w\" sizes=\"(max-width: 803px) 100vw, 803px\" \/><\/a><p id=\"caption-attachment-5156\" class=\"wp-caption-text\">Mediterranes W\u00fcrz\u00f6l copyright: Naturgenuss GmbH<\/p><\/div>\n<p>Das Produkt des Monats April ist das Mediterrane W\u00fcrz\u00f6l aus dem Naturpark Solling-Vogler<\/p>\n<p>F\u00fcr dieses W\u00fcrz\u00f6l wird ungesch\u00e4lte Rapssaat mit einer Gew\u00fcrzkomposition aus Paprika, Oregano, Pfeffer, Basilikum, Koriander, Rosmarin, Senfk\u00f6rnern, Thymian, Zwiebeln und Majoran m\u00fchlenfrisch kalt gepresst. Das Resultat passt bestens zu Rezepten aus dem Mittelmeerraum, wie zum Beispiel Pizza und Pasta.<\/p>\n<p>Qualit\u00e4t statt Masse &#8211; so lautet die Devise in der \u00d6lm\u00fchle Solling. In ihrem kleinen Betrieb in Boffzen, nahe Holzminden im Weserbergland zwischen Hannover und G\u00f6ttingen gelegen, verarbeiten Gudrun und Werner Baensch seit 1995 \u00d6lsaaten und N\u00fcsse aus anerkannt \u00f6kologischem Landbau zu hochwertigen BIO-\u00d6lspezialit\u00e4ten.<\/p>\n<p>Das W\u00fcrz\u00f6l aus dem Naturpark Solling-Vogler\u00a0 sowie viele weitere Spezialit\u00e4ten aus Naturparken k\u00f6nnen Sie im<a href=\"http:\/\/www.naturpark-spezialitaeten.de\/\"> Naturpark-Spezialit\u00e4ten-Shop<\/a>bestellen.<\/p>\n<p>&nbsp;<\/p>\n","protected":false},"excerpt":{"rendered":"<p>Qualit\u00e4t statt Masse &#8211; so lautet die Devise in der \u00d6lm\u00fchle Solling, wo Familie Beansch seit 1995 \u00d6lsaaten und N\u00fcsse zu hochwertigen BIO-\u00d6lspezialit\u00e4ten verarbeitet. Eines der Produkte ist das Mediterrane W\u00fcrz\u00f6l, das wir Ihnen im April vorstellen m\u00f6chten.<\/p>\n","protected":false},"author":14,"featured_media":5157,"comment_status":"open","ping_status":"open","sticky":false,"template":"","format":"standard","meta":{"_links_to":"","_links_to_target":""},"categories":[13],"tags":[316,3155,91,3151],"yoast_head":"<!-- This site is optimized with the Yoast SEO plugin v19.10 - https:\/\/yoast.com\/wordpress\/plugins\/seo\/ -->\n<title>Mediterranes W\u00fcrz\u00f6l aus dem Naturpark Solling-Vogler<\/title>\n<meta name=\"description\" content=\"Qualit\u00e4t statt Masse - so lautet die Devise in der \u00d6lm\u00fchle Solling, wo Familie Beansch seit 1995 \u00d6lsaaten und N\u00fcsse zu hochwertigen BIO-\u00d6lspezialit\u00e4ten verarbeitet. Eines der Produkte ist das Mediterrane W\u00fcrz\u00f6l, das wir Ihnen im April vorstellen m\u00f6chten.\" \/>\n<meta name=\"robots\" content=\"index, follow, max-snippet:-1, max-image-preview:large, max-video-preview:-1\" \/>\n<link rel=\"canonical\" href=\"https:\/\/www.naturparkmagazin.de\/vdn\/mediterranes-wuerzoel-aus-dem-naturpark-solling-vogler\/\" \/>\n<meta property=\"og:locale\" content=\"de_DE\" \/>\n<meta property=\"og:type\" content=\"article\" \/>\n<meta property=\"og:title\" content=\"Mediterranes W\u00fcrz\u00f6l aus dem Naturpark Solling-Vogler\" \/>\n<meta property=\"og:description\" content=\"Qualit\u00e4t statt Masse - so lautet die Devise in der \u00d6lm\u00fchle Solling, wo Familie Beansch seit 1995 \u00d6lsaaten und N\u00fcsse zu hochwertigen BIO-\u00d6lspezialit\u00e4ten verarbeitet. Eines der Produkte ist das Mediterrane W\u00fcrz\u00f6l, das wir Ihnen im April vorstellen m\u00f6chten.\" \/>\n<meta property=\"og:url\" content=\"https:\/\/www.naturparkmagazin.de\/vdn\/mediterranes-wuerzoel-aus-dem-naturpark-solling-vogler\/\" \/>\n<meta property=\"og:site_name\" content=\"Verband Deutscher Naturparke\" \/>\n<meta property=\"article:published_time\" content=\"2015-03-18T12:01:40+00:00\" \/>\n<meta property=\"article:modified_time\" content=\"2015-03-19T10:04:01+00:00\" \/>\n<meta property=\"og:image\" content=\"https:\/\/www.naturparkmagazin.de\/vdn\/wp-content\/uploads\/sites\/3\/W\u00fcrz\u00f6l-Beitragsfoto.jpg\" \/>\n\t<meta property=\"og:image:width\" content=\"3000\" \/>\n\t<meta property=\"og:image:height\" content=\"2180\" \/>\n\t<meta property=\"og:image:type\" content=\"image\/jpeg\" \/>\n<meta name=\"author\" content=\"vdnnational\" \/>\n<meta name=\"twitter:label1\" content=\"Verfasst von\" \/>\n\t<meta name=\"twitter:data1\" content=\"vdnnational\" \/>\n\t<meta name=\"twitter:label2\" content=\"Gesch\u00e4tzte Lesezeit\" \/>\n\t<meta name=\"twitter:data2\" content=\"1\u00a0Minute\" \/>\n<script type=\"application\/ld+json\" class=\"yoast-schema-graph\">{\"@context\":\"https:\/\/schema.org\",\"@graph\":[{\"@type\":\"WebPage\",\"@id\":\"https:\/\/www.naturparkmagazin.de\/vdn\/mediterranes-wuerzoel-aus-dem-naturpark-solling-vogler\/\",\"url\":\"https:\/\/www.naturparkmagazin.de\/vdn\/mediterranes-wuerzoel-aus-dem-naturpark-solling-vogler\/\",\"name\":\"Mediterranes W\u00fcrz\u00f6l aus dem Naturpark Solling-Vogler\",\"isPartOf\":{\"@id\":\"https:\/\/www.naturparkmagazin.de\/vdn\/#website\"},\"datePublished\":\"2015-03-18T12:01:40+00:00\",\"dateModified\":\"2015-03-19T10:04:01+00:00\",\"author\":{\"@id\":\"https:\/\/www.naturparkmagazin.de\/vdn\/#\/schema\/person\/e28d931df83318a48d52ae72b08d2bfb\"},\"description\":\"Qualit\u00e4t statt Masse - so lautet die Devise in der \u00d6lm\u00fchle Solling, wo Familie Beansch seit 1995 \u00d6lsaaten und N\u00fcsse zu hochwertigen BIO-\u00d6lspezialit\u00e4ten verarbeitet. Eines der Produkte ist das Mediterrane W\u00fcrz\u00f6l, das wir Ihnen im April vorstellen m\u00f6chten.\",\"breadcrumb\":{\"@id\":\"https:\/\/www.naturparkmagazin.de\/vdn\/mediterranes-wuerzoel-aus-dem-naturpark-solling-vogler\/#breadcrumb\"},\"inLanguage\":\"de\",\"potentialAction\":[{\"@type\":\"ReadAction\",\"target\":[\"https:\/\/www.naturparkmagazin.de\/vdn\/mediterranes-wuerzoel-aus-dem-naturpark-solling-vogler\/\"]}]},{\"@type\":\"BreadcrumbList\",\"@id\":\"https:\/\/www.naturparkmagazin.de\/vdn\/mediterranes-wuerzoel-aus-dem-naturpark-solling-vogler\/#breadcrumb\",\"itemListElement\":[{\"@type\":\"ListItem\",\"position\":1,\"name\":\"Home\",\"item\":\"https:\/\/www.naturparkmagazin.de\/vdn\/\"},{\"@type\":\"ListItem\",\"position\":2,\"name\":\"Mediterranes W\u00fcrz\u00f6l aus dem Naturpark Solling-Vogler\"}]},{\"@type\":\"WebSite\",\"@id\":\"https:\/\/www.naturparkmagazin.de\/vdn\/#website\",\"url\":\"https:\/\/www.naturparkmagazin.de\/vdn\/\",\"name\":\"Verband Deutscher Naturparke\",\"description\":\"Eine weitere Naturparkmagazin.de Netzwerk Seite\",\"potentialAction\":[{\"@type\":\"SearchAction\",\"target\":{\"@type\":\"EntryPoint\",\"urlTemplate\":\"https:\/\/www.naturparkmagazin.de\/vdn\/?s={search_term_string}\"},\"query-input\":\"required name=search_term_string\"}],\"inLanguage\":\"de\"},{\"@type\":\"Person\",\"@id\":\"https:\/\/www.naturparkmagazin.de\/vdn\/#\/schema\/person\/e28d931df83318a48d52ae72b08d2bfb\",\"name\":\"vdnnational\",\"url\":\"https:\/\/www.naturparkmagazin.de\/vdn\/author\/vdnnational\/\"}]}<\/script>\n<!-- \/ Yoast SEO plugin. -->","yoast_head_json":{"title":"Mediterranes W\u00fcrz\u00f6l aus dem Naturpark Solling-Vogler","description":"Qualit\u00e4t statt Masse - so lautet die Devise in der \u00d6lm\u00fchle Solling, wo Familie Beansch seit 1995 \u00d6lsaaten und N\u00fcsse zu hochwertigen BIO-\u00d6lspezialit\u00e4ten verarbeitet. Eines der Produkte ist das Mediterrane W\u00fcrz\u00f6l, das wir Ihnen im April vorstellen m\u00f6chten.","robots":{"index":"index","follow":"follow","max-snippet":"max-snippet:-1","max-image-preview":"max-image-preview:large","max-video-preview":"max-video-preview:-1"},"canonical":"https:\/\/www.naturparkmagazin.de\/vdn\/mediterranes-wuerzoel-aus-dem-naturpark-solling-vogler\/","og_locale":"de_DE","og_type":"article","og_title":"Mediterranes W\u00fcrz\u00f6l aus dem Naturpark Solling-Vogler","og_description":"Qualit\u00e4t statt Masse - so lautet die Devise in der \u00d6lm\u00fchle Solling, wo Familie Beansch seit 1995 \u00d6lsaaten und N\u00fcsse zu hochwertigen BIO-\u00d6lspezialit\u00e4ten verarbeitet. Eines der Produkte ist das Mediterrane W\u00fcrz\u00f6l, das wir Ihnen im April vorstellen m\u00f6chten.","og_url":"https:\/\/www.naturparkmagazin.de\/vdn\/mediterranes-wuerzoel-aus-dem-naturpark-solling-vogler\/","og_site_name":"Verband Deutscher Naturparke","article_published_time":"2015-03-18T12:01:40+00:00","article_modified_time":"2015-03-19T10:04:01+00:00","og_image":[{"width":3000,"height":2180,"url":"https:\/\/www.naturparkmagazin.de\/vdn\/wp-content\/uploads\/sites\/3\/W\u00fcrz\u00f6l-Beitragsfoto.jpg","type":"image\/jpeg"}],"author":"vdnnational","twitter_misc":{"Verfasst von":"vdnnational","Gesch\u00e4tzte Lesezeit":"1\u00a0Minute"},"schema":{"@context":"https:\/\/schema.org","@graph":[{"@type":"WebPage","@id":"https:\/\/www.naturparkmagazin.de\/vdn\/mediterranes-wuerzoel-aus-dem-naturpark-solling-vogler\/","url":"https:\/\/www.naturparkmagazin.de\/vdn\/mediterranes-wuerzoel-aus-dem-naturpark-solling-vogler\/","name":"Mediterranes W\u00fcrz\u00f6l aus dem Naturpark Solling-Vogler","isPartOf":{"@id":"https:\/\/www.naturparkmagazin.de\/vdn\/#website"},"datePublished":"2015-03-18T12:01:40+00:00","dateModified":"2015-03-19T10:04:01+00:00","author":{"@id":"https:\/\/www.naturparkmagazin.de\/vdn\/#\/schema\/person\/e28d931df83318a48d52ae72b08d2bfb"},"description":"Qualit\u00e4t statt Masse - so lautet die Devise in der \u00d6lm\u00fchle Solling, wo Familie Beansch seit 1995 \u00d6lsaaten und N\u00fcsse zu hochwertigen BIO-\u00d6lspezialit\u00e4ten verarbeitet. Eines der Produkte ist das Mediterrane W\u00fcrz\u00f6l, das wir Ihnen im April vorstellen m\u00f6chten.","breadcrumb":{"@id":"https:\/\/www.naturparkmagazin.de\/vdn\/mediterranes-wuerzoel-aus-dem-naturpark-solling-vogler\/#breadcrumb"},"inLanguage":"de","potentialAction":[{"@type":"ReadAction","target":["https:\/\/www.naturparkmagazin.de\/vdn\/mediterranes-wuerzoel-aus-dem-naturpark-solling-vogler\/"]}]},{"@type":"BreadcrumbList","@id":"https:\/\/www.naturparkmagazin.de\/vdn\/mediterranes-wuerzoel-aus-dem-naturpark-solling-vogler\/#breadcrumb","itemListElement":[{"@type":"ListItem","position":1,"name":"Home","item":"https:\/\/www.naturparkmagazin.de\/vdn\/"},{"@type":"ListItem","position":2,"name":"Mediterranes W\u00fcrz\u00f6l aus dem Naturpark Solling-Vogler"}]},{"@type":"WebSite","@id":"https:\/\/www.naturparkmagazin.de\/vdn\/#website","url":"https:\/\/www.naturparkmagazin.de\/vdn\/","name":"Verband Deutscher Naturparke","description":"Eine weitere Naturparkmagazin.de Netzwerk Seite","potentialAction":[{"@type":"SearchAction","target":{"@type":"EntryPoint","urlTemplate":"https:\/\/www.naturparkmagazin.de\/vdn\/?s={search_term_string}"},"query-input":"required name=search_term_string"}],"inLanguage":"de"},{"@type":"Person","@id":"https:\/\/www.naturparkmagazin.de\/vdn\/#\/schema\/person\/e28d931df83318a48d52ae72b08d2bfb","name":"vdnnational","url":"https:\/\/www.naturparkmagazin.de\/vdn\/author\/vdnnational\/"}]}},"_links":{"self":[{"href":"https:\/\/www.naturparkmagazin.de\/vdn\/wp-json\/wp\/v2\/posts\/5155"}],"collection":[{"href":"https:\/\/www.naturparkmagazin.de\/vdn\/wp-json\/wp\/v2\/posts"}],"about":[{"href":"https:\/\/www.naturparkmagazin.de\/vdn\/wp-json\/wp\/v2\/types\/post"}],"author":[{"embeddable":true,"href":"https:\/\/www.naturparkmagazin.de\/vdn\/wp-json\/wp\/v2\/users\/14"}],"replies":[{"embeddable":true,"href":"https:\/\/www.naturparkmagazin.de\/vdn\/wp-json\/wp\/v2\/comments?post=5155"}],"version-history":[{"count":4,"href":"https:\/\/www.naturparkmagazin.de\/vdn\/wp-json\/wp\/v2\/posts\/5155\/revisions"}],"predecessor-version":[{"id":5253,"href":"https:\/\/www.naturparkmagazin.de\/vdn\/wp-json\/wp\/v2\/posts\/5155\/revisions\/5253"}],"wp:featuredmedia":[{"embeddable":true,"href":"https:\/\/www.naturparkmagazin.de\/vdn\/wp-json\/wp\/v2\/media\/5157"}],"wp:attachment":[{"href":"https:\/\/www.naturparkmagazin.de\/vdn\/wp-json\/wp\/v2\/media?parent=5155"}],"wp:term":[{"taxonomy":"category","embeddable":true,"href":"https:\/\/www.naturparkmagazin.de\/vdn\/wp-json\/wp\/v2\/categories?post=5155"},{"taxonomy":"post_tag","embeddable":true,"href":"https:\/\/www.naturparkmagazin.de\/vdn\/wp-json\/wp\/v2\/tags?post=5155"}],"curies":[{"name":"wp","href":"https:\/\/api.w.org\/{rel}","templated":true}]}}