{"id":5166,"date":"2015-03-18T10:50:31","date_gmt":"2015-03-18T09:50:31","guid":{"rendered":"http:\/\/www.naturparkmagazin.de\/vdn\/?p=5166"},"modified":"2015-03-18T11:27:56","modified_gmt":"2015-03-18T10:27:56","slug":"liebe-leserin-lieber-leser-20","status":"publish","type":"post","link":"https:\/\/www.naturparkmagazin.de\/vdn\/liebe-leserin-lieber-leser-20\/","title":{"rendered":"Liebe Leserin, lieber Leser,"},"content":{"rendered":"<p>schon seit jeher freuen sich die Menschen \u00fcber die R\u00fcckkehr der ersten Zugv\u00f6gel als untr\u00fcgliches Zeichen, dass der Fr\u00fchling vor der T\u00fcr steht. Vogelarten wie Rauch- und Mehlschwalben, Mauersegler oder Gartengrasm\u00fccke kehren dann in unsere Landschaften, D\u00f6rfer und St\u00e4dte zur\u00fcck, wenn wir ihnen dort entsprechende Lebensbedingungen bieten. Heimische B\u00e4ume, Hecken, kr\u00e4uterreiche Wiesen, dazu Wasser, Nischen im Mauerwerk, Steinw\u00e4lle, Altholz und andere Kleinstrukturen schaffen vielf\u00e4ltige Lebensr\u00e4ume. So kann sich schon auf kleinstem Raum eine artenreiche Vogelwelt entwickeln und diese erhalten bleiben.<\/p>\n<p>Naturparke engagieren sich f\u00fcr die Biologische Vielfalt in Landschaft, D\u00f6rfern und St\u00e4dten und machen diese auf ihren Veranstaltungen zum Erlebnis. Lesen Sie mehr hierzu sowie zu weiteren Themen, Veranstaltungsterminen und Aktivit\u00e4ten in der April-Ausgabe unseres Newsletters.<\/p>\n<p>Viel Spa\u00df beim Lesen w\u00fcnscht Ihnen<\/p>\n<p>Ihr Naturparkteam<\/p>\n<p>&nbsp;<\/p>\n<p>&nbsp;<\/p>\n","protected":false},"excerpt":{"rendered":"<p>schon seit jeher freuen sich die Menschen \u00fcber die R\u00fcckkehr der ersten Zugv\u00f6gel als untr\u00fcgliches Zeichen, dass der Fr\u00fchling vor der T\u00fcr steht. Vogelarten wie Rauch- und Mehlschwalben, Mauersegler oder Gartengrasm\u00fccke kehren dann in unsere Landschaften, D\u00f6rfer und St\u00e4dte zur\u00fcck, wenn wir ihnen dort entsprechende Lebensbedingungen bieten. Heimische B\u00e4ume, Hecken, kr\u00e4uterreiche Wiesen, dazu Wasser, Nischen<\/p>\n","protected":false},"author":14,"featured_media":0,"comment_status":"open","ping_status":"open","sticky":false,"template":"","format":"standard","meta":{"_links_to":"","_links_to_target":""},"categories":[52],"tags":[],"yoast_head":"<!-- This site is optimized with the Yoast SEO plugin v19.10 - https:\/\/yoast.com\/wordpress\/plugins\/seo\/ -->\n<title>Liebe Leserin, lieber Leser,<\/title>\n<meta name=\"description\" content=\"schon seit jeher freuen sich die Menschen \u00fcber die R\u00fcckkehr der ersten Zugv\u00f6gel als untr\u00fcgliches Zeichen, dass der Fr\u00fchling vor der T\u00fcr steht. Vogelarten\" \/>\n<meta name=\"robots\" content=\"index, follow, max-snippet:-1, max-image-preview:large, max-video-preview:-1\" \/>\n<link rel=\"canonical\" href=\"https:\/\/www.naturparkmagazin.de\/vdn\/liebe-leserin-lieber-leser-20\/\" \/>\n<meta property=\"og:locale\" content=\"de_DE\" \/>\n<meta property=\"og:type\" content=\"article\" \/>\n<meta property=\"og:title\" content=\"Liebe Leserin, lieber Leser,\" \/>\n<meta property=\"og:description\" content=\"schon seit jeher freuen sich die Menschen \u00fcber die R\u00fcckkehr der ersten Zugv\u00f6gel als untr\u00fcgliches Zeichen, dass der Fr\u00fchling vor der T\u00fcr steht. Vogelarten\" \/>\n<meta property=\"og:url\" content=\"https:\/\/www.naturparkmagazin.de\/vdn\/liebe-leserin-lieber-leser-20\/\" \/>\n<meta property=\"og:site_name\" content=\"Verband Deutscher Naturparke\" \/>\n<meta property=\"article:published_time\" content=\"2015-03-18T09:50:31+00:00\" \/>\n<meta property=\"article:modified_time\" content=\"2015-03-18T10:27:56+00:00\" \/>\n<meta name=\"author\" content=\"vdnnational\" \/>\n<meta name=\"twitter:label1\" content=\"Verfasst von\" \/>\n\t<meta name=\"twitter:data1\" content=\"vdnnational\" \/>\n\t<meta name=\"twitter:label2\" content=\"Gesch\u00e4tzte Lesezeit\" \/>\n\t<meta name=\"twitter:data2\" content=\"1\u00a0Minute\" \/>\n<script type=\"application\/ld+json\" class=\"yoast-schema-graph\">{\"@context\":\"https:\/\/schema.org\",\"@graph\":[{\"@type\":\"WebPage\",\"@id\":\"https:\/\/www.naturparkmagazin.de\/vdn\/liebe-leserin-lieber-leser-20\/\",\"url\":\"https:\/\/www.naturparkmagazin.de\/vdn\/liebe-leserin-lieber-leser-20\/\",\"name\":\"Liebe Leserin, lieber Leser,\",\"isPartOf\":{\"@id\":\"https:\/\/www.naturparkmagazin.de\/vdn\/#website\"},\"datePublished\":\"2015-03-18T09:50:31+00:00\",\"dateModified\":\"2015-03-18T10:27:56+00:00\",\"author\":{\"@id\":\"https:\/\/www.naturparkmagazin.de\/vdn\/#\/schema\/person\/e28d931df83318a48d52ae72b08d2bfb\"},\"description\":\"schon seit jeher freuen sich die Menschen \u00fcber die R\u00fcckkehr der ersten Zugv\u00f6gel als untr\u00fcgliches Zeichen, dass der Fr\u00fchling vor der T\u00fcr steht. Vogelarten\",\"breadcrumb\":{\"@id\":\"https:\/\/www.naturparkmagazin.de\/vdn\/liebe-leserin-lieber-leser-20\/#breadcrumb\"},\"inLanguage\":\"de\",\"potentialAction\":[{\"@type\":\"ReadAction\",\"target\":[\"https:\/\/www.naturparkmagazin.de\/vdn\/liebe-leserin-lieber-leser-20\/\"]}]},{\"@type\":\"BreadcrumbList\",\"@id\":\"https:\/\/www.naturparkmagazin.de\/vdn\/liebe-leserin-lieber-leser-20\/#breadcrumb\",\"itemListElement\":[{\"@type\":\"ListItem\",\"position\":1,\"name\":\"Home\",\"item\":\"https:\/\/www.naturparkmagazin.de\/vdn\/\"},{\"@type\":\"ListItem\",\"position\":2,\"name\":\"Liebe Leserin, lieber Leser,\"}]},{\"@type\":\"WebSite\",\"@id\":\"https:\/\/www.naturparkmagazin.de\/vdn\/#website\",\"url\":\"https:\/\/www.naturparkmagazin.de\/vdn\/\",\"name\":\"Verband Deutscher Naturparke\",\"description\":\"Eine weitere Naturparkmagazin.de Netzwerk Seite\",\"potentialAction\":[{\"@type\":\"SearchAction\",\"target\":{\"@type\":\"EntryPoint\",\"urlTemplate\":\"https:\/\/www.naturparkmagazin.de\/vdn\/?s={search_term_string}\"},\"query-input\":\"required name=search_term_string\"}],\"inLanguage\":\"de\"},{\"@type\":\"Person\",\"@id\":\"https:\/\/www.naturparkmagazin.de\/vdn\/#\/schema\/person\/e28d931df83318a48d52ae72b08d2bfb\",\"name\":\"vdnnational\",\"url\":\"https:\/\/www.naturparkmagazin.de\/vdn\/author\/vdnnational\/\"}]}<\/script>\n<!-- \/ Yoast SEO plugin. -->","yoast_head_json":{"title":"Liebe Leserin, lieber Leser,","description":"schon seit jeher freuen sich die Menschen \u00fcber die R\u00fcckkehr der ersten Zugv\u00f6gel als untr\u00fcgliches Zeichen, dass der Fr\u00fchling vor der T\u00fcr steht. Vogelarten","robots":{"index":"index","follow":"follow","max-snippet":"max-snippet:-1","max-image-preview":"max-image-preview:large","max-video-preview":"max-video-preview:-1"},"canonical":"https:\/\/www.naturparkmagazin.de\/vdn\/liebe-leserin-lieber-leser-20\/","og_locale":"de_DE","og_type":"article","og_title":"Liebe Leserin, lieber Leser,","og_description":"schon seit jeher freuen sich die Menschen \u00fcber die R\u00fcckkehr der ersten Zugv\u00f6gel als untr\u00fcgliches Zeichen, dass der Fr\u00fchling vor der T\u00fcr steht. Vogelarten","og_url":"https:\/\/www.naturparkmagazin.de\/vdn\/liebe-leserin-lieber-leser-20\/","og_site_name":"Verband Deutscher Naturparke","article_published_time":"2015-03-18T09:50:31+00:00","article_modified_time":"2015-03-18T10:27:56+00:00","author":"vdnnational","twitter_misc":{"Verfasst von":"vdnnational","Gesch\u00e4tzte Lesezeit":"1\u00a0Minute"},"schema":{"@context":"https:\/\/schema.org","@graph":[{"@type":"WebPage","@id":"https:\/\/www.naturparkmagazin.de\/vdn\/liebe-leserin-lieber-leser-20\/","url":"https:\/\/www.naturparkmagazin.de\/vdn\/liebe-leserin-lieber-leser-20\/","name":"Liebe Leserin, lieber Leser,","isPartOf":{"@id":"https:\/\/www.naturparkmagazin.de\/vdn\/#website"},"datePublished":"2015-03-18T09:50:31+00:00","dateModified":"2015-03-18T10:27:56+00:00","author":{"@id":"https:\/\/www.naturparkmagazin.de\/vdn\/#\/schema\/person\/e28d931df83318a48d52ae72b08d2bfb"},"description":"schon seit jeher freuen sich die Menschen \u00fcber die R\u00fcckkehr der ersten Zugv\u00f6gel als untr\u00fcgliches Zeichen, dass der Fr\u00fchling vor der T\u00fcr steht. Vogelarten","breadcrumb":{"@id":"https:\/\/www.naturparkmagazin.de\/vdn\/liebe-leserin-lieber-leser-20\/#breadcrumb"},"inLanguage":"de","potentialAction":[{"@type":"ReadAction","target":["https:\/\/www.naturparkmagazin.de\/vdn\/liebe-leserin-lieber-leser-20\/"]}]},{"@type":"BreadcrumbList","@id":"https:\/\/www.naturparkmagazin.de\/vdn\/liebe-leserin-lieber-leser-20\/#breadcrumb","itemListElement":[{"@type":"ListItem","position":1,"name":"Home","item":"https:\/\/www.naturparkmagazin.de\/vdn\/"},{"@type":"ListItem","position":2,"name":"Liebe Leserin, lieber Leser,"}]},{"@type":"WebSite","@id":"https:\/\/www.naturparkmagazin.de\/vdn\/#website","url":"https:\/\/www.naturparkmagazin.de\/vdn\/","name":"Verband Deutscher Naturparke","description":"Eine weitere Naturparkmagazin.de Netzwerk Seite","potentialAction":[{"@type":"SearchAction","target":{"@type":"EntryPoint","urlTemplate":"https:\/\/www.naturparkmagazin.de\/vdn\/?s={search_term_string}"},"query-input":"required name=search_term_string"}],"inLanguage":"de"},{"@type":"Person","@id":"https:\/\/www.naturparkmagazin.de\/vdn\/#\/schema\/person\/e28d931df83318a48d52ae72b08d2bfb","name":"vdnnational","url":"https:\/\/www.naturparkmagazin.de\/vdn\/author\/vdnnational\/"}]}},"_links":{"self":[{"href":"https:\/\/www.naturparkmagazin.de\/vdn\/wp-json\/wp\/v2\/posts\/5166"}],"collection":[{"href":"https:\/\/www.naturparkmagazin.de\/vdn\/wp-json\/wp\/v2\/posts"}],"about":[{"href":"https:\/\/www.naturparkmagazin.de\/vdn\/wp-json\/wp\/v2\/types\/post"}],"author":[{"embeddable":true,"href":"https:\/\/www.naturparkmagazin.de\/vdn\/wp-json\/wp\/v2\/users\/14"}],"replies":[{"embeddable":true,"href":"https:\/\/www.naturparkmagazin.de\/vdn\/wp-json\/wp\/v2\/comments?post=5166"}],"version-history":[{"count":3,"href":"https:\/\/www.naturparkmagazin.de\/vdn\/wp-json\/wp\/v2\/posts\/5166\/revisions"}],"predecessor-version":[{"id":5171,"href":"https:\/\/www.naturparkmagazin.de\/vdn\/wp-json\/wp\/v2\/posts\/5166\/revisions\/5171"}],"wp:attachment":[{"href":"https:\/\/www.naturparkmagazin.de\/vdn\/wp-json\/wp\/v2\/media?parent=5166"}],"wp:term":[{"taxonomy":"category","embeddable":true,"href":"https:\/\/www.naturparkmagazin.de\/vdn\/wp-json\/wp\/v2\/categories?post=5166"},{"taxonomy":"post_tag","embeddable":true,"href":"https:\/\/www.naturparkmagazin.de\/vdn\/wp-json\/wp\/v2\/tags?post=5166"}],"curies":[{"name":"wp","href":"https:\/\/api.w.org\/{rel}","templated":true}]}}