{"id":5189,"date":"2015-03-18T12:13:07","date_gmt":"2015-03-18T11:13:07","guid":{"rendered":"http:\/\/www.naturparkmagazin.de\/vdn\/?p=5189"},"modified":"2015-03-19T10:38:51","modified_gmt":"2015-03-19T09:38:51","slug":"auftakt-tourstart-erlebnis-umwelt-2015","status":"publish","type":"post","link":"https:\/\/www.naturparkmagazin.de\/vdn\/auftakt-tourstart-erlebnis-umwelt-2015\/","title":{"rendered":"&#8222;Auftakt&#8220; \u2013 Tourstart &#8222;Erlebnis Umwelt&#8220; 2015"},"content":{"rendered":"<div id=\"attachment_5236\" style=\"width: 510px\" class=\"wp-caption aligncenter\"><a href=\"https:\/\/www.naturparkmagazin.de\/vdn\/wp-content\/uploads\/sites\/3\/100_0194_beitrag.jpg\"><img aria-describedby=\"caption-attachment-5236\" decoding=\"async\" loading=\"lazy\" class=\"size-full wp-image-5236\" title=\"Copyright: Albrecht Trenz\" alt=\"Copyright: Albrecht Trenz\" src=\"https:\/\/www.naturparkmagazin.de\/vdn\/wp-content\/uploads\/sites\/3\/100_0194_beitrag.jpg\" width=\"500\" height=\"300\" srcset=\"https:\/\/www.naturparkmagazin.de\/vdn\/wp-content\/uploads\/sites\/3\/100_0194_beitrag.jpg 500w, https:\/\/www.naturparkmagazin.de\/vdn\/wp-content\/uploads\/sites\/3\/100_0194_beitrag-300x180.jpg 300w, https:\/\/www.naturparkmagazin.de\/vdn\/wp-content\/uploads\/sites\/3\/100_0194_beitrag-200x120.jpg 200w\" sizes=\"(max-width: 500px) 100vw, 500px\" \/><\/a><p id=\"caption-attachment-5236\" class=\"wp-caption-text\">Copyright: Albrecht Trenz<\/p><\/div>\n<p>Den Auftakt zur bundesweiten \u201eErlebnis Umwelt\u201c-Tour 2015 macht am 12. April 2015 der Naturpark D\u00fcbener Heide. Spannende, neue Umweltthemen sollen die Begeisterung f\u00fcr die Natur vor der Haust\u00fcr wecken.<\/p>\n<p>Mit \u201eErlebnis Umwelt&#8220; hat Kaufland ein Umweltp\u00e4dagogikprogramm entwickelt, das seit 2004 Kindern und Jugendlichen Natur- und Umweltthemen auf spielerische Weise nahe bringt.<\/p>\n<div id=\"attachment_5197\" style=\"width: 510px\" class=\"wp-caption aligncenter\"><a href=\"https:\/\/www.naturparkmagazin.de\/vdn\/wp-content\/uploads\/sites\/3\/130528_Backnang_Uhu_Ben-z011_beitrag.jpg\"><img aria-describedby=\"caption-attachment-5197\" decoding=\"async\" loading=\"lazy\" class=\"size-full wp-image-5197 \" title=\"Copyright: Albrecht Trenz\" alt=\"Copyright: Albrecht Trenz\" src=\"https:\/\/www.naturparkmagazin.de\/vdn\/wp-content\/uploads\/sites\/3\/130528_Backnang_Uhu_Ben-z011_beitrag.jpg\" width=\"500\" height=\"300\" srcset=\"https:\/\/www.naturparkmagazin.de\/vdn\/wp-content\/uploads\/sites\/3\/130528_Backnang_Uhu_Ben-z011_beitrag.jpg 500w, https:\/\/www.naturparkmagazin.de\/vdn\/wp-content\/uploads\/sites\/3\/130528_Backnang_Uhu_Ben-z011_beitrag-300x180.jpg 300w, https:\/\/www.naturparkmagazin.de\/vdn\/wp-content\/uploads\/sites\/3\/130528_Backnang_Uhu_Ben-z011_beitrag-200x120.jpg 200w\" sizes=\"(max-width: 500px) 100vw, 500px\" \/><\/a><p id=\"caption-attachment-5197\" class=\"wp-caption-text\">Copyright: Albrecht Trenz<\/p><\/div>\n<p>Das Kaufland-Umweltmobil tourt durch ganz Deutschland und besucht Schulen, Kinderg\u00e4rten, Kaufland-Filialen und Naturparke. Im letzten Jahr nahmen rund 20.000 Kinder mit ihren Familien an diesem Programm rund um Tiere, Natur, Umwelt- und Klimaschutz teil. Vor Ort bringt der Umweltexperte Albrecht Trenz seine kleinen und gro\u00dfen Besucher zum Staunen und geht auf die Fragen jederzeit gerne ein. Er wei\u00df Interessantes \u00fcber heimische Tiere und Pflanzen zu erz\u00e4hlen und zeigt, wie jeder einen Beitrag zum Schutz von Umwelt und Klima leisten kann, was letztlich auch f\u00fcr eine h\u00f6here Lebensqualit\u00e4t sorgt.<\/p>\n<p>\u201eErlebnis Umwelt\u201c ist fester Bestandteil des gesellschaftlichen Engagements von Kaufland.\u00a0 Die deutsche UNESCO-Kommission hat das Kaufland-Umweltp\u00e4dagogikprogramm als offizielles Projekt der UN-Weltdekade 2009\/2010 \u201eBildung f\u00fcr nachhaltige Entwicklung\u201c ausgezeichnet. Der Verband Deutscher Naturparke e.V. (VDN) ist Partner dieses Programms.<\/p>\n<p>Der Tourstart findet auf der Veranstaltung &#8222;Kleine Ostern&#8220; im Gutspark in Altje\u00dfnitz statt. \u201eKleine Ostern\u201c ist das Wochenende nach Ostern, da die Bauern fr\u00fcher alle Eier zu Ostern abliefern mussten, bekamen die Kinder der Bauernfamilien die Ostereier erst eine Woche sp\u00e4ter. Auf der diesj\u00e4hrigen Veranstaltung warten ab 14 Uhr auch Hunderte versteckte Ostereier und viele S\u00fc\u00dfigkeiten auf pfiffige Finder. Soviel zum Brauch.<\/p>\n<p>&nbsp;<\/p>\n<p>Informationen zu Erlebnis Umwelt und die Tourdaten 2015 finden Sie unter <a href=\"http:\/\/www.kaufland.de\/erlebnis-umwelt\">www.kaufland.de\/erlebnis-umwelt<\/a><\/p>\n<p>Informationen zum Naturpark und zur Veranstaltung finden Sie unter \u00a0<a href=\"http:\/\/www.naturparkxyz.de\/\">www.naturpark-duebener-heide.com<\/a><\/p>\n<p>&nbsp;<\/p>\n","protected":false},"excerpt":{"rendered":"<p>Begeisterung f\u00fcr die Natur vor der Haust\u00fcr wecken &#8211; das will \u201eErlebnis Umwelt\u201c auch auf seiner diesj\u00e4hrigen Tour. Am 12. April ist Tourstart im Naturpark D\u00fcbener Heide.<\/p>\n","protected":false},"author":14,"featured_media":5237,"comment_status":"open","ping_status":"open","sticky":false,"template":"","format":"standard","meta":{"_links_to":"","_links_to_target":""},"categories":[7],"tags":[],"yoast_head":"<!-- This site is optimized with the Yoast SEO plugin v19.10 - https:\/\/yoast.com\/wordpress\/plugins\/seo\/ -->\n<title>&quot;Auftakt&quot; \u2013 Tourstart &quot;Erlebnis Umwelt&quot; 2015<\/title>\n<meta name=\"description\" content=\"Begeisterung f\u00fcr die Natur vor der Haust\u00fcr wecken - das will \u201eErlebnis Umwelt\u201c auch auf seiner diesj\u00e4hrigen Tour. Am 12. April ist Tourstart im Naturpark D\u00fcbener Heide.\" \/>\n<meta name=\"robots\" content=\"index, follow, max-snippet:-1, max-image-preview:large, max-video-preview:-1\" \/>\n<link rel=\"canonical\" href=\"https:\/\/www.naturparkmagazin.de\/vdn\/auftakt-tourstart-erlebnis-umwelt-2015\/\" \/>\n<meta property=\"og:locale\" content=\"de_DE\" \/>\n<meta property=\"og:type\" content=\"article\" \/>\n<meta property=\"og:title\" content=\"&quot;Auftakt&quot; \u2013 Tourstart &quot;Erlebnis Umwelt&quot; 2015\" \/>\n<meta property=\"og:description\" content=\"Begeisterung f\u00fcr die Natur vor der Haust\u00fcr wecken - das will \u201eErlebnis Umwelt\u201c auch auf seiner diesj\u00e4hrigen Tour. Am 12. April ist Tourstart im Naturpark D\u00fcbener Heide.\" \/>\n<meta property=\"og:url\" content=\"https:\/\/www.naturparkmagazin.de\/vdn\/auftakt-tourstart-erlebnis-umwelt-2015\/\" \/>\n<meta property=\"og:site_name\" content=\"Verband Deutscher Naturparke\" \/>\n<meta property=\"article:published_time\" content=\"2015-03-18T11:13:07+00:00\" \/>\n<meta property=\"article:modified_time\" content=\"2015-03-19T09:38:51+00:00\" \/>\n<meta property=\"og:image\" content=\"https:\/\/www.naturparkmagazin.de\/vdn\/wp-content\/uploads\/sites\/3\/100_0194_beitragsbild.jpg\" \/>\n\t<meta property=\"og:image:width\" content=\"180\" \/>\n\t<meta property=\"og:image:height\" content=\"135\" \/>\n\t<meta property=\"og:image:type\" content=\"image\/jpeg\" \/>\n<meta name=\"author\" content=\"vdnnational\" \/>\n<meta name=\"twitter:label1\" content=\"Verfasst von\" \/>\n\t<meta name=\"twitter:data1\" content=\"vdnnational\" \/>\n\t<meta name=\"twitter:label2\" content=\"Gesch\u00e4tzte Lesezeit\" \/>\n\t<meta name=\"twitter:data2\" content=\"1\u00a0Minute\" \/>\n<script type=\"application\/ld+json\" class=\"yoast-schema-graph\">{\"@context\":\"https:\/\/schema.org\",\"@graph\":[{\"@type\":\"WebPage\",\"@id\":\"https:\/\/www.naturparkmagazin.de\/vdn\/auftakt-tourstart-erlebnis-umwelt-2015\/\",\"url\":\"https:\/\/www.naturparkmagazin.de\/vdn\/auftakt-tourstart-erlebnis-umwelt-2015\/\",\"name\":\"\\\"Auftakt\\\" \u2013 Tourstart \\\"Erlebnis Umwelt\\\" 2015\",\"isPartOf\":{\"@id\":\"https:\/\/www.naturparkmagazin.de\/vdn\/#website\"},\"datePublished\":\"2015-03-18T11:13:07+00:00\",\"dateModified\":\"2015-03-19T09:38:51+00:00\",\"author\":{\"@id\":\"https:\/\/www.naturparkmagazin.de\/vdn\/#\/schema\/person\/e28d931df83318a48d52ae72b08d2bfb\"},\"description\":\"Begeisterung f\u00fcr die Natur vor der Haust\u00fcr wecken - das will \u201eErlebnis Umwelt\u201c auch auf seiner diesj\u00e4hrigen Tour. Am 12. April ist Tourstart im Naturpark D\u00fcbener Heide.\",\"breadcrumb\":{\"@id\":\"https:\/\/www.naturparkmagazin.de\/vdn\/auftakt-tourstart-erlebnis-umwelt-2015\/#breadcrumb\"},\"inLanguage\":\"de\",\"potentialAction\":[{\"@type\":\"ReadAction\",\"target\":[\"https:\/\/www.naturparkmagazin.de\/vdn\/auftakt-tourstart-erlebnis-umwelt-2015\/\"]}]},{\"@type\":\"BreadcrumbList\",\"@id\":\"https:\/\/www.naturparkmagazin.de\/vdn\/auftakt-tourstart-erlebnis-umwelt-2015\/#breadcrumb\",\"itemListElement\":[{\"@type\":\"ListItem\",\"position\":1,\"name\":\"Home\",\"item\":\"https:\/\/www.naturparkmagazin.de\/vdn\/\"},{\"@type\":\"ListItem\",\"position\":2,\"name\":\"&#8222;Auftakt&#8220; \u2013 Tourstart &#8222;Erlebnis Umwelt&#8220; 2015\"}]},{\"@type\":\"WebSite\",\"@id\":\"https:\/\/www.naturparkmagazin.de\/vdn\/#website\",\"url\":\"https:\/\/www.naturparkmagazin.de\/vdn\/\",\"name\":\"Verband Deutscher Naturparke\",\"description\":\"Eine weitere Naturparkmagazin.de Netzwerk Seite\",\"potentialAction\":[{\"@type\":\"SearchAction\",\"target\":{\"@type\":\"EntryPoint\",\"urlTemplate\":\"https:\/\/www.naturparkmagazin.de\/vdn\/?s={search_term_string}\"},\"query-input\":\"required name=search_term_string\"}],\"inLanguage\":\"de\"},{\"@type\":\"Person\",\"@id\":\"https:\/\/www.naturparkmagazin.de\/vdn\/#\/schema\/person\/e28d931df83318a48d52ae72b08d2bfb\",\"name\":\"vdnnational\",\"url\":\"https:\/\/www.naturparkmagazin.de\/vdn\/author\/vdnnational\/\"}]}<\/script>\n<!-- \/ Yoast SEO plugin. -->","yoast_head_json":{"title":"\"Auftakt\" \u2013 Tourstart \"Erlebnis Umwelt\" 2015","description":"Begeisterung f\u00fcr die Natur vor der Haust\u00fcr wecken - das will \u201eErlebnis Umwelt\u201c auch auf seiner diesj\u00e4hrigen Tour. Am 12. April ist Tourstart im Naturpark D\u00fcbener Heide.","robots":{"index":"index","follow":"follow","max-snippet":"max-snippet:-1","max-image-preview":"max-image-preview:large","max-video-preview":"max-video-preview:-1"},"canonical":"https:\/\/www.naturparkmagazin.de\/vdn\/auftakt-tourstart-erlebnis-umwelt-2015\/","og_locale":"de_DE","og_type":"article","og_title":"\"Auftakt\" \u2013 Tourstart \"Erlebnis Umwelt\" 2015","og_description":"Begeisterung f\u00fcr die Natur vor der Haust\u00fcr wecken - das will \u201eErlebnis Umwelt\u201c auch auf seiner diesj\u00e4hrigen Tour. Am 12. April ist Tourstart im Naturpark D\u00fcbener Heide.","og_url":"https:\/\/www.naturparkmagazin.de\/vdn\/auftakt-tourstart-erlebnis-umwelt-2015\/","og_site_name":"Verband Deutscher Naturparke","article_published_time":"2015-03-18T11:13:07+00:00","article_modified_time":"2015-03-19T09:38:51+00:00","og_image":[{"width":180,"height":135,"url":"https:\/\/www.naturparkmagazin.de\/vdn\/wp-content\/uploads\/sites\/3\/100_0194_beitragsbild.jpg","type":"image\/jpeg"}],"author":"vdnnational","twitter_misc":{"Verfasst von":"vdnnational","Gesch\u00e4tzte Lesezeit":"1\u00a0Minute"},"schema":{"@context":"https:\/\/schema.org","@graph":[{"@type":"WebPage","@id":"https:\/\/www.naturparkmagazin.de\/vdn\/auftakt-tourstart-erlebnis-umwelt-2015\/","url":"https:\/\/www.naturparkmagazin.de\/vdn\/auftakt-tourstart-erlebnis-umwelt-2015\/","name":"\"Auftakt\" \u2013 Tourstart \"Erlebnis Umwelt\" 2015","isPartOf":{"@id":"https:\/\/www.naturparkmagazin.de\/vdn\/#website"},"datePublished":"2015-03-18T11:13:07+00:00","dateModified":"2015-03-19T09:38:51+00:00","author":{"@id":"https:\/\/www.naturparkmagazin.de\/vdn\/#\/schema\/person\/e28d931df83318a48d52ae72b08d2bfb"},"description":"Begeisterung f\u00fcr die Natur vor der Haust\u00fcr wecken - das will \u201eErlebnis Umwelt\u201c auch auf seiner diesj\u00e4hrigen Tour. Am 12. April ist Tourstart im Naturpark D\u00fcbener Heide.","breadcrumb":{"@id":"https:\/\/www.naturparkmagazin.de\/vdn\/auftakt-tourstart-erlebnis-umwelt-2015\/#breadcrumb"},"inLanguage":"de","potentialAction":[{"@type":"ReadAction","target":["https:\/\/www.naturparkmagazin.de\/vdn\/auftakt-tourstart-erlebnis-umwelt-2015\/"]}]},{"@type":"BreadcrumbList","@id":"https:\/\/www.naturparkmagazin.de\/vdn\/auftakt-tourstart-erlebnis-umwelt-2015\/#breadcrumb","itemListElement":[{"@type":"ListItem","position":1,"name":"Home","item":"https:\/\/www.naturparkmagazin.de\/vdn\/"},{"@type":"ListItem","position":2,"name":"&#8222;Auftakt&#8220; \u2013 Tourstart &#8222;Erlebnis Umwelt&#8220; 2015"}]},{"@type":"WebSite","@id":"https:\/\/www.naturparkmagazin.de\/vdn\/#website","url":"https:\/\/www.naturparkmagazin.de\/vdn\/","name":"Verband Deutscher Naturparke","description":"Eine weitere Naturparkmagazin.de Netzwerk Seite","potentialAction":[{"@type":"SearchAction","target":{"@type":"EntryPoint","urlTemplate":"https:\/\/www.naturparkmagazin.de\/vdn\/?s={search_term_string}"},"query-input":"required name=search_term_string"}],"inLanguage":"de"},{"@type":"Person","@id":"https:\/\/www.naturparkmagazin.de\/vdn\/#\/schema\/person\/e28d931df83318a48d52ae72b08d2bfb","name":"vdnnational","url":"https:\/\/www.naturparkmagazin.de\/vdn\/author\/vdnnational\/"}]}},"_links":{"self":[{"href":"https:\/\/www.naturparkmagazin.de\/vdn\/wp-json\/wp\/v2\/posts\/5189"}],"collection":[{"href":"https:\/\/www.naturparkmagazin.de\/vdn\/wp-json\/wp\/v2\/posts"}],"about":[{"href":"https:\/\/www.naturparkmagazin.de\/vdn\/wp-json\/wp\/v2\/types\/post"}],"author":[{"embeddable":true,"href":"https:\/\/www.naturparkmagazin.de\/vdn\/wp-json\/wp\/v2\/users\/14"}],"replies":[{"embeddable":true,"href":"https:\/\/www.naturparkmagazin.de\/vdn\/wp-json\/wp\/v2\/comments?post=5189"}],"version-history":[{"count":6,"href":"https:\/\/www.naturparkmagazin.de\/vdn\/wp-json\/wp\/v2\/posts\/5189\/revisions"}],"predecessor-version":[{"id":5250,"href":"https:\/\/www.naturparkmagazin.de\/vdn\/wp-json\/wp\/v2\/posts\/5189\/revisions\/5250"}],"wp:featuredmedia":[{"embeddable":true,"href":"https:\/\/www.naturparkmagazin.de\/vdn\/wp-json\/wp\/v2\/media\/5237"}],"wp:attachment":[{"href":"https:\/\/www.naturparkmagazin.de\/vdn\/wp-json\/wp\/v2\/media?parent=5189"}],"wp:term":[{"taxonomy":"category","embeddable":true,"href":"https:\/\/www.naturparkmagazin.de\/vdn\/wp-json\/wp\/v2\/categories?post=5189"},{"taxonomy":"post_tag","embeddable":true,"href":"https:\/\/www.naturparkmagazin.de\/vdn\/wp-json\/wp\/v2\/tags?post=5189"}],"curies":[{"name":"wp","href":"https:\/\/api.w.org\/{rel}","templated":true}]}}