{"id":5201,"date":"2015-03-18T10:31:48","date_gmt":"2015-03-18T09:31:48","guid":{"rendered":"http:\/\/www.naturparkmagazin.de\/vdn\/?p=5201"},"modified":"2015-03-26T10:00:17","modified_gmt":"2015-03-26T09:00:17","slug":"im-fokus-fotowettbewerb-augenblick-natur-2015","status":"publish","type":"post","link":"https:\/\/www.naturparkmagazin.de\/vdn\/im-fokus-fotowettbewerb-augenblick-natur-2015\/","title":{"rendered":"\u201eIm Fokus\u201c \u2013  Fotowettbewerb \u201eAugenblick Natur\u201c 2015"},"content":{"rendered":"<div id=\"attachment_5265\" style=\"width: 510px\" class=\"wp-caption aligncenter\"><a href=\"https:\/\/www.naturparkmagazin.de\/vdn\/wp-content\/uploads\/sites\/3\/eichhrnchen-Beitrag3.jpg\"><img aria-describedby=\"caption-attachment-5265\" decoding=\"async\" loading=\"lazy\" class=\"size-full wp-image-5265\" title=\"Copyright: VDN\/Matze\" alt=\"Copyright: VDN\/Matze\" src=\"https:\/\/www.naturparkmagazin.de\/vdn\/wp-content\/uploads\/sites\/3\/eichhrnchen-Beitrag3.jpg\" width=\"500\" height=\"300\" srcset=\"https:\/\/www.naturparkmagazin.de\/vdn\/wp-content\/uploads\/sites\/3\/eichhrnchen-Beitrag3.jpg 500w, https:\/\/www.naturparkmagazin.de\/vdn\/wp-content\/uploads\/sites\/3\/eichhrnchen-Beitrag3-300x180.jpg 300w, https:\/\/www.naturparkmagazin.de\/vdn\/wp-content\/uploads\/sites\/3\/eichhrnchen-Beitrag3-200x120.jpg 200w\" sizes=\"(max-width: 500px) 100vw, 500px\" \/><\/a><p id=\"caption-attachment-5265\" class=\"wp-caption-text\">Copyright: VDN\/Matze<\/p><\/div>\n<p>Ein Eichh\u00f6rnchen im Augenblick des Sprungs von Ast zu Ast wirbt als Sympathietr\u00e4ger f\u00fcr den diesj\u00e4hrigen Fotowettbewerb der Naturparke Deutschlands. Mit ihm l\u00e4dt der Verband Deutscher Naturparke e. V. (VDN) Amateur- und Profi-Fotografen herzlich zur Teilnahme an der n\u00e4chsten Runde des Fotowettbewerbs &#8222;Augenblick Natur!&#8220; ein. Gesucht werden wieder ausdrucksstarke Motive aus allen Naturparken Deutschlands \u2013 aufgenommen aus der ganz pers\u00f6nlichen Perspektive der Besucher. Der diesj\u00e4hrige Wettbewerb startet am 01. April und l\u00e4uft bis zum 31. Oktober 2015. Die sch\u00f6nsten Motive werden von den Besuchern des Portals bewertet und die Monatssieger mit attraktiven Gewinnen pr\u00e4miert.<\/p>\n<p>Als Monatssieger haben Sie die Chance auf ein Jahresabonnement der Zeitschrift &#8222;NaturFoto&#8220;, ein BasicBall Mini-Stativ der Firma Novoflex, einen Bildband \u201eNaturparke in Deutschland &#8211; Paradiese vor der Haust\u00fcr\u201c des DuMont Reiseverlages oder Gutscheine f\u00fcr Fotob\u00fccher vom Lidl-Fotoservice.<\/p>\n<p>Der Jahressieger erh\u00e4lt ein Foto-Wochenende im Naturpark S\u00fcdschwarzwald inkl. Fotografie-Workshop mit dem Chefredakteur der Zeitschrift \u201eNaturFoto\u201c, Hans-Peter Schaub, bei dem sich sicherlich spannende Erlebnisse und tolle Fotomotive ergeben!<\/p>\n<p>Alle Infos zum aktuellen Wettbewerb finden Sie unter <a href=\"http:\/\/www.naturparkfotos.de\" target=\"_blank\">www.naturparkfotos.de<\/a>.<\/p>\n<p><a href=\"http:\/\/www.naturparke.de\/system\/articledownloads\/437\/original\/PM_03-2015-1_Fotowettbewerb_2015_final.pdf?1427360182\" target=\"_blank\">Hier k\u00f6nnen Sie die Pressemitteilung downloaden<\/a><\/p>\n<p>&nbsp;<\/p>\n","protected":false},"excerpt":{"rendered":"<p>Am 1. April startet die neue Runde des Fotowettbewerbs &#8222;Augenblick Natur!&#8220;. Gesucht werden wieder ausdrucksstarke Motive aus allen Naturparken Deutschlands. <\/p>\n","protected":false},"author":14,"featured_media":5266,"comment_status":"open","ping_status":"open","sticky":false,"template":"","format":"standard","meta":{"_links_to":"","_links_to_target":""},"categories":[7],"tags":[],"yoast_head":"<!-- This site is optimized with the Yoast SEO plugin v19.10 - https:\/\/yoast.com\/wordpress\/plugins\/seo\/ -->\n<title>\u201eIm Fokus\u201c \u2013 Fotowettbewerb \u201eAugenblick Natur\u201c 2015<\/title>\n<meta name=\"description\" content=\"Am 1. April startet die neue Runde des Fotowettbewerbs &quot;Augenblick Natur!&quot;. Gesucht werden wieder ausdrucksstarke Motive aus allen Naturparken Deutschlands.\" \/>\n<meta name=\"robots\" content=\"index, follow, max-snippet:-1, max-image-preview:large, max-video-preview:-1\" \/>\n<link rel=\"canonical\" href=\"https:\/\/www.naturparkmagazin.de\/vdn\/im-fokus-fotowettbewerb-augenblick-natur-2015\/\" \/>\n<meta property=\"og:locale\" content=\"de_DE\" \/>\n<meta property=\"og:type\" content=\"article\" \/>\n<meta property=\"og:title\" content=\"\u201eIm Fokus\u201c \u2013 Fotowettbewerb \u201eAugenblick Natur\u201c 2015\" \/>\n<meta property=\"og:description\" content=\"Am 1. April startet die neue Runde des Fotowettbewerbs &quot;Augenblick Natur!&quot;. Gesucht werden wieder ausdrucksstarke Motive aus allen Naturparken Deutschlands.\" \/>\n<meta property=\"og:url\" content=\"https:\/\/www.naturparkmagazin.de\/vdn\/im-fokus-fotowettbewerb-augenblick-natur-2015\/\" \/>\n<meta property=\"og:site_name\" content=\"Verband Deutscher Naturparke\" \/>\n<meta property=\"article:published_time\" content=\"2015-03-18T09:31:48+00:00\" \/>\n<meta property=\"article:modified_time\" content=\"2015-03-26T09:00:17+00:00\" \/>\n<meta property=\"og:image\" content=\"https:\/\/www.naturparkmagazin.de\/vdn\/wp-content\/uploads\/sites\/3\/eichhrnchen-Beitragsbild3.jpg\" \/>\n\t<meta property=\"og:image:width\" content=\"180\" \/>\n\t<meta property=\"og:image:height\" content=\"135\" \/>\n\t<meta property=\"og:image:type\" content=\"image\/jpeg\" \/>\n<meta name=\"author\" content=\"vdnnational\" \/>\n<meta name=\"twitter:label1\" content=\"Verfasst von\" \/>\n\t<meta name=\"twitter:data1\" content=\"vdnnational\" \/>\n\t<meta name=\"twitter:label2\" content=\"Gesch\u00e4tzte Lesezeit\" \/>\n\t<meta name=\"twitter:data2\" content=\"1\u00a0Minute\" \/>\n<script type=\"application\/ld+json\" class=\"yoast-schema-graph\">{\"@context\":\"https:\/\/schema.org\",\"@graph\":[{\"@type\":\"WebPage\",\"@id\":\"https:\/\/www.naturparkmagazin.de\/vdn\/im-fokus-fotowettbewerb-augenblick-natur-2015\/\",\"url\":\"https:\/\/www.naturparkmagazin.de\/vdn\/im-fokus-fotowettbewerb-augenblick-natur-2015\/\",\"name\":\"\u201eIm Fokus\u201c \u2013 Fotowettbewerb \u201eAugenblick Natur\u201c 2015\",\"isPartOf\":{\"@id\":\"https:\/\/www.naturparkmagazin.de\/vdn\/#website\"},\"datePublished\":\"2015-03-18T09:31:48+00:00\",\"dateModified\":\"2015-03-26T09:00:17+00:00\",\"author\":{\"@id\":\"https:\/\/www.naturparkmagazin.de\/vdn\/#\/schema\/person\/e28d931df83318a48d52ae72b08d2bfb\"},\"description\":\"Am 1. April startet die neue Runde des Fotowettbewerbs \\\"Augenblick Natur!\\\". Gesucht werden wieder ausdrucksstarke Motive aus allen Naturparken Deutschlands.\",\"breadcrumb\":{\"@id\":\"https:\/\/www.naturparkmagazin.de\/vdn\/im-fokus-fotowettbewerb-augenblick-natur-2015\/#breadcrumb\"},\"inLanguage\":\"de\",\"potentialAction\":[{\"@type\":\"ReadAction\",\"target\":[\"https:\/\/www.naturparkmagazin.de\/vdn\/im-fokus-fotowettbewerb-augenblick-natur-2015\/\"]}]},{\"@type\":\"BreadcrumbList\",\"@id\":\"https:\/\/www.naturparkmagazin.de\/vdn\/im-fokus-fotowettbewerb-augenblick-natur-2015\/#breadcrumb\",\"itemListElement\":[{\"@type\":\"ListItem\",\"position\":1,\"name\":\"Home\",\"item\":\"https:\/\/www.naturparkmagazin.de\/vdn\/\"},{\"@type\":\"ListItem\",\"position\":2,\"name\":\"\u201eIm Fokus\u201c \u2013 Fotowettbewerb \u201eAugenblick Natur\u201c 2015\"}]},{\"@type\":\"WebSite\",\"@id\":\"https:\/\/www.naturparkmagazin.de\/vdn\/#website\",\"url\":\"https:\/\/www.naturparkmagazin.de\/vdn\/\",\"name\":\"Verband Deutscher Naturparke\",\"description\":\"Eine weitere Naturparkmagazin.de Netzwerk Seite\",\"potentialAction\":[{\"@type\":\"SearchAction\",\"target\":{\"@type\":\"EntryPoint\",\"urlTemplate\":\"https:\/\/www.naturparkmagazin.de\/vdn\/?s={search_term_string}\"},\"query-input\":\"required name=search_term_string\"}],\"inLanguage\":\"de\"},{\"@type\":\"Person\",\"@id\":\"https:\/\/www.naturparkmagazin.de\/vdn\/#\/schema\/person\/e28d931df83318a48d52ae72b08d2bfb\",\"name\":\"vdnnational\",\"url\":\"https:\/\/www.naturparkmagazin.de\/vdn\/author\/vdnnational\/\"}]}<\/script>\n<!-- \/ Yoast SEO plugin. -->","yoast_head_json":{"title":"\u201eIm Fokus\u201c \u2013 Fotowettbewerb \u201eAugenblick Natur\u201c 2015","description":"Am 1. April startet die neue Runde des Fotowettbewerbs \"Augenblick Natur!\". Gesucht werden wieder ausdrucksstarke Motive aus allen Naturparken Deutschlands.","robots":{"index":"index","follow":"follow","max-snippet":"max-snippet:-1","max-image-preview":"max-image-preview:large","max-video-preview":"max-video-preview:-1"},"canonical":"https:\/\/www.naturparkmagazin.de\/vdn\/im-fokus-fotowettbewerb-augenblick-natur-2015\/","og_locale":"de_DE","og_type":"article","og_title":"\u201eIm Fokus\u201c \u2013 Fotowettbewerb \u201eAugenblick Natur\u201c 2015","og_description":"Am 1. April startet die neue Runde des Fotowettbewerbs \"Augenblick Natur!\". Gesucht werden wieder ausdrucksstarke Motive aus allen Naturparken Deutschlands.","og_url":"https:\/\/www.naturparkmagazin.de\/vdn\/im-fokus-fotowettbewerb-augenblick-natur-2015\/","og_site_name":"Verband Deutscher Naturparke","article_published_time":"2015-03-18T09:31:48+00:00","article_modified_time":"2015-03-26T09:00:17+00:00","og_image":[{"width":180,"height":135,"url":"https:\/\/www.naturparkmagazin.de\/vdn\/wp-content\/uploads\/sites\/3\/eichhrnchen-Beitragsbild3.jpg","type":"image\/jpeg"}],"author":"vdnnational","twitter_misc":{"Verfasst von":"vdnnational","Gesch\u00e4tzte Lesezeit":"1\u00a0Minute"},"schema":{"@context":"https:\/\/schema.org","@graph":[{"@type":"WebPage","@id":"https:\/\/www.naturparkmagazin.de\/vdn\/im-fokus-fotowettbewerb-augenblick-natur-2015\/","url":"https:\/\/www.naturparkmagazin.de\/vdn\/im-fokus-fotowettbewerb-augenblick-natur-2015\/","name":"\u201eIm Fokus\u201c \u2013 Fotowettbewerb \u201eAugenblick Natur\u201c 2015","isPartOf":{"@id":"https:\/\/www.naturparkmagazin.de\/vdn\/#website"},"datePublished":"2015-03-18T09:31:48+00:00","dateModified":"2015-03-26T09:00:17+00:00","author":{"@id":"https:\/\/www.naturparkmagazin.de\/vdn\/#\/schema\/person\/e28d931df83318a48d52ae72b08d2bfb"},"description":"Am 1. April startet die neue Runde des Fotowettbewerbs \"Augenblick Natur!\". Gesucht werden wieder ausdrucksstarke Motive aus allen Naturparken Deutschlands.","breadcrumb":{"@id":"https:\/\/www.naturparkmagazin.de\/vdn\/im-fokus-fotowettbewerb-augenblick-natur-2015\/#breadcrumb"},"inLanguage":"de","potentialAction":[{"@type":"ReadAction","target":["https:\/\/www.naturparkmagazin.de\/vdn\/im-fokus-fotowettbewerb-augenblick-natur-2015\/"]}]},{"@type":"BreadcrumbList","@id":"https:\/\/www.naturparkmagazin.de\/vdn\/im-fokus-fotowettbewerb-augenblick-natur-2015\/#breadcrumb","itemListElement":[{"@type":"ListItem","position":1,"name":"Home","item":"https:\/\/www.naturparkmagazin.de\/vdn\/"},{"@type":"ListItem","position":2,"name":"\u201eIm Fokus\u201c \u2013 Fotowettbewerb \u201eAugenblick Natur\u201c 2015"}]},{"@type":"WebSite","@id":"https:\/\/www.naturparkmagazin.de\/vdn\/#website","url":"https:\/\/www.naturparkmagazin.de\/vdn\/","name":"Verband Deutscher Naturparke","description":"Eine weitere Naturparkmagazin.de Netzwerk Seite","potentialAction":[{"@type":"SearchAction","target":{"@type":"EntryPoint","urlTemplate":"https:\/\/www.naturparkmagazin.de\/vdn\/?s={search_term_string}"},"query-input":"required name=search_term_string"}],"inLanguage":"de"},{"@type":"Person","@id":"https:\/\/www.naturparkmagazin.de\/vdn\/#\/schema\/person\/e28d931df83318a48d52ae72b08d2bfb","name":"vdnnational","url":"https:\/\/www.naturparkmagazin.de\/vdn\/author\/vdnnational\/"}]}},"_links":{"self":[{"href":"https:\/\/www.naturparkmagazin.de\/vdn\/wp-json\/wp\/v2\/posts\/5201"}],"collection":[{"href":"https:\/\/www.naturparkmagazin.de\/vdn\/wp-json\/wp\/v2\/posts"}],"about":[{"href":"https:\/\/www.naturparkmagazin.de\/vdn\/wp-json\/wp\/v2\/types\/post"}],"author":[{"embeddable":true,"href":"https:\/\/www.naturparkmagazin.de\/vdn\/wp-json\/wp\/v2\/users\/14"}],"replies":[{"embeddable":true,"href":"https:\/\/www.naturparkmagazin.de\/vdn\/wp-json\/wp\/v2\/comments?post=5201"}],"version-history":[{"count":8,"href":"https:\/\/www.naturparkmagazin.de\/vdn\/wp-json\/wp\/v2\/posts\/5201\/revisions"}],"predecessor-version":[{"id":5209,"href":"https:\/\/www.naturparkmagazin.de\/vdn\/wp-json\/wp\/v2\/posts\/5201\/revisions\/5209"}],"wp:featuredmedia":[{"embeddable":true,"href":"https:\/\/www.naturparkmagazin.de\/vdn\/wp-json\/wp\/v2\/media\/5266"}],"wp:attachment":[{"href":"https:\/\/www.naturparkmagazin.de\/vdn\/wp-json\/wp\/v2\/media?parent=5201"}],"wp:term":[{"taxonomy":"category","embeddable":true,"href":"https:\/\/www.naturparkmagazin.de\/vdn\/wp-json\/wp\/v2\/categories?post=5201"},{"taxonomy":"post_tag","embeddable":true,"href":"https:\/\/www.naturparkmagazin.de\/vdn\/wp-json\/wp\/v2\/tags?post=5201"}],"curies":[{"name":"wp","href":"https:\/\/api.w.org\/{rel}","templated":true}]}}