{"id":5210,"date":"2015-03-18T09:39:36","date_gmt":"2015-03-18T08:39:36","guid":{"rendered":"http:\/\/www.naturparkmagazin.de\/vdn\/?p=5210"},"modified":"2015-03-19T10:40:36","modified_gmt":"2015-03-19T09:40:36","slug":"europas-naturparke-erstes-projekttreffen-in-bonn","status":"publish","type":"post","link":"https:\/\/www.naturparkmagazin.de\/vdn\/europas-naturparke-erstes-projekttreffen-in-bonn\/","title":{"rendered":"&#8222;Europas Naturparke&#8220; \u2013 Erstes Projekttreffen in Bonn"},"content":{"rendered":"<div id=\"attachment_5214\" style=\"width: 510px\" class=\"wp-caption aligncenter\"><a href=\"https:\/\/www.naturparkmagazin.de\/vdn\/wp-content\/uploads\/sites\/3\/Logo_beitrag.jpg\"><img aria-describedby=\"caption-attachment-5214\" decoding=\"async\" loading=\"lazy\" class=\"size-full wp-image-5214 \" title=\"Copyright: VDN\" alt=\"Copyright: VDN\" src=\"https:\/\/www.naturparkmagazin.de\/vdn\/wp-content\/uploads\/sites\/3\/Logo_beitrag.jpg\" width=\"500\" height=\"300\" srcset=\"https:\/\/www.naturparkmagazin.de\/vdn\/wp-content\/uploads\/sites\/3\/Logo_beitrag.jpg 500w, https:\/\/www.naturparkmagazin.de\/vdn\/wp-content\/uploads\/sites\/3\/Logo_beitrag-300x180.jpg 300w, https:\/\/www.naturparkmagazin.de\/vdn\/wp-content\/uploads\/sites\/3\/Logo_beitrag-200x120.jpg 200w\" sizes=\"(max-width: 500px) 100vw, 500px\" \/><\/a><p id=\"caption-attachment-5214\" class=\"wp-caption-text\">Copyright: VDN<\/p><\/div>\n<p>Das im Oktober letzten Jahres gestartete Projekt des VDN zu den Naturparken Europas geht in die n\u00e4chste Phase: am 23. Februar kamen Naturparkvertreter aus Frankreich, Luxemburg, \u00d6sterreich, der Schweiz, Ungarn, dem Vereinigten K\u00f6nigreich und Deutschland zum ersten Projekttreffen in der VDN-Gesch\u00e4ftsstelle in Bonn zusammen. Auch EUROPARC Federation, Dachverband der Natur- und Nationalparke Europas und Kooperationspartner im Projekt, sowie das Bundesamt f\u00fcr Naturschutz, das das Vorhaben mit Mitteln des Bundesumweltministeriums unterst\u00fctzt, waren bei dem Treffen vertreten.<\/p>\n<p>Im Zuge des europ\u00e4ischen Projektes will sich der VDN in den n\u00e4chsten Jahren verst\u00e4rkt mit den europ\u00e4ischen Partnern austauschen und Wissen zur Arbeit der Naturparke und Dachorganisationen anderer Staaten zusammenzutragen. Bei dem ersten Projekttreffen wurden unter anderem die Inhalte einer im Mai startenden, unter den europ\u00e4ischen Naturpark-Dachorganisationen durchgef\u00fchrten Umfrage diskutiert.<\/p>\n<p>In die Umfrage und das Projekt eingeschlossen werden sollen alle L\u00e4nder der Europ\u00e4ischen Union, die Schweiz und weitere L\u00e4nder Europas. In den meisten dieser L\u00e4nder gibt es Naturparke \u2013\u00a0 was bisher fehlt ist eine umfassende und aktuelle Studie \u00fcber Gemeinsamkeiten und Unterschiede der Naturparkarbeit in den verschiedenen Staaten.<\/p>\n<p>Um die Arbeit der Naturparke und deren Dachorganisationen vor Ort kennenzulernen und um Erfahrungen und Wissen auszutauschen wird der VDN n\u00e4chstes Jahr au\u00dferdem in mehrere europ\u00e4ische Staaten reisen. Die Ergebnisse der Bereisung und der Studie werden 2017 in Berlin und Br\u00fcssel pr\u00e4sentiert. Zu Ende des Projektes soll ein gemeinsames Buch \u00fcber die Naturparke in Europa erscheinen, das die Naturparke der verschiedenen L\u00e4nder vorstellt und wesentliche Ergebnisse der Studie zusammenfasst. Das n\u00e4chste Projekttreffen ist f\u00fcr Ende des Jahres geplant.<\/p>\n<p>&nbsp;<\/p>\n","protected":false},"excerpt":{"rendered":"<p>Im Februar kamen Naturparkvertreter aus Frankreich, Luxemburg, \u00d6sterreich, der Schweiz, Ungarn, dem Vereinigten K\u00f6nigreich und Deutschland zum ersten Projekttreffen in Bonn zusammen.<\/p>\n","protected":false},"author":14,"featured_media":5216,"comment_status":"open","ping_status":"open","sticky":false,"template":"","format":"standard","meta":{"_links_to":"","_links_to_target":""},"categories":[7],"tags":[],"yoast_head":"<!-- This site is optimized with the Yoast SEO plugin v19.10 - https:\/\/yoast.com\/wordpress\/plugins\/seo\/ -->\n<title>&quot;Europas Naturparke&quot; \u2013 Erstes Projekttreffen in Bonn<\/title>\n<meta name=\"description\" content=\"Im Februar kamen Naturparkvertreter aus Frankreich, Luxemburg, \u00d6sterreich, der Schweiz, Ungarn, dem Vereinigten K\u00f6nigreich und Deutschland zum ersten Projekttreffen in Bonn zusammen.\" \/>\n<meta name=\"robots\" content=\"index, follow, max-snippet:-1, max-image-preview:large, max-video-preview:-1\" \/>\n<link rel=\"canonical\" href=\"https:\/\/www.naturparkmagazin.de\/vdn\/europas-naturparke-erstes-projekttreffen-in-bonn\/\" \/>\n<meta property=\"og:locale\" content=\"de_DE\" \/>\n<meta property=\"og:type\" content=\"article\" \/>\n<meta property=\"og:title\" content=\"&quot;Europas Naturparke&quot; \u2013 Erstes Projekttreffen in Bonn\" \/>\n<meta property=\"og:description\" content=\"Im Februar kamen Naturparkvertreter aus Frankreich, Luxemburg, \u00d6sterreich, der Schweiz, Ungarn, dem Vereinigten K\u00f6nigreich und Deutschland zum ersten Projekttreffen in Bonn zusammen.\" \/>\n<meta property=\"og:url\" content=\"https:\/\/www.naturparkmagazin.de\/vdn\/europas-naturparke-erstes-projekttreffen-in-bonn\/\" \/>\n<meta property=\"og:site_name\" content=\"Verband Deutscher Naturparke\" \/>\n<meta property=\"article:published_time\" content=\"2015-03-18T08:39:36+00:00\" \/>\n<meta property=\"article:modified_time\" content=\"2015-03-19T09:40:36+00:00\" \/>\n<meta property=\"og:image\" content=\"https:\/\/www.naturparkmagazin.de\/vdn\/wp-content\/uploads\/sites\/3\/Logo_beitragsbild1.jpg\" \/>\n\t<meta property=\"og:image:width\" content=\"180\" \/>\n\t<meta property=\"og:image:height\" content=\"135\" \/>\n\t<meta property=\"og:image:type\" content=\"image\/jpeg\" \/>\n<meta name=\"author\" content=\"vdnnational\" \/>\n<meta name=\"twitter:label1\" content=\"Verfasst von\" \/>\n\t<meta name=\"twitter:data1\" content=\"vdnnational\" \/>\n\t<meta name=\"twitter:label2\" content=\"Gesch\u00e4tzte Lesezeit\" \/>\n\t<meta name=\"twitter:data2\" content=\"1\u00a0Minute\" \/>\n<script type=\"application\/ld+json\" class=\"yoast-schema-graph\">{\"@context\":\"https:\/\/schema.org\",\"@graph\":[{\"@type\":\"WebPage\",\"@id\":\"https:\/\/www.naturparkmagazin.de\/vdn\/europas-naturparke-erstes-projekttreffen-in-bonn\/\",\"url\":\"https:\/\/www.naturparkmagazin.de\/vdn\/europas-naturparke-erstes-projekttreffen-in-bonn\/\",\"name\":\"\\\"Europas Naturparke\\\" \u2013 Erstes Projekttreffen in Bonn\",\"isPartOf\":{\"@id\":\"https:\/\/www.naturparkmagazin.de\/vdn\/#website\"},\"datePublished\":\"2015-03-18T08:39:36+00:00\",\"dateModified\":\"2015-03-19T09:40:36+00:00\",\"author\":{\"@id\":\"https:\/\/www.naturparkmagazin.de\/vdn\/#\/schema\/person\/e28d931df83318a48d52ae72b08d2bfb\"},\"description\":\"Im Februar kamen Naturparkvertreter aus Frankreich, Luxemburg, \u00d6sterreich, der Schweiz, Ungarn, dem Vereinigten K\u00f6nigreich und Deutschland zum ersten Projekttreffen in Bonn zusammen.\",\"breadcrumb\":{\"@id\":\"https:\/\/www.naturparkmagazin.de\/vdn\/europas-naturparke-erstes-projekttreffen-in-bonn\/#breadcrumb\"},\"inLanguage\":\"de\",\"potentialAction\":[{\"@type\":\"ReadAction\",\"target\":[\"https:\/\/www.naturparkmagazin.de\/vdn\/europas-naturparke-erstes-projekttreffen-in-bonn\/\"]}]},{\"@type\":\"BreadcrumbList\",\"@id\":\"https:\/\/www.naturparkmagazin.de\/vdn\/europas-naturparke-erstes-projekttreffen-in-bonn\/#breadcrumb\",\"itemListElement\":[{\"@type\":\"ListItem\",\"position\":1,\"name\":\"Home\",\"item\":\"https:\/\/www.naturparkmagazin.de\/vdn\/\"},{\"@type\":\"ListItem\",\"position\":2,\"name\":\"&#8222;Europas Naturparke&#8220; \u2013 Erstes Projekttreffen in Bonn\"}]},{\"@type\":\"WebSite\",\"@id\":\"https:\/\/www.naturparkmagazin.de\/vdn\/#website\",\"url\":\"https:\/\/www.naturparkmagazin.de\/vdn\/\",\"name\":\"Verband Deutscher Naturparke\",\"description\":\"Eine weitere Naturparkmagazin.de Netzwerk Seite\",\"potentialAction\":[{\"@type\":\"SearchAction\",\"target\":{\"@type\":\"EntryPoint\",\"urlTemplate\":\"https:\/\/www.naturparkmagazin.de\/vdn\/?s={search_term_string}\"},\"query-input\":\"required name=search_term_string\"}],\"inLanguage\":\"de\"},{\"@type\":\"Person\",\"@id\":\"https:\/\/www.naturparkmagazin.de\/vdn\/#\/schema\/person\/e28d931df83318a48d52ae72b08d2bfb\",\"name\":\"vdnnational\",\"url\":\"https:\/\/www.naturparkmagazin.de\/vdn\/author\/vdnnational\/\"}]}<\/script>\n<!-- \/ Yoast SEO plugin. -->","yoast_head_json":{"title":"\"Europas Naturparke\" \u2013 Erstes Projekttreffen in Bonn","description":"Im Februar kamen Naturparkvertreter aus Frankreich, Luxemburg, \u00d6sterreich, der Schweiz, Ungarn, dem Vereinigten K\u00f6nigreich und Deutschland zum ersten Projekttreffen in Bonn zusammen.","robots":{"index":"index","follow":"follow","max-snippet":"max-snippet:-1","max-image-preview":"max-image-preview:large","max-video-preview":"max-video-preview:-1"},"canonical":"https:\/\/www.naturparkmagazin.de\/vdn\/europas-naturparke-erstes-projekttreffen-in-bonn\/","og_locale":"de_DE","og_type":"article","og_title":"\"Europas Naturparke\" \u2013 Erstes Projekttreffen in Bonn","og_description":"Im Februar kamen Naturparkvertreter aus Frankreich, Luxemburg, \u00d6sterreich, der Schweiz, Ungarn, dem Vereinigten K\u00f6nigreich und Deutschland zum ersten Projekttreffen in Bonn zusammen.","og_url":"https:\/\/www.naturparkmagazin.de\/vdn\/europas-naturparke-erstes-projekttreffen-in-bonn\/","og_site_name":"Verband Deutscher Naturparke","article_published_time":"2015-03-18T08:39:36+00:00","article_modified_time":"2015-03-19T09:40:36+00:00","og_image":[{"width":180,"height":135,"url":"https:\/\/www.naturparkmagazin.de\/vdn\/wp-content\/uploads\/sites\/3\/Logo_beitragsbild1.jpg","type":"image\/jpeg"}],"author":"vdnnational","twitter_misc":{"Verfasst von":"vdnnational","Gesch\u00e4tzte Lesezeit":"1\u00a0Minute"},"schema":{"@context":"https:\/\/schema.org","@graph":[{"@type":"WebPage","@id":"https:\/\/www.naturparkmagazin.de\/vdn\/europas-naturparke-erstes-projekttreffen-in-bonn\/","url":"https:\/\/www.naturparkmagazin.de\/vdn\/europas-naturparke-erstes-projekttreffen-in-bonn\/","name":"\"Europas Naturparke\" \u2013 Erstes Projekttreffen in Bonn","isPartOf":{"@id":"https:\/\/www.naturparkmagazin.de\/vdn\/#website"},"datePublished":"2015-03-18T08:39:36+00:00","dateModified":"2015-03-19T09:40:36+00:00","author":{"@id":"https:\/\/www.naturparkmagazin.de\/vdn\/#\/schema\/person\/e28d931df83318a48d52ae72b08d2bfb"},"description":"Im Februar kamen Naturparkvertreter aus Frankreich, Luxemburg, \u00d6sterreich, der Schweiz, Ungarn, dem Vereinigten K\u00f6nigreich und Deutschland zum ersten Projekttreffen in Bonn zusammen.","breadcrumb":{"@id":"https:\/\/www.naturparkmagazin.de\/vdn\/europas-naturparke-erstes-projekttreffen-in-bonn\/#breadcrumb"},"inLanguage":"de","potentialAction":[{"@type":"ReadAction","target":["https:\/\/www.naturparkmagazin.de\/vdn\/europas-naturparke-erstes-projekttreffen-in-bonn\/"]}]},{"@type":"BreadcrumbList","@id":"https:\/\/www.naturparkmagazin.de\/vdn\/europas-naturparke-erstes-projekttreffen-in-bonn\/#breadcrumb","itemListElement":[{"@type":"ListItem","position":1,"name":"Home","item":"https:\/\/www.naturparkmagazin.de\/vdn\/"},{"@type":"ListItem","position":2,"name":"&#8222;Europas Naturparke&#8220; \u2013 Erstes Projekttreffen in Bonn"}]},{"@type":"WebSite","@id":"https:\/\/www.naturparkmagazin.de\/vdn\/#website","url":"https:\/\/www.naturparkmagazin.de\/vdn\/","name":"Verband Deutscher Naturparke","description":"Eine weitere Naturparkmagazin.de Netzwerk Seite","potentialAction":[{"@type":"SearchAction","target":{"@type":"EntryPoint","urlTemplate":"https:\/\/www.naturparkmagazin.de\/vdn\/?s={search_term_string}"},"query-input":"required name=search_term_string"}],"inLanguage":"de"},{"@type":"Person","@id":"https:\/\/www.naturparkmagazin.de\/vdn\/#\/schema\/person\/e28d931df83318a48d52ae72b08d2bfb","name":"vdnnational","url":"https:\/\/www.naturparkmagazin.de\/vdn\/author\/vdnnational\/"}]}},"_links":{"self":[{"href":"https:\/\/www.naturparkmagazin.de\/vdn\/wp-json\/wp\/v2\/posts\/5210"}],"collection":[{"href":"https:\/\/www.naturparkmagazin.de\/vdn\/wp-json\/wp\/v2\/posts"}],"about":[{"href":"https:\/\/www.naturparkmagazin.de\/vdn\/wp-json\/wp\/v2\/types\/post"}],"author":[{"embeddable":true,"href":"https:\/\/www.naturparkmagazin.de\/vdn\/wp-json\/wp\/v2\/users\/14"}],"replies":[{"embeddable":true,"href":"https:\/\/www.naturparkmagazin.de\/vdn\/wp-json\/wp\/v2\/comments?post=5210"}],"version-history":[{"count":4,"href":"https:\/\/www.naturparkmagazin.de\/vdn\/wp-json\/wp\/v2\/posts\/5210\/revisions"}],"predecessor-version":[{"id":5252,"href":"https:\/\/www.naturparkmagazin.de\/vdn\/wp-json\/wp\/v2\/posts\/5210\/revisions\/5252"}],"wp:featuredmedia":[{"embeddable":true,"href":"https:\/\/www.naturparkmagazin.de\/vdn\/wp-json\/wp\/v2\/media\/5216"}],"wp:attachment":[{"href":"https:\/\/www.naturparkmagazin.de\/vdn\/wp-json\/wp\/v2\/media?parent=5210"}],"wp:term":[{"taxonomy":"category","embeddable":true,"href":"https:\/\/www.naturparkmagazin.de\/vdn\/wp-json\/wp\/v2\/categories?post=5210"},{"taxonomy":"post_tag","embeddable":true,"href":"https:\/\/www.naturparkmagazin.de\/vdn\/wp-json\/wp\/v2\/tags?post=5210"}],"curies":[{"name":"wp","href":"https:\/\/api.w.org\/{rel}","templated":true}]}}