{"id":5274,"date":"2015-04-19T12:21:15","date_gmt":"2015-04-19T10:21:15","guid":{"rendered":"http:\/\/www.naturparkmagazin.de\/vdn\/?p=5274"},"modified":"2015-04-23T14:16:18","modified_gmt":"2015-04-23T12:16:18","slug":"bundesweite-stunde-der-gartenvoegel-2015","status":"publish","type":"post","link":"https:\/\/www.naturparkmagazin.de\/vdn\/bundesweite-stunde-der-gartenvoegel-2015\/","title":{"rendered":"Bundesweite \u201eStunde der Gartenv\u00f6gel\u201c 2015"},"content":{"rendered":"<div id=\"attachment_5276\" style=\"width: 510px\" class=\"wp-caption aligncenter\"><a href=\"https:\/\/www.naturparkmagazin.de\/vdn\/wp-content\/uploads\/sites\/3\/kohlmeise-Beitrag.jpg\"><img aria-describedby=\"caption-attachment-5276\" decoding=\"async\" loading=\"lazy\" class=\"size-full wp-image-5276 \" title=\"'Kohlmeise' Copyright: VDN\/Werner\" alt=\"'Kohlmeise' Copyright: VDN\/Werner\" src=\"https:\/\/www.naturparkmagazin.de\/vdn\/wp-content\/uploads\/sites\/3\/kohlmeise-Beitrag.jpg\" width=\"500\" height=\"300\" srcset=\"https:\/\/www.naturparkmagazin.de\/vdn\/wp-content\/uploads\/sites\/3\/kohlmeise-Beitrag.jpg 500w, https:\/\/www.naturparkmagazin.de\/vdn\/wp-content\/uploads\/sites\/3\/kohlmeise-Beitrag-300x180.jpg 300w, https:\/\/www.naturparkmagazin.de\/vdn\/wp-content\/uploads\/sites\/3\/kohlmeise-Beitrag-200x120.jpg 200w\" sizes=\"(max-width: 500px) 100vw, 500px\" \/><\/a><p id=\"caption-attachment-5276\" class=\"wp-caption-text\">&#8218;Kohlmeise&#8216; Copyright: VDN\/Werner<\/p><\/div>\n<p>V\u00f6gel in der N\u00e4he beobachten, an einer bundesweiten Aktion teilnehmen und dabei tolle Preise gewinnen \u2013 all das kannst Du bei der \u201eStunde der Gartenv\u00f6gel\u201c, die der NABU 2015 bereits zum elften Mal durchf\u00fchrt. Jedes Jahr am zweiten Maiwochenende sind alle gro\u00dfen und kleinen Naturfreunde aufgerufen, die beobachteten V\u00f6gel zu notieren und dem NABU zu melden.<\/p>\n<div id=\"attachment_5278\" style=\"width: 510px\" class=\"wp-caption aligncenter\"><a href=\"https:\/\/www.naturparkmagazin.de\/vdn\/wp-content\/uploads\/sites\/3\/amselweibchenfc-2-beitrag.jpg\"><img aria-describedby=\"caption-attachment-5278\" decoding=\"async\" loading=\"lazy\" class=\"size-full wp-image-5278 \" title=\"'Amsel' Copyright: VDN\/Ulrike Sobick\" alt=\"'Amsel' Copyright: VDN\/Ulrike Sobick\" src=\"https:\/\/www.naturparkmagazin.de\/vdn\/wp-content\/uploads\/sites\/3\/amselweibchenfc-2-beitrag.jpg\" width=\"500\" height=\"300\" srcset=\"https:\/\/www.naturparkmagazin.de\/vdn\/wp-content\/uploads\/sites\/3\/amselweibchenfc-2-beitrag.jpg 500w, https:\/\/www.naturparkmagazin.de\/vdn\/wp-content\/uploads\/sites\/3\/amselweibchenfc-2-beitrag-300x180.jpg 300w, https:\/\/www.naturparkmagazin.de\/vdn\/wp-content\/uploads\/sites\/3\/amselweibchenfc-2-beitrag-200x120.jpg 200w\" sizes=\"(max-width: 500px) 100vw, 500px\" \/><\/a><p id=\"caption-attachment-5278\" class=\"wp-caption-text\">&#8218;Amsel&#8216; Copyright: VDN\/Ulrike Sobick<\/p><\/div>\n<p>Mitmachen kannst Du mit Deinen beobachteten V\u00f6geln im Garten, auf dem Balkon oder auch im Park. Wenn Du die heimische Vogelwelt nicht allein, sondern in einer Gruppe von Vogelliebhabern und unter fachkundiger F\u00fchrung kennen lernen m\u00f6chtest, kannst Du auch mit Eltern oder Freunden an einer der zahlreichen Gartenvogelf\u00fchrungen teilnehmen.<\/p>\n<div id=\"attachment_5279\" style=\"width: 510px\" class=\"wp-caption aligncenter\"><a href=\"https:\/\/www.naturparkmagazin.de\/vdn\/wp-content\/uploads\/sites\/3\/beutelmeise044-p-stangenhagen-03-05-14-2190-beitrag.jpg\"><img aria-describedby=\"caption-attachment-5279\" decoding=\"async\" loading=\"lazy\" class=\"size-full wp-image-5279 \" title=\"'Beutelmeise' Copyright: VDN\/Pitti\" alt=\"'Beutelmeise' Copyright: VDN\/Pitti\" src=\"https:\/\/www.naturparkmagazin.de\/vdn\/wp-content\/uploads\/sites\/3\/beutelmeise044-p-stangenhagen-03-05-14-2190-beitrag.jpg\" width=\"500\" height=\"300\" srcset=\"https:\/\/www.naturparkmagazin.de\/vdn\/wp-content\/uploads\/sites\/3\/beutelmeise044-p-stangenhagen-03-05-14-2190-beitrag.jpg 500w, https:\/\/www.naturparkmagazin.de\/vdn\/wp-content\/uploads\/sites\/3\/beutelmeise044-p-stangenhagen-03-05-14-2190-beitrag-300x180.jpg 300w, https:\/\/www.naturparkmagazin.de\/vdn\/wp-content\/uploads\/sites\/3\/beutelmeise044-p-stangenhagen-03-05-14-2190-beitrag-200x120.jpg 200w\" sizes=\"(max-width: 500px) 100vw, 500px\" \/><\/a><p id=\"caption-attachment-5279\" class=\"wp-caption-text\">&#8218;Beutelmeise&#8216; Copyright: VDN\/Pitti<\/p><\/div>\n<p>&nbsp;<\/p>\n<p>&gt;&gt; Hier findest Du <a href=\"https:\/\/www.nabu.de\/tiere-und-pflanzen\/aktionen-und-projekte\/stunde-der-gartenvoegel\/\">weitere Infos zur \u201eStunde der Gartenv\u00f6gel\u201c <\/a>2015<\/p>\n<p>&nbsp;<\/p>\n<p>&gt;&gt; Hier kannst Du den<a href=\"https:\/\/www.nabu.de\/imperia\/md\/content\/nabude\/vogelschutz\/stundedergartenvoegel\/nabu-stunde-der-gartenvoegel2015-infoflyer.pdf\"> Infoflyer zur \u201eStunde der Gartenv\u00f6gel\u201c<\/a> 2015 downloaden<\/p>\n<p>&nbsp;<\/p>\n<p>&gt;&gt; hier kannst Du eine<a href=\"https:\/\/www.nabu.de\/imperia\/md\/content\/nabude\/vogelschutz\/stundedergartenvoegel\/nabu-stunde-der-gartenvoegel2015-zaehlhilfe.pdf\"> Z\u00e4hlhilfe zur \u201eStunde der Gartenv\u00f6gel\u201c<\/a> 2015 downloaden<\/p>\n<p>&nbsp;<\/p>\n<div id=\"attachment_5282\" style=\"width: 630px\" class=\"wp-caption aligncenter\"><a href=\"https:\/\/www.naturparkmagazin.de\/vdn\/wp-content\/uploads\/sites\/3\/g6080042c1.jpg\"><img aria-describedby=\"caption-attachment-5282\" decoding=\"async\" loading=\"lazy\" class=\"size-medium wp-image-5282 \" title=\"' Sperlinge' Copyright: VDN\/Georg M.\" alt=\"' Sperlinge' Copyright: VDN\/Georg M.\" src=\"https:\/\/www.naturparkmagazin.de\/vdn\/wp-content\/uploads\/sites\/3\/g6080042c1-620x463.jpg\" width=\"620\" height=\"463\" srcset=\"https:\/\/www.naturparkmagazin.de\/vdn\/wp-content\/uploads\/sites\/3\/g6080042c1-620x463.jpg 620w, https:\/\/www.naturparkmagazin.de\/vdn\/wp-content\/uploads\/sites\/3\/g6080042c1-300x224.jpg 300w, https:\/\/www.naturparkmagazin.de\/vdn\/wp-content\/uploads\/sites\/3\/g6080042c1-940x702.jpg 940w, https:\/\/www.naturparkmagazin.de\/vdn\/wp-content\/uploads\/sites\/3\/g6080042c1-420x315.jpg 420w, https:\/\/www.naturparkmagazin.de\/vdn\/wp-content\/uploads\/sites\/3\/g6080042c1-180x135.jpg 180w, https:\/\/www.naturparkmagazin.de\/vdn\/wp-content\/uploads\/sites\/3\/g6080042c1-95x71.jpg 95w, https:\/\/www.naturparkmagazin.de\/vdn\/wp-content\/uploads\/sites\/3\/g6080042c1-670x500.jpg 670w, https:\/\/www.naturparkmagazin.de\/vdn\/wp-content\/uploads\/sites\/3\/g6080042c1-200x149.jpg 200w, https:\/\/www.naturparkmagazin.de\/vdn\/wp-content\/uploads\/sites\/3\/g6080042c1.jpg 1000w\" sizes=\"(max-width: 620px) 100vw, 620px\" \/><\/a><p id=\"caption-attachment-5282\" class=\"wp-caption-text\">&#8218; Sperlinge&#8216; Copyright: VDN\/Georg M.<\/p><\/div>\n<p>&nbsp;<\/p>\n","protected":false},"excerpt":{"rendered":"<p>Vom 8. bis 10. Mai startet die 11. Auflage der gro\u00dfen bundesweiten NABU-Mitmachaktion \u201eStunde der Gartenv\u00f6gel\u201c 2015. Mitmachen kannst Du mit Deinen beobachteten V\u00f6geln im Garten, auf dem Balkon oder auch im Park.<\/p>\n","protected":false},"author":51,"featured_media":5282,"comment_status":"open","ping_status":"open","sticky":false,"template":"","format":"standard","meta":{"_links_to":"","_links_to_target":""},"categories":[617],"tags":[],"yoast_head":"<!-- This site is optimized with the Yoast SEO plugin v19.10 - https:\/\/yoast.com\/wordpress\/plugins\/seo\/ -->\n<title>Bundesweite \u201eStunde der Gartenv\u00f6gel\u201c 2015<\/title>\n<meta name=\"description\" content=\"Vom 8. bis 10. Mai startet die 11. Auflage der gro\u00dfen bundesweiten NABU-Mitmachaktion \u201eStunde der Gartenv\u00f6gel\u201c 2015. Mitmachen kannst Du mit Deinen beobachteten V\u00f6geln im Garten, auf dem Balkon oder auch im Park.\" \/>\n<meta name=\"robots\" content=\"index, follow, max-snippet:-1, max-image-preview:large, max-video-preview:-1\" \/>\n<link rel=\"canonical\" href=\"https:\/\/www.naturparkmagazin.de\/vdn\/bundesweite-stunde-der-gartenvoegel-2015\/\" \/>\n<meta property=\"og:locale\" content=\"de_DE\" \/>\n<meta property=\"og:type\" content=\"article\" \/>\n<meta property=\"og:title\" content=\"Bundesweite \u201eStunde der Gartenv\u00f6gel\u201c 2015\" \/>\n<meta property=\"og:description\" content=\"Vom 8. bis 10. Mai startet die 11. Auflage der gro\u00dfen bundesweiten NABU-Mitmachaktion \u201eStunde der Gartenv\u00f6gel\u201c 2015. Mitmachen kannst Du mit Deinen beobachteten V\u00f6geln im Garten, auf dem Balkon oder auch im Park.\" \/>\n<meta property=\"og:url\" content=\"https:\/\/www.naturparkmagazin.de\/vdn\/bundesweite-stunde-der-gartenvoegel-2015\/\" \/>\n<meta property=\"og:site_name\" content=\"Verband Deutscher Naturparke\" \/>\n<meta property=\"article:published_time\" content=\"2015-04-19T10:21:15+00:00\" \/>\n<meta property=\"article:modified_time\" content=\"2015-04-23T12:16:18+00:00\" \/>\n<meta property=\"og:image\" content=\"https:\/\/www.naturparkmagazin.de\/vdn\/wp-content\/uploads\/sites\/3\/g6080042c1.jpg\" \/>\n\t<meta property=\"og:image:width\" content=\"1000\" \/>\n\t<meta property=\"og:image:height\" content=\"747\" \/>\n\t<meta property=\"og:image:type\" content=\"image\/jpeg\" \/>\n<meta name=\"author\" content=\"beatrixlosem\" \/>\n<meta name=\"twitter:label1\" content=\"Verfasst von\" \/>\n\t<meta name=\"twitter:data1\" content=\"beatrixlosem\" \/>\n\t<meta name=\"twitter:label2\" content=\"Gesch\u00e4tzte Lesezeit\" \/>\n\t<meta name=\"twitter:data2\" content=\"1\u00a0Minute\" \/>\n<script type=\"application\/ld+json\" class=\"yoast-schema-graph\">{\"@context\":\"https:\/\/schema.org\",\"@graph\":[{\"@type\":\"WebPage\",\"@id\":\"https:\/\/www.naturparkmagazin.de\/vdn\/bundesweite-stunde-der-gartenvoegel-2015\/\",\"url\":\"https:\/\/www.naturparkmagazin.de\/vdn\/bundesweite-stunde-der-gartenvoegel-2015\/\",\"name\":\"Bundesweite \u201eStunde der Gartenv\u00f6gel\u201c 2015\",\"isPartOf\":{\"@id\":\"https:\/\/www.naturparkmagazin.de\/vdn\/#website\"},\"datePublished\":\"2015-04-19T10:21:15+00:00\",\"dateModified\":\"2015-04-23T12:16:18+00:00\",\"author\":{\"@id\":\"https:\/\/www.naturparkmagazin.de\/vdn\/#\/schema\/person\/d71357578c318b6db03be60b1f60396b\"},\"description\":\"Vom 8. bis 10. Mai startet die 11. Auflage der gro\u00dfen bundesweiten NABU-Mitmachaktion \u201eStunde der Gartenv\u00f6gel\u201c 2015. Mitmachen kannst Du mit Deinen beobachteten V\u00f6geln im Garten, auf dem Balkon oder auch im Park.\",\"breadcrumb\":{\"@id\":\"https:\/\/www.naturparkmagazin.de\/vdn\/bundesweite-stunde-der-gartenvoegel-2015\/#breadcrumb\"},\"inLanguage\":\"de\",\"potentialAction\":[{\"@type\":\"ReadAction\",\"target\":[\"https:\/\/www.naturparkmagazin.de\/vdn\/bundesweite-stunde-der-gartenvoegel-2015\/\"]}]},{\"@type\":\"BreadcrumbList\",\"@id\":\"https:\/\/www.naturparkmagazin.de\/vdn\/bundesweite-stunde-der-gartenvoegel-2015\/#breadcrumb\",\"itemListElement\":[{\"@type\":\"ListItem\",\"position\":1,\"name\":\"Home\",\"item\":\"https:\/\/www.naturparkmagazin.de\/vdn\/\"},{\"@type\":\"ListItem\",\"position\":2,\"name\":\"Bundesweite \u201eStunde der Gartenv\u00f6gel\u201c 2015\"}]},{\"@type\":\"WebSite\",\"@id\":\"https:\/\/www.naturparkmagazin.de\/vdn\/#website\",\"url\":\"https:\/\/www.naturparkmagazin.de\/vdn\/\",\"name\":\"Verband Deutscher Naturparke\",\"description\":\"Eine weitere Naturparkmagazin.de Netzwerk Seite\",\"potentialAction\":[{\"@type\":\"SearchAction\",\"target\":{\"@type\":\"EntryPoint\",\"urlTemplate\":\"https:\/\/www.naturparkmagazin.de\/vdn\/?s={search_term_string}\"},\"query-input\":\"required name=search_term_string\"}],\"inLanguage\":\"de\"},{\"@type\":\"Person\",\"@id\":\"https:\/\/www.naturparkmagazin.de\/vdn\/#\/schema\/person\/d71357578c318b6db03be60b1f60396b\",\"name\":\"beatrixlosem\",\"url\":\"https:\/\/www.naturparkmagazin.de\/vdn\/author\/beatrixlosem\/\"}]}<\/script>\n<!-- \/ Yoast SEO plugin. -->","yoast_head_json":{"title":"Bundesweite \u201eStunde der Gartenv\u00f6gel\u201c 2015","description":"Vom 8. bis 10. Mai startet die 11. Auflage der gro\u00dfen bundesweiten NABU-Mitmachaktion \u201eStunde der Gartenv\u00f6gel\u201c 2015. Mitmachen kannst Du mit Deinen beobachteten V\u00f6geln im Garten, auf dem Balkon oder auch im Park.","robots":{"index":"index","follow":"follow","max-snippet":"max-snippet:-1","max-image-preview":"max-image-preview:large","max-video-preview":"max-video-preview:-1"},"canonical":"https:\/\/www.naturparkmagazin.de\/vdn\/bundesweite-stunde-der-gartenvoegel-2015\/","og_locale":"de_DE","og_type":"article","og_title":"Bundesweite \u201eStunde der Gartenv\u00f6gel\u201c 2015","og_description":"Vom 8. bis 10. Mai startet die 11. Auflage der gro\u00dfen bundesweiten NABU-Mitmachaktion \u201eStunde der Gartenv\u00f6gel\u201c 2015. Mitmachen kannst Du mit Deinen beobachteten V\u00f6geln im Garten, auf dem Balkon oder auch im Park.","og_url":"https:\/\/www.naturparkmagazin.de\/vdn\/bundesweite-stunde-der-gartenvoegel-2015\/","og_site_name":"Verband Deutscher Naturparke","article_published_time":"2015-04-19T10:21:15+00:00","article_modified_time":"2015-04-23T12:16:18+00:00","og_image":[{"width":1000,"height":747,"url":"https:\/\/www.naturparkmagazin.de\/vdn\/wp-content\/uploads\/sites\/3\/g6080042c1.jpg","type":"image\/jpeg"}],"author":"beatrixlosem","twitter_misc":{"Verfasst von":"beatrixlosem","Gesch\u00e4tzte Lesezeit":"1\u00a0Minute"},"schema":{"@context":"https:\/\/schema.org","@graph":[{"@type":"WebPage","@id":"https:\/\/www.naturparkmagazin.de\/vdn\/bundesweite-stunde-der-gartenvoegel-2015\/","url":"https:\/\/www.naturparkmagazin.de\/vdn\/bundesweite-stunde-der-gartenvoegel-2015\/","name":"Bundesweite \u201eStunde der Gartenv\u00f6gel\u201c 2015","isPartOf":{"@id":"https:\/\/www.naturparkmagazin.de\/vdn\/#website"},"datePublished":"2015-04-19T10:21:15+00:00","dateModified":"2015-04-23T12:16:18+00:00","author":{"@id":"https:\/\/www.naturparkmagazin.de\/vdn\/#\/schema\/person\/d71357578c318b6db03be60b1f60396b"},"description":"Vom 8. bis 10. Mai startet die 11. Auflage der gro\u00dfen bundesweiten NABU-Mitmachaktion \u201eStunde der Gartenv\u00f6gel\u201c 2015. Mitmachen kannst Du mit Deinen beobachteten V\u00f6geln im Garten, auf dem Balkon oder auch im Park.","breadcrumb":{"@id":"https:\/\/www.naturparkmagazin.de\/vdn\/bundesweite-stunde-der-gartenvoegel-2015\/#breadcrumb"},"inLanguage":"de","potentialAction":[{"@type":"ReadAction","target":["https:\/\/www.naturparkmagazin.de\/vdn\/bundesweite-stunde-der-gartenvoegel-2015\/"]}]},{"@type":"BreadcrumbList","@id":"https:\/\/www.naturparkmagazin.de\/vdn\/bundesweite-stunde-der-gartenvoegel-2015\/#breadcrumb","itemListElement":[{"@type":"ListItem","position":1,"name":"Home","item":"https:\/\/www.naturparkmagazin.de\/vdn\/"},{"@type":"ListItem","position":2,"name":"Bundesweite \u201eStunde der Gartenv\u00f6gel\u201c 2015"}]},{"@type":"WebSite","@id":"https:\/\/www.naturparkmagazin.de\/vdn\/#website","url":"https:\/\/www.naturparkmagazin.de\/vdn\/","name":"Verband Deutscher Naturparke","description":"Eine weitere Naturparkmagazin.de Netzwerk Seite","potentialAction":[{"@type":"SearchAction","target":{"@type":"EntryPoint","urlTemplate":"https:\/\/www.naturparkmagazin.de\/vdn\/?s={search_term_string}"},"query-input":"required name=search_term_string"}],"inLanguage":"de"},{"@type":"Person","@id":"https:\/\/www.naturparkmagazin.de\/vdn\/#\/schema\/person\/d71357578c318b6db03be60b1f60396b","name":"beatrixlosem","url":"https:\/\/www.naturparkmagazin.de\/vdn\/author\/beatrixlosem\/"}]}},"_links":{"self":[{"href":"https:\/\/www.naturparkmagazin.de\/vdn\/wp-json\/wp\/v2\/posts\/5274"}],"collection":[{"href":"https:\/\/www.naturparkmagazin.de\/vdn\/wp-json\/wp\/v2\/posts"}],"about":[{"href":"https:\/\/www.naturparkmagazin.de\/vdn\/wp-json\/wp\/v2\/types\/post"}],"author":[{"embeddable":true,"href":"https:\/\/www.naturparkmagazin.de\/vdn\/wp-json\/wp\/v2\/users\/51"}],"replies":[{"embeddable":true,"href":"https:\/\/www.naturparkmagazin.de\/vdn\/wp-json\/wp\/v2\/comments?post=5274"}],"version-history":[{"count":5,"href":"https:\/\/www.naturparkmagazin.de\/vdn\/wp-json\/wp\/v2\/posts\/5274\/revisions"}],"predecessor-version":[{"id":5396,"href":"https:\/\/www.naturparkmagazin.de\/vdn\/wp-json\/wp\/v2\/posts\/5274\/revisions\/5396"}],"wp:featuredmedia":[{"embeddable":true,"href":"https:\/\/www.naturparkmagazin.de\/vdn\/wp-json\/wp\/v2\/media\/5282"}],"wp:attachment":[{"href":"https:\/\/www.naturparkmagazin.de\/vdn\/wp-json\/wp\/v2\/media?parent=5274"}],"wp:term":[{"taxonomy":"category","embeddable":true,"href":"https:\/\/www.naturparkmagazin.de\/vdn\/wp-json\/wp\/v2\/categories?post=5274"},{"taxonomy":"post_tag","embeddable":true,"href":"https:\/\/www.naturparkmagazin.de\/vdn\/wp-json\/wp\/v2\/tags?post=5274"}],"curies":[{"name":"wp","href":"https:\/\/api.w.org\/{rel}","templated":true}]}}