{"id":5287,"date":"2015-04-19T12:33:03","date_gmt":"2015-04-19T10:33:03","guid":{"rendered":"http:\/\/www.naturparkmagazin.de\/vdn\/?p=5287"},"modified":"2015-04-22T14:33:30","modified_gmt":"2015-04-22T12:33:30","slug":"gruene-taeler-und-raue-gipfel-naturpark-oberer-bayerischer-wald","status":"publish","type":"post","link":"https:\/\/www.naturparkmagazin.de\/vdn\/gruene-taeler-und-raue-gipfel-naturpark-oberer-bayerischer-wald\/","title":{"rendered":"Gr\u00fcne T\u00e4ler und raue Gipfel \u2013 Naturpark Oberer Bayerischer Wald"},"content":{"rendered":"<div id=\"attachment_5289\" style=\"width: 510px\" class=\"wp-caption aligncenter\"><a href=\"https:\/\/www.naturparkmagazin.de\/vdn\/wp-content\/uploads\/sites\/3\/Kl.Arbersee3-Beitrag.jpg\"><img aria-describedby=\"caption-attachment-5289\" decoding=\"async\" loading=\"lazy\" class=\"size-full wp-image-5289 \" title=\"'Kleiner Arbersee' Copyright: Naturpark Oberer Bayerischer Wald\" alt=\"'Kleiner Arbersee' Copyright: Naturpark Oberer Bayerischer Wald\" src=\"https:\/\/www.naturparkmagazin.de\/vdn\/wp-content\/uploads\/sites\/3\/Kl.Arbersee3-Beitrag.jpg\" width=\"500\" height=\"300\" srcset=\"https:\/\/www.naturparkmagazin.de\/vdn\/wp-content\/uploads\/sites\/3\/Kl.Arbersee3-Beitrag.jpg 500w, https:\/\/www.naturparkmagazin.de\/vdn\/wp-content\/uploads\/sites\/3\/Kl.Arbersee3-Beitrag-300x180.jpg 300w, https:\/\/www.naturparkmagazin.de\/vdn\/wp-content\/uploads\/sites\/3\/Kl.Arbersee3-Beitrag-200x120.jpg 200w\" sizes=\"(max-width: 500px) 100vw, 500px\" \/><\/a><p id=\"caption-attachment-5289\" class=\"wp-caption-text\">&#8218;Kleiner Arbersee&#8216; Copyright: Naturpark Oberer Bayerischer Wald<\/p><\/div>\n<p>Mit 179.600 ha ist der Naturpark Oberer Bayerischer Wald einer der gr\u00f6\u00dften Naturparke in Bayern. Er grenzt an die Naturparke Bayerischer Wald und Oberpf\u00e4lzer Wald, sowie an die tschechischen Landschaftsschutzgebiete \u0160umava und Cesky l\u00e9s. Mit den \u201eTausendern\u201c Gro\u00dfer Arber (1.456 m), Osser (1.293 m), Enzian (1.285 m), Schwarzeck (1.238 m), Kaitersberg (1.132 m) und Hoher Bogen (1.073 m), mit seinen Flusst\u00e4lern und Seen besitzt er eine interessante und vielf\u00e4ltige Landschaft.<\/p>\n<p>Das Gebiet des Naturparks war schon in vorgeschichtlicher Zeit besiedelt. Einer der sch\u00f6nsten Faustkeile Deutschlands wurde bei P\u00f6sing im Regental gefunden. Er stammt aus der letzten Zwischeneiszeit und ist etwa 80.000 Jahre alt.<\/p>\n<div id=\"attachment_5290\" style=\"width: 510px\" class=\"wp-caption aligncenter\"><a href=\"https:\/\/www.naturparkmagazin.de\/vdn\/wp-content\/uploads\/sites\/3\/Neub\u00e4uer-WEiher-Beitrag.jpg\"><img aria-describedby=\"caption-attachment-5290\" decoding=\"async\" loading=\"lazy\" class=\"size-full wp-image-5290 \" title=\"'Neub\u00e4uer Weiher' Copyright Naturpark Oberer Bayerischer Wald\" alt=\"'Neub\u00e4uer Weiher' Copyright Naturpark Oberer Bayerischer Wald\" src=\"https:\/\/www.naturparkmagazin.de\/vdn\/wp-content\/uploads\/sites\/3\/Neub\u00e4uer-WEiher-Beitrag.jpg\" width=\"500\" height=\"300\" srcset=\"https:\/\/www.naturparkmagazin.de\/vdn\/wp-content\/uploads\/sites\/3\/Neub\u00e4uer-WEiher-Beitrag.jpg 500w, https:\/\/www.naturparkmagazin.de\/vdn\/wp-content\/uploads\/sites\/3\/Neub\u00e4uer-WEiher-Beitrag-300x180.jpg 300w, https:\/\/www.naturparkmagazin.de\/vdn\/wp-content\/uploads\/sites\/3\/Neub\u00e4uer-WEiher-Beitrag-200x120.jpg 200w\" sizes=\"(max-width: 500px) 100vw, 500px\" \/><\/a><p id=\"caption-attachment-5290\" class=\"wp-caption-text\">&#8218;Neub\u00e4uer Weiher&#8216; Copyright Naturpark Oberer Bayerischer Wald<\/p><\/div>\n<p>Geologisch geh\u00f6rt der Bayerische Wald zur westlichen Randzone der \u201eB\u00f6hmischen Masse\u201c, die zu den Urgebirgen des Erdaltertums z\u00e4hlt. Hauptgesteinsarten sind Granit und Gneis. Doch der 140 Kilometer lange \u201ePfahl\u201c, ein Quarzgang, ist eine geologische Besonderheit, die auch die Vegetation beeinflusst. An einigen Stellen wird diese auffallende Felsformation als Teufelsmauer benannt.<\/p>\n<p>Durch diese unterschiedlichen, nat\u00fcrlichen Vorgaben in Boden, Klima und Relief haben sich zusammen mit den verschiedenen Nutzungsformen eine Vielzahl von Lebensr\u00e4umen f\u00fcr Tiere und Pflanzen ausgestaltet.<\/p>\n<p>Artenreich ist die Flora besonders in gesch\u00fctzten Biotopen, wo man auch seltene Blumen wie Orchideen, Wollgras, Trollblume, Arnika, Fieberklee und andere antrifft. Ein besonderes Highlight ist die Regentalaue. Mit ihren 1427 Hektar ist sie das gr\u00f6\u00dfte Naturschutzgebiet der Oberpfalz und ein Paradies f\u00fcr V\u00f6gel aller Art. So finden sich hier viele der vom Aussterben bedrohten Brutvogelarten, wie zum Beispiel Schwarzhalstaucher, Wachtelk\u00f6nig und Schilfrohrs\u00e4nger, um nur einige zu nennen.<\/p>\n<div id=\"attachment_5291\" style=\"width: 510px\" class=\"wp-caption aligncenter\"><a href=\"https:\/\/www.naturparkmagazin.de\/vdn\/wp-content\/uploads\/sites\/3\/Arberluft7-Beitrag.jpg\"><img aria-describedby=\"caption-attachment-5291\" decoding=\"async\" loading=\"lazy\" class=\"size-full wp-image-5291 \" title=\"'Arberluft' Copyright: Naturpark Oberer Bayerischer Wald\" alt=\"'Arberluft' Copyright: Naturpark Oberer Bayerischer Wald\" src=\"https:\/\/www.naturparkmagazin.de\/vdn\/wp-content\/uploads\/sites\/3\/Arberluft7-Beitrag.jpg\" width=\"500\" height=\"300\" srcset=\"https:\/\/www.naturparkmagazin.de\/vdn\/wp-content\/uploads\/sites\/3\/Arberluft7-Beitrag.jpg 500w, https:\/\/www.naturparkmagazin.de\/vdn\/wp-content\/uploads\/sites\/3\/Arberluft7-Beitrag-300x180.jpg 300w, https:\/\/www.naturparkmagazin.de\/vdn\/wp-content\/uploads\/sites\/3\/Arberluft7-Beitrag-200x120.jpg 200w\" sizes=\"(max-width: 500px) 100vw, 500px\" \/><\/a><p id=\"caption-attachment-5291\" class=\"wp-caption-text\">&#8218;Arberluft&#8216; Copyright: Naturpark Oberer Bayerischer Wald<\/p><\/div>\n<p>Eine nicht so \u00f6ffentlich zug\u00e4ngliche Besonderheit sind die sogenannten Schrazell\u00f6cher oder auch Erdst\u00e4lle (unterirdische G\u00e4nge und H\u00f6hlen) die sich in einigen Gemeinden, bzw. H\u00e4usern finden. Welchen Zweck sie erf\u00fcllten ist allerdings nicht abschlie\u00dfend gekl\u00e4rt.<\/p>\n<p>Die Vielfalt der Landschaft bietet auch den Menschen abwechslungsreiche M\u00f6glichkeiten zur Erholung. So gibt es ein dichtes Netz an Wanderwegen, dazu 874 km markierte Radwege und \u00fcber 1000 km Mountainbiketouren. Zudem kommt der Lauf des Regens, der von Blaibach bis Regensburg auf 120 km als Bootswanderstrecke eingerichtet ist. Langlaufloipen und Abfahrtspisten erg\u00e4nzen das Angebot, so dass der Naturpark zu jeder Jahreszeit ein interessantes Reiseziel ist, wo sich Naturschutz und Naturerlebnis auf vielf\u00e4ltigste Art verbinden.<\/p>\n<p>Weitere Informationen:<a href=\"http:\/\/www.naturpark-obw.de\"> www.naturpark-obw.de<\/a><\/p>\n<div id=\"attachment_5288\" style=\"width: 510px\" class=\"wp-caption aligncenter\"><a href=\"https:\/\/www.naturparkmagazin.de\/vdn\/wp-content\/uploads\/sites\/3\/Blick-in-Lamer-Winkel-Beitrag.jpg\"><img aria-describedby=\"caption-attachment-5288\" decoding=\"async\" loading=\"lazy\" class=\"size-full wp-image-5288 \" title=\"'Blick in Lamer Winkel' Copyright Naturpark Oberer Bayerischer Wald\" alt=\"'Blick in Lamer Winkel' Copyright Naturpark Oberer Bayerischer Wald\" src=\"https:\/\/www.naturparkmagazin.de\/vdn\/wp-content\/uploads\/sites\/3\/Blick-in-Lamer-Winkel-Beitrag.jpg\" width=\"500\" height=\"300\" srcset=\"https:\/\/www.naturparkmagazin.de\/vdn\/wp-content\/uploads\/sites\/3\/Blick-in-Lamer-Winkel-Beitrag.jpg 500w, https:\/\/www.naturparkmagazin.de\/vdn\/wp-content\/uploads\/sites\/3\/Blick-in-Lamer-Winkel-Beitrag-300x180.jpg 300w, https:\/\/www.naturparkmagazin.de\/vdn\/wp-content\/uploads\/sites\/3\/Blick-in-Lamer-Winkel-Beitrag-200x120.jpg 200w\" sizes=\"(max-width: 500px) 100vw, 500px\" \/><\/a><p id=\"caption-attachment-5288\" class=\"wp-caption-text\">&#8218;Blick in Lamer Winkel&#8216; Copyright Naturpark Oberer Bayerischer Wald<\/p><\/div>\n<p>&nbsp;<\/p>\n","protected":false},"excerpt":{"rendered":"<p>Der Naturpark Oberer Bayerischer Wald ist mit 179.600 ha einer der gr\u00f6\u00dften Naturparke in Bayern. Mit seinen hohen Bergen, von denen mehrere die Tausendergrenze \u00fcberschreiten, seinen Flusst\u00e4lern und Seen besitzt er eine reizvolle und abwechslungsreiche Landschaft. Der westliche Bereich ist gepr\u00e4gt von sanften H\u00fcgeln und weiten Auen. <\/p>\n","protected":false},"author":51,"featured_media":5292,"comment_status":"open","ping_status":"open","sticky":false,"template":"","format":"standard","meta":{"_links_to":"","_links_to_target":""},"categories":[15],"tags":[316,35,86,81,3154,382],"yoast_head":"<!-- This site is optimized with the Yoast SEO plugin v19.10 - https:\/\/yoast.com\/wordpress\/plugins\/seo\/ -->\n<title>Gr\u00fcne T\u00e4ler und raue Gipfel \u2013 Naturpark Oberer Bayerischer Wald<\/title>\n<meta name=\"description\" content=\"Der Naturpark Oberer Bayerischer Wald ist mit 179.600 ha einer der gr\u00f6\u00dften Naturparke in Bayern. Mit seinen hohen Bergen, von denen mehrere die Tausendergrenze \u00fcberschreiten, seinen Flusst\u00e4lern und Seen besitzt er eine reizvolle und abwechslungsreiche Landschaft. Der westliche Bereich ist gepr\u00e4gt von sanften H\u00fcgeln und weiten Auen.\" \/>\n<meta name=\"robots\" content=\"index, follow, max-snippet:-1, max-image-preview:large, max-video-preview:-1\" \/>\n<link rel=\"canonical\" href=\"https:\/\/www.naturparkmagazin.de\/vdn\/gruene-taeler-und-raue-gipfel-naturpark-oberer-bayerischer-wald\/\" \/>\n<meta property=\"og:locale\" content=\"de_DE\" \/>\n<meta property=\"og:type\" content=\"article\" \/>\n<meta property=\"og:title\" content=\"Gr\u00fcne T\u00e4ler und raue Gipfel \u2013 Naturpark Oberer Bayerischer Wald\" \/>\n<meta property=\"og:description\" content=\"Der Naturpark Oberer Bayerischer Wald ist mit 179.600 ha einer der gr\u00f6\u00dften Naturparke in Bayern. Mit seinen hohen Bergen, von denen mehrere die Tausendergrenze \u00fcberschreiten, seinen Flusst\u00e4lern und Seen besitzt er eine reizvolle und abwechslungsreiche Landschaft. Der westliche Bereich ist gepr\u00e4gt von sanften H\u00fcgeln und weiten Auen.\" \/>\n<meta property=\"og:url\" content=\"https:\/\/www.naturparkmagazin.de\/vdn\/gruene-taeler-und-raue-gipfel-naturpark-oberer-bayerischer-wald\/\" \/>\n<meta property=\"og:site_name\" content=\"Verband Deutscher Naturparke\" \/>\n<meta property=\"article:published_time\" content=\"2015-04-19T10:33:03+00:00\" \/>\n<meta property=\"article:modified_time\" content=\"2015-04-22T12:33:30+00:00\" \/>\n<meta property=\"og:image\" content=\"https:\/\/www.naturparkmagazin.de\/vdn\/wp-content\/uploads\/sites\/3\/Kl.Arbersee3-Beitragsfoto.jpg\" \/>\n\t<meta property=\"og:image:width\" content=\"180\" \/>\n\t<meta property=\"og:image:height\" content=\"135\" \/>\n\t<meta property=\"og:image:type\" content=\"image\/jpeg\" \/>\n<meta name=\"author\" content=\"beatrixlosem\" \/>\n<meta name=\"twitter:label1\" content=\"Verfasst von\" \/>\n\t<meta name=\"twitter:data1\" content=\"beatrixlosem\" \/>\n\t<meta name=\"twitter:label2\" content=\"Gesch\u00e4tzte Lesezeit\" \/>\n\t<meta name=\"twitter:data2\" content=\"2\u00a0Minuten\" \/>\n<script type=\"application\/ld+json\" class=\"yoast-schema-graph\">{\"@context\":\"https:\/\/schema.org\",\"@graph\":[{\"@type\":\"WebPage\",\"@id\":\"https:\/\/www.naturparkmagazin.de\/vdn\/gruene-taeler-und-raue-gipfel-naturpark-oberer-bayerischer-wald\/\",\"url\":\"https:\/\/www.naturparkmagazin.de\/vdn\/gruene-taeler-und-raue-gipfel-naturpark-oberer-bayerischer-wald\/\",\"name\":\"Gr\u00fcne T\u00e4ler und raue Gipfel \u2013 Naturpark Oberer Bayerischer Wald\",\"isPartOf\":{\"@id\":\"https:\/\/www.naturparkmagazin.de\/vdn\/#website\"},\"datePublished\":\"2015-04-19T10:33:03+00:00\",\"dateModified\":\"2015-04-22T12:33:30+00:00\",\"author\":{\"@id\":\"https:\/\/www.naturparkmagazin.de\/vdn\/#\/schema\/person\/d71357578c318b6db03be60b1f60396b\"},\"description\":\"Der Naturpark Oberer Bayerischer Wald ist mit 179.600 ha einer der gr\u00f6\u00dften Naturparke in Bayern. Mit seinen hohen Bergen, von denen mehrere die Tausendergrenze \u00fcberschreiten, seinen Flusst\u00e4lern und Seen besitzt er eine reizvolle und abwechslungsreiche Landschaft. Der westliche Bereich ist gepr\u00e4gt von sanften H\u00fcgeln und weiten Auen.\",\"breadcrumb\":{\"@id\":\"https:\/\/www.naturparkmagazin.de\/vdn\/gruene-taeler-und-raue-gipfel-naturpark-oberer-bayerischer-wald\/#breadcrumb\"},\"inLanguage\":\"de\",\"potentialAction\":[{\"@type\":\"ReadAction\",\"target\":[\"https:\/\/www.naturparkmagazin.de\/vdn\/gruene-taeler-und-raue-gipfel-naturpark-oberer-bayerischer-wald\/\"]}]},{\"@type\":\"BreadcrumbList\",\"@id\":\"https:\/\/www.naturparkmagazin.de\/vdn\/gruene-taeler-und-raue-gipfel-naturpark-oberer-bayerischer-wald\/#breadcrumb\",\"itemListElement\":[{\"@type\":\"ListItem\",\"position\":1,\"name\":\"Home\",\"item\":\"https:\/\/www.naturparkmagazin.de\/vdn\/\"},{\"@type\":\"ListItem\",\"position\":2,\"name\":\"Gr\u00fcne T\u00e4ler und raue Gipfel \u2013 Naturpark Oberer Bayerischer Wald\"}]},{\"@type\":\"WebSite\",\"@id\":\"https:\/\/www.naturparkmagazin.de\/vdn\/#website\",\"url\":\"https:\/\/www.naturparkmagazin.de\/vdn\/\",\"name\":\"Verband Deutscher Naturparke\",\"description\":\"Eine weitere Naturparkmagazin.de Netzwerk Seite\",\"potentialAction\":[{\"@type\":\"SearchAction\",\"target\":{\"@type\":\"EntryPoint\",\"urlTemplate\":\"https:\/\/www.naturparkmagazin.de\/vdn\/?s={search_term_string}\"},\"query-input\":\"required name=search_term_string\"}],\"inLanguage\":\"de\"},{\"@type\":\"Person\",\"@id\":\"https:\/\/www.naturparkmagazin.de\/vdn\/#\/schema\/person\/d71357578c318b6db03be60b1f60396b\",\"name\":\"beatrixlosem\",\"url\":\"https:\/\/www.naturparkmagazin.de\/vdn\/author\/beatrixlosem\/\"}]}<\/script>\n<!-- \/ Yoast SEO plugin. -->","yoast_head_json":{"title":"Gr\u00fcne T\u00e4ler und raue Gipfel \u2013 Naturpark Oberer Bayerischer Wald","description":"Der Naturpark Oberer Bayerischer Wald ist mit 179.600 ha einer der gr\u00f6\u00dften Naturparke in Bayern. Mit seinen hohen Bergen, von denen mehrere die Tausendergrenze \u00fcberschreiten, seinen Flusst\u00e4lern und Seen besitzt er eine reizvolle und abwechslungsreiche Landschaft. Der westliche Bereich ist gepr\u00e4gt von sanften H\u00fcgeln und weiten Auen.","robots":{"index":"index","follow":"follow","max-snippet":"max-snippet:-1","max-image-preview":"max-image-preview:large","max-video-preview":"max-video-preview:-1"},"canonical":"https:\/\/www.naturparkmagazin.de\/vdn\/gruene-taeler-und-raue-gipfel-naturpark-oberer-bayerischer-wald\/","og_locale":"de_DE","og_type":"article","og_title":"Gr\u00fcne T\u00e4ler und raue Gipfel \u2013 Naturpark Oberer Bayerischer Wald","og_description":"Der Naturpark Oberer Bayerischer Wald ist mit 179.600 ha einer der gr\u00f6\u00dften Naturparke in Bayern. Mit seinen hohen Bergen, von denen mehrere die Tausendergrenze \u00fcberschreiten, seinen Flusst\u00e4lern und Seen besitzt er eine reizvolle und abwechslungsreiche Landschaft. Der westliche Bereich ist gepr\u00e4gt von sanften H\u00fcgeln und weiten Auen.","og_url":"https:\/\/www.naturparkmagazin.de\/vdn\/gruene-taeler-und-raue-gipfel-naturpark-oberer-bayerischer-wald\/","og_site_name":"Verband Deutscher Naturparke","article_published_time":"2015-04-19T10:33:03+00:00","article_modified_time":"2015-04-22T12:33:30+00:00","og_image":[{"width":180,"height":135,"url":"https:\/\/www.naturparkmagazin.de\/vdn\/wp-content\/uploads\/sites\/3\/Kl.Arbersee3-Beitragsfoto.jpg","type":"image\/jpeg"}],"author":"beatrixlosem","twitter_misc":{"Verfasst von":"beatrixlosem","Gesch\u00e4tzte Lesezeit":"2\u00a0Minuten"},"schema":{"@context":"https:\/\/schema.org","@graph":[{"@type":"WebPage","@id":"https:\/\/www.naturparkmagazin.de\/vdn\/gruene-taeler-und-raue-gipfel-naturpark-oberer-bayerischer-wald\/","url":"https:\/\/www.naturparkmagazin.de\/vdn\/gruene-taeler-und-raue-gipfel-naturpark-oberer-bayerischer-wald\/","name":"Gr\u00fcne T\u00e4ler und raue Gipfel \u2013 Naturpark Oberer Bayerischer Wald","isPartOf":{"@id":"https:\/\/www.naturparkmagazin.de\/vdn\/#website"},"datePublished":"2015-04-19T10:33:03+00:00","dateModified":"2015-04-22T12:33:30+00:00","author":{"@id":"https:\/\/www.naturparkmagazin.de\/vdn\/#\/schema\/person\/d71357578c318b6db03be60b1f60396b"},"description":"Der Naturpark Oberer Bayerischer Wald ist mit 179.600 ha einer der gr\u00f6\u00dften Naturparke in Bayern. Mit seinen hohen Bergen, von denen mehrere die Tausendergrenze \u00fcberschreiten, seinen Flusst\u00e4lern und Seen besitzt er eine reizvolle und abwechslungsreiche Landschaft. Der westliche Bereich ist gepr\u00e4gt von sanften H\u00fcgeln und weiten Auen.","breadcrumb":{"@id":"https:\/\/www.naturparkmagazin.de\/vdn\/gruene-taeler-und-raue-gipfel-naturpark-oberer-bayerischer-wald\/#breadcrumb"},"inLanguage":"de","potentialAction":[{"@type":"ReadAction","target":["https:\/\/www.naturparkmagazin.de\/vdn\/gruene-taeler-und-raue-gipfel-naturpark-oberer-bayerischer-wald\/"]}]},{"@type":"BreadcrumbList","@id":"https:\/\/www.naturparkmagazin.de\/vdn\/gruene-taeler-und-raue-gipfel-naturpark-oberer-bayerischer-wald\/#breadcrumb","itemListElement":[{"@type":"ListItem","position":1,"name":"Home","item":"https:\/\/www.naturparkmagazin.de\/vdn\/"},{"@type":"ListItem","position":2,"name":"Gr\u00fcne T\u00e4ler und raue Gipfel \u2013 Naturpark Oberer Bayerischer Wald"}]},{"@type":"WebSite","@id":"https:\/\/www.naturparkmagazin.de\/vdn\/#website","url":"https:\/\/www.naturparkmagazin.de\/vdn\/","name":"Verband Deutscher Naturparke","description":"Eine weitere Naturparkmagazin.de Netzwerk Seite","potentialAction":[{"@type":"SearchAction","target":{"@type":"EntryPoint","urlTemplate":"https:\/\/www.naturparkmagazin.de\/vdn\/?s={search_term_string}"},"query-input":"required name=search_term_string"}],"inLanguage":"de"},{"@type":"Person","@id":"https:\/\/www.naturparkmagazin.de\/vdn\/#\/schema\/person\/d71357578c318b6db03be60b1f60396b","name":"beatrixlosem","url":"https:\/\/www.naturparkmagazin.de\/vdn\/author\/beatrixlosem\/"}]}},"_links":{"self":[{"href":"https:\/\/www.naturparkmagazin.de\/vdn\/wp-json\/wp\/v2\/posts\/5287"}],"collection":[{"href":"https:\/\/www.naturparkmagazin.de\/vdn\/wp-json\/wp\/v2\/posts"}],"about":[{"href":"https:\/\/www.naturparkmagazin.de\/vdn\/wp-json\/wp\/v2\/types\/post"}],"author":[{"embeddable":true,"href":"https:\/\/www.naturparkmagazin.de\/vdn\/wp-json\/wp\/v2\/users\/51"}],"replies":[{"embeddable":true,"href":"https:\/\/www.naturparkmagazin.de\/vdn\/wp-json\/wp\/v2\/comments?post=5287"}],"version-history":[{"count":4,"href":"https:\/\/www.naturparkmagazin.de\/vdn\/wp-json\/wp\/v2\/posts\/5287\/revisions"}],"predecessor-version":[{"id":5393,"href":"https:\/\/www.naturparkmagazin.de\/vdn\/wp-json\/wp\/v2\/posts\/5287\/revisions\/5393"}],"wp:featuredmedia":[{"embeddable":true,"href":"https:\/\/www.naturparkmagazin.de\/vdn\/wp-json\/wp\/v2\/media\/5292"}],"wp:attachment":[{"href":"https:\/\/www.naturparkmagazin.de\/vdn\/wp-json\/wp\/v2\/media?parent=5287"}],"wp:term":[{"taxonomy":"category","embeddable":true,"href":"https:\/\/www.naturparkmagazin.de\/vdn\/wp-json\/wp\/v2\/categories?post=5287"},{"taxonomy":"post_tag","embeddable":true,"href":"https:\/\/www.naturparkmagazin.de\/vdn\/wp-json\/wp\/v2\/tags?post=5287"}],"curies":[{"name":"wp","href":"https:\/\/api.w.org\/{rel}","templated":true}]}}