{"id":5315,"date":"2015-04-19T14:46:09","date_gmt":"2015-04-19T12:46:09","guid":{"rendered":"http:\/\/www.naturparkmagazin.de\/vdn\/?p=5315"},"modified":"2015-04-20T22:41:49","modified_gmt":"2015-04-20T20:41:49","slug":"mondsuechtig","status":"publish","type":"post","link":"https:\/\/www.naturparkmagazin.de\/vdn\/mondsuechtig\/","title":{"rendered":"\u201eMonds\u00fcchtig\u201c"},"content":{"rendered":"<div id=\"attachment_5316\" style=\"width: 510px\" class=\"wp-caption aligncenter\"><a href=\"https:\/\/www.naturparkmagazin.de\/vdn\/wp-content\/uploads\/sites\/3\/dsc3010-Beitrag.jpg\"><img aria-describedby=\"caption-attachment-5316\" decoding=\"async\" loading=\"lazy\" class=\"size-full wp-image-5316 \" title=\"'Monds\u00fcchtig': Copyright: VDN\/Gernot Blum\" alt=\"'Monds\u00fcchtig': Copyright: VDN\/Gernot Blum\" src=\"https:\/\/www.naturparkmagazin.de\/vdn\/wp-content\/uploads\/sites\/3\/dsc3010-Beitrag.jpg\" width=\"500\" height=\"300\" srcset=\"https:\/\/www.naturparkmagazin.de\/vdn\/wp-content\/uploads\/sites\/3\/dsc3010-Beitrag.jpg 500w, https:\/\/www.naturparkmagazin.de\/vdn\/wp-content\/uploads\/sites\/3\/dsc3010-Beitrag-300x180.jpg 300w, https:\/\/www.naturparkmagazin.de\/vdn\/wp-content\/uploads\/sites\/3\/dsc3010-Beitrag-200x120.jpg 200w\" sizes=\"(max-width: 500px) 100vw, 500px\" \/><\/a><p id=\"caption-attachment-5316\" class=\"wp-caption-text\">&#8218;Monds\u00fcchtig&#8216;: Copyright: VDN\/Gernot Blum<\/p><\/div>\n<p>Im Mai sind die meisten Wei\u00dfst\u00f6rche aus ihren Winterquartieren zur\u00fcckgekehrt und haben ihre Nester besetzt. Monds\u00fcchtig scheint dieser Wei\u00dfstorch zu sein, der dem Naturfotografen Gernot Blum im Mai 2014 vor die Linse kam. Mit unserem Foto des Monats belegte Blum einen der ersten 10 Pl\u00e4tze unter den Jahressiegern im Fotowettbewerb &#8222;Augenblick Natur&#8220; 2014.<\/p>\n<p>Im Kommentar zur Auswahl der Jahressieger im Fotowettbewerb 2014 schreibt die Jury: \u201cDas Ungew\u00f6hnliche an dieser Gegenlichtaufnahme ist zun\u00e4chst darin zu sehen, dass hier der Vollmond als Lichtquelle fungiert. Die minimalistische Komposition aus wenigen Bildelementen zeigt einen Storch in nahezu perfekter Silhouette in seinem Habitat. Durch kluge Standortwahl scheint die Mondscheibe auf dem Vogelnest zu ruhen. Die vom n\u00e4chtlichen Himmelblau getragene, magische Stimmung ist weit entfernt von g\u00e4ngigen Genrebildern im Kopf des Betrachters und rechtfertigt damit eine klare Platzierung innerhalb der besten Bilder.\u201c<\/p>\n<p>Alle Jahressieger 2014 finden Sie im Fotoportal der Naturparke Deutschlands <a href=\"http:\/\/www.naturparkfotos.de\">www.naturparkfotos.de<\/a>.<\/p>\n","protected":false},"excerpt":{"rendered":"<p>Monds\u00fcchtig scheint dieser Wei\u00dfstorch zu sein, der dem Naturfotografen Gernot Blum im Mai 2014 vor die Linse kam. Mit unserem Foto des Monats belegte Blum einen der ersten 10 Pl\u00e4tze unter den Jahressiegern im Fotowettbewerb &#8222;Augenblick Natur&#8220; 2014. <\/p>\n","protected":false},"author":51,"featured_media":5317,"comment_status":"open","ping_status":"open","sticky":false,"template":"","format":"standard","meta":{"_links_to":"","_links_to_target":""},"categories":[10],"tags":[],"yoast_head":"<!-- This site is optimized with the Yoast SEO plugin v19.10 - https:\/\/yoast.com\/wordpress\/plugins\/seo\/ -->\n<title>\u201eMonds\u00fcchtig\u201c<\/title>\n<meta name=\"description\" content=\"Monds\u00fcchtig scheint dieser Wei\u00dfstorch zu sein, der dem Naturfotografen Gernot Blum im Mai 2014 vor die Linse kam. Mit unserem Foto des Monats belegte Blum einen der ersten 10 Pl\u00e4tze unter den Jahressiegern im Fotowettbewerb &quot;Augenblick Natur&quot; 2014.\" \/>\n<meta name=\"robots\" content=\"index, follow, max-snippet:-1, max-image-preview:large, max-video-preview:-1\" \/>\n<link rel=\"canonical\" href=\"https:\/\/www.naturparkmagazin.de\/vdn\/mondsuechtig\/\" \/>\n<meta property=\"og:locale\" content=\"de_DE\" \/>\n<meta property=\"og:type\" content=\"article\" \/>\n<meta property=\"og:title\" content=\"\u201eMonds\u00fcchtig\u201c\" \/>\n<meta property=\"og:description\" content=\"Monds\u00fcchtig scheint dieser Wei\u00dfstorch zu sein, der dem Naturfotografen Gernot Blum im Mai 2014 vor die Linse kam. Mit unserem Foto des Monats belegte Blum einen der ersten 10 Pl\u00e4tze unter den Jahressiegern im Fotowettbewerb &quot;Augenblick Natur&quot; 2014.\" \/>\n<meta property=\"og:url\" content=\"https:\/\/www.naturparkmagazin.de\/vdn\/mondsuechtig\/\" \/>\n<meta property=\"og:site_name\" content=\"Verband Deutscher Naturparke\" \/>\n<meta property=\"article:published_time\" content=\"2015-04-19T12:46:09+00:00\" \/>\n<meta property=\"article:modified_time\" content=\"2015-04-20T20:41:49+00:00\" \/>\n<meta property=\"og:image\" content=\"https:\/\/www.naturparkmagazin.de\/vdn\/wp-content\/uploads\/sites\/3\/dsc3010-Beitragsfoto.jpg\" \/>\n\t<meta property=\"og:image:width\" content=\"180\" \/>\n\t<meta property=\"og:image:height\" content=\"135\" \/>\n\t<meta property=\"og:image:type\" content=\"image\/jpeg\" \/>\n<meta name=\"author\" content=\"beatrixlosem\" \/>\n<meta name=\"twitter:label1\" content=\"Verfasst von\" \/>\n\t<meta name=\"twitter:data1\" content=\"beatrixlosem\" \/>\n\t<meta name=\"twitter:label2\" content=\"Gesch\u00e4tzte Lesezeit\" \/>\n\t<meta name=\"twitter:data2\" content=\"1\u00a0Minute\" \/>\n<script type=\"application\/ld+json\" class=\"yoast-schema-graph\">{\"@context\":\"https:\/\/schema.org\",\"@graph\":[{\"@type\":\"WebPage\",\"@id\":\"https:\/\/www.naturparkmagazin.de\/vdn\/mondsuechtig\/\",\"url\":\"https:\/\/www.naturparkmagazin.de\/vdn\/mondsuechtig\/\",\"name\":\"\u201eMonds\u00fcchtig\u201c\",\"isPartOf\":{\"@id\":\"https:\/\/www.naturparkmagazin.de\/vdn\/#website\"},\"datePublished\":\"2015-04-19T12:46:09+00:00\",\"dateModified\":\"2015-04-20T20:41:49+00:00\",\"author\":{\"@id\":\"https:\/\/www.naturparkmagazin.de\/vdn\/#\/schema\/person\/d71357578c318b6db03be60b1f60396b\"},\"description\":\"Monds\u00fcchtig scheint dieser Wei\u00dfstorch zu sein, der dem Naturfotografen Gernot Blum im Mai 2014 vor die Linse kam. Mit unserem Foto des Monats belegte Blum einen der ersten 10 Pl\u00e4tze unter den Jahressiegern im Fotowettbewerb \\\"Augenblick Natur\\\" 2014.\",\"breadcrumb\":{\"@id\":\"https:\/\/www.naturparkmagazin.de\/vdn\/mondsuechtig\/#breadcrumb\"},\"inLanguage\":\"de\",\"potentialAction\":[{\"@type\":\"ReadAction\",\"target\":[\"https:\/\/www.naturparkmagazin.de\/vdn\/mondsuechtig\/\"]}]},{\"@type\":\"BreadcrumbList\",\"@id\":\"https:\/\/www.naturparkmagazin.de\/vdn\/mondsuechtig\/#breadcrumb\",\"itemListElement\":[{\"@type\":\"ListItem\",\"position\":1,\"name\":\"Home\",\"item\":\"https:\/\/www.naturparkmagazin.de\/vdn\/\"},{\"@type\":\"ListItem\",\"position\":2,\"name\":\"\u201eMonds\u00fcchtig\u201c\"}]},{\"@type\":\"WebSite\",\"@id\":\"https:\/\/www.naturparkmagazin.de\/vdn\/#website\",\"url\":\"https:\/\/www.naturparkmagazin.de\/vdn\/\",\"name\":\"Verband Deutscher Naturparke\",\"description\":\"Eine weitere Naturparkmagazin.de Netzwerk Seite\",\"potentialAction\":[{\"@type\":\"SearchAction\",\"target\":{\"@type\":\"EntryPoint\",\"urlTemplate\":\"https:\/\/www.naturparkmagazin.de\/vdn\/?s={search_term_string}\"},\"query-input\":\"required name=search_term_string\"}],\"inLanguage\":\"de\"},{\"@type\":\"Person\",\"@id\":\"https:\/\/www.naturparkmagazin.de\/vdn\/#\/schema\/person\/d71357578c318b6db03be60b1f60396b\",\"name\":\"beatrixlosem\",\"url\":\"https:\/\/www.naturparkmagazin.de\/vdn\/author\/beatrixlosem\/\"}]}<\/script>\n<!-- \/ Yoast SEO plugin. -->","yoast_head_json":{"title":"\u201eMonds\u00fcchtig\u201c","description":"Monds\u00fcchtig scheint dieser Wei\u00dfstorch zu sein, der dem Naturfotografen Gernot Blum im Mai 2014 vor die Linse kam. Mit unserem Foto des Monats belegte Blum einen der ersten 10 Pl\u00e4tze unter den Jahressiegern im Fotowettbewerb \"Augenblick Natur\" 2014.","robots":{"index":"index","follow":"follow","max-snippet":"max-snippet:-1","max-image-preview":"max-image-preview:large","max-video-preview":"max-video-preview:-1"},"canonical":"https:\/\/www.naturparkmagazin.de\/vdn\/mondsuechtig\/","og_locale":"de_DE","og_type":"article","og_title":"\u201eMonds\u00fcchtig\u201c","og_description":"Monds\u00fcchtig scheint dieser Wei\u00dfstorch zu sein, der dem Naturfotografen Gernot Blum im Mai 2014 vor die Linse kam. Mit unserem Foto des Monats belegte Blum einen der ersten 10 Pl\u00e4tze unter den Jahressiegern im Fotowettbewerb \"Augenblick Natur\" 2014.","og_url":"https:\/\/www.naturparkmagazin.de\/vdn\/mondsuechtig\/","og_site_name":"Verband Deutscher Naturparke","article_published_time":"2015-04-19T12:46:09+00:00","article_modified_time":"2015-04-20T20:41:49+00:00","og_image":[{"width":180,"height":135,"url":"https:\/\/www.naturparkmagazin.de\/vdn\/wp-content\/uploads\/sites\/3\/dsc3010-Beitragsfoto.jpg","type":"image\/jpeg"}],"author":"beatrixlosem","twitter_misc":{"Verfasst von":"beatrixlosem","Gesch\u00e4tzte Lesezeit":"1\u00a0Minute"},"schema":{"@context":"https:\/\/schema.org","@graph":[{"@type":"WebPage","@id":"https:\/\/www.naturparkmagazin.de\/vdn\/mondsuechtig\/","url":"https:\/\/www.naturparkmagazin.de\/vdn\/mondsuechtig\/","name":"\u201eMonds\u00fcchtig\u201c","isPartOf":{"@id":"https:\/\/www.naturparkmagazin.de\/vdn\/#website"},"datePublished":"2015-04-19T12:46:09+00:00","dateModified":"2015-04-20T20:41:49+00:00","author":{"@id":"https:\/\/www.naturparkmagazin.de\/vdn\/#\/schema\/person\/d71357578c318b6db03be60b1f60396b"},"description":"Monds\u00fcchtig scheint dieser Wei\u00dfstorch zu sein, der dem Naturfotografen Gernot Blum im Mai 2014 vor die Linse kam. Mit unserem Foto des Monats belegte Blum einen der ersten 10 Pl\u00e4tze unter den Jahressiegern im Fotowettbewerb \"Augenblick Natur\" 2014.","breadcrumb":{"@id":"https:\/\/www.naturparkmagazin.de\/vdn\/mondsuechtig\/#breadcrumb"},"inLanguage":"de","potentialAction":[{"@type":"ReadAction","target":["https:\/\/www.naturparkmagazin.de\/vdn\/mondsuechtig\/"]}]},{"@type":"BreadcrumbList","@id":"https:\/\/www.naturparkmagazin.de\/vdn\/mondsuechtig\/#breadcrumb","itemListElement":[{"@type":"ListItem","position":1,"name":"Home","item":"https:\/\/www.naturparkmagazin.de\/vdn\/"},{"@type":"ListItem","position":2,"name":"\u201eMonds\u00fcchtig\u201c"}]},{"@type":"WebSite","@id":"https:\/\/www.naturparkmagazin.de\/vdn\/#website","url":"https:\/\/www.naturparkmagazin.de\/vdn\/","name":"Verband Deutscher Naturparke","description":"Eine weitere Naturparkmagazin.de Netzwerk Seite","potentialAction":[{"@type":"SearchAction","target":{"@type":"EntryPoint","urlTemplate":"https:\/\/www.naturparkmagazin.de\/vdn\/?s={search_term_string}"},"query-input":"required name=search_term_string"}],"inLanguage":"de"},{"@type":"Person","@id":"https:\/\/www.naturparkmagazin.de\/vdn\/#\/schema\/person\/d71357578c318b6db03be60b1f60396b","name":"beatrixlosem","url":"https:\/\/www.naturparkmagazin.de\/vdn\/author\/beatrixlosem\/"}]}},"_links":{"self":[{"href":"https:\/\/www.naturparkmagazin.de\/vdn\/wp-json\/wp\/v2\/posts\/5315"}],"collection":[{"href":"https:\/\/www.naturparkmagazin.de\/vdn\/wp-json\/wp\/v2\/posts"}],"about":[{"href":"https:\/\/www.naturparkmagazin.de\/vdn\/wp-json\/wp\/v2\/types\/post"}],"author":[{"embeddable":true,"href":"https:\/\/www.naturparkmagazin.de\/vdn\/wp-json\/wp\/v2\/users\/51"}],"replies":[{"embeddable":true,"href":"https:\/\/www.naturparkmagazin.de\/vdn\/wp-json\/wp\/v2\/comments?post=5315"}],"version-history":[{"count":7,"href":"https:\/\/www.naturparkmagazin.de\/vdn\/wp-json\/wp\/v2\/posts\/5315\/revisions"}],"predecessor-version":[{"id":5377,"href":"https:\/\/www.naturparkmagazin.de\/vdn\/wp-json\/wp\/v2\/posts\/5315\/revisions\/5377"}],"wp:featuredmedia":[{"embeddable":true,"href":"https:\/\/www.naturparkmagazin.de\/vdn\/wp-json\/wp\/v2\/media\/5317"}],"wp:attachment":[{"href":"https:\/\/www.naturparkmagazin.de\/vdn\/wp-json\/wp\/v2\/media?parent=5315"}],"wp:term":[{"taxonomy":"category","embeddable":true,"href":"https:\/\/www.naturparkmagazin.de\/vdn\/wp-json\/wp\/v2\/categories?post=5315"},{"taxonomy":"post_tag","embeddable":true,"href":"https:\/\/www.naturparkmagazin.de\/vdn\/wp-json\/wp\/v2\/tags?post=5315"}],"curies":[{"name":"wp","href":"https:\/\/api.w.org\/{rel}","templated":true}]}}