{"id":5336,"date":"2015-04-19T18:24:10","date_gmt":"2015-04-19T16:24:10","guid":{"rendered":"http:\/\/www.naturparkmagazin.de\/vdn\/?p=5336"},"modified":"2015-04-21T13:49:32","modified_gmt":"2015-04-21T11:49:32","slug":"lust-auf-natur-naturpark-wandertag-2015","status":"publish","type":"post","link":"https:\/\/www.naturparkmagazin.de\/vdn\/lust-auf-natur-naturpark-wandertag-2015\/","title":{"rendered":"\u201eLust auf Natur\u201c \u2013 Naturpark-Wandertag 2015"},"content":{"rendered":"<div id=\"attachment_5340\" style=\"width: 310px\" class=\"wp-caption aligncenter\"><a href=\"https:\/\/www.naturparkmagazin.de\/vdn\/wp-content\/uploads\/sites\/3\/Fotolia_26311176_M_\u00a9-goodluz-Beitrag.jpg\"><img aria-describedby=\"caption-attachment-5340\" decoding=\"async\" loading=\"lazy\" class=\"size-full wp-image-5340 \" title=\"Copyright: Fotolia\u00a9 goodluz\" alt=\"Copyright: Fotolia\u00a9 goodluz\" src=\"https:\/\/www.naturparkmagazin.de\/vdn\/wp-content\/uploads\/sites\/3\/Fotolia_26311176_M_\u00a9-goodluz-Beitrag.jpg\" width=\"300\" height=\"500\" srcset=\"https:\/\/www.naturparkmagazin.de\/vdn\/wp-content\/uploads\/sites\/3\/Fotolia_26311176_M_\u00a9-goodluz-Beitrag.jpg 300w, https:\/\/www.naturparkmagazin.de\/vdn\/wp-content\/uploads\/sites\/3\/Fotolia_26311176_M_\u00a9-goodluz-Beitrag-200x333.jpg 200w\" sizes=\"(max-width: 300px) 100vw, 300px\" \/><\/a><p id=\"caption-attachment-5340\" class=\"wp-caption-text\">Copyright: Fotolia\u00a9 goodluz<\/p><\/div>\n<p>Die sch\u00f6nen Landschaften Deutschlands in ihrer ganzen Vielfalt erleben \u2013 das k\u00f6nnen Sie beim Wandertag der Deutschen Naturparke, der in diesem Jahr am 31. Mai stattfindet. Vom Naturpark Schlei im Norden bis zum Naturpark S\u00fcdschwarzwald im S\u00fcden und vom Deutsch-Belgischen Naturpark Hohes Venn &#8211; Eifel im Westen bis zum Naturpark Niederlausitzer Landr\u00fccken im Osten finden an diesem Maiwochenende ganz besondere Veranstaltungen statt.<\/p>\n<p>Im Mittelpunkt der Wanderungen steht das gemeinsame\u00a0 Naturerlebnis. Die Teilnehmer sollen aber auch neue Entdeckungen machen und die Sch\u00f6nheit der Deutschen Naturlandschaften kennen lernen. Dazu werden die Wanderungen von fachkundigen F\u00fchrern begleitet. Ob Fahrradwanderung, Vogelstimmentour oder fantastische Reise zu Mythen und Sagen \u2013 au\u00dfergew\u00f6hnliche Erlebnisse sind am Naturpark-Wandertag 2015 garantiert.<\/p>\n<div id=\"attachment_5341\" style=\"width: 510px\" class=\"wp-caption aligncenter\"><a href=\"https:\/\/www.naturparkmagazin.de\/vdn\/wp-content\/uploads\/sites\/3\/Fotolia_26311922_M_Beitrag\u00a9-goodluzBeitragsfoto.jpg\"><img aria-describedby=\"caption-attachment-5341\" decoding=\"async\" loading=\"lazy\" class=\"size-full wp-image-5341\" alt=\"Copyright: Fotolia\u00a9 goodluz\" src=\"https:\/\/www.naturparkmagazin.de\/vdn\/wp-content\/uploads\/sites\/3\/Fotolia_26311922_M_Beitrag\u00a9-goodluzBeitragsfoto.jpg\" width=\"500\" height=\"300\" srcset=\"https:\/\/www.naturparkmagazin.de\/vdn\/wp-content\/uploads\/sites\/3\/Fotolia_26311922_M_Beitrag\u00a9-goodluzBeitragsfoto.jpg 500w, https:\/\/www.naturparkmagazin.de\/vdn\/wp-content\/uploads\/sites\/3\/Fotolia_26311922_M_Beitrag\u00a9-goodluzBeitragsfoto-300x180.jpg 300w, https:\/\/www.naturparkmagazin.de\/vdn\/wp-content\/uploads\/sites\/3\/Fotolia_26311922_M_Beitrag\u00a9-goodluzBeitragsfoto-200x120.jpg 200w\" sizes=\"(max-width: 500px) 100vw, 500px\" \/><\/a><p id=\"caption-attachment-5341\" class=\"wp-caption-text\">Copyright: Fotolia\u00a9 goodluz<\/p><\/div>\n<p>Der Naturpark-Wandertag findet statt aus Anlass des Europ\u00e4ischen Tag der Parke, der in ganz Europa am 24. Mai gefeiert wird. Mehr Informationen hierzu erhalten Sie beim Europ\u00e4ischen Dachverband der Parke EUROPARC Federation unter <a href=\"http:\/\/europarc.org\/whats-on\/european-day-of-park\">http:\/\/europarc.org\/whats-on\/european-day-of-park<\/a>.<\/p>\n<p>\u00dcber den Zeitraum vom 1. Mai bis zum 30. Juni 2015 findet auch der \u201eWandertag f\u00fcr die biologische Vielfalt\u201c des Bundesamtes f\u00fcr Naturschutz <a href=\"http:\/\/www.wandertag.biologischevielfalt.de\">www.wandertag.biologischevielfalt.de<\/a>. statt, bei dem der Verband Deutscher Naturparke Kooperationspartner ist.<\/p>\n<div id=\"attachment_5342\" style=\"width: 510px\" class=\"wp-caption aligncenter\"><a href=\"https:\/\/www.naturparkmagazin.de\/vdn\/wp-content\/uploads\/sites\/3\/Fotolia_26312360_M_\u00a9-goodluz-Beitrag.jpg\"><img aria-describedby=\"caption-attachment-5342\" decoding=\"async\" loading=\"lazy\" class=\"size-full wp-image-5342 \" title=\"Copyright: Fotolia\u00a9 goodluz\" alt=\"Copyright: Fotolia\u00a9 goodluz\" src=\"https:\/\/www.naturparkmagazin.de\/vdn\/wp-content\/uploads\/sites\/3\/Fotolia_26312360_M_\u00a9-goodluz-Beitrag.jpg\" width=\"500\" height=\"300\" srcset=\"https:\/\/www.naturparkmagazin.de\/vdn\/wp-content\/uploads\/sites\/3\/Fotolia_26312360_M_\u00a9-goodluz-Beitrag.jpg 500w, https:\/\/www.naturparkmagazin.de\/vdn\/wp-content\/uploads\/sites\/3\/Fotolia_26312360_M_\u00a9-goodluz-Beitrag-300x180.jpg 300w, https:\/\/www.naturparkmagazin.de\/vdn\/wp-content\/uploads\/sites\/3\/Fotolia_26312360_M_\u00a9-goodluz-Beitrag-200x120.jpg 200w\" sizes=\"(max-width: 500px) 100vw, 500px\" \/><\/a><p id=\"caption-attachment-5342\" class=\"wp-caption-text\">Copyright: Fotolia\u00a9 goodluz<\/p><\/div>\n<p>&nbsp;<\/p>\n<p><a href=\"http:\/\/www.naturparke.de\/news\/biodiversity\" target=\"_blank\">&gt;&gt; Hier geht\u00b4s zu den Veranstaltungsterminen der Naturparke am Naturpark-Wandertag 2015<\/a><\/p>\n<p>&nbsp;<\/p>\n","protected":false},"excerpt":{"rendered":"<p>Die sch\u00f6nen Landschaften Deutschlands in ihrer ganzen Vielfalt erleben \u2013 das k\u00f6nnen Sie beim Wandertag der Deutschen Naturparke, der in diesem Jahr am 31. Mai stattfindet. <\/p>\n","protected":false},"author":51,"featured_media":5339,"comment_status":"open","ping_status":"open","sticky":false,"template":"","format":"standard","meta":{"_links_to":"","_links_to_target":""},"categories":[7],"tags":[316,29,35,3155,91,231,208,81,41,28,95],"yoast_head":"<!-- This site is optimized with the Yoast SEO plugin v19.10 - https:\/\/yoast.com\/wordpress\/plugins\/seo\/ -->\n<title>\u201eLust auf Natur\u201c \u2013 Naturpark-Wandertag 2015<\/title>\n<meta name=\"description\" content=\"Die sch\u00f6nen Landschaften Deutschlands in ihrer ganzen Vielfalt erleben \u2013 das k\u00f6nnen Sie beim Wandertag der Deutschen Naturparke, der in diesem Jahr am 31. Mai stattfindet.\" \/>\n<meta name=\"robots\" content=\"index, follow, max-snippet:-1, max-image-preview:large, max-video-preview:-1\" \/>\n<link rel=\"canonical\" href=\"https:\/\/www.naturparkmagazin.de\/vdn\/lust-auf-natur-naturpark-wandertag-2015\/\" \/>\n<meta property=\"og:locale\" content=\"de_DE\" \/>\n<meta property=\"og:type\" content=\"article\" \/>\n<meta property=\"og:title\" content=\"\u201eLust auf Natur\u201c \u2013 Naturpark-Wandertag 2015\" \/>\n<meta property=\"og:description\" content=\"Die sch\u00f6nen Landschaften Deutschlands in ihrer ganzen Vielfalt erleben \u2013 das k\u00f6nnen Sie beim Wandertag der Deutschen Naturparke, der in diesem Jahr am 31. Mai stattfindet.\" \/>\n<meta property=\"og:url\" content=\"https:\/\/www.naturparkmagazin.de\/vdn\/lust-auf-natur-naturpark-wandertag-2015\/\" \/>\n<meta property=\"og:site_name\" content=\"Verband Deutscher Naturparke\" \/>\n<meta property=\"article:published_time\" content=\"2015-04-19T16:24:10+00:00\" \/>\n<meta property=\"article:modified_time\" content=\"2015-04-21T11:49:32+00:00\" \/>\n<meta property=\"og:image\" content=\"https:\/\/www.naturparkmagazin.de\/vdn\/wp-content\/uploads\/sites\/3\/Fotolia_26311922_M_\u00a9-goodluzBeitragsfoto.jpg\" \/>\n\t<meta property=\"og:image:width\" content=\"180\" \/>\n\t<meta property=\"og:image:height\" content=\"135\" \/>\n\t<meta property=\"og:image:type\" content=\"image\/jpeg\" \/>\n<meta name=\"author\" content=\"beatrixlosem\" \/>\n<meta name=\"twitter:label1\" content=\"Verfasst von\" \/>\n\t<meta name=\"twitter:data1\" content=\"beatrixlosem\" \/>\n\t<meta name=\"twitter:label2\" content=\"Gesch\u00e4tzte Lesezeit\" \/>\n\t<meta name=\"twitter:data2\" content=\"1\u00a0Minute\" \/>\n<script type=\"application\/ld+json\" class=\"yoast-schema-graph\">{\"@context\":\"https:\/\/schema.org\",\"@graph\":[{\"@type\":\"WebPage\",\"@id\":\"https:\/\/www.naturparkmagazin.de\/vdn\/lust-auf-natur-naturpark-wandertag-2015\/\",\"url\":\"https:\/\/www.naturparkmagazin.de\/vdn\/lust-auf-natur-naturpark-wandertag-2015\/\",\"name\":\"\u201eLust auf Natur\u201c \u2013 Naturpark-Wandertag 2015\",\"isPartOf\":{\"@id\":\"https:\/\/www.naturparkmagazin.de\/vdn\/#website\"},\"datePublished\":\"2015-04-19T16:24:10+00:00\",\"dateModified\":\"2015-04-21T11:49:32+00:00\",\"author\":{\"@id\":\"https:\/\/www.naturparkmagazin.de\/vdn\/#\/schema\/person\/d71357578c318b6db03be60b1f60396b\"},\"description\":\"Die sch\u00f6nen Landschaften Deutschlands in ihrer ganzen Vielfalt erleben \u2013 das k\u00f6nnen Sie beim Wandertag der Deutschen Naturparke, der in diesem Jahr am 31. Mai stattfindet.\",\"breadcrumb\":{\"@id\":\"https:\/\/www.naturparkmagazin.de\/vdn\/lust-auf-natur-naturpark-wandertag-2015\/#breadcrumb\"},\"inLanguage\":\"de\",\"potentialAction\":[{\"@type\":\"ReadAction\",\"target\":[\"https:\/\/www.naturparkmagazin.de\/vdn\/lust-auf-natur-naturpark-wandertag-2015\/\"]}]},{\"@type\":\"BreadcrumbList\",\"@id\":\"https:\/\/www.naturparkmagazin.de\/vdn\/lust-auf-natur-naturpark-wandertag-2015\/#breadcrumb\",\"itemListElement\":[{\"@type\":\"ListItem\",\"position\":1,\"name\":\"Home\",\"item\":\"https:\/\/www.naturparkmagazin.de\/vdn\/\"},{\"@type\":\"ListItem\",\"position\":2,\"name\":\"\u201eLust auf Natur\u201c \u2013 Naturpark-Wandertag 2015\"}]},{\"@type\":\"WebSite\",\"@id\":\"https:\/\/www.naturparkmagazin.de\/vdn\/#website\",\"url\":\"https:\/\/www.naturparkmagazin.de\/vdn\/\",\"name\":\"Verband Deutscher Naturparke\",\"description\":\"Eine weitere Naturparkmagazin.de Netzwerk Seite\",\"potentialAction\":[{\"@type\":\"SearchAction\",\"target\":{\"@type\":\"EntryPoint\",\"urlTemplate\":\"https:\/\/www.naturparkmagazin.de\/vdn\/?s={search_term_string}\"},\"query-input\":\"required name=search_term_string\"}],\"inLanguage\":\"de\"},{\"@type\":\"Person\",\"@id\":\"https:\/\/www.naturparkmagazin.de\/vdn\/#\/schema\/person\/d71357578c318b6db03be60b1f60396b\",\"name\":\"beatrixlosem\",\"url\":\"https:\/\/www.naturparkmagazin.de\/vdn\/author\/beatrixlosem\/\"}]}<\/script>\n<!-- \/ Yoast SEO plugin. -->","yoast_head_json":{"title":"\u201eLust auf Natur\u201c \u2013 Naturpark-Wandertag 2015","description":"Die sch\u00f6nen Landschaften Deutschlands in ihrer ganzen Vielfalt erleben \u2013 das k\u00f6nnen Sie beim Wandertag der Deutschen Naturparke, der in diesem Jahr am 31. Mai stattfindet.","robots":{"index":"index","follow":"follow","max-snippet":"max-snippet:-1","max-image-preview":"max-image-preview:large","max-video-preview":"max-video-preview:-1"},"canonical":"https:\/\/www.naturparkmagazin.de\/vdn\/lust-auf-natur-naturpark-wandertag-2015\/","og_locale":"de_DE","og_type":"article","og_title":"\u201eLust auf Natur\u201c \u2013 Naturpark-Wandertag 2015","og_description":"Die sch\u00f6nen Landschaften Deutschlands in ihrer ganzen Vielfalt erleben \u2013 das k\u00f6nnen Sie beim Wandertag der Deutschen Naturparke, der in diesem Jahr am 31. Mai stattfindet.","og_url":"https:\/\/www.naturparkmagazin.de\/vdn\/lust-auf-natur-naturpark-wandertag-2015\/","og_site_name":"Verband Deutscher Naturparke","article_published_time":"2015-04-19T16:24:10+00:00","article_modified_time":"2015-04-21T11:49:32+00:00","og_image":[{"width":180,"height":135,"url":"https:\/\/www.naturparkmagazin.de\/vdn\/wp-content\/uploads\/sites\/3\/Fotolia_26311922_M_\u00a9-goodluzBeitragsfoto.jpg","type":"image\/jpeg"}],"author":"beatrixlosem","twitter_misc":{"Verfasst von":"beatrixlosem","Gesch\u00e4tzte Lesezeit":"1\u00a0Minute"},"schema":{"@context":"https:\/\/schema.org","@graph":[{"@type":"WebPage","@id":"https:\/\/www.naturparkmagazin.de\/vdn\/lust-auf-natur-naturpark-wandertag-2015\/","url":"https:\/\/www.naturparkmagazin.de\/vdn\/lust-auf-natur-naturpark-wandertag-2015\/","name":"\u201eLust auf Natur\u201c \u2013 Naturpark-Wandertag 2015","isPartOf":{"@id":"https:\/\/www.naturparkmagazin.de\/vdn\/#website"},"datePublished":"2015-04-19T16:24:10+00:00","dateModified":"2015-04-21T11:49:32+00:00","author":{"@id":"https:\/\/www.naturparkmagazin.de\/vdn\/#\/schema\/person\/d71357578c318b6db03be60b1f60396b"},"description":"Die sch\u00f6nen Landschaften Deutschlands in ihrer ganzen Vielfalt erleben \u2013 das k\u00f6nnen Sie beim Wandertag der Deutschen Naturparke, der in diesem Jahr am 31. Mai stattfindet.","breadcrumb":{"@id":"https:\/\/www.naturparkmagazin.de\/vdn\/lust-auf-natur-naturpark-wandertag-2015\/#breadcrumb"},"inLanguage":"de","potentialAction":[{"@type":"ReadAction","target":["https:\/\/www.naturparkmagazin.de\/vdn\/lust-auf-natur-naturpark-wandertag-2015\/"]}]},{"@type":"BreadcrumbList","@id":"https:\/\/www.naturparkmagazin.de\/vdn\/lust-auf-natur-naturpark-wandertag-2015\/#breadcrumb","itemListElement":[{"@type":"ListItem","position":1,"name":"Home","item":"https:\/\/www.naturparkmagazin.de\/vdn\/"},{"@type":"ListItem","position":2,"name":"\u201eLust auf Natur\u201c \u2013 Naturpark-Wandertag 2015"}]},{"@type":"WebSite","@id":"https:\/\/www.naturparkmagazin.de\/vdn\/#website","url":"https:\/\/www.naturparkmagazin.de\/vdn\/","name":"Verband Deutscher Naturparke","description":"Eine weitere Naturparkmagazin.de Netzwerk Seite","potentialAction":[{"@type":"SearchAction","target":{"@type":"EntryPoint","urlTemplate":"https:\/\/www.naturparkmagazin.de\/vdn\/?s={search_term_string}"},"query-input":"required name=search_term_string"}],"inLanguage":"de"},{"@type":"Person","@id":"https:\/\/www.naturparkmagazin.de\/vdn\/#\/schema\/person\/d71357578c318b6db03be60b1f60396b","name":"beatrixlosem","url":"https:\/\/www.naturparkmagazin.de\/vdn\/author\/beatrixlosem\/"}]}},"_links":{"self":[{"href":"https:\/\/www.naturparkmagazin.de\/vdn\/wp-json\/wp\/v2\/posts\/5336"}],"collection":[{"href":"https:\/\/www.naturparkmagazin.de\/vdn\/wp-json\/wp\/v2\/posts"}],"about":[{"href":"https:\/\/www.naturparkmagazin.de\/vdn\/wp-json\/wp\/v2\/types\/post"}],"author":[{"embeddable":true,"href":"https:\/\/www.naturparkmagazin.de\/vdn\/wp-json\/wp\/v2\/users\/51"}],"replies":[{"embeddable":true,"href":"https:\/\/www.naturparkmagazin.de\/vdn\/wp-json\/wp\/v2\/comments?post=5336"}],"version-history":[{"count":7,"href":"https:\/\/www.naturparkmagazin.de\/vdn\/wp-json\/wp\/v2\/posts\/5336\/revisions"}],"predecessor-version":[{"id":5388,"href":"https:\/\/www.naturparkmagazin.de\/vdn\/wp-json\/wp\/v2\/posts\/5336\/revisions\/5388"}],"wp:featuredmedia":[{"embeddable":true,"href":"https:\/\/www.naturparkmagazin.de\/vdn\/wp-json\/wp\/v2\/media\/5339"}],"wp:attachment":[{"href":"https:\/\/www.naturparkmagazin.de\/vdn\/wp-json\/wp\/v2\/media?parent=5336"}],"wp:term":[{"taxonomy":"category","embeddable":true,"href":"https:\/\/www.naturparkmagazin.de\/vdn\/wp-json\/wp\/v2\/categories?post=5336"},{"taxonomy":"post_tag","embeddable":true,"href":"https:\/\/www.naturparkmagazin.de\/vdn\/wp-json\/wp\/v2\/tags?post=5336"}],"curies":[{"name":"wp","href":"https:\/\/api.w.org\/{rel}","templated":true}]}}