{"id":5344,"date":"2015-04-19T16:09:23","date_gmt":"2015-04-19T14:09:23","guid":{"rendered":"http:\/\/www.naturparkmagazin.de\/vdn\/?p=5344"},"modified":"2015-04-20T22:29:52","modified_gmt":"2015-04-20T20:29:52","slug":"zeit-fuer-gespraeche-fruehjahrstagung-der-naturparke","status":"publish","type":"post","link":"https:\/\/www.naturparkmagazin.de\/vdn\/zeit-fuer-gespraeche-fruehjahrstagung-der-naturparke\/","title":{"rendered":"\u201eZeit f\u00fcr Gespr\u00e4che\u201c \u2013 Fr\u00fchjahrstagung der Naturparke"},"content":{"rendered":"<p><a href=\"https:\/\/www.naturparkmagazin.de\/vdn\/wp-content\/uploads\/sites\/3\/Externsteine10-Beitrag.jpg\"><img decoding=\"async\" loading=\"lazy\" title=\"Externsteine Copyright: VDN\/Falko Sieker\" alt=\"Externsteine Copyright: VDN\/Falko Sieker\" src=\"https:\/\/www.naturparkmagazin.de\/vdn\/wp-content\/uploads\/sites\/3\/Externsteine10-Beitrag.jpg\" width=\"500\" height=\"300\" \/><\/a><\/p>\n<p>Allj\u00e4hrlich l\u00e4dt der Verband Deutscher Naturparke e. V. (VDN)\u00a0 die Gesch\u00e4ftsf\u00fchrer und Leiter der deutschen Naturparke zu einem Arbeitstreffen ein, um \u00fcber aktuelle und geplante Projekte des VDN zu berichten und durch Informationen, Ideen und durch den Erfahrungsaustausch mit den Verantwortlichen in den Naturparken diese Projekte\u00a0 weiter zu entwickeln und auszubauen.<\/p>\n<p>Das diesj\u00e4hrige Treffen findet vom 4.-6. Mai 2015 in Horn-Bad Meinberg im Naturpark Teutoburger Wald \/ Eggegebirge statt. Am 4. \/5. Mai wird es u.a. um das neue Projekt \u201eNaturschutz- und umweltbildungsorientierte Naturerlebnisangebote in den Nationalen Naturlandschaften\u201c gehen, dass der VDN mit F\u00f6rderung des Bundesamtes f\u00fcr Naturschutz vom 1.4.2015 bis 31.10.2016 in Kooperation mit Europarc Deutschland durchf\u00fchren wird. Mit dem Projekt sollen die Naturparke die M\u00f6glichkeit haben, die DZT-Themenkampagne 2016 im Inland zu begleiten.<\/p>\n<div id=\"attachment_5347\" style=\"width: 510px\" class=\"wp-caption aligncenter\"><a href=\"https:\/\/www.naturparkmagazin.de\/vdn\/wp-content\/uploads\/sites\/3\/Westflisches_Freilichtmuseum_April_2007_054-Beitrag.jpg\"><img aria-describedby=\"caption-attachment-5347\" decoding=\"async\" loading=\"lazy\" class=\"size-full wp-image-5347 \" title=\"Westflisches Freilichtmuseum Copyright: VDN\/Manfred Sch\u00fctte\" alt=\"Westflisches Freilichtmuseum Copyright: VDN\/Manfred Sch\u00fctte\" src=\"https:\/\/www.naturparkmagazin.de\/vdn\/wp-content\/uploads\/sites\/3\/Westflisches_Freilichtmuseum_April_2007_054-Beitrag.jpg\" width=\"500\" height=\"300\" srcset=\"https:\/\/www.naturparkmagazin.de\/vdn\/wp-content\/uploads\/sites\/3\/Westflisches_Freilichtmuseum_April_2007_054-Beitrag.jpg 500w, https:\/\/www.naturparkmagazin.de\/vdn\/wp-content\/uploads\/sites\/3\/Westflisches_Freilichtmuseum_April_2007_054-Beitrag-300x180.jpg 300w, https:\/\/www.naturparkmagazin.de\/vdn\/wp-content\/uploads\/sites\/3\/Westflisches_Freilichtmuseum_April_2007_054-Beitrag-200x120.jpg 200w\" sizes=\"(max-width: 500px) 100vw, 500px\" \/><\/a><p id=\"caption-attachment-5347\" class=\"wp-caption-text\">Westflisches Freilichtmuseum Copyright: VDN\/Manfred Sch\u00fctte<\/p><\/div>\n<p class=\"size-full wp-image-5346 \" title=\"Externsteine Copyright: VDN\/Falko Sieker\">Zur Festveranstaltung des Naturparks Teutoburger Wald \/ Eggegebirge, der am Vorabend der Tagung in festlichen Rahmen sein 50j\u00e4hriges Bestehen feiert, wird auch Nordrhein-Westfalens Umweltminister Johannes Remmel erwartet. Der Naturpark ist auch Ausrichter des Veranstaltungsteils \u201eRegionale Produkte\u201c am 6. Mai 2015.<\/p>\n<p class=\"size-full wp-image-5346 \" title=\"Externsteine Copyright: VDN\/Falko Sieker\">\n<p class=\"size-full wp-image-5346 \" title=\"Externsteine Copyright: VDN\/Falko Sieker\">\n","protected":false},"excerpt":{"rendered":"<p>Vom 4.-6. Mai 2015 l\u00e4dt der VDN die Gesch\u00e4ftsf\u00fchrer und Leiter der deutschen Naturparke zu einem Arbeitstreffen in den Naturpark Teutoburger Wald \/ Eggegebirge ein.<\/p>\n","protected":false},"author":51,"featured_media":5345,"comment_status":"open","ping_status":"open","sticky":false,"template":"","format":"standard","meta":{"_links_to":"","_links_to_target":""},"categories":[7],"tags":[316,3149,41,28],"yoast_head":"<!-- This site is optimized with the Yoast SEO plugin v19.10 - https:\/\/yoast.com\/wordpress\/plugins\/seo\/ -->\n<title>\u201eZeit f\u00fcr Gespr\u00e4che\u201c \u2013 Fr\u00fchjahrstagung der Naturparke<\/title>\n<meta name=\"description\" content=\"Vom 4.-6. Mai 2015 l\u00e4dt der VDN die Gesch\u00e4ftsf\u00fchrer und Leiter der deutschen Naturparke zu einem Arbeitstreffen in den Naturpark Teutoburger Wald \/ Eggegebirge ein.\" \/>\n<meta name=\"robots\" content=\"index, follow, max-snippet:-1, max-image-preview:large, max-video-preview:-1\" \/>\n<link rel=\"canonical\" href=\"https:\/\/www.naturparkmagazin.de\/vdn\/zeit-fuer-gespraeche-fruehjahrstagung-der-naturparke\/\" \/>\n<meta property=\"og:locale\" content=\"de_DE\" \/>\n<meta property=\"og:type\" content=\"article\" \/>\n<meta property=\"og:title\" content=\"\u201eZeit f\u00fcr Gespr\u00e4che\u201c \u2013 Fr\u00fchjahrstagung der Naturparke\" \/>\n<meta property=\"og:description\" content=\"Vom 4.-6. Mai 2015 l\u00e4dt der VDN die Gesch\u00e4ftsf\u00fchrer und Leiter der deutschen Naturparke zu einem Arbeitstreffen in den Naturpark Teutoburger Wald \/ Eggegebirge ein.\" \/>\n<meta property=\"og:url\" content=\"https:\/\/www.naturparkmagazin.de\/vdn\/zeit-fuer-gespraeche-fruehjahrstagung-der-naturparke\/\" \/>\n<meta property=\"og:site_name\" content=\"Verband Deutscher Naturparke\" \/>\n<meta property=\"article:published_time\" content=\"2015-04-19T14:09:23+00:00\" \/>\n<meta property=\"article:modified_time\" content=\"2015-04-20T20:29:52+00:00\" \/>\n<meta property=\"og:image\" content=\"https:\/\/www.naturparkmagazin.de\/vdn\/wp-content\/uploads\/sites\/3\/Externsteine10-Beitragsfoto.jpg\" \/>\n\t<meta property=\"og:image:width\" content=\"180\" \/>\n\t<meta property=\"og:image:height\" content=\"135\" \/>\n\t<meta property=\"og:image:type\" content=\"image\/jpeg\" \/>\n<meta name=\"author\" content=\"beatrixlosem\" \/>\n<meta name=\"twitter:label1\" content=\"Verfasst von\" \/>\n\t<meta name=\"twitter:data1\" content=\"beatrixlosem\" \/>\n\t<meta name=\"twitter:label2\" content=\"Gesch\u00e4tzte Lesezeit\" \/>\n\t<meta name=\"twitter:data2\" content=\"1\u00a0Minute\" \/>\n<script type=\"application\/ld+json\" class=\"yoast-schema-graph\">{\"@context\":\"https:\/\/schema.org\",\"@graph\":[{\"@type\":\"WebPage\",\"@id\":\"https:\/\/www.naturparkmagazin.de\/vdn\/zeit-fuer-gespraeche-fruehjahrstagung-der-naturparke\/\",\"url\":\"https:\/\/www.naturparkmagazin.de\/vdn\/zeit-fuer-gespraeche-fruehjahrstagung-der-naturparke\/\",\"name\":\"\u201eZeit f\u00fcr Gespr\u00e4che\u201c \u2013 Fr\u00fchjahrstagung der Naturparke\",\"isPartOf\":{\"@id\":\"https:\/\/www.naturparkmagazin.de\/vdn\/#website\"},\"datePublished\":\"2015-04-19T14:09:23+00:00\",\"dateModified\":\"2015-04-20T20:29:52+00:00\",\"author\":{\"@id\":\"https:\/\/www.naturparkmagazin.de\/vdn\/#\/schema\/person\/d71357578c318b6db03be60b1f60396b\"},\"description\":\"Vom 4.-6. Mai 2015 l\u00e4dt der VDN die Gesch\u00e4ftsf\u00fchrer und Leiter der deutschen Naturparke zu einem Arbeitstreffen in den Naturpark Teutoburger Wald \/ Eggegebirge ein.\",\"breadcrumb\":{\"@id\":\"https:\/\/www.naturparkmagazin.de\/vdn\/zeit-fuer-gespraeche-fruehjahrstagung-der-naturparke\/#breadcrumb\"},\"inLanguage\":\"de\",\"potentialAction\":[{\"@type\":\"ReadAction\",\"target\":[\"https:\/\/www.naturparkmagazin.de\/vdn\/zeit-fuer-gespraeche-fruehjahrstagung-der-naturparke\/\"]}]},{\"@type\":\"BreadcrumbList\",\"@id\":\"https:\/\/www.naturparkmagazin.de\/vdn\/zeit-fuer-gespraeche-fruehjahrstagung-der-naturparke\/#breadcrumb\",\"itemListElement\":[{\"@type\":\"ListItem\",\"position\":1,\"name\":\"Home\",\"item\":\"https:\/\/www.naturparkmagazin.de\/vdn\/\"},{\"@type\":\"ListItem\",\"position\":2,\"name\":\"\u201eZeit f\u00fcr Gespr\u00e4che\u201c \u2013 Fr\u00fchjahrstagung der Naturparke\"}]},{\"@type\":\"WebSite\",\"@id\":\"https:\/\/www.naturparkmagazin.de\/vdn\/#website\",\"url\":\"https:\/\/www.naturparkmagazin.de\/vdn\/\",\"name\":\"Verband Deutscher Naturparke\",\"description\":\"Eine weitere Naturparkmagazin.de Netzwerk Seite\",\"potentialAction\":[{\"@type\":\"SearchAction\",\"target\":{\"@type\":\"EntryPoint\",\"urlTemplate\":\"https:\/\/www.naturparkmagazin.de\/vdn\/?s={search_term_string}\"},\"query-input\":\"required name=search_term_string\"}],\"inLanguage\":\"de\"},{\"@type\":\"Person\",\"@id\":\"https:\/\/www.naturparkmagazin.de\/vdn\/#\/schema\/person\/d71357578c318b6db03be60b1f60396b\",\"name\":\"beatrixlosem\",\"url\":\"https:\/\/www.naturparkmagazin.de\/vdn\/author\/beatrixlosem\/\"}]}<\/script>\n<!-- \/ Yoast SEO plugin. -->","yoast_head_json":{"title":"\u201eZeit f\u00fcr Gespr\u00e4che\u201c \u2013 Fr\u00fchjahrstagung der Naturparke","description":"Vom 4.-6. Mai 2015 l\u00e4dt der VDN die Gesch\u00e4ftsf\u00fchrer und Leiter der deutschen Naturparke zu einem Arbeitstreffen in den Naturpark Teutoburger Wald \/ Eggegebirge ein.","robots":{"index":"index","follow":"follow","max-snippet":"max-snippet:-1","max-image-preview":"max-image-preview:large","max-video-preview":"max-video-preview:-1"},"canonical":"https:\/\/www.naturparkmagazin.de\/vdn\/zeit-fuer-gespraeche-fruehjahrstagung-der-naturparke\/","og_locale":"de_DE","og_type":"article","og_title":"\u201eZeit f\u00fcr Gespr\u00e4che\u201c \u2013 Fr\u00fchjahrstagung der Naturparke","og_description":"Vom 4.-6. Mai 2015 l\u00e4dt der VDN die Gesch\u00e4ftsf\u00fchrer und Leiter der deutschen Naturparke zu einem Arbeitstreffen in den Naturpark Teutoburger Wald \/ Eggegebirge ein.","og_url":"https:\/\/www.naturparkmagazin.de\/vdn\/zeit-fuer-gespraeche-fruehjahrstagung-der-naturparke\/","og_site_name":"Verband Deutscher Naturparke","article_published_time":"2015-04-19T14:09:23+00:00","article_modified_time":"2015-04-20T20:29:52+00:00","og_image":[{"width":180,"height":135,"url":"https:\/\/www.naturparkmagazin.de\/vdn\/wp-content\/uploads\/sites\/3\/Externsteine10-Beitragsfoto.jpg","type":"image\/jpeg"}],"author":"beatrixlosem","twitter_misc":{"Verfasst von":"beatrixlosem","Gesch\u00e4tzte Lesezeit":"1\u00a0Minute"},"schema":{"@context":"https:\/\/schema.org","@graph":[{"@type":"WebPage","@id":"https:\/\/www.naturparkmagazin.de\/vdn\/zeit-fuer-gespraeche-fruehjahrstagung-der-naturparke\/","url":"https:\/\/www.naturparkmagazin.de\/vdn\/zeit-fuer-gespraeche-fruehjahrstagung-der-naturparke\/","name":"\u201eZeit f\u00fcr Gespr\u00e4che\u201c \u2013 Fr\u00fchjahrstagung der Naturparke","isPartOf":{"@id":"https:\/\/www.naturparkmagazin.de\/vdn\/#website"},"datePublished":"2015-04-19T14:09:23+00:00","dateModified":"2015-04-20T20:29:52+00:00","author":{"@id":"https:\/\/www.naturparkmagazin.de\/vdn\/#\/schema\/person\/d71357578c318b6db03be60b1f60396b"},"description":"Vom 4.-6. Mai 2015 l\u00e4dt der VDN die Gesch\u00e4ftsf\u00fchrer und Leiter der deutschen Naturparke zu einem Arbeitstreffen in den Naturpark Teutoburger Wald \/ Eggegebirge ein.","breadcrumb":{"@id":"https:\/\/www.naturparkmagazin.de\/vdn\/zeit-fuer-gespraeche-fruehjahrstagung-der-naturparke\/#breadcrumb"},"inLanguage":"de","potentialAction":[{"@type":"ReadAction","target":["https:\/\/www.naturparkmagazin.de\/vdn\/zeit-fuer-gespraeche-fruehjahrstagung-der-naturparke\/"]}]},{"@type":"BreadcrumbList","@id":"https:\/\/www.naturparkmagazin.de\/vdn\/zeit-fuer-gespraeche-fruehjahrstagung-der-naturparke\/#breadcrumb","itemListElement":[{"@type":"ListItem","position":1,"name":"Home","item":"https:\/\/www.naturparkmagazin.de\/vdn\/"},{"@type":"ListItem","position":2,"name":"\u201eZeit f\u00fcr Gespr\u00e4che\u201c \u2013 Fr\u00fchjahrstagung der Naturparke"}]},{"@type":"WebSite","@id":"https:\/\/www.naturparkmagazin.de\/vdn\/#website","url":"https:\/\/www.naturparkmagazin.de\/vdn\/","name":"Verband Deutscher Naturparke","description":"Eine weitere Naturparkmagazin.de Netzwerk Seite","potentialAction":[{"@type":"SearchAction","target":{"@type":"EntryPoint","urlTemplate":"https:\/\/www.naturparkmagazin.de\/vdn\/?s={search_term_string}"},"query-input":"required name=search_term_string"}],"inLanguage":"de"},{"@type":"Person","@id":"https:\/\/www.naturparkmagazin.de\/vdn\/#\/schema\/person\/d71357578c318b6db03be60b1f60396b","name":"beatrixlosem","url":"https:\/\/www.naturparkmagazin.de\/vdn\/author\/beatrixlosem\/"}]}},"_links":{"self":[{"href":"https:\/\/www.naturparkmagazin.de\/vdn\/wp-json\/wp\/v2\/posts\/5344"}],"collection":[{"href":"https:\/\/www.naturparkmagazin.de\/vdn\/wp-json\/wp\/v2\/posts"}],"about":[{"href":"https:\/\/www.naturparkmagazin.de\/vdn\/wp-json\/wp\/v2\/types\/post"}],"author":[{"embeddable":true,"href":"https:\/\/www.naturparkmagazin.de\/vdn\/wp-json\/wp\/v2\/users\/51"}],"replies":[{"embeddable":true,"href":"https:\/\/www.naturparkmagazin.de\/vdn\/wp-json\/wp\/v2\/comments?post=5344"}],"version-history":[{"count":4,"href":"https:\/\/www.naturparkmagazin.de\/vdn\/wp-json\/wp\/v2\/posts\/5344\/revisions"}],"predecessor-version":[{"id":5391,"href":"https:\/\/www.naturparkmagazin.de\/vdn\/wp-json\/wp\/v2\/posts\/5344\/revisions\/5391"}],"wp:featuredmedia":[{"embeddable":true,"href":"https:\/\/www.naturparkmagazin.de\/vdn\/wp-json\/wp\/v2\/media\/5345"}],"wp:attachment":[{"href":"https:\/\/www.naturparkmagazin.de\/vdn\/wp-json\/wp\/v2\/media?parent=5344"}],"wp:term":[{"taxonomy":"category","embeddable":true,"href":"https:\/\/www.naturparkmagazin.de\/vdn\/wp-json\/wp\/v2\/categories?post=5344"},{"taxonomy":"post_tag","embeddable":true,"href":"https:\/\/www.naturparkmagazin.de\/vdn\/wp-json\/wp\/v2\/tags?post=5344"}],"curies":[{"name":"wp","href":"https:\/\/api.w.org\/{rel}","templated":true}]}}