{"id":5419,"date":"2015-05-19T08:42:13","date_gmt":"2015-05-19T06:42:13","guid":{"rendered":"http:\/\/www.naturparkmagazin.de\/vdn\/?p=5419"},"modified":"2015-05-17T19:52:03","modified_gmt":"2015-05-17T17:52:03","slug":"doppelte-auszeichnung-vdn-projekte-sind-un-dekade-projekte-biologische-vielfalt","status":"publish","type":"post","link":"https:\/\/www.naturparkmagazin.de\/vdn\/doppelte-auszeichnung-vdn-projekte-sind-un-dekade-projekte-biologische-vielfalt\/","title":{"rendered":"\u201eDoppelte Auszeichnung\u201c \u2013 VDN-Projekte sind UN-Dekade-Projekte Biologische Vielfalt"},"content":{"rendered":"<div id=\"attachment_5422\" style=\"width: 510px\" class=\"wp-caption aligncenter\"><a href=\"https:\/\/www.naturparkmagazin.de\/vdn\/wp-content\/uploads\/sites\/3\/Pressefoto3_Copyright_VDN_beitrag.jpg\"><img aria-describedby=\"caption-attachment-5422\" decoding=\"async\" loading=\"lazy\" class=\"size-full wp-image-5422\" src=\"https:\/\/www.naturparkmagazin.de\/vdn\/wp-content\/uploads\/sites\/3\/Pressefoto3_Copyright_VDN_beitrag.jpg\" alt=\"Copyright: VDN\" width=\"500\" height=\"300\" srcset=\"https:\/\/www.naturparkmagazin.de\/vdn\/wp-content\/uploads\/sites\/3\/Pressefoto3_Copyright_VDN_beitrag.jpg 500w, https:\/\/www.naturparkmagazin.de\/vdn\/wp-content\/uploads\/sites\/3\/Pressefoto3_Copyright_VDN_beitrag-300x180.jpg 300w, https:\/\/www.naturparkmagazin.de\/vdn\/wp-content\/uploads\/sites\/3\/Pressefoto3_Copyright_VDN_beitrag-200x120.jpg 200w\" sizes=\"(max-width: 500px) 100vw, 500px\" \/><\/a><p id=\"caption-attachment-5422\" class=\"wp-caption-text\">Copyright: VDN<\/p><\/div>\n<p>Die Projekte \u201eHerzensSache Natur \u2013 Engagement f\u00fcr die Region!\u201c und \u201eNetzwerk Naturpark-Schulen\u201c des Verbandes Deutscher Naturparke e. V. (VDN) wurden\u00a0 auf der Jahrestagung der Gesch\u00e4ftsf\u00fchrer, Leiter und forstlichen Berater der deutschen Naturparke im Naturpark Teutoburger Wald \/ Eggegebirge als offizielle Projekte der UN-Dekade Biologische Vielfalt gew\u00fcrdigt. Die Auszeichnung wurde von Ralf Forst vom Bundesamt f\u00fcr Naturschutz (BfN) auf dem Er\u00f6ffnungsabend \u00fcbergeben. Diese Auszeichnung wird an Projekte verliehen, die sich in nachahmenswerter Weise f\u00fcr den Erhalt der biologischen Vielfalt einsetzen.<\/p>\n<p>Neben einer Urkunde und einem Auszeichnungsschild wurde VDN-Pr\u00e4sident Dr. Michael Arndt sowie den Projektkoordinatoren Annika Horstick, Patrick Appelhans und J\u00f6rg Liesen f\u00fcr jedes Projekt ein \u201eVielfalt-Baum\u201c \u00fcberreicht, der symbolisch f\u00fcr die bunte Vielfalt und einzigartige Sch\u00f6nheit der Natur steht, zu deren Erhaltung die Projekte jeweils auf ihre Art einen wertvollen Beitrag leisten. Alle ausgezeichneten Projekte werden auf der deutschen UN-Dekade-Webseite unter www.undekade-biologischevielfalt.de vorgestellt.<\/p>\n<p><a href=\"http:\/\/www.naturparke.de\/engagement\/general\" target=\"_blank\">Hier k\u00f6nnen Sie sich \u00fcber das Projekt \u201eHerzensSache Natur\u201c informieren<\/a><\/p>\n<p><a href=\"http:\/\/www.naturparke.de\/environmentaleducation\/schools\" target=\"_blank\">Hier k\u00f6nnen Sie sich \u00fcber das Projekt \u201eNetzwerk Naturpark-Schulen\u201c informieren<\/a><\/p>\n<p><a href=\"http:\/\/www.naturparke.de\/system\/articledownloads\/443\/original\/PM_05-2015-1_Auszeichnung_UN_Dekade_Mai__2015_final_final.pdf?1430910943\" target=\"_blank\">Hier k\u00f6nnen Sie die Pressemitteilung downloaden<\/a><\/p>\n<p>&nbsp;<\/p>\n<p>&nbsp;<\/p>\n","protected":false},"excerpt":{"rendered":"<p>Die Projekte \u201eHerzensSache Natur\u201c und \u201eNetzwerk Naturpark-Schulen\u201c wurden als offizielle Projekte der UN-Dekade Biologische Vielfalt gew\u00fcrdigt. <\/p>\n","protected":false},"author":14,"featured_media":5423,"comment_status":"open","ping_status":"open","sticky":false,"template":"","format":"standard","meta":{"_links_to":"","_links_to_target":""},"categories":[7],"tags":[],"yoast_head":"<!-- This site is optimized with the Yoast SEO plugin v19.10 - https:\/\/yoast.com\/wordpress\/plugins\/seo\/ -->\n<title>\u201eDoppelte Auszeichnung\u201c \u2013 VDN-Projekte sind UN-Dekade-Projekte Biologische Vielfalt<\/title>\n<meta name=\"description\" content=\"Die Projekte \u201eHerzensSache Natur\u201c und \u201eNetzwerk Naturpark-Schulen\u201c wurden als offizielle Projekte der UN-Dekade Biologische Vielfalt gew\u00fcrdigt.\" \/>\n<meta name=\"robots\" content=\"index, follow, max-snippet:-1, max-image-preview:large, max-video-preview:-1\" \/>\n<link rel=\"canonical\" href=\"https:\/\/www.naturparkmagazin.de\/vdn\/doppelte-auszeichnung-vdn-projekte-sind-un-dekade-projekte-biologische-vielfalt\/\" \/>\n<meta property=\"og:locale\" content=\"de_DE\" \/>\n<meta property=\"og:type\" content=\"article\" \/>\n<meta property=\"og:title\" content=\"\u201eDoppelte Auszeichnung\u201c \u2013 VDN-Projekte sind UN-Dekade-Projekte Biologische Vielfalt\" \/>\n<meta property=\"og:description\" content=\"Die Projekte \u201eHerzensSache Natur\u201c und \u201eNetzwerk Naturpark-Schulen\u201c wurden als offizielle Projekte der UN-Dekade Biologische Vielfalt gew\u00fcrdigt.\" \/>\n<meta property=\"og:url\" content=\"https:\/\/www.naturparkmagazin.de\/vdn\/doppelte-auszeichnung-vdn-projekte-sind-un-dekade-projekte-biologische-vielfalt\/\" \/>\n<meta property=\"og:site_name\" content=\"Verband Deutscher Naturparke\" \/>\n<meta property=\"article:published_time\" content=\"2015-05-19T06:42:13+00:00\" \/>\n<meta property=\"article:modified_time\" content=\"2015-05-17T17:52:03+00:00\" \/>\n<meta property=\"og:image\" content=\"https:\/\/www.naturparkmagazin.de\/vdn\/wp-content\/uploads\/sites\/3\/Pressefoto3_Copyright_VDN_beitragsbild.jpg\" \/>\n\t<meta property=\"og:image:width\" content=\"180\" \/>\n\t<meta property=\"og:image:height\" content=\"135\" \/>\n\t<meta property=\"og:image:type\" content=\"image\/jpeg\" \/>\n<meta name=\"author\" content=\"vdnnational\" \/>\n<meta name=\"twitter:label1\" content=\"Verfasst von\" \/>\n\t<meta name=\"twitter:data1\" content=\"vdnnational\" \/>\n\t<meta name=\"twitter:label2\" content=\"Gesch\u00e4tzte Lesezeit\" \/>\n\t<meta name=\"twitter:data2\" content=\"1\u00a0Minute\" \/>\n<script type=\"application\/ld+json\" class=\"yoast-schema-graph\">{\"@context\":\"https:\/\/schema.org\",\"@graph\":[{\"@type\":\"WebPage\",\"@id\":\"https:\/\/www.naturparkmagazin.de\/vdn\/doppelte-auszeichnung-vdn-projekte-sind-un-dekade-projekte-biologische-vielfalt\/\",\"url\":\"https:\/\/www.naturparkmagazin.de\/vdn\/doppelte-auszeichnung-vdn-projekte-sind-un-dekade-projekte-biologische-vielfalt\/\",\"name\":\"\u201eDoppelte Auszeichnung\u201c \u2013 VDN-Projekte sind UN-Dekade-Projekte Biologische Vielfalt\",\"isPartOf\":{\"@id\":\"https:\/\/www.naturparkmagazin.de\/vdn\/#website\"},\"datePublished\":\"2015-05-19T06:42:13+00:00\",\"dateModified\":\"2015-05-17T17:52:03+00:00\",\"author\":{\"@id\":\"https:\/\/www.naturparkmagazin.de\/vdn\/#\/schema\/person\/e28d931df83318a48d52ae72b08d2bfb\"},\"description\":\"Die Projekte \u201eHerzensSache Natur\u201c und \u201eNetzwerk Naturpark-Schulen\u201c wurden als offizielle Projekte der UN-Dekade Biologische Vielfalt gew\u00fcrdigt.\",\"breadcrumb\":{\"@id\":\"https:\/\/www.naturparkmagazin.de\/vdn\/doppelte-auszeichnung-vdn-projekte-sind-un-dekade-projekte-biologische-vielfalt\/#breadcrumb\"},\"inLanguage\":\"de\",\"potentialAction\":[{\"@type\":\"ReadAction\",\"target\":[\"https:\/\/www.naturparkmagazin.de\/vdn\/doppelte-auszeichnung-vdn-projekte-sind-un-dekade-projekte-biologische-vielfalt\/\"]}]},{\"@type\":\"BreadcrumbList\",\"@id\":\"https:\/\/www.naturparkmagazin.de\/vdn\/doppelte-auszeichnung-vdn-projekte-sind-un-dekade-projekte-biologische-vielfalt\/#breadcrumb\",\"itemListElement\":[{\"@type\":\"ListItem\",\"position\":1,\"name\":\"Home\",\"item\":\"https:\/\/www.naturparkmagazin.de\/vdn\/\"},{\"@type\":\"ListItem\",\"position\":2,\"name\":\"\u201eDoppelte Auszeichnung\u201c \u2013 VDN-Projekte sind UN-Dekade-Projekte Biologische Vielfalt\"}]},{\"@type\":\"WebSite\",\"@id\":\"https:\/\/www.naturparkmagazin.de\/vdn\/#website\",\"url\":\"https:\/\/www.naturparkmagazin.de\/vdn\/\",\"name\":\"Verband Deutscher Naturparke\",\"description\":\"Eine weitere Naturparkmagazin.de Netzwerk Seite\",\"potentialAction\":[{\"@type\":\"SearchAction\",\"target\":{\"@type\":\"EntryPoint\",\"urlTemplate\":\"https:\/\/www.naturparkmagazin.de\/vdn\/?s={search_term_string}\"},\"query-input\":\"required name=search_term_string\"}],\"inLanguage\":\"de\"},{\"@type\":\"Person\",\"@id\":\"https:\/\/www.naturparkmagazin.de\/vdn\/#\/schema\/person\/e28d931df83318a48d52ae72b08d2bfb\",\"name\":\"vdnnational\",\"url\":\"https:\/\/www.naturparkmagazin.de\/vdn\/author\/vdnnational\/\"}]}<\/script>\n<!-- \/ Yoast SEO plugin. -->","yoast_head_json":{"title":"\u201eDoppelte Auszeichnung\u201c \u2013 VDN-Projekte sind UN-Dekade-Projekte Biologische Vielfalt","description":"Die Projekte \u201eHerzensSache Natur\u201c und \u201eNetzwerk Naturpark-Schulen\u201c wurden als offizielle Projekte der UN-Dekade Biologische Vielfalt gew\u00fcrdigt.","robots":{"index":"index","follow":"follow","max-snippet":"max-snippet:-1","max-image-preview":"max-image-preview:large","max-video-preview":"max-video-preview:-1"},"canonical":"https:\/\/www.naturparkmagazin.de\/vdn\/doppelte-auszeichnung-vdn-projekte-sind-un-dekade-projekte-biologische-vielfalt\/","og_locale":"de_DE","og_type":"article","og_title":"\u201eDoppelte Auszeichnung\u201c \u2013 VDN-Projekte sind UN-Dekade-Projekte Biologische Vielfalt","og_description":"Die Projekte \u201eHerzensSache Natur\u201c und \u201eNetzwerk Naturpark-Schulen\u201c wurden als offizielle Projekte der UN-Dekade Biologische Vielfalt gew\u00fcrdigt.","og_url":"https:\/\/www.naturparkmagazin.de\/vdn\/doppelte-auszeichnung-vdn-projekte-sind-un-dekade-projekte-biologische-vielfalt\/","og_site_name":"Verband Deutscher Naturparke","article_published_time":"2015-05-19T06:42:13+00:00","article_modified_time":"2015-05-17T17:52:03+00:00","og_image":[{"width":180,"height":135,"url":"https:\/\/www.naturparkmagazin.de\/vdn\/wp-content\/uploads\/sites\/3\/Pressefoto3_Copyright_VDN_beitragsbild.jpg","type":"image\/jpeg"}],"author":"vdnnational","twitter_misc":{"Verfasst von":"vdnnational","Gesch\u00e4tzte Lesezeit":"1\u00a0Minute"},"schema":{"@context":"https:\/\/schema.org","@graph":[{"@type":"WebPage","@id":"https:\/\/www.naturparkmagazin.de\/vdn\/doppelte-auszeichnung-vdn-projekte-sind-un-dekade-projekte-biologische-vielfalt\/","url":"https:\/\/www.naturparkmagazin.de\/vdn\/doppelte-auszeichnung-vdn-projekte-sind-un-dekade-projekte-biologische-vielfalt\/","name":"\u201eDoppelte Auszeichnung\u201c \u2013 VDN-Projekte sind UN-Dekade-Projekte Biologische Vielfalt","isPartOf":{"@id":"https:\/\/www.naturparkmagazin.de\/vdn\/#website"},"datePublished":"2015-05-19T06:42:13+00:00","dateModified":"2015-05-17T17:52:03+00:00","author":{"@id":"https:\/\/www.naturparkmagazin.de\/vdn\/#\/schema\/person\/e28d931df83318a48d52ae72b08d2bfb"},"description":"Die Projekte \u201eHerzensSache Natur\u201c und \u201eNetzwerk Naturpark-Schulen\u201c wurden als offizielle Projekte der UN-Dekade Biologische Vielfalt gew\u00fcrdigt.","breadcrumb":{"@id":"https:\/\/www.naturparkmagazin.de\/vdn\/doppelte-auszeichnung-vdn-projekte-sind-un-dekade-projekte-biologische-vielfalt\/#breadcrumb"},"inLanguage":"de","potentialAction":[{"@type":"ReadAction","target":["https:\/\/www.naturparkmagazin.de\/vdn\/doppelte-auszeichnung-vdn-projekte-sind-un-dekade-projekte-biologische-vielfalt\/"]}]},{"@type":"BreadcrumbList","@id":"https:\/\/www.naturparkmagazin.de\/vdn\/doppelte-auszeichnung-vdn-projekte-sind-un-dekade-projekte-biologische-vielfalt\/#breadcrumb","itemListElement":[{"@type":"ListItem","position":1,"name":"Home","item":"https:\/\/www.naturparkmagazin.de\/vdn\/"},{"@type":"ListItem","position":2,"name":"\u201eDoppelte Auszeichnung\u201c \u2013 VDN-Projekte sind UN-Dekade-Projekte Biologische Vielfalt"}]},{"@type":"WebSite","@id":"https:\/\/www.naturparkmagazin.de\/vdn\/#website","url":"https:\/\/www.naturparkmagazin.de\/vdn\/","name":"Verband Deutscher Naturparke","description":"Eine weitere Naturparkmagazin.de Netzwerk Seite","potentialAction":[{"@type":"SearchAction","target":{"@type":"EntryPoint","urlTemplate":"https:\/\/www.naturparkmagazin.de\/vdn\/?s={search_term_string}"},"query-input":"required name=search_term_string"}],"inLanguage":"de"},{"@type":"Person","@id":"https:\/\/www.naturparkmagazin.de\/vdn\/#\/schema\/person\/e28d931df83318a48d52ae72b08d2bfb","name":"vdnnational","url":"https:\/\/www.naturparkmagazin.de\/vdn\/author\/vdnnational\/"}]}},"_links":{"self":[{"href":"https:\/\/www.naturparkmagazin.de\/vdn\/wp-json\/wp\/v2\/posts\/5419"}],"collection":[{"href":"https:\/\/www.naturparkmagazin.de\/vdn\/wp-json\/wp\/v2\/posts"}],"about":[{"href":"https:\/\/www.naturparkmagazin.de\/vdn\/wp-json\/wp\/v2\/types\/post"}],"author":[{"embeddable":true,"href":"https:\/\/www.naturparkmagazin.de\/vdn\/wp-json\/wp\/v2\/users\/14"}],"replies":[{"embeddable":true,"href":"https:\/\/www.naturparkmagazin.de\/vdn\/wp-json\/wp\/v2\/comments?post=5419"}],"version-history":[{"count":4,"href":"https:\/\/www.naturparkmagazin.de\/vdn\/wp-json\/wp\/v2\/posts\/5419\/revisions"}],"predecessor-version":[{"id":5425,"href":"https:\/\/www.naturparkmagazin.de\/vdn\/wp-json\/wp\/v2\/posts\/5419\/revisions\/5425"}],"wp:featuredmedia":[{"embeddable":true,"href":"https:\/\/www.naturparkmagazin.de\/vdn\/wp-json\/wp\/v2\/media\/5423"}],"wp:attachment":[{"href":"https:\/\/www.naturparkmagazin.de\/vdn\/wp-json\/wp\/v2\/media?parent=5419"}],"wp:term":[{"taxonomy":"category","embeddable":true,"href":"https:\/\/www.naturparkmagazin.de\/vdn\/wp-json\/wp\/v2\/categories?post=5419"},{"taxonomy":"post_tag","embeddable":true,"href":"https:\/\/www.naturparkmagazin.de\/vdn\/wp-json\/wp\/v2\/tags?post=5419"}],"curies":[{"name":"wp","href":"https:\/\/api.w.org\/{rel}","templated":true}]}}