{"id":5555,"date":"2015-06-16T10:25:58","date_gmt":"2015-06-16T08:25:58","guid":{"rendered":"http:\/\/www.naturparkmagazin.de\/vdn\/?p=5555"},"modified":"2015-06-17T13:19:24","modified_gmt":"2015-06-17T11:19:24","slug":"dr-karl-heinz-rieder","status":"publish","type":"post","link":"https:\/\/www.naturparkmagazin.de\/vdn\/dr-karl-heinz-rieder\/","title":{"rendered":"Dr. Karl Heinz Rieder"},"content":{"rendered":"<div id=\"attachment_5556\" style=\"width: 510px\" class=\"wp-caption aligncenter\"><a href=\"https:\/\/www.naturparkmagazin.de\/vdn\/wp-content\/uploads\/sites\/3\/Dr_Karl_Heinz_Rieder-Beitrag.jpg\"><img aria-describedby=\"caption-attachment-5556\" decoding=\"async\" loading=\"lazy\" class=\"wp-image-5556 size-full\" src=\"https:\/\/www.naturparkmagazin.de\/vdn\/wp-content\/uploads\/sites\/3\/Dr_Karl_Heinz_Rieder-Beitrag.jpg\" alt=\"Dr. Karl Heinz Rieder\/Copyright: Naturpark Altm\u00fchltal\" width=\"500\" height=\"300\" srcset=\"https:\/\/www.naturparkmagazin.de\/vdn\/wp-content\/uploads\/sites\/3\/Dr_Karl_Heinz_Rieder-Beitrag.jpg 500w, https:\/\/www.naturparkmagazin.de\/vdn\/wp-content\/uploads\/sites\/3\/Dr_Karl_Heinz_Rieder-Beitrag-300x180.jpg 300w, https:\/\/www.naturparkmagazin.de\/vdn\/wp-content\/uploads\/sites\/3\/Dr_Karl_Heinz_Rieder-Beitrag-200x120.jpg 200w\" sizes=\"(max-width: 500px) 100vw, 500px\" \/><\/a><p id=\"caption-attachment-5556\" class=\"wp-caption-text\">Dr. Karl Heinz Rieder\/Copyright: Naturpark Altm\u00fchltal<\/p><\/div>\n<p>\u201eMeinen Naturpark Altm\u00fchltal finde ich gut, weil er nachhaltig die Kenntnis der Natur-, Erd- und Landschaftsgeschichte sowie der kulturgeschichtlichen Denkm\u00e4ler vermittelt. Dies st\u00e4rkt das Heimatgef\u00fchl f\u00fcr Einheimische und Fremde. Der Michelsberg bei Kipfenberg ist mein \u201eLieblingsort\u201c im Naturpark Altm\u00fchltal. Schon mein Vater hat mich als kleines Kind auf vielen Spazierg\u00e4ngen mit auf das Bergplateau mitgenommen. Man hat von dort einen herrlichen Ausblick ins Tal, auf den Markt Kipfenberg. Eintauchen kann man in die Geschichte des Platzes mit den W\u00e4llen und Gr\u00e4ben einer vorgeschichtlichen Abschnittsbefestigung, den Ruinen einer mittelalterlichen Burganlage und den Fundamenten einer uralten Kirche. Der Blick schweift ins Tal auf den r\u00f6mischen Limes, der vom gegen\u00fcberliegenden Pfahlbuck weiter nach Pfahldorf verl\u00e4uft. Auf der anderen Seite thront die mittelalterliche Burg Kipfenberg. Altm\u00fchlaufw\u00e4rts erkennt man den Ort B\u00f6hming mit seinem r\u00f6mischen Kastell, in dessen Mitte die Ortskirche steht. Immer wieder ein Traum: auf dem Gipfelkreuz in das Altm\u00fchltal hinabzublicken.\u201c<\/p>\n<p>&nbsp;<\/p>\n","protected":false},"excerpt":{"rendered":"<p>ist Arch\u00e4ologe,  Kreisheimatpfleger und Naturpark-Botschafter des Naturparks Altm\u00fchltal. Warum er sich f\u00fcr seinen Naturpark engagiert, verr\u00e4t er uns hier.<\/p>\n","protected":false},"author":51,"featured_media":5622,"comment_status":"open","ping_status":"open","sticky":false,"template":"","format":"standard","meta":{"_links_to":"","_links_to_target":""},"categories":[8],"tags":[],"yoast_head":"<!-- This site is optimized with the Yoast SEO plugin v19.10 - https:\/\/yoast.com\/wordpress\/plugins\/seo\/ -->\n<title>Dr. Karl Heinz Rieder<\/title>\n<meta name=\"description\" content=\"ist Arch\u00e4ologe, Kreisheimatpfleger und Naturpark-Botschafter des Naturparks Altm\u00fchltal. Warum er sich f\u00fcr seinen Naturpark engagiert, verr\u00e4t er uns hier.\" \/>\n<meta name=\"robots\" content=\"index, follow, max-snippet:-1, max-image-preview:large, max-video-preview:-1\" \/>\n<link rel=\"canonical\" href=\"https:\/\/www.naturparkmagazin.de\/vdn\/dr-karl-heinz-rieder\/\" \/>\n<meta property=\"og:locale\" content=\"de_DE\" \/>\n<meta property=\"og:type\" content=\"article\" \/>\n<meta property=\"og:title\" content=\"Dr. Karl Heinz Rieder\" \/>\n<meta property=\"og:description\" content=\"ist Arch\u00e4ologe, Kreisheimatpfleger und Naturpark-Botschafter des Naturparks Altm\u00fchltal. Warum er sich f\u00fcr seinen Naturpark engagiert, verr\u00e4t er uns hier.\" \/>\n<meta property=\"og:url\" content=\"https:\/\/www.naturparkmagazin.de\/vdn\/dr-karl-heinz-rieder\/\" \/>\n<meta property=\"og:site_name\" content=\"Verband Deutscher Naturparke\" \/>\n<meta property=\"article:published_time\" content=\"2015-06-16T08:25:58+00:00\" \/>\n<meta property=\"article:modified_time\" content=\"2015-06-17T11:19:24+00:00\" \/>\n<meta property=\"og:image\" content=\"https:\/\/www.naturparkmagazin.de\/vdn\/wp-content\/uploads\/sites\/3\/Dr_Karl_Heinz_Rieder-200-200.jpg\" \/>\n\t<meta property=\"og:image:width\" content=\"200\" \/>\n\t<meta property=\"og:image:height\" content=\"200\" \/>\n\t<meta property=\"og:image:type\" content=\"image\/jpeg\" \/>\n<meta name=\"author\" content=\"beatrixlosem\" \/>\n<meta name=\"twitter:label1\" content=\"Verfasst von\" \/>\n\t<meta name=\"twitter:data1\" content=\"beatrixlosem\" \/>\n\t<meta name=\"twitter:label2\" content=\"Gesch\u00e4tzte Lesezeit\" \/>\n\t<meta name=\"twitter:data2\" content=\"1\u00a0Minute\" \/>\n<script type=\"application\/ld+json\" class=\"yoast-schema-graph\">{\"@context\":\"https:\/\/schema.org\",\"@graph\":[{\"@type\":\"WebPage\",\"@id\":\"https:\/\/www.naturparkmagazin.de\/vdn\/dr-karl-heinz-rieder\/\",\"url\":\"https:\/\/www.naturparkmagazin.de\/vdn\/dr-karl-heinz-rieder\/\",\"name\":\"Dr. Karl Heinz Rieder\",\"isPartOf\":{\"@id\":\"https:\/\/www.naturparkmagazin.de\/vdn\/#website\"},\"datePublished\":\"2015-06-16T08:25:58+00:00\",\"dateModified\":\"2015-06-17T11:19:24+00:00\",\"author\":{\"@id\":\"https:\/\/www.naturparkmagazin.de\/vdn\/#\/schema\/person\/d71357578c318b6db03be60b1f60396b\"},\"description\":\"ist Arch\u00e4ologe, Kreisheimatpfleger und Naturpark-Botschafter des Naturparks Altm\u00fchltal. Warum er sich f\u00fcr seinen Naturpark engagiert, verr\u00e4t er uns hier.\",\"breadcrumb\":{\"@id\":\"https:\/\/www.naturparkmagazin.de\/vdn\/dr-karl-heinz-rieder\/#breadcrumb\"},\"inLanguage\":\"de\",\"potentialAction\":[{\"@type\":\"ReadAction\",\"target\":[\"https:\/\/www.naturparkmagazin.de\/vdn\/dr-karl-heinz-rieder\/\"]}]},{\"@type\":\"BreadcrumbList\",\"@id\":\"https:\/\/www.naturparkmagazin.de\/vdn\/dr-karl-heinz-rieder\/#breadcrumb\",\"itemListElement\":[{\"@type\":\"ListItem\",\"position\":1,\"name\":\"Home\",\"item\":\"https:\/\/www.naturparkmagazin.de\/vdn\/\"},{\"@type\":\"ListItem\",\"position\":2,\"name\":\"Dr. Karl Heinz Rieder\"}]},{\"@type\":\"WebSite\",\"@id\":\"https:\/\/www.naturparkmagazin.de\/vdn\/#website\",\"url\":\"https:\/\/www.naturparkmagazin.de\/vdn\/\",\"name\":\"Verband Deutscher Naturparke\",\"description\":\"Eine weitere Naturparkmagazin.de Netzwerk Seite\",\"potentialAction\":[{\"@type\":\"SearchAction\",\"target\":{\"@type\":\"EntryPoint\",\"urlTemplate\":\"https:\/\/www.naturparkmagazin.de\/vdn\/?s={search_term_string}\"},\"query-input\":\"required name=search_term_string\"}],\"inLanguage\":\"de\"},{\"@type\":\"Person\",\"@id\":\"https:\/\/www.naturparkmagazin.de\/vdn\/#\/schema\/person\/d71357578c318b6db03be60b1f60396b\",\"name\":\"beatrixlosem\",\"url\":\"https:\/\/www.naturparkmagazin.de\/vdn\/author\/beatrixlosem\/\"}]}<\/script>\n<!-- \/ Yoast SEO plugin. -->","yoast_head_json":{"title":"Dr. Karl Heinz Rieder","description":"ist Arch\u00e4ologe, Kreisheimatpfleger und Naturpark-Botschafter des Naturparks Altm\u00fchltal. Warum er sich f\u00fcr seinen Naturpark engagiert, verr\u00e4t er uns hier.","robots":{"index":"index","follow":"follow","max-snippet":"max-snippet:-1","max-image-preview":"max-image-preview:large","max-video-preview":"max-video-preview:-1"},"canonical":"https:\/\/www.naturparkmagazin.de\/vdn\/dr-karl-heinz-rieder\/","og_locale":"de_DE","og_type":"article","og_title":"Dr. Karl Heinz Rieder","og_description":"ist Arch\u00e4ologe, Kreisheimatpfleger und Naturpark-Botschafter des Naturparks Altm\u00fchltal. Warum er sich f\u00fcr seinen Naturpark engagiert, verr\u00e4t er uns hier.","og_url":"https:\/\/www.naturparkmagazin.de\/vdn\/dr-karl-heinz-rieder\/","og_site_name":"Verband Deutscher Naturparke","article_published_time":"2015-06-16T08:25:58+00:00","article_modified_time":"2015-06-17T11:19:24+00:00","og_image":[{"width":200,"height":200,"url":"https:\/\/www.naturparkmagazin.de\/vdn\/wp-content\/uploads\/sites\/3\/Dr_Karl_Heinz_Rieder-200-200.jpg","type":"image\/jpeg"}],"author":"beatrixlosem","twitter_misc":{"Verfasst von":"beatrixlosem","Gesch\u00e4tzte Lesezeit":"1\u00a0Minute"},"schema":{"@context":"https:\/\/schema.org","@graph":[{"@type":"WebPage","@id":"https:\/\/www.naturparkmagazin.de\/vdn\/dr-karl-heinz-rieder\/","url":"https:\/\/www.naturparkmagazin.de\/vdn\/dr-karl-heinz-rieder\/","name":"Dr. Karl Heinz Rieder","isPartOf":{"@id":"https:\/\/www.naturparkmagazin.de\/vdn\/#website"},"datePublished":"2015-06-16T08:25:58+00:00","dateModified":"2015-06-17T11:19:24+00:00","author":{"@id":"https:\/\/www.naturparkmagazin.de\/vdn\/#\/schema\/person\/d71357578c318b6db03be60b1f60396b"},"description":"ist Arch\u00e4ologe, Kreisheimatpfleger und Naturpark-Botschafter des Naturparks Altm\u00fchltal. Warum er sich f\u00fcr seinen Naturpark engagiert, verr\u00e4t er uns hier.","breadcrumb":{"@id":"https:\/\/www.naturparkmagazin.de\/vdn\/dr-karl-heinz-rieder\/#breadcrumb"},"inLanguage":"de","potentialAction":[{"@type":"ReadAction","target":["https:\/\/www.naturparkmagazin.de\/vdn\/dr-karl-heinz-rieder\/"]}]},{"@type":"BreadcrumbList","@id":"https:\/\/www.naturparkmagazin.de\/vdn\/dr-karl-heinz-rieder\/#breadcrumb","itemListElement":[{"@type":"ListItem","position":1,"name":"Home","item":"https:\/\/www.naturparkmagazin.de\/vdn\/"},{"@type":"ListItem","position":2,"name":"Dr. Karl Heinz Rieder"}]},{"@type":"WebSite","@id":"https:\/\/www.naturparkmagazin.de\/vdn\/#website","url":"https:\/\/www.naturparkmagazin.de\/vdn\/","name":"Verband Deutscher Naturparke","description":"Eine weitere Naturparkmagazin.de Netzwerk Seite","potentialAction":[{"@type":"SearchAction","target":{"@type":"EntryPoint","urlTemplate":"https:\/\/www.naturparkmagazin.de\/vdn\/?s={search_term_string}"},"query-input":"required name=search_term_string"}],"inLanguage":"de"},{"@type":"Person","@id":"https:\/\/www.naturparkmagazin.de\/vdn\/#\/schema\/person\/d71357578c318b6db03be60b1f60396b","name":"beatrixlosem","url":"https:\/\/www.naturparkmagazin.de\/vdn\/author\/beatrixlosem\/"}]}},"_links":{"self":[{"href":"https:\/\/www.naturparkmagazin.de\/vdn\/wp-json\/wp\/v2\/posts\/5555"}],"collection":[{"href":"https:\/\/www.naturparkmagazin.de\/vdn\/wp-json\/wp\/v2\/posts"}],"about":[{"href":"https:\/\/www.naturparkmagazin.de\/vdn\/wp-json\/wp\/v2\/types\/post"}],"author":[{"embeddable":true,"href":"https:\/\/www.naturparkmagazin.de\/vdn\/wp-json\/wp\/v2\/users\/51"}],"replies":[{"embeddable":true,"href":"https:\/\/www.naturparkmagazin.de\/vdn\/wp-json\/wp\/v2\/comments?post=5555"}],"version-history":[{"count":2,"href":"https:\/\/www.naturparkmagazin.de\/vdn\/wp-json\/wp\/v2\/posts\/5555\/revisions"}],"predecessor-version":[{"id":5623,"href":"https:\/\/www.naturparkmagazin.de\/vdn\/wp-json\/wp\/v2\/posts\/5555\/revisions\/5623"}],"wp:featuredmedia":[{"embeddable":true,"href":"https:\/\/www.naturparkmagazin.de\/vdn\/wp-json\/wp\/v2\/media\/5622"}],"wp:attachment":[{"href":"https:\/\/www.naturparkmagazin.de\/vdn\/wp-json\/wp\/v2\/media?parent=5555"}],"wp:term":[{"taxonomy":"category","embeddable":true,"href":"https:\/\/www.naturparkmagazin.de\/vdn\/wp-json\/wp\/v2\/categories?post=5555"},{"taxonomy":"post_tag","embeddable":true,"href":"https:\/\/www.naturparkmagazin.de\/vdn\/wp-json\/wp\/v2\/tags?post=5555"}],"curies":[{"name":"wp","href":"https:\/\/api.w.org\/{rel}","templated":true}]}}