{"id":5562,"date":"2015-06-16T10:41:05","date_gmt":"2015-06-16T08:41:05","guid":{"rendered":"http:\/\/www.naturparkmagazin.de\/vdn\/?p=5562"},"modified":"2015-06-17T15:00:46","modified_gmt":"2015-06-17T13:00:46","slug":"druckfrisch-naturparke-fotokalender-2016","status":"publish","type":"post","link":"https:\/\/www.naturparkmagazin.de\/vdn\/druckfrisch-naturparke-fotokalender-2016\/","title":{"rendered":"\u201eDruckfrisch\u201c &#8211; Naturparke-Fotokalender 2016"},"content":{"rendered":"<div id=\"attachment_5563\" style=\"width: 510px\" class=\"wp-caption aligncenter\"><a href=\"https:\/\/www.naturparkmagazin.de\/vdn\/wp-content\/uploads\/sites\/3\/Titelbild-Kalender-DuMont-2016-Beitragsbild.jpg\"><img aria-describedby=\"caption-attachment-5563\" decoding=\"async\" loading=\"lazy\" class=\"wp-image-5563 size-full\" src=\"https:\/\/www.naturparkmagazin.de\/vdn\/wp-content\/uploads\/sites\/3\/Titelbild-Kalender-DuMont-2016-Beitragsbild.jpg\" alt=\"Titelbild Kalender DuMont 2016 \" width=\"500\" height=\"300\" srcset=\"https:\/\/www.naturparkmagazin.de\/vdn\/wp-content\/uploads\/sites\/3\/Titelbild-Kalender-DuMont-2016-Beitragsbild.jpg 500w, https:\/\/www.naturparkmagazin.de\/vdn\/wp-content\/uploads\/sites\/3\/Titelbild-Kalender-DuMont-2016-Beitragsbild-300x180.jpg 300w, https:\/\/www.naturparkmagazin.de\/vdn\/wp-content\/uploads\/sites\/3\/Titelbild-Kalender-DuMont-2016-Beitragsbild-200x120.jpg 200w\" sizes=\"(max-width: 500px) 100vw, 500px\" \/><\/a><p id=\"caption-attachment-5563\" class=\"wp-caption-text\">Titelbild Kalender DuMont 2016<\/p><\/div>\n<p>In Kooperation mit dem Verband Deutscher Naturparke hat der DuMont Kalenderverlag aus K\u00f6ln auch f\u00fcr 2016 einen Fotokalender mit Landschaftsmotiven aus deutschen Naturparken produziert. 12 Monatsbl\u00e4tter setzen mit jeweils einem Landschaftsfoto sowie zwei kleineren Begleitfotos einen Naturpark aus den Bundesl\u00e4ndern Bayern, Nordrhein-Westfalen, Brandenburg, Baden-W\u00fcrttemberg, Schleswig-Holstein, Rheinland-Pfalz, Niedersachsen, Saarland, Hessen, Sachsen, Mecklenburg-Vorpommern und Bayern ins Bild. Dazu gibt es einen kurzen Steckbrief und Karte des jeweiligen Naturparks sowie Infos zu regionalen Besonderheiten.<\/p>\n<p>Mit einem Teil des Erl\u00f6ses aus dem Verkauf dieses Kalenders f\u00f6rdert der DuMont Kalenderverlag das Projekt \u201eHerzensSache Natur!\u201c des VDN, in dem der VDN die Naturparke darin unterst\u00fctzt, mithilfe ehrenamtlich T\u00e4tiger vornehmlich \u201eklassische\u201c Naturschutzprojekte wie Biotoppflegema\u00dfnahmen in den Naturparken durchzuf\u00fchren.\nDer Kalender im Format 52 x 42,5 cm ist im Buchhandel zum Preis von 25,- \u20ac zu erhalten.<\/p>\n<p>&nbsp;<\/p>\n","protected":false},"excerpt":{"rendered":"<p>In Kooperation mit dem Verband Deutscher Naturparke hat der DuMont Kalenderverlag aus K\u00f6ln auch f\u00fcr 2016 einen Fotokalender mit Landschaftsmotiven aus deutschen Naturparken produziert.<\/p>\n","protected":false},"author":51,"featured_media":5565,"comment_status":"open","ping_status":"open","sticky":false,"template":"","format":"standard","meta":{"_links_to":"","_links_to_target":""},"categories":[7],"tags":[443,29,442,94,41],"yoast_head":"<!-- This site is optimized with the Yoast SEO plugin v19.10 - https:\/\/yoast.com\/wordpress\/plugins\/seo\/ -->\n<title>\u201eDruckfrisch\u201c - Naturparke-Fotokalender 2016<\/title>\n<meta name=\"description\" content=\"In Kooperation mit dem Verband Deutscher Naturparke hat der DuMont Kalenderverlag aus K\u00f6ln auch f\u00fcr 2016 einen Fotokalender mit Landschaftsmotiven aus deutschen Naturparken produziert.\" \/>\n<meta name=\"robots\" content=\"index, follow, max-snippet:-1, max-image-preview:large, max-video-preview:-1\" \/>\n<link rel=\"canonical\" href=\"https:\/\/www.naturparkmagazin.de\/vdn\/druckfrisch-naturparke-fotokalender-2016\/\" \/>\n<meta property=\"og:locale\" content=\"de_DE\" \/>\n<meta property=\"og:type\" content=\"article\" \/>\n<meta property=\"og:title\" content=\"\u201eDruckfrisch\u201c - Naturparke-Fotokalender 2016\" \/>\n<meta property=\"og:description\" content=\"In Kooperation mit dem Verband Deutscher Naturparke hat der DuMont Kalenderverlag aus K\u00f6ln auch f\u00fcr 2016 einen Fotokalender mit Landschaftsmotiven aus deutschen Naturparken produziert.\" \/>\n<meta property=\"og:url\" content=\"https:\/\/www.naturparkmagazin.de\/vdn\/druckfrisch-naturparke-fotokalender-2016\/\" \/>\n<meta property=\"og:site_name\" content=\"Verband Deutscher Naturparke\" \/>\n<meta property=\"article:published_time\" content=\"2015-06-16T08:41:05+00:00\" \/>\n<meta property=\"article:modified_time\" content=\"2015-06-17T13:00:46+00:00\" \/>\n<meta property=\"og:image\" content=\"https:\/\/www.naturparkmagazin.de\/vdn\/wp-content\/uploads\/sites\/3\/Titelbild-Kalender-DuMont-2016-200-200.jpg\" \/>\n\t<meta property=\"og:image:width\" content=\"200\" \/>\n\t<meta property=\"og:image:height\" content=\"200\" \/>\n\t<meta property=\"og:image:type\" content=\"image\/jpeg\" \/>\n<meta name=\"author\" content=\"beatrixlosem\" \/>\n<meta name=\"twitter:label1\" content=\"Verfasst von\" \/>\n\t<meta name=\"twitter:data1\" content=\"beatrixlosem\" \/>\n\t<meta name=\"twitter:label2\" content=\"Gesch\u00e4tzte Lesezeit\" \/>\n\t<meta name=\"twitter:data2\" content=\"1\u00a0Minute\" \/>\n<script type=\"application\/ld+json\" class=\"yoast-schema-graph\">{\"@context\":\"https:\/\/schema.org\",\"@graph\":[{\"@type\":\"WebPage\",\"@id\":\"https:\/\/www.naturparkmagazin.de\/vdn\/druckfrisch-naturparke-fotokalender-2016\/\",\"url\":\"https:\/\/www.naturparkmagazin.de\/vdn\/druckfrisch-naturparke-fotokalender-2016\/\",\"name\":\"\u201eDruckfrisch\u201c - Naturparke-Fotokalender 2016\",\"isPartOf\":{\"@id\":\"https:\/\/www.naturparkmagazin.de\/vdn\/#website\"},\"datePublished\":\"2015-06-16T08:41:05+00:00\",\"dateModified\":\"2015-06-17T13:00:46+00:00\",\"author\":{\"@id\":\"https:\/\/www.naturparkmagazin.de\/vdn\/#\/schema\/person\/d71357578c318b6db03be60b1f60396b\"},\"description\":\"In Kooperation mit dem Verband Deutscher Naturparke hat der DuMont Kalenderverlag aus K\u00f6ln auch f\u00fcr 2016 einen Fotokalender mit Landschaftsmotiven aus deutschen Naturparken produziert.\",\"breadcrumb\":{\"@id\":\"https:\/\/www.naturparkmagazin.de\/vdn\/druckfrisch-naturparke-fotokalender-2016\/#breadcrumb\"},\"inLanguage\":\"de\",\"potentialAction\":[{\"@type\":\"ReadAction\",\"target\":[\"https:\/\/www.naturparkmagazin.de\/vdn\/druckfrisch-naturparke-fotokalender-2016\/\"]}]},{\"@type\":\"BreadcrumbList\",\"@id\":\"https:\/\/www.naturparkmagazin.de\/vdn\/druckfrisch-naturparke-fotokalender-2016\/#breadcrumb\",\"itemListElement\":[{\"@type\":\"ListItem\",\"position\":1,\"name\":\"Home\",\"item\":\"https:\/\/www.naturparkmagazin.de\/vdn\/\"},{\"@type\":\"ListItem\",\"position\":2,\"name\":\"\u201eDruckfrisch\u201c &#8211; Naturparke-Fotokalender 2016\"}]},{\"@type\":\"WebSite\",\"@id\":\"https:\/\/www.naturparkmagazin.de\/vdn\/#website\",\"url\":\"https:\/\/www.naturparkmagazin.de\/vdn\/\",\"name\":\"Verband Deutscher Naturparke\",\"description\":\"Eine weitere Naturparkmagazin.de Netzwerk Seite\",\"potentialAction\":[{\"@type\":\"SearchAction\",\"target\":{\"@type\":\"EntryPoint\",\"urlTemplate\":\"https:\/\/www.naturparkmagazin.de\/vdn\/?s={search_term_string}\"},\"query-input\":\"required name=search_term_string\"}],\"inLanguage\":\"de\"},{\"@type\":\"Person\",\"@id\":\"https:\/\/www.naturparkmagazin.de\/vdn\/#\/schema\/person\/d71357578c318b6db03be60b1f60396b\",\"name\":\"beatrixlosem\",\"url\":\"https:\/\/www.naturparkmagazin.de\/vdn\/author\/beatrixlosem\/\"}]}<\/script>\n<!-- \/ Yoast SEO plugin. -->","yoast_head_json":{"title":"\u201eDruckfrisch\u201c - Naturparke-Fotokalender 2016","description":"In Kooperation mit dem Verband Deutscher Naturparke hat der DuMont Kalenderverlag aus K\u00f6ln auch f\u00fcr 2016 einen Fotokalender mit Landschaftsmotiven aus deutschen Naturparken produziert.","robots":{"index":"index","follow":"follow","max-snippet":"max-snippet:-1","max-image-preview":"max-image-preview:large","max-video-preview":"max-video-preview:-1"},"canonical":"https:\/\/www.naturparkmagazin.de\/vdn\/druckfrisch-naturparke-fotokalender-2016\/","og_locale":"de_DE","og_type":"article","og_title":"\u201eDruckfrisch\u201c - Naturparke-Fotokalender 2016","og_description":"In Kooperation mit dem Verband Deutscher Naturparke hat der DuMont Kalenderverlag aus K\u00f6ln auch f\u00fcr 2016 einen Fotokalender mit Landschaftsmotiven aus deutschen Naturparken produziert.","og_url":"https:\/\/www.naturparkmagazin.de\/vdn\/druckfrisch-naturparke-fotokalender-2016\/","og_site_name":"Verband Deutscher Naturparke","article_published_time":"2015-06-16T08:41:05+00:00","article_modified_time":"2015-06-17T13:00:46+00:00","og_image":[{"width":200,"height":200,"url":"https:\/\/www.naturparkmagazin.de\/vdn\/wp-content\/uploads\/sites\/3\/Titelbild-Kalender-DuMont-2016-200-200.jpg","type":"image\/jpeg"}],"author":"beatrixlosem","twitter_misc":{"Verfasst von":"beatrixlosem","Gesch\u00e4tzte Lesezeit":"1\u00a0Minute"},"schema":{"@context":"https:\/\/schema.org","@graph":[{"@type":"WebPage","@id":"https:\/\/www.naturparkmagazin.de\/vdn\/druckfrisch-naturparke-fotokalender-2016\/","url":"https:\/\/www.naturparkmagazin.de\/vdn\/druckfrisch-naturparke-fotokalender-2016\/","name":"\u201eDruckfrisch\u201c - Naturparke-Fotokalender 2016","isPartOf":{"@id":"https:\/\/www.naturparkmagazin.de\/vdn\/#website"},"datePublished":"2015-06-16T08:41:05+00:00","dateModified":"2015-06-17T13:00:46+00:00","author":{"@id":"https:\/\/www.naturparkmagazin.de\/vdn\/#\/schema\/person\/d71357578c318b6db03be60b1f60396b"},"description":"In Kooperation mit dem Verband Deutscher Naturparke hat der DuMont Kalenderverlag aus K\u00f6ln auch f\u00fcr 2016 einen Fotokalender mit Landschaftsmotiven aus deutschen Naturparken produziert.","breadcrumb":{"@id":"https:\/\/www.naturparkmagazin.de\/vdn\/druckfrisch-naturparke-fotokalender-2016\/#breadcrumb"},"inLanguage":"de","potentialAction":[{"@type":"ReadAction","target":["https:\/\/www.naturparkmagazin.de\/vdn\/druckfrisch-naturparke-fotokalender-2016\/"]}]},{"@type":"BreadcrumbList","@id":"https:\/\/www.naturparkmagazin.de\/vdn\/druckfrisch-naturparke-fotokalender-2016\/#breadcrumb","itemListElement":[{"@type":"ListItem","position":1,"name":"Home","item":"https:\/\/www.naturparkmagazin.de\/vdn\/"},{"@type":"ListItem","position":2,"name":"\u201eDruckfrisch\u201c &#8211; Naturparke-Fotokalender 2016"}]},{"@type":"WebSite","@id":"https:\/\/www.naturparkmagazin.de\/vdn\/#website","url":"https:\/\/www.naturparkmagazin.de\/vdn\/","name":"Verband Deutscher Naturparke","description":"Eine weitere Naturparkmagazin.de Netzwerk Seite","potentialAction":[{"@type":"SearchAction","target":{"@type":"EntryPoint","urlTemplate":"https:\/\/www.naturparkmagazin.de\/vdn\/?s={search_term_string}"},"query-input":"required name=search_term_string"}],"inLanguage":"de"},{"@type":"Person","@id":"https:\/\/www.naturparkmagazin.de\/vdn\/#\/schema\/person\/d71357578c318b6db03be60b1f60396b","name":"beatrixlosem","url":"https:\/\/www.naturparkmagazin.de\/vdn\/author\/beatrixlosem\/"}]}},"_links":{"self":[{"href":"https:\/\/www.naturparkmagazin.de\/vdn\/wp-json\/wp\/v2\/posts\/5562"}],"collection":[{"href":"https:\/\/www.naturparkmagazin.de\/vdn\/wp-json\/wp\/v2\/posts"}],"about":[{"href":"https:\/\/www.naturparkmagazin.de\/vdn\/wp-json\/wp\/v2\/types\/post"}],"author":[{"embeddable":true,"href":"https:\/\/www.naturparkmagazin.de\/vdn\/wp-json\/wp\/v2\/users\/51"}],"replies":[{"embeddable":true,"href":"https:\/\/www.naturparkmagazin.de\/vdn\/wp-json\/wp\/v2\/comments?post=5562"}],"version-history":[{"count":3,"href":"https:\/\/www.naturparkmagazin.de\/vdn\/wp-json\/wp\/v2\/posts\/5562\/revisions"}],"predecessor-version":[{"id":5628,"href":"https:\/\/www.naturparkmagazin.de\/vdn\/wp-json\/wp\/v2\/posts\/5562\/revisions\/5628"}],"wp:featuredmedia":[{"embeddable":true,"href":"https:\/\/www.naturparkmagazin.de\/vdn\/wp-json\/wp\/v2\/media\/5565"}],"wp:attachment":[{"href":"https:\/\/www.naturparkmagazin.de\/vdn\/wp-json\/wp\/v2\/media?parent=5562"}],"wp:term":[{"taxonomy":"category","embeddable":true,"href":"https:\/\/www.naturparkmagazin.de\/vdn\/wp-json\/wp\/v2\/categories?post=5562"},{"taxonomy":"post_tag","embeddable":true,"href":"https:\/\/www.naturparkmagazin.de\/vdn\/wp-json\/wp\/v2\/tags?post=5562"}],"curies":[{"name":"wp","href":"https:\/\/api.w.org\/{rel}","templated":true}]}}