{"id":5582,"date":"2015-06-16T11:30:37","date_gmt":"2015-06-16T09:30:37","guid":{"rendered":"http:\/\/www.naturparkmagazin.de\/vdn\/?p=5582"},"modified":"2015-06-16T11:34:41","modified_gmt":"2015-06-16T09:34:41","slug":"kalte-steinlandschaft","status":"publish","type":"post","link":"https:\/\/www.naturparkmagazin.de\/vdn\/kalte-steinlandschaft\/","title":{"rendered":"&#8222;Kalte Steinlandschaft&#8220;"},"content":{"rendered":"<div id=\"attachment_5583\" style=\"width: 510px\" class=\"wp-caption aligncenter\"><a href=\"https:\/\/www.naturparkmagazin.de\/vdn\/wp-content\/uploads\/sites\/3\/nagelfluhkette_beitrag.jpg\"><img aria-describedby=\"caption-attachment-5583\" decoding=\"async\" loading=\"lazy\" class=\"size-full wp-image-5583\" src=\"https:\/\/www.naturparkmagazin.de\/vdn\/wp-content\/uploads\/sites\/3\/nagelfluhkette_beitrag.jpg\" alt=\"Copyright: VDN\/Johannes Brenner\" width=\"500\" height=\"300\" srcset=\"https:\/\/www.naturparkmagazin.de\/vdn\/wp-content\/uploads\/sites\/3\/nagelfluhkette_beitrag.jpg 500w, https:\/\/www.naturparkmagazin.de\/vdn\/wp-content\/uploads\/sites\/3\/nagelfluhkette_beitrag-300x180.jpg 300w, https:\/\/www.naturparkmagazin.de\/vdn\/wp-content\/uploads\/sites\/3\/nagelfluhkette_beitrag-200x120.jpg 200w\" sizes=\"(max-width: 500px) 100vw, 500px\" \/><\/a><p id=\"caption-attachment-5583\" class=\"wp-caption-text\">Copyright: VDN\/Johannes Brenner<\/p><\/div>\n<p>Aufnahmen aus Hochgebirgsregionen sind im Fotoportal naturgem\u00e4\u00df selten, was darauf zur\u00fcckzuf\u00fchren ist, dass der Naturpark Nagelfluhkette der bislang einzige innerhalb des Alpenraumes ist. Laut Jury vermittelt die &#8222;Kalte Steinlandschaft&#8220; von Johannes Brenner in unserem Foto des Monats \u201ein \u00fcberzeugender Weise die mitunter extremen klimatischen Bedingungen oberhalb von 1500m. Die Dramatik der Szenerie erw\u00e4chst aus dem niedrigen Wolkenstand, der einen Teil der kargen Landschaft verh\u00fcllt und dem Betrachter so Raum f\u00fcr eigene Projektionen bietet.\u201c Dies brachte der Aufnahme den Monatssieg Mai im Fotowettbewerb \u201eAugenblick Natur!\u201c ein.<\/p>\n<p>Weitere Informatonen zum Fotowettbewerb &#8222;Augenblick Natur!&#8220; finden Sie <a href=\"http:\/\/www.naturparkfotos.de\/contests\/44\/rating\" target=\"_blank\">hier<\/a><\/p>\n","protected":false},"excerpt":{"rendered":"<p>&#8222;Kalte Steinlandschaft&#8220; von Johannes Brenner vermittelt in unserem Foto des Monats \u00fcberzeugend die mitunter extremen klimatischen Bedingungen im Naturpark Nagelfluhkette.<\/p>\n","protected":false},"author":14,"featured_media":5584,"comment_status":"open","ping_status":"open","sticky":false,"template":"","format":"standard","meta":{"_links_to":"","_links_to_target":""},"categories":[10],"tags":[],"yoast_head":"<!-- This site is optimized with the Yoast SEO plugin v19.10 - https:\/\/yoast.com\/wordpress\/plugins\/seo\/ -->\n<title>&quot;Kalte Steinlandschaft&quot;<\/title>\n<meta name=\"description\" content=\"&quot;Kalte Steinlandschaft&quot; von Johannes Brenner vermittelt in unserem Foto des Monats \u00fcberzeugend die mitunter extremen klimatischen Bedingungen im Naturpark Nagelfluhkette.\" \/>\n<meta name=\"robots\" content=\"index, follow, max-snippet:-1, max-image-preview:large, max-video-preview:-1\" \/>\n<link rel=\"canonical\" href=\"https:\/\/www.naturparkmagazin.de\/vdn\/kalte-steinlandschaft\/\" \/>\n<meta property=\"og:locale\" content=\"de_DE\" \/>\n<meta property=\"og:type\" content=\"article\" \/>\n<meta property=\"og:title\" content=\"&quot;Kalte Steinlandschaft&quot;\" \/>\n<meta property=\"og:description\" content=\"&quot;Kalte Steinlandschaft&quot; von Johannes Brenner vermittelt in unserem Foto des Monats \u00fcberzeugend die mitunter extremen klimatischen Bedingungen im Naturpark Nagelfluhkette.\" \/>\n<meta property=\"og:url\" content=\"https:\/\/www.naturparkmagazin.de\/vdn\/kalte-steinlandschaft\/\" \/>\n<meta property=\"og:site_name\" content=\"Verband Deutscher Naturparke\" \/>\n<meta property=\"article:published_time\" content=\"2015-06-16T09:30:37+00:00\" \/>\n<meta property=\"article:modified_time\" content=\"2015-06-16T09:34:41+00:00\" \/>\n<meta property=\"og:image\" content=\"https:\/\/www.naturparkmagazin.de\/vdn\/wp-content\/uploads\/sites\/3\/nagelfluhkette_beitragsbild.jpg\" \/>\n\t<meta property=\"og:image:width\" content=\"200\" \/>\n\t<meta property=\"og:image:height\" content=\"200\" \/>\n\t<meta property=\"og:image:type\" content=\"image\/jpeg\" \/>\n<meta name=\"author\" content=\"vdnnational\" \/>\n<meta name=\"twitter:label1\" content=\"Verfasst von\" \/>\n\t<meta name=\"twitter:data1\" content=\"vdnnational\" \/>\n\t<meta name=\"twitter:label2\" content=\"Gesch\u00e4tzte Lesezeit\" \/>\n\t<meta name=\"twitter:data2\" content=\"1\u00a0Minute\" \/>\n<script type=\"application\/ld+json\" class=\"yoast-schema-graph\">{\"@context\":\"https:\/\/schema.org\",\"@graph\":[{\"@type\":\"WebPage\",\"@id\":\"https:\/\/www.naturparkmagazin.de\/vdn\/kalte-steinlandschaft\/\",\"url\":\"https:\/\/www.naturparkmagazin.de\/vdn\/kalte-steinlandschaft\/\",\"name\":\"\\\"Kalte Steinlandschaft\\\"\",\"isPartOf\":{\"@id\":\"https:\/\/www.naturparkmagazin.de\/vdn\/#website\"},\"datePublished\":\"2015-06-16T09:30:37+00:00\",\"dateModified\":\"2015-06-16T09:34:41+00:00\",\"author\":{\"@id\":\"https:\/\/www.naturparkmagazin.de\/vdn\/#\/schema\/person\/e28d931df83318a48d52ae72b08d2bfb\"},\"description\":\"\\\"Kalte Steinlandschaft\\\" von Johannes Brenner vermittelt in unserem Foto des Monats \u00fcberzeugend die mitunter extremen klimatischen Bedingungen im Naturpark Nagelfluhkette.\",\"breadcrumb\":{\"@id\":\"https:\/\/www.naturparkmagazin.de\/vdn\/kalte-steinlandschaft\/#breadcrumb\"},\"inLanguage\":\"de\",\"potentialAction\":[{\"@type\":\"ReadAction\",\"target\":[\"https:\/\/www.naturparkmagazin.de\/vdn\/kalte-steinlandschaft\/\"]}]},{\"@type\":\"BreadcrumbList\",\"@id\":\"https:\/\/www.naturparkmagazin.de\/vdn\/kalte-steinlandschaft\/#breadcrumb\",\"itemListElement\":[{\"@type\":\"ListItem\",\"position\":1,\"name\":\"Home\",\"item\":\"https:\/\/www.naturparkmagazin.de\/vdn\/\"},{\"@type\":\"ListItem\",\"position\":2,\"name\":\"&#8222;Kalte Steinlandschaft&#8220;\"}]},{\"@type\":\"WebSite\",\"@id\":\"https:\/\/www.naturparkmagazin.de\/vdn\/#website\",\"url\":\"https:\/\/www.naturparkmagazin.de\/vdn\/\",\"name\":\"Verband Deutscher Naturparke\",\"description\":\"Eine weitere Naturparkmagazin.de Netzwerk Seite\",\"potentialAction\":[{\"@type\":\"SearchAction\",\"target\":{\"@type\":\"EntryPoint\",\"urlTemplate\":\"https:\/\/www.naturparkmagazin.de\/vdn\/?s={search_term_string}\"},\"query-input\":\"required name=search_term_string\"}],\"inLanguage\":\"de\"},{\"@type\":\"Person\",\"@id\":\"https:\/\/www.naturparkmagazin.de\/vdn\/#\/schema\/person\/e28d931df83318a48d52ae72b08d2bfb\",\"name\":\"vdnnational\",\"url\":\"https:\/\/www.naturparkmagazin.de\/vdn\/author\/vdnnational\/\"}]}<\/script>\n<!-- \/ Yoast SEO plugin. -->","yoast_head_json":{"title":"\"Kalte Steinlandschaft\"","description":"\"Kalte Steinlandschaft\" von Johannes Brenner vermittelt in unserem Foto des Monats \u00fcberzeugend die mitunter extremen klimatischen Bedingungen im Naturpark Nagelfluhkette.","robots":{"index":"index","follow":"follow","max-snippet":"max-snippet:-1","max-image-preview":"max-image-preview:large","max-video-preview":"max-video-preview:-1"},"canonical":"https:\/\/www.naturparkmagazin.de\/vdn\/kalte-steinlandschaft\/","og_locale":"de_DE","og_type":"article","og_title":"\"Kalte Steinlandschaft\"","og_description":"\"Kalte Steinlandschaft\" von Johannes Brenner vermittelt in unserem Foto des Monats \u00fcberzeugend die mitunter extremen klimatischen Bedingungen im Naturpark Nagelfluhkette.","og_url":"https:\/\/www.naturparkmagazin.de\/vdn\/kalte-steinlandschaft\/","og_site_name":"Verband Deutscher Naturparke","article_published_time":"2015-06-16T09:30:37+00:00","article_modified_time":"2015-06-16T09:34:41+00:00","og_image":[{"width":200,"height":200,"url":"https:\/\/www.naturparkmagazin.de\/vdn\/wp-content\/uploads\/sites\/3\/nagelfluhkette_beitragsbild.jpg","type":"image\/jpeg"}],"author":"vdnnational","twitter_misc":{"Verfasst von":"vdnnational","Gesch\u00e4tzte Lesezeit":"1\u00a0Minute"},"schema":{"@context":"https:\/\/schema.org","@graph":[{"@type":"WebPage","@id":"https:\/\/www.naturparkmagazin.de\/vdn\/kalte-steinlandschaft\/","url":"https:\/\/www.naturparkmagazin.de\/vdn\/kalte-steinlandschaft\/","name":"\"Kalte Steinlandschaft\"","isPartOf":{"@id":"https:\/\/www.naturparkmagazin.de\/vdn\/#website"},"datePublished":"2015-06-16T09:30:37+00:00","dateModified":"2015-06-16T09:34:41+00:00","author":{"@id":"https:\/\/www.naturparkmagazin.de\/vdn\/#\/schema\/person\/e28d931df83318a48d52ae72b08d2bfb"},"description":"\"Kalte Steinlandschaft\" von Johannes Brenner vermittelt in unserem Foto des Monats \u00fcberzeugend die mitunter extremen klimatischen Bedingungen im Naturpark Nagelfluhkette.","breadcrumb":{"@id":"https:\/\/www.naturparkmagazin.de\/vdn\/kalte-steinlandschaft\/#breadcrumb"},"inLanguage":"de","potentialAction":[{"@type":"ReadAction","target":["https:\/\/www.naturparkmagazin.de\/vdn\/kalte-steinlandschaft\/"]}]},{"@type":"BreadcrumbList","@id":"https:\/\/www.naturparkmagazin.de\/vdn\/kalte-steinlandschaft\/#breadcrumb","itemListElement":[{"@type":"ListItem","position":1,"name":"Home","item":"https:\/\/www.naturparkmagazin.de\/vdn\/"},{"@type":"ListItem","position":2,"name":"&#8222;Kalte Steinlandschaft&#8220;"}]},{"@type":"WebSite","@id":"https:\/\/www.naturparkmagazin.de\/vdn\/#website","url":"https:\/\/www.naturparkmagazin.de\/vdn\/","name":"Verband Deutscher Naturparke","description":"Eine weitere Naturparkmagazin.de Netzwerk Seite","potentialAction":[{"@type":"SearchAction","target":{"@type":"EntryPoint","urlTemplate":"https:\/\/www.naturparkmagazin.de\/vdn\/?s={search_term_string}"},"query-input":"required name=search_term_string"}],"inLanguage":"de"},{"@type":"Person","@id":"https:\/\/www.naturparkmagazin.de\/vdn\/#\/schema\/person\/e28d931df83318a48d52ae72b08d2bfb","name":"vdnnational","url":"https:\/\/www.naturparkmagazin.de\/vdn\/author\/vdnnational\/"}]}},"_links":{"self":[{"href":"https:\/\/www.naturparkmagazin.de\/vdn\/wp-json\/wp\/v2\/posts\/5582"}],"collection":[{"href":"https:\/\/www.naturparkmagazin.de\/vdn\/wp-json\/wp\/v2\/posts"}],"about":[{"href":"https:\/\/www.naturparkmagazin.de\/vdn\/wp-json\/wp\/v2\/types\/post"}],"author":[{"embeddable":true,"href":"https:\/\/www.naturparkmagazin.de\/vdn\/wp-json\/wp\/v2\/users\/14"}],"replies":[{"embeddable":true,"href":"https:\/\/www.naturparkmagazin.de\/vdn\/wp-json\/wp\/v2\/comments?post=5582"}],"version-history":[{"count":3,"href":"https:\/\/www.naturparkmagazin.de\/vdn\/wp-json\/wp\/v2\/posts\/5582\/revisions"}],"predecessor-version":[{"id":5587,"href":"https:\/\/www.naturparkmagazin.de\/vdn\/wp-json\/wp\/v2\/posts\/5582\/revisions\/5587"}],"wp:featuredmedia":[{"embeddable":true,"href":"https:\/\/www.naturparkmagazin.de\/vdn\/wp-json\/wp\/v2\/media\/5584"}],"wp:attachment":[{"href":"https:\/\/www.naturparkmagazin.de\/vdn\/wp-json\/wp\/v2\/media?parent=5582"}],"wp:term":[{"taxonomy":"category","embeddable":true,"href":"https:\/\/www.naturparkmagazin.de\/vdn\/wp-json\/wp\/v2\/categories?post=5582"},{"taxonomy":"post_tag","embeddable":true,"href":"https:\/\/www.naturparkmagazin.de\/vdn\/wp-json\/wp\/v2\/tags?post=5582"}],"curies":[{"name":"wp","href":"https:\/\/api.w.org\/{rel}","templated":true}]}}