{"id":5589,"date":"2015-06-16T11:38:13","date_gmt":"2015-06-16T09:38:13","guid":{"rendered":"http:\/\/www.naturparkmagazin.de\/vdn\/?p=5589"},"modified":"2015-06-16T11:43:06","modified_gmt":"2015-06-16T09:43:06","slug":"holunderbluetenessig-aus-dem-naturpark-altmuehltal","status":"publish","type":"post","link":"https:\/\/www.naturparkmagazin.de\/vdn\/holunderbluetenessig-aus-dem-naturpark-altmuehltal\/","title":{"rendered":"Holunderbl\u00fctenessig aus dem Naturpark Altm\u00fchltal"},"content":{"rendered":"<div id=\"attachment_5592\" style=\"width: 510px\" class=\"wp-caption aligncenter\"><a href=\"https:\/\/www.naturparkmagazin.de\/vdn\/wp-content\/uploads\/sites\/3\/Holunder_beitrag.jpg\"><img aria-describedby=\"caption-attachment-5592\" decoding=\"async\" loading=\"lazy\" class=\"size-full wp-image-5592\" src=\"https:\/\/www.naturparkmagazin.de\/vdn\/wp-content\/uploads\/sites\/3\/Holunder_beitrag.jpg\" alt=\"Copyright: Naturgenuss GmbH\" width=\"500\" height=\"500\" srcset=\"https:\/\/www.naturparkmagazin.de\/vdn\/wp-content\/uploads\/sites\/3\/Holunder_beitrag.jpg 500w, https:\/\/www.naturparkmagazin.de\/vdn\/wp-content\/uploads\/sites\/3\/Holunder_beitrag-300x300.jpg 300w, https:\/\/www.naturparkmagazin.de\/vdn\/wp-content\/uploads\/sites\/3\/Holunder_beitrag-200x200.jpg 200w, https:\/\/www.naturparkmagazin.de\/vdn\/wp-content\/uploads\/sites\/3\/Holunder_beitrag-30x30.jpg 30w\" sizes=\"(max-width: 500px) 100vw, 500px\" \/><\/a><p id=\"caption-attachment-5592\" class=\"wp-caption-text\">Copyright: Naturgenuss GmbH<\/p><\/div>\n<p>Produkt des Monats im Juli ist Holunderbl\u00fctenessig aus dem Naturpark Altm\u00fchltal. Dieser schmackhafte Essig passt besonders gut zu Sommersalaten!<\/p>\n<p>Er wird produziert von der Anbaugemeinschaft Frankenholunder, eine Kooperation von mehreren Landwirten aus dem fr\u00e4nkischen Seenland und dem Schwabachtal. Ziel und Zweck ihrer Gemeinschaft ist die Kultivierung und der naturnahe Anbau des heimischen &#8222;Schwarzen Holunders&#8220;.<\/p>\n<p>Den Holunderbl\u00fctenessig aus dem Naturpark Altm\u00fchltal sowie viele weitere Spezialit\u00e4ten aus Naturparken k\u00f6nnen Sie im <a href=\"http:\/\/www.naturpark-spezialitaeten.de\" target=\"_blank\">Naturpark-Spezialit\u00e4ten-Shop<\/a> bestellen.<\/p>\n","protected":false},"excerpt":{"rendered":"<p>Produkt des Monats im Juli ist Holunderbl\u00fctenessig aus dem Naturpark Altm\u00fchltal. Dieser schmackhafte Essig passt besonders gut zu Sommersalaten!<\/p>\n","protected":false},"author":14,"featured_media":5593,"comment_status":"open","ping_status":"open","sticky":false,"template":"","format":"standard","meta":{"_links_to":"","_links_to_target":""},"categories":[13],"tags":[],"yoast_head":"<!-- This site is optimized with the Yoast SEO plugin v19.10 - https:\/\/yoast.com\/wordpress\/plugins\/seo\/ -->\n<title>Holunderbl\u00fctenessig aus dem Naturpark Altm\u00fchltal<\/title>\n<meta name=\"description\" content=\"Produkt des Monats im Juli ist Holunderbl\u00fctenessig aus dem Naturpark Altm\u00fchltal. Dieser schmackhafte Essig passt besonders gut zu Sommersalaten!\" \/>\n<meta name=\"robots\" content=\"index, follow, max-snippet:-1, max-image-preview:large, max-video-preview:-1\" \/>\n<link rel=\"canonical\" href=\"https:\/\/www.naturparkmagazin.de\/vdn\/holunderbluetenessig-aus-dem-naturpark-altmuehltal\/\" \/>\n<meta property=\"og:locale\" content=\"de_DE\" \/>\n<meta property=\"og:type\" content=\"article\" \/>\n<meta property=\"og:title\" content=\"Holunderbl\u00fctenessig aus dem Naturpark Altm\u00fchltal\" \/>\n<meta property=\"og:description\" content=\"Produkt des Monats im Juli ist Holunderbl\u00fctenessig aus dem Naturpark Altm\u00fchltal. Dieser schmackhafte Essig passt besonders gut zu Sommersalaten!\" \/>\n<meta property=\"og:url\" content=\"https:\/\/www.naturparkmagazin.de\/vdn\/holunderbluetenessig-aus-dem-naturpark-altmuehltal\/\" \/>\n<meta property=\"og:site_name\" content=\"Verband Deutscher Naturparke\" \/>\n<meta property=\"article:published_time\" content=\"2015-06-16T09:38:13+00:00\" \/>\n<meta property=\"article:modified_time\" content=\"2015-06-16T09:43:06+00:00\" \/>\n<meta property=\"og:image\" content=\"https:\/\/www.naturparkmagazin.de\/vdn\/wp-content\/uploads\/sites\/3\/Holunder_beitragsbild.jpg\" \/>\n\t<meta property=\"og:image:width\" content=\"200\" \/>\n\t<meta property=\"og:image:height\" content=\"200\" \/>\n\t<meta property=\"og:image:type\" content=\"image\/jpeg\" \/>\n<meta name=\"author\" content=\"vdnnational\" \/>\n<meta name=\"twitter:label1\" content=\"Verfasst von\" \/>\n\t<meta name=\"twitter:data1\" content=\"vdnnational\" \/>\n<script type=\"application\/ld+json\" class=\"yoast-schema-graph\">{\"@context\":\"https:\/\/schema.org\",\"@graph\":[{\"@type\":\"WebPage\",\"@id\":\"https:\/\/www.naturparkmagazin.de\/vdn\/holunderbluetenessig-aus-dem-naturpark-altmuehltal\/\",\"url\":\"https:\/\/www.naturparkmagazin.de\/vdn\/holunderbluetenessig-aus-dem-naturpark-altmuehltal\/\",\"name\":\"Holunderbl\u00fctenessig aus dem Naturpark Altm\u00fchltal\",\"isPartOf\":{\"@id\":\"https:\/\/www.naturparkmagazin.de\/vdn\/#website\"},\"datePublished\":\"2015-06-16T09:38:13+00:00\",\"dateModified\":\"2015-06-16T09:43:06+00:00\",\"author\":{\"@id\":\"https:\/\/www.naturparkmagazin.de\/vdn\/#\/schema\/person\/e28d931df83318a48d52ae72b08d2bfb\"},\"description\":\"Produkt des Monats im Juli ist Holunderbl\u00fctenessig aus dem Naturpark Altm\u00fchltal. Dieser schmackhafte Essig passt besonders gut zu Sommersalaten!\",\"breadcrumb\":{\"@id\":\"https:\/\/www.naturparkmagazin.de\/vdn\/holunderbluetenessig-aus-dem-naturpark-altmuehltal\/#breadcrumb\"},\"inLanguage\":\"de\",\"potentialAction\":[{\"@type\":\"ReadAction\",\"target\":[\"https:\/\/www.naturparkmagazin.de\/vdn\/holunderbluetenessig-aus-dem-naturpark-altmuehltal\/\"]}]},{\"@type\":\"BreadcrumbList\",\"@id\":\"https:\/\/www.naturparkmagazin.de\/vdn\/holunderbluetenessig-aus-dem-naturpark-altmuehltal\/#breadcrumb\",\"itemListElement\":[{\"@type\":\"ListItem\",\"position\":1,\"name\":\"Home\",\"item\":\"https:\/\/www.naturparkmagazin.de\/vdn\/\"},{\"@type\":\"ListItem\",\"position\":2,\"name\":\"Holunderbl\u00fctenessig aus dem Naturpark Altm\u00fchltal\"}]},{\"@type\":\"WebSite\",\"@id\":\"https:\/\/www.naturparkmagazin.de\/vdn\/#website\",\"url\":\"https:\/\/www.naturparkmagazin.de\/vdn\/\",\"name\":\"Verband Deutscher Naturparke\",\"description\":\"Eine weitere Naturparkmagazin.de Netzwerk Seite\",\"potentialAction\":[{\"@type\":\"SearchAction\",\"target\":{\"@type\":\"EntryPoint\",\"urlTemplate\":\"https:\/\/www.naturparkmagazin.de\/vdn\/?s={search_term_string}\"},\"query-input\":\"required name=search_term_string\"}],\"inLanguage\":\"de\"},{\"@type\":\"Person\",\"@id\":\"https:\/\/www.naturparkmagazin.de\/vdn\/#\/schema\/person\/e28d931df83318a48d52ae72b08d2bfb\",\"name\":\"vdnnational\",\"url\":\"https:\/\/www.naturparkmagazin.de\/vdn\/author\/vdnnational\/\"}]}<\/script>\n<!-- \/ Yoast SEO plugin. -->","yoast_head_json":{"title":"Holunderbl\u00fctenessig aus dem Naturpark Altm\u00fchltal","description":"Produkt des Monats im Juli ist Holunderbl\u00fctenessig aus dem Naturpark Altm\u00fchltal. Dieser schmackhafte Essig passt besonders gut zu Sommersalaten!","robots":{"index":"index","follow":"follow","max-snippet":"max-snippet:-1","max-image-preview":"max-image-preview:large","max-video-preview":"max-video-preview:-1"},"canonical":"https:\/\/www.naturparkmagazin.de\/vdn\/holunderbluetenessig-aus-dem-naturpark-altmuehltal\/","og_locale":"de_DE","og_type":"article","og_title":"Holunderbl\u00fctenessig aus dem Naturpark Altm\u00fchltal","og_description":"Produkt des Monats im Juli ist Holunderbl\u00fctenessig aus dem Naturpark Altm\u00fchltal. Dieser schmackhafte Essig passt besonders gut zu Sommersalaten!","og_url":"https:\/\/www.naturparkmagazin.de\/vdn\/holunderbluetenessig-aus-dem-naturpark-altmuehltal\/","og_site_name":"Verband Deutscher Naturparke","article_published_time":"2015-06-16T09:38:13+00:00","article_modified_time":"2015-06-16T09:43:06+00:00","og_image":[{"width":200,"height":200,"url":"https:\/\/www.naturparkmagazin.de\/vdn\/wp-content\/uploads\/sites\/3\/Holunder_beitragsbild.jpg","type":"image\/jpeg"}],"author":"vdnnational","twitter_misc":{"Verfasst von":"vdnnational"},"schema":{"@context":"https:\/\/schema.org","@graph":[{"@type":"WebPage","@id":"https:\/\/www.naturparkmagazin.de\/vdn\/holunderbluetenessig-aus-dem-naturpark-altmuehltal\/","url":"https:\/\/www.naturparkmagazin.de\/vdn\/holunderbluetenessig-aus-dem-naturpark-altmuehltal\/","name":"Holunderbl\u00fctenessig aus dem Naturpark Altm\u00fchltal","isPartOf":{"@id":"https:\/\/www.naturparkmagazin.de\/vdn\/#website"},"datePublished":"2015-06-16T09:38:13+00:00","dateModified":"2015-06-16T09:43:06+00:00","author":{"@id":"https:\/\/www.naturparkmagazin.de\/vdn\/#\/schema\/person\/e28d931df83318a48d52ae72b08d2bfb"},"description":"Produkt des Monats im Juli ist Holunderbl\u00fctenessig aus dem Naturpark Altm\u00fchltal. Dieser schmackhafte Essig passt besonders gut zu Sommersalaten!","breadcrumb":{"@id":"https:\/\/www.naturparkmagazin.de\/vdn\/holunderbluetenessig-aus-dem-naturpark-altmuehltal\/#breadcrumb"},"inLanguage":"de","potentialAction":[{"@type":"ReadAction","target":["https:\/\/www.naturparkmagazin.de\/vdn\/holunderbluetenessig-aus-dem-naturpark-altmuehltal\/"]}]},{"@type":"BreadcrumbList","@id":"https:\/\/www.naturparkmagazin.de\/vdn\/holunderbluetenessig-aus-dem-naturpark-altmuehltal\/#breadcrumb","itemListElement":[{"@type":"ListItem","position":1,"name":"Home","item":"https:\/\/www.naturparkmagazin.de\/vdn\/"},{"@type":"ListItem","position":2,"name":"Holunderbl\u00fctenessig aus dem Naturpark Altm\u00fchltal"}]},{"@type":"WebSite","@id":"https:\/\/www.naturparkmagazin.de\/vdn\/#website","url":"https:\/\/www.naturparkmagazin.de\/vdn\/","name":"Verband Deutscher Naturparke","description":"Eine weitere Naturparkmagazin.de Netzwerk Seite","potentialAction":[{"@type":"SearchAction","target":{"@type":"EntryPoint","urlTemplate":"https:\/\/www.naturparkmagazin.de\/vdn\/?s={search_term_string}"},"query-input":"required name=search_term_string"}],"inLanguage":"de"},{"@type":"Person","@id":"https:\/\/www.naturparkmagazin.de\/vdn\/#\/schema\/person\/e28d931df83318a48d52ae72b08d2bfb","name":"vdnnational","url":"https:\/\/www.naturparkmagazin.de\/vdn\/author\/vdnnational\/"}]}},"_links":{"self":[{"href":"https:\/\/www.naturparkmagazin.de\/vdn\/wp-json\/wp\/v2\/posts\/5589"}],"collection":[{"href":"https:\/\/www.naturparkmagazin.de\/vdn\/wp-json\/wp\/v2\/posts"}],"about":[{"href":"https:\/\/www.naturparkmagazin.de\/vdn\/wp-json\/wp\/v2\/types\/post"}],"author":[{"embeddable":true,"href":"https:\/\/www.naturparkmagazin.de\/vdn\/wp-json\/wp\/v2\/users\/14"}],"replies":[{"embeddable":true,"href":"https:\/\/www.naturparkmagazin.de\/vdn\/wp-json\/wp\/v2\/comments?post=5589"}],"version-history":[{"count":3,"href":"https:\/\/www.naturparkmagazin.de\/vdn\/wp-json\/wp\/v2\/posts\/5589\/revisions"}],"predecessor-version":[{"id":5594,"href":"https:\/\/www.naturparkmagazin.de\/vdn\/wp-json\/wp\/v2\/posts\/5589\/revisions\/5594"}],"wp:featuredmedia":[{"embeddable":true,"href":"https:\/\/www.naturparkmagazin.de\/vdn\/wp-json\/wp\/v2\/media\/5593"}],"wp:attachment":[{"href":"https:\/\/www.naturparkmagazin.de\/vdn\/wp-json\/wp\/v2\/media?parent=5589"}],"wp:term":[{"taxonomy":"category","embeddable":true,"href":"https:\/\/www.naturparkmagazin.de\/vdn\/wp-json\/wp\/v2\/categories?post=5589"},{"taxonomy":"post_tag","embeddable":true,"href":"https:\/\/www.naturparkmagazin.de\/vdn\/wp-json\/wp\/v2\/tags?post=5589"}],"curies":[{"name":"wp","href":"https:\/\/api.w.org\/{rel}","templated":true}]}}