{"id":5624,"date":"2015-06-16T13:23:59","date_gmt":"2015-06-16T11:23:59","guid":{"rendered":"http:\/\/www.naturparkmagazin.de\/vdn\/?p=5624"},"modified":"2015-06-17T13:24:55","modified_gmt":"2015-06-17T11:24:55","slug":"liebe-leserin-lieber-leser-23","status":"publish","type":"post","link":"https:\/\/www.naturparkmagazin.de\/vdn\/liebe-leserin-lieber-leser-23\/","title":{"rendered":"Liebe Leserin, lieber Leser,"},"content":{"rendered":"<p>wer an Schmetterlinge denkt, denkt an den Sommer. Ihre Vielfalt an Farben und Formen hat seit jeher die Menschen fasziniert. Mit ihrer wundersamen Entwicklung vom winzigen Ei zur kriechenden Raupe bis hin zur Verpuppung, aus der sich ein zarter farbenpr\u00e4chtiger Schmetterling entfaltet, gelten sie auch als Symbole f\u00fcr Seele und Wiedergeburt. Schmetterlinge sind nicht nur spannend zu beobachten, sie sind auch ein Indikator f\u00fcr intakte Lebensr\u00e4ume. Auf speziellen Themenwegen und Wanderungen zeigen Naturparke, welche Bedeutung Schmetterlinge f\u00fcr ihre Lebensgemeinschaften haben. Lesen Sie mehr hierzu sowie zu weiteren Themen, Veranstaltungsterminen und Aktivit\u00e4ten in der Juli-Ausgabe unseres Newsletters.<\/p>\n<p>Viel Spa\u00df beim Lesen w\u00fcnscht Ihnen<\/p>\n<p>Ihr Naturparkteam<\/p>\n","protected":false},"excerpt":{"rendered":"<p>wer an Schmetterlinge denkt, denkt an den Sommer. Ihre Vielfalt an Farben und Formen hat seit jeher die Menschen fasziniert. Mit ihrer wundersamen Entwicklung vom winzigen Ei zur kriechenden Raupe bis hin zur Verpuppung, aus der sich ein zarter farbenpr\u00e4chtiger Schmetterling entfaltet, gelten sie auch als Symbole f\u00fcr Seele und Wiedergeburt. Schmetterlinge sind nicht nur<\/p>\n","protected":false},"author":14,"featured_media":0,"comment_status":"open","ping_status":"open","sticky":false,"template":"","format":"standard","meta":{"_links_to":"","_links_to_target":""},"categories":[52],"tags":[],"yoast_head":"<!-- This site is optimized with the Yoast SEO plugin v19.10 - https:\/\/yoast.com\/wordpress\/plugins\/seo\/ -->\n<title>Liebe Leserin, lieber Leser,<\/title>\n<meta name=\"description\" content=\"wer an Schmetterlinge denkt, denkt an den Sommer. Ihre Vielfalt an Farben und Formen hat seit jeher die Menschen fasziniert. Mit ihrer wundersamen\" \/>\n<meta name=\"robots\" content=\"index, follow, max-snippet:-1, max-image-preview:large, max-video-preview:-1\" \/>\n<link rel=\"canonical\" href=\"https:\/\/www.naturparkmagazin.de\/vdn\/liebe-leserin-lieber-leser-23\/\" \/>\n<meta property=\"og:locale\" content=\"de_DE\" \/>\n<meta property=\"og:type\" content=\"article\" \/>\n<meta property=\"og:title\" content=\"Liebe Leserin, lieber Leser,\" \/>\n<meta property=\"og:description\" content=\"wer an Schmetterlinge denkt, denkt an den Sommer. Ihre Vielfalt an Farben und Formen hat seit jeher die Menschen fasziniert. Mit ihrer wundersamen\" \/>\n<meta property=\"og:url\" content=\"https:\/\/www.naturparkmagazin.de\/vdn\/liebe-leserin-lieber-leser-23\/\" \/>\n<meta property=\"og:site_name\" content=\"Verband Deutscher Naturparke\" \/>\n<meta property=\"article:published_time\" content=\"2015-06-16T11:23:59+00:00\" \/>\n<meta property=\"article:modified_time\" content=\"2015-06-17T11:24:55+00:00\" \/>\n<meta name=\"author\" content=\"vdnnational\" \/>\n<meta name=\"twitter:label1\" content=\"Verfasst von\" \/>\n\t<meta name=\"twitter:data1\" content=\"vdnnational\" \/>\n\t<meta name=\"twitter:label2\" content=\"Gesch\u00e4tzte Lesezeit\" \/>\n\t<meta name=\"twitter:data2\" content=\"1\u00a0Minute\" \/>\n<script type=\"application\/ld+json\" class=\"yoast-schema-graph\">{\"@context\":\"https:\/\/schema.org\",\"@graph\":[{\"@type\":\"WebPage\",\"@id\":\"https:\/\/www.naturparkmagazin.de\/vdn\/liebe-leserin-lieber-leser-23\/\",\"url\":\"https:\/\/www.naturparkmagazin.de\/vdn\/liebe-leserin-lieber-leser-23\/\",\"name\":\"Liebe Leserin, lieber Leser,\",\"isPartOf\":{\"@id\":\"https:\/\/www.naturparkmagazin.de\/vdn\/#website\"},\"datePublished\":\"2015-06-16T11:23:59+00:00\",\"dateModified\":\"2015-06-17T11:24:55+00:00\",\"author\":{\"@id\":\"https:\/\/www.naturparkmagazin.de\/vdn\/#\/schema\/person\/e28d931df83318a48d52ae72b08d2bfb\"},\"description\":\"wer an Schmetterlinge denkt, denkt an den Sommer. Ihre Vielfalt an Farben und Formen hat seit jeher die Menschen fasziniert. Mit ihrer wundersamen\",\"breadcrumb\":{\"@id\":\"https:\/\/www.naturparkmagazin.de\/vdn\/liebe-leserin-lieber-leser-23\/#breadcrumb\"},\"inLanguage\":\"de\",\"potentialAction\":[{\"@type\":\"ReadAction\",\"target\":[\"https:\/\/www.naturparkmagazin.de\/vdn\/liebe-leserin-lieber-leser-23\/\"]}]},{\"@type\":\"BreadcrumbList\",\"@id\":\"https:\/\/www.naturparkmagazin.de\/vdn\/liebe-leserin-lieber-leser-23\/#breadcrumb\",\"itemListElement\":[{\"@type\":\"ListItem\",\"position\":1,\"name\":\"Home\",\"item\":\"https:\/\/www.naturparkmagazin.de\/vdn\/\"},{\"@type\":\"ListItem\",\"position\":2,\"name\":\"Liebe Leserin, lieber Leser,\"}]},{\"@type\":\"WebSite\",\"@id\":\"https:\/\/www.naturparkmagazin.de\/vdn\/#website\",\"url\":\"https:\/\/www.naturparkmagazin.de\/vdn\/\",\"name\":\"Verband Deutscher Naturparke\",\"description\":\"Eine weitere Naturparkmagazin.de Netzwerk Seite\",\"potentialAction\":[{\"@type\":\"SearchAction\",\"target\":{\"@type\":\"EntryPoint\",\"urlTemplate\":\"https:\/\/www.naturparkmagazin.de\/vdn\/?s={search_term_string}\"},\"query-input\":\"required name=search_term_string\"}],\"inLanguage\":\"de\"},{\"@type\":\"Person\",\"@id\":\"https:\/\/www.naturparkmagazin.de\/vdn\/#\/schema\/person\/e28d931df83318a48d52ae72b08d2bfb\",\"name\":\"vdnnational\",\"url\":\"https:\/\/www.naturparkmagazin.de\/vdn\/author\/vdnnational\/\"}]}<\/script>\n<!-- \/ Yoast SEO plugin. -->","yoast_head_json":{"title":"Liebe Leserin, lieber Leser,","description":"wer an Schmetterlinge denkt, denkt an den Sommer. Ihre Vielfalt an Farben und Formen hat seit jeher die Menschen fasziniert. Mit ihrer wundersamen","robots":{"index":"index","follow":"follow","max-snippet":"max-snippet:-1","max-image-preview":"max-image-preview:large","max-video-preview":"max-video-preview:-1"},"canonical":"https:\/\/www.naturparkmagazin.de\/vdn\/liebe-leserin-lieber-leser-23\/","og_locale":"de_DE","og_type":"article","og_title":"Liebe Leserin, lieber Leser,","og_description":"wer an Schmetterlinge denkt, denkt an den Sommer. Ihre Vielfalt an Farben und Formen hat seit jeher die Menschen fasziniert. Mit ihrer wundersamen","og_url":"https:\/\/www.naturparkmagazin.de\/vdn\/liebe-leserin-lieber-leser-23\/","og_site_name":"Verband Deutscher Naturparke","article_published_time":"2015-06-16T11:23:59+00:00","article_modified_time":"2015-06-17T11:24:55+00:00","author":"vdnnational","twitter_misc":{"Verfasst von":"vdnnational","Gesch\u00e4tzte Lesezeit":"1\u00a0Minute"},"schema":{"@context":"https:\/\/schema.org","@graph":[{"@type":"WebPage","@id":"https:\/\/www.naturparkmagazin.de\/vdn\/liebe-leserin-lieber-leser-23\/","url":"https:\/\/www.naturparkmagazin.de\/vdn\/liebe-leserin-lieber-leser-23\/","name":"Liebe Leserin, lieber Leser,","isPartOf":{"@id":"https:\/\/www.naturparkmagazin.de\/vdn\/#website"},"datePublished":"2015-06-16T11:23:59+00:00","dateModified":"2015-06-17T11:24:55+00:00","author":{"@id":"https:\/\/www.naturparkmagazin.de\/vdn\/#\/schema\/person\/e28d931df83318a48d52ae72b08d2bfb"},"description":"wer an Schmetterlinge denkt, denkt an den Sommer. Ihre Vielfalt an Farben und Formen hat seit jeher die Menschen fasziniert. Mit ihrer wundersamen","breadcrumb":{"@id":"https:\/\/www.naturparkmagazin.de\/vdn\/liebe-leserin-lieber-leser-23\/#breadcrumb"},"inLanguage":"de","potentialAction":[{"@type":"ReadAction","target":["https:\/\/www.naturparkmagazin.de\/vdn\/liebe-leserin-lieber-leser-23\/"]}]},{"@type":"BreadcrumbList","@id":"https:\/\/www.naturparkmagazin.de\/vdn\/liebe-leserin-lieber-leser-23\/#breadcrumb","itemListElement":[{"@type":"ListItem","position":1,"name":"Home","item":"https:\/\/www.naturparkmagazin.de\/vdn\/"},{"@type":"ListItem","position":2,"name":"Liebe Leserin, lieber Leser,"}]},{"@type":"WebSite","@id":"https:\/\/www.naturparkmagazin.de\/vdn\/#website","url":"https:\/\/www.naturparkmagazin.de\/vdn\/","name":"Verband Deutscher Naturparke","description":"Eine weitere Naturparkmagazin.de Netzwerk Seite","potentialAction":[{"@type":"SearchAction","target":{"@type":"EntryPoint","urlTemplate":"https:\/\/www.naturparkmagazin.de\/vdn\/?s={search_term_string}"},"query-input":"required name=search_term_string"}],"inLanguage":"de"},{"@type":"Person","@id":"https:\/\/www.naturparkmagazin.de\/vdn\/#\/schema\/person\/e28d931df83318a48d52ae72b08d2bfb","name":"vdnnational","url":"https:\/\/www.naturparkmagazin.de\/vdn\/author\/vdnnational\/"}]}},"_links":{"self":[{"href":"https:\/\/www.naturparkmagazin.de\/vdn\/wp-json\/wp\/v2\/posts\/5624"}],"collection":[{"href":"https:\/\/www.naturparkmagazin.de\/vdn\/wp-json\/wp\/v2\/posts"}],"about":[{"href":"https:\/\/www.naturparkmagazin.de\/vdn\/wp-json\/wp\/v2\/types\/post"}],"author":[{"embeddable":true,"href":"https:\/\/www.naturparkmagazin.de\/vdn\/wp-json\/wp\/v2\/users\/14"}],"replies":[{"embeddable":true,"href":"https:\/\/www.naturparkmagazin.de\/vdn\/wp-json\/wp\/v2\/comments?post=5624"}],"version-history":[{"count":1,"href":"https:\/\/www.naturparkmagazin.de\/vdn\/wp-json\/wp\/v2\/posts\/5624\/revisions"}],"predecessor-version":[{"id":5625,"href":"https:\/\/www.naturparkmagazin.de\/vdn\/wp-json\/wp\/v2\/posts\/5624\/revisions\/5625"}],"wp:attachment":[{"href":"https:\/\/www.naturparkmagazin.de\/vdn\/wp-json\/wp\/v2\/media?parent=5624"}],"wp:term":[{"taxonomy":"category","embeddable":true,"href":"https:\/\/www.naturparkmagazin.de\/vdn\/wp-json\/wp\/v2\/categories?post=5624"},{"taxonomy":"post_tag","embeddable":true,"href":"https:\/\/www.naturparkmagazin.de\/vdn\/wp-json\/wp\/v2\/tags?post=5624"}],"curies":[{"name":"wp","href":"https:\/\/api.w.org\/{rel}","templated":true}]}}