{"id":5640,"date":"2015-07-21T12:19:14","date_gmt":"2015-07-21T10:19:14","guid":{"rendered":"http:\/\/www.naturparkmagazin.de\/vdn\/?p=5640"},"modified":"2015-07-22T10:57:12","modified_gmt":"2015-07-22T08:57:12","slug":"wasser-ist-sein-element-naturpark-botschafter-sebastian-preuss","status":"publish","type":"post","link":"https:\/\/www.naturparkmagazin.de\/vdn\/wasser-ist-sein-element-naturpark-botschafter-sebastian-preuss\/","title":{"rendered":"Wasser ist sein Element &#8211; Naturpark-Botschafter Sebastian Preu\u00df"},"content":{"rendered":"<div id=\"attachment_5641\" style=\"width: 510px\" class=\"wp-caption aligncenter\"><a href=\"https:\/\/www.naturparkmagazin.de\/vdn\/wp-content\/uploads\/sites\/3\/Sebastian_Preuss_002-Beitrag.jpg\"><img aria-describedby=\"caption-attachment-5641\" decoding=\"async\" loading=\"lazy\" class=\"wp-image-5641 size-full\" src=\"https:\/\/www.naturparkmagazin.de\/vdn\/wp-content\/uploads\/sites\/3\/Sebastian_Preuss_002-Beitrag.jpg\" alt=\"Sebastian Preuss Copyright: Naturpark Am Stettiner Haff\" width=\"500\" height=\"300\" srcset=\"https:\/\/www.naturparkmagazin.de\/vdn\/wp-content\/uploads\/sites\/3\/Sebastian_Preuss_002-Beitrag.jpg 500w, https:\/\/www.naturparkmagazin.de\/vdn\/wp-content\/uploads\/sites\/3\/Sebastian_Preuss_002-Beitrag-300x180.jpg 300w, https:\/\/www.naturparkmagazin.de\/vdn\/wp-content\/uploads\/sites\/3\/Sebastian_Preuss_002-Beitrag-200x120.jpg 200w\" sizes=\"(max-width: 500px) 100vw, 500px\" \/><\/a><p id=\"caption-attachment-5641\" class=\"wp-caption-text\">Sebastian Preuss Copyright: Naturpark Am Stettiner Haff<\/p><\/div>\n<p>Dass dieser Mann noch keine Schwimmh\u00e4ute zwischen den Zehen hat ist wirklich verwunderlich. Ist er doch h\u00e4ufiger auf und am Wasser anzutreffen als manch anderer. Der leitende Mitarbeiter des Zentrums f\u00fcr Erlebnisp\u00e4dagogik und Umweltbildung Ueckerm\u00fcnde hat sich mit Leib und Seele der maritimen Umweltbildung verschrieben. Ob als Skipper auf einem der beiden Segelschiffe oder als Teamer auf dem einem der Fl\u00f6\u00dfe. Eigentlich ist er fast immer auf dem Wasser. So ist es auch nicht verwunderlich, dass er nicht nur die Idee eines Schwimmenden Lernortes entwickelte, sondern auch alles daran gesetzt hat, diese Idee auch zu verwirklichen. So gelang es ihm, zahlreiche Unterst\u00fctzer &#8211; auch auf Landesebene f\u00fcr sein Projekt zu begeistern und entsprechende F\u00f6rdermittel einzuwerben.<\/p>\n<div id=\"attachment_5645\" style=\"width: 630px\" class=\"wp-caption aligncenter\"><a href=\"https:\/\/www.naturparkmagazin.de\/vdn\/wp-content\/uploads\/sites\/3\/DSC02594-620x465.jpg\"><img aria-describedby=\"caption-attachment-5645\" decoding=\"async\" loading=\"lazy\" class=\"wp-image-5645 size-medium\" src=\"https:\/\/www.naturparkmagazin.de\/vdn\/wp-content\/uploads\/sites\/3\/DSC02594-620x465-620x465.jpg\" alt=\"Sila-Vega im Einsatz (Foto: Naturparkarchiv)\" width=\"620\" height=\"465\" srcset=\"https:\/\/www.naturparkmagazin.de\/vdn\/wp-content\/uploads\/sites\/3\/DSC02594-620x465.jpg 620w, https:\/\/www.naturparkmagazin.de\/vdn\/wp-content\/uploads\/sites\/3\/DSC02594-620x465-300x225.jpg 300w, https:\/\/www.naturparkmagazin.de\/vdn\/wp-content\/uploads\/sites\/3\/DSC02594-620x465-580x435.jpg 580w, https:\/\/www.naturparkmagazin.de\/vdn\/wp-content\/uploads\/sites\/3\/DSC02594-620x465-420x315.jpg 420w, https:\/\/www.naturparkmagazin.de\/vdn\/wp-content\/uploads\/sites\/3\/DSC02594-620x465-180x135.jpg 180w, https:\/\/www.naturparkmagazin.de\/vdn\/wp-content\/uploads\/sites\/3\/DSC02594-620x465-95x71.jpg 95w, https:\/\/www.naturparkmagazin.de\/vdn\/wp-content\/uploads\/sites\/3\/DSC02594-620x465-200x150.jpg 200w\" sizes=\"(max-width: 620px) 100vw, 620px\" \/><\/a><p id=\"caption-attachment-5645\" class=\"wp-caption-text\">Sila-Vega im Einsatz (Foto: Naturparkarchiv)<\/p><\/div>\n<p>Seit nun mehr 5 Jahren ist er mit der Sila-Vega und mit wechselnder Mannschaft auf den Gew\u00e4ssern Mecklenburg-Vorpommerns unterwegs, um Kindern und Jugendlichen den Lebensraum Wasser mit all seinen Lebewesen n\u00e4her zubringen. Dabei werden die G\u00e4ste zu Gew\u00e4sserforschern und tauchen dabei zum Teil tief in die Geheimnisse unserer Gew\u00e4sser ein. F\u00fcr Sebastian Preu\u00df gibt es nichts sch\u00f6neres als leuchtende Kinderaugen, die begeistert ihre gefangenen Untersuchungsobjekte im Aquarium genauer unter die Lupen nehmen. Und wenn sich Gruppen ein zweites oder gar ein drittes Mal f\u00fcr eine Tour mit dem Schwimmenden Lernort anmelden, wei\u00df er, dass er mit seinen Touren zu begeistern vermag.\nAuch gemeinsame Projekte mit dem Naturpark hat es bereits gegeben und neue befinden sich in Vorbereitung. Man darf also sehr gespannt sein, welche neuen Ideen diesem kreativen Geist k\u00fcnftig noch in den Sinn kommen.<\/p>\n<p>&nbsp;<\/p>\n","protected":false},"excerpt":{"rendered":"<p>Dass dieser Mann noch keine Schwimmh\u00e4ute zwischen den Zehen hat ist wirklich verwunderlich. Ist er doch h\u00e4ufiger auf und am Wasser anzutreffen als manch anderer.<\/p>\n","protected":false},"author":51,"featured_media":5642,"comment_status":"open","ping_status":"open","sticky":false,"template":"","format":"standard","meta":{"_links_to":"","_links_to_target":""},"categories":[8],"tags":[],"yoast_head":"<!-- This site is optimized with the Yoast SEO plugin v19.10 - https:\/\/yoast.com\/wordpress\/plugins\/seo\/ -->\n<title>Wasser ist sein Element - Naturpark-Botschafter Sebastian Preu\u00df<\/title>\n<meta name=\"description\" content=\"Dass dieser Mann noch keine Schwimmh\u00e4ute zwischen den Zehen hat ist wirklich verwunderlich. Ist er doch h\u00e4ufiger auf und am Wasser anzutreffen als manch anderer.\" \/>\n<meta name=\"robots\" content=\"index, follow, max-snippet:-1, max-image-preview:large, max-video-preview:-1\" \/>\n<link rel=\"canonical\" href=\"https:\/\/www.naturparkmagazin.de\/vdn\/wasser-ist-sein-element-naturpark-botschafter-sebastian-preuss\/\" \/>\n<meta property=\"og:locale\" content=\"de_DE\" \/>\n<meta property=\"og:type\" content=\"article\" \/>\n<meta property=\"og:title\" content=\"Wasser ist sein Element - Naturpark-Botschafter Sebastian Preu\u00df\" \/>\n<meta property=\"og:description\" content=\"Dass dieser Mann noch keine Schwimmh\u00e4ute zwischen den Zehen hat ist wirklich verwunderlich. Ist er doch h\u00e4ufiger auf und am Wasser anzutreffen als manch anderer.\" \/>\n<meta property=\"og:url\" content=\"https:\/\/www.naturparkmagazin.de\/vdn\/wasser-ist-sein-element-naturpark-botschafter-sebastian-preuss\/\" \/>\n<meta property=\"og:site_name\" content=\"Verband Deutscher Naturparke\" \/>\n<meta property=\"article:published_time\" content=\"2015-07-21T10:19:14+00:00\" \/>\n<meta property=\"article:modified_time\" content=\"2015-07-22T08:57:12+00:00\" \/>\n<meta property=\"og:image\" content=\"https:\/\/www.naturparkmagazin.de\/vdn\/wp-content\/uploads\/sites\/3\/Sebastian_Preuss_002-Beitragsfoto.jpg\" \/>\n\t<meta property=\"og:image:width\" content=\"200\" \/>\n\t<meta property=\"og:image:height\" content=\"200\" \/>\n\t<meta property=\"og:image:type\" content=\"image\/jpeg\" \/>\n<meta name=\"author\" content=\"beatrixlosem\" \/>\n<meta name=\"twitter:label1\" content=\"Verfasst von\" \/>\n\t<meta name=\"twitter:data1\" content=\"beatrixlosem\" \/>\n\t<meta name=\"twitter:label2\" content=\"Gesch\u00e4tzte Lesezeit\" \/>\n\t<meta name=\"twitter:data2\" content=\"1\u00a0Minute\" \/>\n<script type=\"application\/ld+json\" class=\"yoast-schema-graph\">{\"@context\":\"https:\/\/schema.org\",\"@graph\":[{\"@type\":\"WebPage\",\"@id\":\"https:\/\/www.naturparkmagazin.de\/vdn\/wasser-ist-sein-element-naturpark-botschafter-sebastian-preuss\/\",\"url\":\"https:\/\/www.naturparkmagazin.de\/vdn\/wasser-ist-sein-element-naturpark-botschafter-sebastian-preuss\/\",\"name\":\"Wasser ist sein Element - Naturpark-Botschafter Sebastian Preu\u00df\",\"isPartOf\":{\"@id\":\"https:\/\/www.naturparkmagazin.de\/vdn\/#website\"},\"datePublished\":\"2015-07-21T10:19:14+00:00\",\"dateModified\":\"2015-07-22T08:57:12+00:00\",\"author\":{\"@id\":\"https:\/\/www.naturparkmagazin.de\/vdn\/#\/schema\/person\/d71357578c318b6db03be60b1f60396b\"},\"description\":\"Dass dieser Mann noch keine Schwimmh\u00e4ute zwischen den Zehen hat ist wirklich verwunderlich. Ist er doch h\u00e4ufiger auf und am Wasser anzutreffen als manch anderer.\",\"breadcrumb\":{\"@id\":\"https:\/\/www.naturparkmagazin.de\/vdn\/wasser-ist-sein-element-naturpark-botschafter-sebastian-preuss\/#breadcrumb\"},\"inLanguage\":\"de\",\"potentialAction\":[{\"@type\":\"ReadAction\",\"target\":[\"https:\/\/www.naturparkmagazin.de\/vdn\/wasser-ist-sein-element-naturpark-botschafter-sebastian-preuss\/\"]}]},{\"@type\":\"BreadcrumbList\",\"@id\":\"https:\/\/www.naturparkmagazin.de\/vdn\/wasser-ist-sein-element-naturpark-botschafter-sebastian-preuss\/#breadcrumb\",\"itemListElement\":[{\"@type\":\"ListItem\",\"position\":1,\"name\":\"Home\",\"item\":\"https:\/\/www.naturparkmagazin.de\/vdn\/\"},{\"@type\":\"ListItem\",\"position\":2,\"name\":\"Wasser ist sein Element &#8211; Naturpark-Botschafter Sebastian Preu\u00df\"}]},{\"@type\":\"WebSite\",\"@id\":\"https:\/\/www.naturparkmagazin.de\/vdn\/#website\",\"url\":\"https:\/\/www.naturparkmagazin.de\/vdn\/\",\"name\":\"Verband Deutscher Naturparke\",\"description\":\"Eine weitere Naturparkmagazin.de Netzwerk Seite\",\"potentialAction\":[{\"@type\":\"SearchAction\",\"target\":{\"@type\":\"EntryPoint\",\"urlTemplate\":\"https:\/\/www.naturparkmagazin.de\/vdn\/?s={search_term_string}\"},\"query-input\":\"required name=search_term_string\"}],\"inLanguage\":\"de\"},{\"@type\":\"Person\",\"@id\":\"https:\/\/www.naturparkmagazin.de\/vdn\/#\/schema\/person\/d71357578c318b6db03be60b1f60396b\",\"name\":\"beatrixlosem\",\"url\":\"https:\/\/www.naturparkmagazin.de\/vdn\/author\/beatrixlosem\/\"}]}<\/script>\n<!-- \/ Yoast SEO plugin. -->","yoast_head_json":{"title":"Wasser ist sein Element - Naturpark-Botschafter Sebastian Preu\u00df","description":"Dass dieser Mann noch keine Schwimmh\u00e4ute zwischen den Zehen hat ist wirklich verwunderlich. Ist er doch h\u00e4ufiger auf und am Wasser anzutreffen als manch anderer.","robots":{"index":"index","follow":"follow","max-snippet":"max-snippet:-1","max-image-preview":"max-image-preview:large","max-video-preview":"max-video-preview:-1"},"canonical":"https:\/\/www.naturparkmagazin.de\/vdn\/wasser-ist-sein-element-naturpark-botschafter-sebastian-preuss\/","og_locale":"de_DE","og_type":"article","og_title":"Wasser ist sein Element - Naturpark-Botschafter Sebastian Preu\u00df","og_description":"Dass dieser Mann noch keine Schwimmh\u00e4ute zwischen den Zehen hat ist wirklich verwunderlich. Ist er doch h\u00e4ufiger auf und am Wasser anzutreffen als manch anderer.","og_url":"https:\/\/www.naturparkmagazin.de\/vdn\/wasser-ist-sein-element-naturpark-botschafter-sebastian-preuss\/","og_site_name":"Verband Deutscher Naturparke","article_published_time":"2015-07-21T10:19:14+00:00","article_modified_time":"2015-07-22T08:57:12+00:00","og_image":[{"width":200,"height":200,"url":"https:\/\/www.naturparkmagazin.de\/vdn\/wp-content\/uploads\/sites\/3\/Sebastian_Preuss_002-Beitragsfoto.jpg","type":"image\/jpeg"}],"author":"beatrixlosem","twitter_misc":{"Verfasst von":"beatrixlosem","Gesch\u00e4tzte Lesezeit":"1\u00a0Minute"},"schema":{"@context":"https:\/\/schema.org","@graph":[{"@type":"WebPage","@id":"https:\/\/www.naturparkmagazin.de\/vdn\/wasser-ist-sein-element-naturpark-botschafter-sebastian-preuss\/","url":"https:\/\/www.naturparkmagazin.de\/vdn\/wasser-ist-sein-element-naturpark-botschafter-sebastian-preuss\/","name":"Wasser ist sein Element - Naturpark-Botschafter Sebastian Preu\u00df","isPartOf":{"@id":"https:\/\/www.naturparkmagazin.de\/vdn\/#website"},"datePublished":"2015-07-21T10:19:14+00:00","dateModified":"2015-07-22T08:57:12+00:00","author":{"@id":"https:\/\/www.naturparkmagazin.de\/vdn\/#\/schema\/person\/d71357578c318b6db03be60b1f60396b"},"description":"Dass dieser Mann noch keine Schwimmh\u00e4ute zwischen den Zehen hat ist wirklich verwunderlich. Ist er doch h\u00e4ufiger auf und am Wasser anzutreffen als manch anderer.","breadcrumb":{"@id":"https:\/\/www.naturparkmagazin.de\/vdn\/wasser-ist-sein-element-naturpark-botschafter-sebastian-preuss\/#breadcrumb"},"inLanguage":"de","potentialAction":[{"@type":"ReadAction","target":["https:\/\/www.naturparkmagazin.de\/vdn\/wasser-ist-sein-element-naturpark-botschafter-sebastian-preuss\/"]}]},{"@type":"BreadcrumbList","@id":"https:\/\/www.naturparkmagazin.de\/vdn\/wasser-ist-sein-element-naturpark-botschafter-sebastian-preuss\/#breadcrumb","itemListElement":[{"@type":"ListItem","position":1,"name":"Home","item":"https:\/\/www.naturparkmagazin.de\/vdn\/"},{"@type":"ListItem","position":2,"name":"Wasser ist sein Element &#8211; Naturpark-Botschafter Sebastian Preu\u00df"}]},{"@type":"WebSite","@id":"https:\/\/www.naturparkmagazin.de\/vdn\/#website","url":"https:\/\/www.naturparkmagazin.de\/vdn\/","name":"Verband Deutscher Naturparke","description":"Eine weitere Naturparkmagazin.de Netzwerk Seite","potentialAction":[{"@type":"SearchAction","target":{"@type":"EntryPoint","urlTemplate":"https:\/\/www.naturparkmagazin.de\/vdn\/?s={search_term_string}"},"query-input":"required name=search_term_string"}],"inLanguage":"de"},{"@type":"Person","@id":"https:\/\/www.naturparkmagazin.de\/vdn\/#\/schema\/person\/d71357578c318b6db03be60b1f60396b","name":"beatrixlosem","url":"https:\/\/www.naturparkmagazin.de\/vdn\/author\/beatrixlosem\/"}]}},"_links":{"self":[{"href":"https:\/\/www.naturparkmagazin.de\/vdn\/wp-json\/wp\/v2\/posts\/5640"}],"collection":[{"href":"https:\/\/www.naturparkmagazin.de\/vdn\/wp-json\/wp\/v2\/posts"}],"about":[{"href":"https:\/\/www.naturparkmagazin.de\/vdn\/wp-json\/wp\/v2\/types\/post"}],"author":[{"embeddable":true,"href":"https:\/\/www.naturparkmagazin.de\/vdn\/wp-json\/wp\/v2\/users\/51"}],"replies":[{"embeddable":true,"href":"https:\/\/www.naturparkmagazin.de\/vdn\/wp-json\/wp\/v2\/comments?post=5640"}],"version-history":[{"count":8,"href":"https:\/\/www.naturparkmagazin.de\/vdn\/wp-json\/wp\/v2\/posts\/5640\/revisions"}],"predecessor-version":[{"id":5731,"href":"https:\/\/www.naturparkmagazin.de\/vdn\/wp-json\/wp\/v2\/posts\/5640\/revisions\/5731"}],"wp:featuredmedia":[{"embeddable":true,"href":"https:\/\/www.naturparkmagazin.de\/vdn\/wp-json\/wp\/v2\/media\/5642"}],"wp:attachment":[{"href":"https:\/\/www.naturparkmagazin.de\/vdn\/wp-json\/wp\/v2\/media?parent=5640"}],"wp:term":[{"taxonomy":"category","embeddable":true,"href":"https:\/\/www.naturparkmagazin.de\/vdn\/wp-json\/wp\/v2\/categories?post=5640"},{"taxonomy":"post_tag","embeddable":true,"href":"https:\/\/www.naturparkmagazin.de\/vdn\/wp-json\/wp\/v2\/tags?post=5640"}],"curies":[{"name":"wp","href":"https:\/\/api.w.org\/{rel}","templated":true}]}}