{"id":5650,"date":"2015-07-21T10:14:58","date_gmt":"2015-07-21T08:14:58","guid":{"rendered":"http:\/\/www.naturparkmagazin.de\/vdn\/?p=5650"},"modified":"2015-07-21T15:54:12","modified_gmt":"2015-07-21T13:54:12","slug":"pommersche-ananas-oder-wruken","status":"publish","type":"post","link":"https:\/\/www.naturparkmagazin.de\/vdn\/pommersche-ananas-oder-wruken\/","title":{"rendered":"\u201ePommersche Ananas\u201c oder \u201eWruken\u201c"},"content":{"rendered":"<div id=\"attachment_5651\" style=\"width: 630px\" class=\"wp-caption aligncenter\"><a href=\"https:\/\/www.naturparkmagazin.de\/vdn\/wp-content\/uploads\/sites\/3\/Fotolia_39860905_silencefoto.jpg\"><img aria-describedby=\"caption-attachment-5651\" decoding=\"async\" loading=\"lazy\" class=\"wp-image-5651 size-medium\" src=\"https:\/\/www.naturparkmagazin.de\/vdn\/wp-content\/uploads\/sites\/3\/Fotolia_39860905_silencefoto-620x413.jpg\" alt=\"Copyright Fotolia Silencefoto\" width=\"620\" height=\"413\" srcset=\"https:\/\/www.naturparkmagazin.de\/vdn\/wp-content\/uploads\/sites\/3\/Fotolia_39860905_silencefoto-620x413.jpg 620w, https:\/\/www.naturparkmagazin.de\/vdn\/wp-content\/uploads\/sites\/3\/Fotolia_39860905_silencefoto-300x200.jpg 300w, https:\/\/www.naturparkmagazin.de\/vdn\/wp-content\/uploads\/sites\/3\/Fotolia_39860905_silencefoto-670x447.jpg 670w, https:\/\/www.naturparkmagazin.de\/vdn\/wp-content\/uploads\/sites\/3\/Fotolia_39860905_silencefoto-200x133.jpg 200w, https:\/\/www.naturparkmagazin.de\/vdn\/wp-content\/uploads\/sites\/3\/Fotolia_39860905_silencefoto.jpg 849w\" sizes=\"(max-width: 620px) 100vw, 620px\" \/><\/a><p id=\"caption-attachment-5651\" class=\"wp-caption-text\">Copyright Fotolia Silencefoto<\/p><\/div>\n<p>Wruken, vielen besser bekannt als Steckr\u00fcben, Butterr\u00fcben und auch Kohlr\u00fcben werden auch gerne als \u201ePommersche Ananas\u201c bezeichnet.\nDieses typische Gericht vom Stettiner Haff hat Herr Marco Dorka auf der Website: <a href=\"http:\/\/www.stettinerhaff-tourismus.de\">www.stettinerhaff-tourismus.de<\/a> zur Verf\u00fcgung gestellt.\n<strong>Zutaten:<\/strong>\n2 G\u00e4nsekeulen\n1 Bund Suppengr\u00fcn\n750 Gramm Wruken\n6 gro\u00dfe Kartoffeln\nSalz\nfrisch gemahlener Pfeffer\nZucker\n1 Bund Thymian<\/p>\n<p><strong>Zubereitung:<\/strong>\nZun\u00e4chst mit den G\u00e4nsekeulen und dem Suppengem\u00fcse in ca. 35 Minuten einen Suppenfond kochen.\nIn der Zwischenzeit 750 Gramm Wruken und 6 gro\u00dfe Kartoffeln in W\u00fcrfel schneiden.\nDie G\u00e4nsekeulen aus dem Fond nehmen, zuerst die Wruken, 10 Minuten sp\u00e4ter die Kartoffeln in die Suppe geben.\nW\u00e4hrend die Kartoffeln und Wruken kochen, das Fleisch von den Knochen entfernen.\nWenn alles gar ist, das Fleisch zur\u00fcck in die Suppe geben, mit Salz, einer Prise Zucker, frisch gemahlenem Pfeffer und viel Thymian w\u00fcrzen.\nSollte wider Erwarten etwas von der Suppe \u00fcbrig bleiben, wird diese von Tag zu Tag k\u00f6stlicher.<\/p>\n<p>&nbsp;<\/p>\n","protected":false},"excerpt":{"rendered":"<p>Unser Rezept im Monat August ist ein typisches Gericht aus dem Naturpark \u201eAm Stettiner Haff\u201c.\nWruken, vielen besser bekannt als Steckr\u00fcben, Butterr\u00fcben und auch Kohlr\u00fcben  werden auch gerne als \u201ePommersche Ananas\u201c bezeichnet. <\/p>\n","protected":false},"author":51,"featured_media":5652,"comment_status":"open","ping_status":"open","sticky":false,"template":"","format":"standard","meta":{"_links_to":"","_links_to_target":""},"categories":[14],"tags":[316,84,110,3152],"yoast_head":"<!-- This site is optimized with the Yoast SEO plugin v19.10 - https:\/\/yoast.com\/wordpress\/plugins\/seo\/ -->\n<title>\u201ePommersche Ananas\u201c oder \u201eWruken\u201c<\/title>\n<meta name=\"description\" content=\"Unser Rezept im Monat August ist ein typisches Gericht aus dem Naturpark \u201eAm Stettiner Haff\u201c. Wruken, vielen besser bekannt als Steckr\u00fcben, Butterr\u00fcben und auch Kohlr\u00fcben werden auch gerne als \u201ePommersche Ananas\u201c bezeichnet.\" \/>\n<meta name=\"robots\" content=\"index, follow, max-snippet:-1, max-image-preview:large, max-video-preview:-1\" \/>\n<link rel=\"canonical\" href=\"https:\/\/www.naturparkmagazin.de\/vdn\/pommersche-ananas-oder-wruken\/\" \/>\n<meta property=\"og:locale\" content=\"de_DE\" \/>\n<meta property=\"og:type\" content=\"article\" \/>\n<meta property=\"og:title\" content=\"\u201ePommersche Ananas\u201c oder \u201eWruken\u201c\" \/>\n<meta property=\"og:description\" content=\"Unser Rezept im Monat August ist ein typisches Gericht aus dem Naturpark \u201eAm Stettiner Haff\u201c. Wruken, vielen besser bekannt als Steckr\u00fcben, Butterr\u00fcben und auch Kohlr\u00fcben werden auch gerne als \u201ePommersche Ananas\u201c bezeichnet.\" \/>\n<meta property=\"og:url\" content=\"https:\/\/www.naturparkmagazin.de\/vdn\/pommersche-ananas-oder-wruken\/\" \/>\n<meta property=\"og:site_name\" content=\"Verband Deutscher Naturparke\" \/>\n<meta property=\"article:published_time\" content=\"2015-07-21T08:14:58+00:00\" \/>\n<meta property=\"article:modified_time\" content=\"2015-07-21T13:54:12+00:00\" \/>\n<meta property=\"og:image\" content=\"https:\/\/www.naturparkmagazin.de\/vdn\/wp-content\/uploads\/sites\/3\/Fotolia_39860905_silencefoto-beitragsfoto.jpeg\" \/>\n\t<meta property=\"og:image:width\" content=\"200\" \/>\n\t<meta property=\"og:image:height\" content=\"200\" \/>\n\t<meta property=\"og:image:type\" content=\"image\/jpeg\" \/>\n<meta name=\"author\" content=\"beatrixlosem\" \/>\n<meta name=\"twitter:label1\" content=\"Verfasst von\" \/>\n\t<meta name=\"twitter:data1\" content=\"beatrixlosem\" \/>\n\t<meta name=\"twitter:label2\" content=\"Gesch\u00e4tzte Lesezeit\" \/>\n\t<meta name=\"twitter:data2\" content=\"1\u00a0Minute\" \/>\n<script type=\"application\/ld+json\" class=\"yoast-schema-graph\">{\"@context\":\"https:\/\/schema.org\",\"@graph\":[{\"@type\":\"WebPage\",\"@id\":\"https:\/\/www.naturparkmagazin.de\/vdn\/pommersche-ananas-oder-wruken\/\",\"url\":\"https:\/\/www.naturparkmagazin.de\/vdn\/pommersche-ananas-oder-wruken\/\",\"name\":\"\u201ePommersche Ananas\u201c oder \u201eWruken\u201c\",\"isPartOf\":{\"@id\":\"https:\/\/www.naturparkmagazin.de\/vdn\/#website\"},\"datePublished\":\"2015-07-21T08:14:58+00:00\",\"dateModified\":\"2015-07-21T13:54:12+00:00\",\"author\":{\"@id\":\"https:\/\/www.naturparkmagazin.de\/vdn\/#\/schema\/person\/d71357578c318b6db03be60b1f60396b\"},\"description\":\"Unser Rezept im Monat August ist ein typisches Gericht aus dem Naturpark \u201eAm Stettiner Haff\u201c. Wruken, vielen besser bekannt als Steckr\u00fcben, Butterr\u00fcben und auch Kohlr\u00fcben werden auch gerne als \u201ePommersche Ananas\u201c bezeichnet.\",\"breadcrumb\":{\"@id\":\"https:\/\/www.naturparkmagazin.de\/vdn\/pommersche-ananas-oder-wruken\/#breadcrumb\"},\"inLanguage\":\"de\",\"potentialAction\":[{\"@type\":\"ReadAction\",\"target\":[\"https:\/\/www.naturparkmagazin.de\/vdn\/pommersche-ananas-oder-wruken\/\"]}]},{\"@type\":\"BreadcrumbList\",\"@id\":\"https:\/\/www.naturparkmagazin.de\/vdn\/pommersche-ananas-oder-wruken\/#breadcrumb\",\"itemListElement\":[{\"@type\":\"ListItem\",\"position\":1,\"name\":\"Home\",\"item\":\"https:\/\/www.naturparkmagazin.de\/vdn\/\"},{\"@type\":\"ListItem\",\"position\":2,\"name\":\"\u201ePommersche Ananas\u201c oder \u201eWruken\u201c\"}]},{\"@type\":\"WebSite\",\"@id\":\"https:\/\/www.naturparkmagazin.de\/vdn\/#website\",\"url\":\"https:\/\/www.naturparkmagazin.de\/vdn\/\",\"name\":\"Verband Deutscher Naturparke\",\"description\":\"Eine weitere Naturparkmagazin.de Netzwerk Seite\",\"potentialAction\":[{\"@type\":\"SearchAction\",\"target\":{\"@type\":\"EntryPoint\",\"urlTemplate\":\"https:\/\/www.naturparkmagazin.de\/vdn\/?s={search_term_string}\"},\"query-input\":\"required name=search_term_string\"}],\"inLanguage\":\"de\"},{\"@type\":\"Person\",\"@id\":\"https:\/\/www.naturparkmagazin.de\/vdn\/#\/schema\/person\/d71357578c318b6db03be60b1f60396b\",\"name\":\"beatrixlosem\",\"url\":\"https:\/\/www.naturparkmagazin.de\/vdn\/author\/beatrixlosem\/\"}]}<\/script>\n<!-- \/ Yoast SEO plugin. -->","yoast_head_json":{"title":"\u201ePommersche Ananas\u201c oder \u201eWruken\u201c","description":"Unser Rezept im Monat August ist ein typisches Gericht aus dem Naturpark \u201eAm Stettiner Haff\u201c. Wruken, vielen besser bekannt als Steckr\u00fcben, Butterr\u00fcben und auch Kohlr\u00fcben werden auch gerne als \u201ePommersche Ananas\u201c bezeichnet.","robots":{"index":"index","follow":"follow","max-snippet":"max-snippet:-1","max-image-preview":"max-image-preview:large","max-video-preview":"max-video-preview:-1"},"canonical":"https:\/\/www.naturparkmagazin.de\/vdn\/pommersche-ananas-oder-wruken\/","og_locale":"de_DE","og_type":"article","og_title":"\u201ePommersche Ananas\u201c oder \u201eWruken\u201c","og_description":"Unser Rezept im Monat August ist ein typisches Gericht aus dem Naturpark \u201eAm Stettiner Haff\u201c. Wruken, vielen besser bekannt als Steckr\u00fcben, Butterr\u00fcben und auch Kohlr\u00fcben werden auch gerne als \u201ePommersche Ananas\u201c bezeichnet.","og_url":"https:\/\/www.naturparkmagazin.de\/vdn\/pommersche-ananas-oder-wruken\/","og_site_name":"Verband Deutscher Naturparke","article_published_time":"2015-07-21T08:14:58+00:00","article_modified_time":"2015-07-21T13:54:12+00:00","og_image":[{"width":200,"height":200,"url":"https:\/\/www.naturparkmagazin.de\/vdn\/wp-content\/uploads\/sites\/3\/Fotolia_39860905_silencefoto-beitragsfoto.jpeg","type":"image\/jpeg"}],"author":"beatrixlosem","twitter_misc":{"Verfasst von":"beatrixlosem","Gesch\u00e4tzte Lesezeit":"1\u00a0Minute"},"schema":{"@context":"https:\/\/schema.org","@graph":[{"@type":"WebPage","@id":"https:\/\/www.naturparkmagazin.de\/vdn\/pommersche-ananas-oder-wruken\/","url":"https:\/\/www.naturparkmagazin.de\/vdn\/pommersche-ananas-oder-wruken\/","name":"\u201ePommersche Ananas\u201c oder \u201eWruken\u201c","isPartOf":{"@id":"https:\/\/www.naturparkmagazin.de\/vdn\/#website"},"datePublished":"2015-07-21T08:14:58+00:00","dateModified":"2015-07-21T13:54:12+00:00","author":{"@id":"https:\/\/www.naturparkmagazin.de\/vdn\/#\/schema\/person\/d71357578c318b6db03be60b1f60396b"},"description":"Unser Rezept im Monat August ist ein typisches Gericht aus dem Naturpark \u201eAm Stettiner Haff\u201c. Wruken, vielen besser bekannt als Steckr\u00fcben, Butterr\u00fcben und auch Kohlr\u00fcben werden auch gerne als \u201ePommersche Ananas\u201c bezeichnet.","breadcrumb":{"@id":"https:\/\/www.naturparkmagazin.de\/vdn\/pommersche-ananas-oder-wruken\/#breadcrumb"},"inLanguage":"de","potentialAction":[{"@type":"ReadAction","target":["https:\/\/www.naturparkmagazin.de\/vdn\/pommersche-ananas-oder-wruken\/"]}]},{"@type":"BreadcrumbList","@id":"https:\/\/www.naturparkmagazin.de\/vdn\/pommersche-ananas-oder-wruken\/#breadcrumb","itemListElement":[{"@type":"ListItem","position":1,"name":"Home","item":"https:\/\/www.naturparkmagazin.de\/vdn\/"},{"@type":"ListItem","position":2,"name":"\u201ePommersche Ananas\u201c oder \u201eWruken\u201c"}]},{"@type":"WebSite","@id":"https:\/\/www.naturparkmagazin.de\/vdn\/#website","url":"https:\/\/www.naturparkmagazin.de\/vdn\/","name":"Verband Deutscher Naturparke","description":"Eine weitere Naturparkmagazin.de Netzwerk Seite","potentialAction":[{"@type":"SearchAction","target":{"@type":"EntryPoint","urlTemplate":"https:\/\/www.naturparkmagazin.de\/vdn\/?s={search_term_string}"},"query-input":"required name=search_term_string"}],"inLanguage":"de"},{"@type":"Person","@id":"https:\/\/www.naturparkmagazin.de\/vdn\/#\/schema\/person\/d71357578c318b6db03be60b1f60396b","name":"beatrixlosem","url":"https:\/\/www.naturparkmagazin.de\/vdn\/author\/beatrixlosem\/"}]}},"_links":{"self":[{"href":"https:\/\/www.naturparkmagazin.de\/vdn\/wp-json\/wp\/v2\/posts\/5650"}],"collection":[{"href":"https:\/\/www.naturparkmagazin.de\/vdn\/wp-json\/wp\/v2\/posts"}],"about":[{"href":"https:\/\/www.naturparkmagazin.de\/vdn\/wp-json\/wp\/v2\/types\/post"}],"author":[{"embeddable":true,"href":"https:\/\/www.naturparkmagazin.de\/vdn\/wp-json\/wp\/v2\/users\/51"}],"replies":[{"embeddable":true,"href":"https:\/\/www.naturparkmagazin.de\/vdn\/wp-json\/wp\/v2\/comments?post=5650"}],"version-history":[{"count":6,"href":"https:\/\/www.naturparkmagazin.de\/vdn\/wp-json\/wp\/v2\/posts\/5650\/revisions"}],"predecessor-version":[{"id":5730,"href":"https:\/\/www.naturparkmagazin.de\/vdn\/wp-json\/wp\/v2\/posts\/5650\/revisions\/5730"}],"wp:featuredmedia":[{"embeddable":true,"href":"https:\/\/www.naturparkmagazin.de\/vdn\/wp-json\/wp\/v2\/media\/5652"}],"wp:attachment":[{"href":"https:\/\/www.naturparkmagazin.de\/vdn\/wp-json\/wp\/v2\/media?parent=5650"}],"wp:term":[{"taxonomy":"category","embeddable":true,"href":"https:\/\/www.naturparkmagazin.de\/vdn\/wp-json\/wp\/v2\/categories?post=5650"},{"taxonomy":"post_tag","embeddable":true,"href":"https:\/\/www.naturparkmagazin.de\/vdn\/wp-json\/wp\/v2\/tags?post=5650"}],"curies":[{"name":"wp","href":"https:\/\/api.w.org\/{rel}","templated":true}]}}