{"id":5658,"date":"2015-07-21T10:25:48","date_gmt":"2015-07-21T08:25:48","guid":{"rendered":"http:\/\/www.naturparkmagazin.de\/vdn\/?p=5658"},"modified":"2015-07-21T10:27:00","modified_gmt":"2015-07-21T08:27:00","slug":"himmel-und-erde","status":"publish","type":"post","link":"https:\/\/www.naturparkmagazin.de\/vdn\/himmel-und-erde\/","title":{"rendered":"\u201eHimmel und Erde&#8220;"},"content":{"rendered":"<div id=\"attachment_5659\" style=\"width: 510px\" class=\"wp-caption aligncenter\"><a href=\"https:\/\/www.naturparkmagazin.de\/vdn\/wp-content\/uploads\/sites\/3\/dscn0590-Beitrag.jpg\"><img aria-describedby=\"caption-attachment-5659\" decoding=\"async\" loading=\"lazy\" class=\"wp-image-5659 size-full\" src=\"https:\/\/www.naturparkmagazin.de\/vdn\/wp-content\/uploads\/sites\/3\/dscn0590-Beitrag.jpg\" alt=\"'Himmel und Erde' Copyright: VDN\/Ralf K\u00f6hler\" width=\"500\" height=\"300\" srcset=\"https:\/\/www.naturparkmagazin.de\/vdn\/wp-content\/uploads\/sites\/3\/dscn0590-Beitrag.jpg 500w, https:\/\/www.naturparkmagazin.de\/vdn\/wp-content\/uploads\/sites\/3\/dscn0590-Beitrag-300x180.jpg 300w, https:\/\/www.naturparkmagazin.de\/vdn\/wp-content\/uploads\/sites\/3\/dscn0590-Beitrag-200x120.jpg 200w\" sizes=\"(max-width: 500px) 100vw, 500px\" \/><\/a><p id=\"caption-attachment-5659\" class=\"wp-caption-text\">&#8218;Himmel und Erde&#8216; Copyright: VDN\/Ralf K\u00f6hler<\/p><\/div>\n<p>Die Aufnahme von Ralf K\u00f6hler entf\u00fchrt den Betrachter in ein surreal anmutendes Szenario, welches unsere Sehgewohnheiten herausfordert. Eine landwirtschaftliche Nutzfl\u00e4che, so hoch gelegen, dass sie die Wolken \u00fcberragt? Ein einzelner Baum, kaum zug\u00e4nglich, der dennoch als Aussichtspunkt dient oder gar Fr\u00fcchte liefert &#8211; wie man anhand der Leiter vermuten kann?\nGanz abgesehen von den Fragen, die der Bildautor aufwirft, liefert er zudem eine \u00fcberzeugend komponierte Landschaftsaufnahme, die von ihrem Minimalismus lebt, vom Kontrast der warmen Erd- und kalten Himmelst\u00f6ne sowie dem Gegen\u00fcber von groben Strukturen im Wolkenmeer und der feinen Oberfl\u00e4che der \u00c4hren.<\/p>\n<p>&nbsp;<\/p>\n","protected":false},"excerpt":{"rendered":"<p>Die Aufnahme von Ralf K\u00f6hler entf\u00fchrt den Betrachter in ein surreal anmutendes Szenario, welches unsere Sehgewohnheiten herausfordert.<\/p>\n","protected":false},"author":51,"featured_media":5660,"comment_status":"open","ping_status":"open","sticky":false,"template":"","format":"standard","meta":{"_links_to":"","_links_to_target":""},"categories":[10],"tags":[316,3150,94],"yoast_head":"<!-- This site is optimized with the Yoast SEO plugin v19.10 - https:\/\/yoast.com\/wordpress\/plugins\/seo\/ -->\n<title>\u201eHimmel und Erde&quot;<\/title>\n<meta name=\"description\" content=\"Die Aufnahme von Ralf K\u00f6hler entf\u00fchrt den Betrachter in ein surreal anmutendes Szenario, welches unsere Sehgewohnheiten herausfordert.\" \/>\n<meta name=\"robots\" content=\"index, follow, max-snippet:-1, max-image-preview:large, max-video-preview:-1\" \/>\n<link rel=\"canonical\" href=\"https:\/\/www.naturparkmagazin.de\/vdn\/himmel-und-erde\/\" \/>\n<meta property=\"og:locale\" content=\"de_DE\" \/>\n<meta property=\"og:type\" content=\"article\" \/>\n<meta property=\"og:title\" content=\"\u201eHimmel und Erde&quot;\" \/>\n<meta property=\"og:description\" content=\"Die Aufnahme von Ralf K\u00f6hler entf\u00fchrt den Betrachter in ein surreal anmutendes Szenario, welches unsere Sehgewohnheiten herausfordert.\" \/>\n<meta property=\"og:url\" content=\"https:\/\/www.naturparkmagazin.de\/vdn\/himmel-und-erde\/\" \/>\n<meta property=\"og:site_name\" content=\"Verband Deutscher Naturparke\" \/>\n<meta property=\"article:published_time\" content=\"2015-07-21T08:25:48+00:00\" \/>\n<meta property=\"article:modified_time\" content=\"2015-07-21T08:27:00+00:00\" \/>\n<meta property=\"og:image\" content=\"https:\/\/www.naturparkmagazin.de\/vdn\/wp-content\/uploads\/sites\/3\/dscn0590-Beitragsfoto.jpg\" \/>\n\t<meta property=\"og:image:width\" content=\"200\" \/>\n\t<meta property=\"og:image:height\" content=\"200\" \/>\n\t<meta property=\"og:image:type\" content=\"image\/jpeg\" \/>\n<meta name=\"author\" content=\"beatrixlosem\" \/>\n<meta name=\"twitter:label1\" content=\"Verfasst von\" \/>\n\t<meta name=\"twitter:data1\" content=\"beatrixlosem\" \/>\n\t<meta name=\"twitter:label2\" content=\"Gesch\u00e4tzte Lesezeit\" \/>\n\t<meta name=\"twitter:data2\" content=\"1\u00a0Minute\" \/>\n<script type=\"application\/ld+json\" class=\"yoast-schema-graph\">{\"@context\":\"https:\/\/schema.org\",\"@graph\":[{\"@type\":\"WebPage\",\"@id\":\"https:\/\/www.naturparkmagazin.de\/vdn\/himmel-und-erde\/\",\"url\":\"https:\/\/www.naturparkmagazin.de\/vdn\/himmel-und-erde\/\",\"name\":\"\u201eHimmel und Erde\\\"\",\"isPartOf\":{\"@id\":\"https:\/\/www.naturparkmagazin.de\/vdn\/#website\"},\"datePublished\":\"2015-07-21T08:25:48+00:00\",\"dateModified\":\"2015-07-21T08:27:00+00:00\",\"author\":{\"@id\":\"https:\/\/www.naturparkmagazin.de\/vdn\/#\/schema\/person\/d71357578c318b6db03be60b1f60396b\"},\"description\":\"Die Aufnahme von Ralf K\u00f6hler entf\u00fchrt den Betrachter in ein surreal anmutendes Szenario, welches unsere Sehgewohnheiten herausfordert.\",\"breadcrumb\":{\"@id\":\"https:\/\/www.naturparkmagazin.de\/vdn\/himmel-und-erde\/#breadcrumb\"},\"inLanguage\":\"de\",\"potentialAction\":[{\"@type\":\"ReadAction\",\"target\":[\"https:\/\/www.naturparkmagazin.de\/vdn\/himmel-und-erde\/\"]}]},{\"@type\":\"BreadcrumbList\",\"@id\":\"https:\/\/www.naturparkmagazin.de\/vdn\/himmel-und-erde\/#breadcrumb\",\"itemListElement\":[{\"@type\":\"ListItem\",\"position\":1,\"name\":\"Home\",\"item\":\"https:\/\/www.naturparkmagazin.de\/vdn\/\"},{\"@type\":\"ListItem\",\"position\":2,\"name\":\"\u201eHimmel und Erde&#8220;\"}]},{\"@type\":\"WebSite\",\"@id\":\"https:\/\/www.naturparkmagazin.de\/vdn\/#website\",\"url\":\"https:\/\/www.naturparkmagazin.de\/vdn\/\",\"name\":\"Verband Deutscher Naturparke\",\"description\":\"Eine weitere Naturparkmagazin.de Netzwerk Seite\",\"potentialAction\":[{\"@type\":\"SearchAction\",\"target\":{\"@type\":\"EntryPoint\",\"urlTemplate\":\"https:\/\/www.naturparkmagazin.de\/vdn\/?s={search_term_string}\"},\"query-input\":\"required name=search_term_string\"}],\"inLanguage\":\"de\"},{\"@type\":\"Person\",\"@id\":\"https:\/\/www.naturparkmagazin.de\/vdn\/#\/schema\/person\/d71357578c318b6db03be60b1f60396b\",\"name\":\"beatrixlosem\",\"url\":\"https:\/\/www.naturparkmagazin.de\/vdn\/author\/beatrixlosem\/\"}]}<\/script>\n<!-- \/ Yoast SEO plugin. -->","yoast_head_json":{"title":"\u201eHimmel und Erde\"","description":"Die Aufnahme von Ralf K\u00f6hler entf\u00fchrt den Betrachter in ein surreal anmutendes Szenario, welches unsere Sehgewohnheiten herausfordert.","robots":{"index":"index","follow":"follow","max-snippet":"max-snippet:-1","max-image-preview":"max-image-preview:large","max-video-preview":"max-video-preview:-1"},"canonical":"https:\/\/www.naturparkmagazin.de\/vdn\/himmel-und-erde\/","og_locale":"de_DE","og_type":"article","og_title":"\u201eHimmel und Erde\"","og_description":"Die Aufnahme von Ralf K\u00f6hler entf\u00fchrt den Betrachter in ein surreal anmutendes Szenario, welches unsere Sehgewohnheiten herausfordert.","og_url":"https:\/\/www.naturparkmagazin.de\/vdn\/himmel-und-erde\/","og_site_name":"Verband Deutscher Naturparke","article_published_time":"2015-07-21T08:25:48+00:00","article_modified_time":"2015-07-21T08:27:00+00:00","og_image":[{"width":200,"height":200,"url":"https:\/\/www.naturparkmagazin.de\/vdn\/wp-content\/uploads\/sites\/3\/dscn0590-Beitragsfoto.jpg","type":"image\/jpeg"}],"author":"beatrixlosem","twitter_misc":{"Verfasst von":"beatrixlosem","Gesch\u00e4tzte Lesezeit":"1\u00a0Minute"},"schema":{"@context":"https:\/\/schema.org","@graph":[{"@type":"WebPage","@id":"https:\/\/www.naturparkmagazin.de\/vdn\/himmel-und-erde\/","url":"https:\/\/www.naturparkmagazin.de\/vdn\/himmel-und-erde\/","name":"\u201eHimmel und Erde\"","isPartOf":{"@id":"https:\/\/www.naturparkmagazin.de\/vdn\/#website"},"datePublished":"2015-07-21T08:25:48+00:00","dateModified":"2015-07-21T08:27:00+00:00","author":{"@id":"https:\/\/www.naturparkmagazin.de\/vdn\/#\/schema\/person\/d71357578c318b6db03be60b1f60396b"},"description":"Die Aufnahme von Ralf K\u00f6hler entf\u00fchrt den Betrachter in ein surreal anmutendes Szenario, welches unsere Sehgewohnheiten herausfordert.","breadcrumb":{"@id":"https:\/\/www.naturparkmagazin.de\/vdn\/himmel-und-erde\/#breadcrumb"},"inLanguage":"de","potentialAction":[{"@type":"ReadAction","target":["https:\/\/www.naturparkmagazin.de\/vdn\/himmel-und-erde\/"]}]},{"@type":"BreadcrumbList","@id":"https:\/\/www.naturparkmagazin.de\/vdn\/himmel-und-erde\/#breadcrumb","itemListElement":[{"@type":"ListItem","position":1,"name":"Home","item":"https:\/\/www.naturparkmagazin.de\/vdn\/"},{"@type":"ListItem","position":2,"name":"\u201eHimmel und Erde&#8220;"}]},{"@type":"WebSite","@id":"https:\/\/www.naturparkmagazin.de\/vdn\/#website","url":"https:\/\/www.naturparkmagazin.de\/vdn\/","name":"Verband Deutscher Naturparke","description":"Eine weitere Naturparkmagazin.de Netzwerk Seite","potentialAction":[{"@type":"SearchAction","target":{"@type":"EntryPoint","urlTemplate":"https:\/\/www.naturparkmagazin.de\/vdn\/?s={search_term_string}"},"query-input":"required name=search_term_string"}],"inLanguage":"de"},{"@type":"Person","@id":"https:\/\/www.naturparkmagazin.de\/vdn\/#\/schema\/person\/d71357578c318b6db03be60b1f60396b","name":"beatrixlosem","url":"https:\/\/www.naturparkmagazin.de\/vdn\/author\/beatrixlosem\/"}]}},"_links":{"self":[{"href":"https:\/\/www.naturparkmagazin.de\/vdn\/wp-json\/wp\/v2\/posts\/5658"}],"collection":[{"href":"https:\/\/www.naturparkmagazin.de\/vdn\/wp-json\/wp\/v2\/posts"}],"about":[{"href":"https:\/\/www.naturparkmagazin.de\/vdn\/wp-json\/wp\/v2\/types\/post"}],"author":[{"embeddable":true,"href":"https:\/\/www.naturparkmagazin.de\/vdn\/wp-json\/wp\/v2\/users\/51"}],"replies":[{"embeddable":true,"href":"https:\/\/www.naturparkmagazin.de\/vdn\/wp-json\/wp\/v2\/comments?post=5658"}],"version-history":[{"count":1,"href":"https:\/\/www.naturparkmagazin.de\/vdn\/wp-json\/wp\/v2\/posts\/5658\/revisions"}],"predecessor-version":[{"id":5661,"href":"https:\/\/www.naturparkmagazin.de\/vdn\/wp-json\/wp\/v2\/posts\/5658\/revisions\/5661"}],"wp:featuredmedia":[{"embeddable":true,"href":"https:\/\/www.naturparkmagazin.de\/vdn\/wp-json\/wp\/v2\/media\/5660"}],"wp:attachment":[{"href":"https:\/\/www.naturparkmagazin.de\/vdn\/wp-json\/wp\/v2\/media?parent=5658"}],"wp:term":[{"taxonomy":"category","embeddable":true,"href":"https:\/\/www.naturparkmagazin.de\/vdn\/wp-json\/wp\/v2\/categories?post=5658"},{"taxonomy":"post_tag","embeddable":true,"href":"https:\/\/www.naturparkmagazin.de\/vdn\/wp-json\/wp\/v2\/tags?post=5658"}],"curies":[{"name":"wp","href":"https:\/\/api.w.org\/{rel}","templated":true}]}}