{"id":5666,"date":"2015-07-21T11:01:16","date_gmt":"2015-07-21T09:01:16","guid":{"rendered":"http:\/\/www.naturparkmagazin.de\/vdn\/?p=5666"},"modified":"2015-07-21T11:02:00","modified_gmt":"2015-07-21T09:02:00","slug":"erholung-und-ruhe-naturpark-am-stettiner-haff","status":"publish","type":"post","link":"https:\/\/www.naturparkmagazin.de\/vdn\/erholung-und-ruhe-naturpark-am-stettiner-haff\/","title":{"rendered":"Erholung und Ruhe &#8211; Naturpark Am Stettiner Haff"},"content":{"rendered":"<div id=\"attachment_5667\" style=\"width: 510px\" class=\"wp-caption aligncenter\"><a href=\"https:\/\/www.naturparkmagazin.de\/vdn\/wp-content\/uploads\/sites\/3\/Bild1-Beitrag.jpg\"><img aria-describedby=\"caption-attachment-5667\" decoding=\"async\" loading=\"lazy\" class=\"wp-image-5667 size-full\" src=\"https:\/\/www.naturparkmagazin.de\/vdn\/wp-content\/uploads\/sites\/3\/Bild1-Beitrag.jpg\" alt=\"Copyright: Naturpark Am Stettiner Haff\" width=\"500\" height=\"300\" srcset=\"https:\/\/www.naturparkmagazin.de\/vdn\/wp-content\/uploads\/sites\/3\/Bild1-Beitrag.jpg 500w, https:\/\/www.naturparkmagazin.de\/vdn\/wp-content\/uploads\/sites\/3\/Bild1-Beitrag-300x180.jpg 300w, https:\/\/www.naturparkmagazin.de\/vdn\/wp-content\/uploads\/sites\/3\/Bild1-Beitrag-200x120.jpg 200w\" sizes=\"(max-width: 500px) 100vw, 500px\" \/><\/a><p id=\"caption-attachment-5667\" class=\"wp-caption-text\">Copyright: Naturpark Am Stettiner Haff<\/p><\/div>\n<p>Im Nordosten Mecklenburg-Vorpommerns, in direkter Nachbarschaft zur Republik Polen, erstreckt sich der Naturpark Am Stettiner Haff auf einer Gesamtfl\u00e4che von 537 km\u00b2 in einem der weitl\u00e4ufigsten Gebiete Deutschlands.\nDer Naturpark umfasst die weiten geschlossenen Waldkomplexe der Ueckerm\u00fcnder Heide, die nat\u00fcrlichen und unverbauten Abschnitte der Haffk\u00fcste, die Haffwiesen, die Uecker- und die Randow-Niederungen ebenso wie die Brohmer Berge. Hier finden Sie eine Vielzahl von kleinen und gro\u00dfen Landschaftselementen, so zum Beispiel Binnend\u00fcnen, artenreiche Trockenrasen, R\u00f6hrichtg\u00fcrtel, Wacholderbest\u00e4nde und geheimnisvolle Moore, aber auch bewirtschaftete Kiefernw\u00e4lder und ausgedehnte Buchenw\u00e4lder.<\/p>\n<p>&nbsp;<\/p>\n<div id=\"attachment_5669\" style=\"width: 510px\" class=\"wp-caption aligncenter\"><a href=\"https:\/\/www.naturparkmagazin.de\/vdn\/wp-content\/uploads\/sites\/3\/Binnenduene_Naturparkf\u00f6rderverein-Beitrag.jpg\"><img aria-describedby=\"caption-attachment-5669\" decoding=\"async\" loading=\"lazy\" class=\"wp-image-5669 size-full\" src=\"https:\/\/www.naturparkmagazin.de\/vdn\/wp-content\/uploads\/sites\/3\/Binnenduene_Naturparkf\u00f6rderverein-Beitrag.jpg\" alt=\"Binnend\u00fcne \u00a9 Naturpark Am Stettiner Haff\" width=\"500\" height=\"300\" srcset=\"https:\/\/www.naturparkmagazin.de\/vdn\/wp-content\/uploads\/sites\/3\/Binnenduene_Naturparkf\u00f6rderverein-Beitrag.jpg 500w, https:\/\/www.naturparkmagazin.de\/vdn\/wp-content\/uploads\/sites\/3\/Binnenduene_Naturparkf\u00f6rderverein-Beitrag-300x180.jpg 300w, https:\/\/www.naturparkmagazin.de\/vdn\/wp-content\/uploads\/sites\/3\/Binnenduene_Naturparkf\u00f6rderverein-Beitrag-200x120.jpg 200w\" sizes=\"(max-width: 500px) 100vw, 500px\" \/><\/a><p id=\"caption-attachment-5669\" class=\"wp-caption-text\">Binnend\u00fcne \u00a9 Naturpark Am Stettiner Haff<\/p><\/div>\n<p>Durch die abwechslungsreiche Landschaft mit ihren zahlreichen unterschiedlichen Lebensr\u00e4umen gestaltet sich auch die Tier- und Pflanzenwelt im Naturpark sehr vielf\u00e4ltig. Die Wasserl\u00e4ufe der Seen sowie die zahlreichen Gr\u00e4ben sind ausgezeichnete Jagdreviere f\u00fcr den Fischotter, der auch als Wassermarder bezeichnet wird. Aufmerksame Naturbesucher k\u00f6nnen zahlreiche Fra\u00dfspuren und vielleicht sogar die ein oder andere Burg des Bibers entdecken.\nIn punkto Vogelwelt hat die Naturparkregion ebenfalls einiges zu bieten. Der gr\u00f6\u00dfte Vertreter, der Seeadler, ist mit 15 Brutpaaren vertreten. Der seltene Wiedehopf hat sich die Truppen\u00fcbungspl\u00e4tze als Lebensraum zur\u00fcck erobert. Aber auch au\u00dferhalb der Sperrgebiete kann der scheue Vogel mit etwas Gl\u00fcck beobachtet werden.\nF\u00fcr den immer wiederkehrenden Vogelzug ist der Naturpark ein wichtiges Rastgebiet. So tanken im Herbst und Fr\u00fchjahr Tausende G\u00e4nse und Kraniche auf den abgeernteten Feldern Energie und verbringen ihre Nachtruhe in den flachen Gew\u00e4ssern wie z.B. im Galenbecker See.<\/p>\n<div id=\"attachment_5670\" style=\"width: 510px\" class=\"wp-caption aligncenter\"><a href=\"https:\/\/www.naturparkmagazin.de\/vdn\/wp-content\/uploads\/sites\/3\/alter_Lastenkahn_bei-Rochow_NP-Archiv-Beitrag.jpg\"><img aria-describedby=\"caption-attachment-5670\" decoding=\"async\" loading=\"lazy\" class=\"size-full wp-image-5670\" src=\"https:\/\/www.naturparkmagazin.de\/vdn\/wp-content\/uploads\/sites\/3\/alter_Lastenkahn_bei-Rochow_NP-Archiv-Beitrag.jpg\" alt=\"alter Lastenkahn bei Rochow \u00a9 Naturpark Am Stettiner Haff\" width=\"500\" height=\"300\" srcset=\"https:\/\/www.naturparkmagazin.de\/vdn\/wp-content\/uploads\/sites\/3\/alter_Lastenkahn_bei-Rochow_NP-Archiv-Beitrag.jpg 500w, https:\/\/www.naturparkmagazin.de\/vdn\/wp-content\/uploads\/sites\/3\/alter_Lastenkahn_bei-Rochow_NP-Archiv-Beitrag-300x180.jpg 300w, https:\/\/www.naturparkmagazin.de\/vdn\/wp-content\/uploads\/sites\/3\/alter_Lastenkahn_bei-Rochow_NP-Archiv-Beitrag-200x120.jpg 200w\" sizes=\"(max-width: 500px) 100vw, 500px\" \/><\/a><p id=\"caption-attachment-5670\" class=\"wp-caption-text\">alter Lastenkahn bei Rochow \u00a9 Naturpark Am Stettiner Haff<\/p><\/div>\n<p>Infolge der unterschiedlichen Wasserversorgung der B\u00f6den hat sich eine artenreiche Pflanzenwelt entwickelt. Neben den bewirtschafteten Nadelholzforsten findet man ausgedehnte, naturnahe Mischw\u00e4lder, die von Buche und Eiche dominiert werden. Auf trockenen Standorten trifft man die f\u00fcr den Naturpark charakteristischen D\u00fcnen mit Kiefernw\u00e4ldern und Heidefl\u00e4chen mit Wacholder an.\nDer Naturpark wird durch Erholung und Ruhe gepr\u00e4gt. Auf einem komplexen touristischen Wegenetz von rund 1.000 km, attraktiven Seglerh\u00e4fen in M\u00f6nkebude oder Ueckerm\u00fcnde und Wanderrastpl\u00e4tzen auch an Fl\u00fcssen k\u00f6nnen Besucher den Naturpark zu Fu\u00df, per Rad, mit dem Boot oder auf dem Pferder\u00fccken erschlie\u00dfen und seine Kultur und Landschaft erkunden.\nBesonders beliebt bei den Touristen sind der Botanische Garten in Christiansberg, der Tierpark mit Fischotteranlage in Ueckerm\u00fcnde und das Mittelalterzentrum in Torgelow. Nicht zu vergessen das Ukranenland, das aus einem Freilichtmuseum mit Geschichts- und Naturlehrpfad und historischen Schiffen aus der Slawenzeit besteht.<\/p>\n<p>N\u00e4here Informationen zum Naturpark finden Sie <a href=\"http:\/\/www.naturpark-am-stettiner-haff.de\/\">hier<\/a><\/p>\n<div id=\"attachment_5671\" style=\"width: 510px\" class=\"wp-caption aligncenter\"><a href=\"https:\/\/www.naturparkmagazin.de\/vdn\/wp-content\/uploads\/sites\/3\/J.Barth-Breitling-in-Liepgarten-Beitrag.jpg\"><img aria-describedby=\"caption-attachment-5671\" decoding=\"async\" loading=\"lazy\" class=\"size-full wp-image-5671\" src=\"https:\/\/www.naturparkmagazin.de\/vdn\/wp-content\/uploads\/sites\/3\/J.Barth-Breitling-in-Liepgarten-Beitrag.jpg\" alt=\"Breitling in Liepgarten \u00a9 J.Barth \" width=\"500\" height=\"300\" srcset=\"https:\/\/www.naturparkmagazin.de\/vdn\/wp-content\/uploads\/sites\/3\/J.Barth-Breitling-in-Liepgarten-Beitrag.jpg 500w, https:\/\/www.naturparkmagazin.de\/vdn\/wp-content\/uploads\/sites\/3\/J.Barth-Breitling-in-Liepgarten-Beitrag-300x180.jpg 300w, https:\/\/www.naturparkmagazin.de\/vdn\/wp-content\/uploads\/sites\/3\/J.Barth-Breitling-in-Liepgarten-Beitrag-200x120.jpg 200w\" sizes=\"(max-width: 500px) 100vw, 500px\" \/><\/a><p id=\"caption-attachment-5671\" class=\"wp-caption-text\">Breitling in Liepgarten \u00a9 J.Barth<\/p><\/div>\n<p>&nbsp;<\/p>\n","protected":false},"excerpt":{"rendered":"<p>Im Nordosten Mecklenburg-Vorpommerns, in direkter Nachbarschaft zur Republik Polen, erstreckt sich der Naturpark Am Stettiner Haff auf einer Gesamtfl\u00e4che von 537 km\u00b2 in einem der weitl\u00e4ufigsten Gebiete Deutschlands. Hier finden Sie eine Vielzahl von kleinen und gro\u00dfen Landschaftselementen die eine vielf\u00e4ltige Tier- und Pflanzenwelt hervorgebracht haben. Auf einem komplexen touristischen Wegenetz von rund 1.000 km k\u00f6nnen Besucher den Naturpark zu Fu\u00df, per Rad, mit dem Boot oder auf dem Pferder\u00fccken erschlie\u00dfen und seine Kultur und Landschaft erkunden. <\/p>\n","protected":false},"author":51,"featured_media":5668,"comment_status":"open","ping_status":"open","sticky":false,"template":"","format":"standard","meta":{"_links_to":"","_links_to_target":""},"categories":[15],"tags":[316,84,3155,91,231,460,82,134],"yoast_head":"<!-- This site is optimized with the Yoast SEO plugin v19.10 - https:\/\/yoast.com\/wordpress\/plugins\/seo\/ -->\n<title>Erholung und Ruhe - Naturpark Am Stettiner Haff<\/title>\n<meta name=\"description\" content=\"Im Nordosten Mecklenburg-Vorpommerns, in direkter Nachbarschaft zur Republik Polen, erstreckt sich der Naturpark Am Stettiner Haff auf einer Gesamtfl\u00e4che von 537 km\u00b2 in einem der weitl\u00e4ufigsten Gebiete Deutschlands. Hier finden Sie eine Vielzahl von kleinen und gro\u00dfen Landschaftselementen die eine vielf\u00e4ltige Tier- und Pflanzenwelt hervorgebracht haben. Auf einem komplexen touristischen Wegenetz von rund 1.000 km k\u00f6nnen Besucher den Naturpark zu Fu\u00df, per Rad, mit dem Boot oder auf dem Pferder\u00fccken erschlie\u00dfen und seine Kultur und Landschaft erkunden.\" \/>\n<meta name=\"robots\" content=\"index, follow, max-snippet:-1, max-image-preview:large, max-video-preview:-1\" \/>\n<link rel=\"canonical\" href=\"https:\/\/www.naturparkmagazin.de\/vdn\/erholung-und-ruhe-naturpark-am-stettiner-haff\/\" \/>\n<meta property=\"og:locale\" content=\"de_DE\" \/>\n<meta property=\"og:type\" content=\"article\" \/>\n<meta property=\"og:title\" content=\"Erholung und Ruhe - Naturpark Am Stettiner Haff\" \/>\n<meta property=\"og:description\" content=\"Im Nordosten Mecklenburg-Vorpommerns, in direkter Nachbarschaft zur Republik Polen, erstreckt sich der Naturpark Am Stettiner Haff auf einer Gesamtfl\u00e4che von 537 km\u00b2 in einem der weitl\u00e4ufigsten Gebiete Deutschlands. Hier finden Sie eine Vielzahl von kleinen und gro\u00dfen Landschaftselementen die eine vielf\u00e4ltige Tier- und Pflanzenwelt hervorgebracht haben. Auf einem komplexen touristischen Wegenetz von rund 1.000 km k\u00f6nnen Besucher den Naturpark zu Fu\u00df, per Rad, mit dem Boot oder auf dem Pferder\u00fccken erschlie\u00dfen und seine Kultur und Landschaft erkunden.\" \/>\n<meta property=\"og:url\" content=\"https:\/\/www.naturparkmagazin.de\/vdn\/erholung-und-ruhe-naturpark-am-stettiner-haff\/\" \/>\n<meta property=\"og:site_name\" content=\"Verband Deutscher Naturparke\" \/>\n<meta property=\"article:published_time\" content=\"2015-07-21T09:01:16+00:00\" \/>\n<meta property=\"article:modified_time\" content=\"2015-07-21T09:02:00+00:00\" \/>\n<meta property=\"og:image\" content=\"https:\/\/www.naturparkmagazin.de\/vdn\/wp-content\/uploads\/sites\/3\/Bild1Beitragsfoto.jpg\" \/>\n\t<meta property=\"og:image:width\" content=\"200\" \/>\n\t<meta property=\"og:image:height\" content=\"200\" \/>\n\t<meta property=\"og:image:type\" content=\"image\/jpeg\" \/>\n<meta name=\"author\" content=\"beatrixlosem\" \/>\n<meta name=\"twitter:label1\" content=\"Verfasst von\" \/>\n\t<meta name=\"twitter:data1\" content=\"beatrixlosem\" \/>\n\t<meta name=\"twitter:label2\" content=\"Gesch\u00e4tzte Lesezeit\" \/>\n\t<meta name=\"twitter:data2\" content=\"2\u00a0Minuten\" \/>\n<script type=\"application\/ld+json\" class=\"yoast-schema-graph\">{\"@context\":\"https:\/\/schema.org\",\"@graph\":[{\"@type\":\"WebPage\",\"@id\":\"https:\/\/www.naturparkmagazin.de\/vdn\/erholung-und-ruhe-naturpark-am-stettiner-haff\/\",\"url\":\"https:\/\/www.naturparkmagazin.de\/vdn\/erholung-und-ruhe-naturpark-am-stettiner-haff\/\",\"name\":\"Erholung und Ruhe - Naturpark Am Stettiner Haff\",\"isPartOf\":{\"@id\":\"https:\/\/www.naturparkmagazin.de\/vdn\/#website\"},\"datePublished\":\"2015-07-21T09:01:16+00:00\",\"dateModified\":\"2015-07-21T09:02:00+00:00\",\"author\":{\"@id\":\"https:\/\/www.naturparkmagazin.de\/vdn\/#\/schema\/person\/d71357578c318b6db03be60b1f60396b\"},\"description\":\"Im Nordosten Mecklenburg-Vorpommerns, in direkter Nachbarschaft zur Republik Polen, erstreckt sich der Naturpark Am Stettiner Haff auf einer Gesamtfl\u00e4che von 537 km\u00b2 in einem der weitl\u00e4ufigsten Gebiete Deutschlands. Hier finden Sie eine Vielzahl von kleinen und gro\u00dfen Landschaftselementen die eine vielf\u00e4ltige Tier- und Pflanzenwelt hervorgebracht haben. Auf einem komplexen touristischen Wegenetz von rund 1.000 km k\u00f6nnen Besucher den Naturpark zu Fu\u00df, per Rad, mit dem Boot oder auf dem Pferder\u00fccken erschlie\u00dfen und seine Kultur und Landschaft erkunden.\",\"breadcrumb\":{\"@id\":\"https:\/\/www.naturparkmagazin.de\/vdn\/erholung-und-ruhe-naturpark-am-stettiner-haff\/#breadcrumb\"},\"inLanguage\":\"de\",\"potentialAction\":[{\"@type\":\"ReadAction\",\"target\":[\"https:\/\/www.naturparkmagazin.de\/vdn\/erholung-und-ruhe-naturpark-am-stettiner-haff\/\"]}]},{\"@type\":\"BreadcrumbList\",\"@id\":\"https:\/\/www.naturparkmagazin.de\/vdn\/erholung-und-ruhe-naturpark-am-stettiner-haff\/#breadcrumb\",\"itemListElement\":[{\"@type\":\"ListItem\",\"position\":1,\"name\":\"Home\",\"item\":\"https:\/\/www.naturparkmagazin.de\/vdn\/\"},{\"@type\":\"ListItem\",\"position\":2,\"name\":\"Erholung und Ruhe &#8211; Naturpark Am Stettiner Haff\"}]},{\"@type\":\"WebSite\",\"@id\":\"https:\/\/www.naturparkmagazin.de\/vdn\/#website\",\"url\":\"https:\/\/www.naturparkmagazin.de\/vdn\/\",\"name\":\"Verband Deutscher Naturparke\",\"description\":\"Eine weitere Naturparkmagazin.de Netzwerk Seite\",\"potentialAction\":[{\"@type\":\"SearchAction\",\"target\":{\"@type\":\"EntryPoint\",\"urlTemplate\":\"https:\/\/www.naturparkmagazin.de\/vdn\/?s={search_term_string}\"},\"query-input\":\"required name=search_term_string\"}],\"inLanguage\":\"de\"},{\"@type\":\"Person\",\"@id\":\"https:\/\/www.naturparkmagazin.de\/vdn\/#\/schema\/person\/d71357578c318b6db03be60b1f60396b\",\"name\":\"beatrixlosem\",\"url\":\"https:\/\/www.naturparkmagazin.de\/vdn\/author\/beatrixlosem\/\"}]}<\/script>\n<!-- \/ Yoast SEO plugin. -->","yoast_head_json":{"title":"Erholung und Ruhe - Naturpark Am Stettiner Haff","description":"Im Nordosten Mecklenburg-Vorpommerns, in direkter Nachbarschaft zur Republik Polen, erstreckt sich der Naturpark Am Stettiner Haff auf einer Gesamtfl\u00e4che von 537 km\u00b2 in einem der weitl\u00e4ufigsten Gebiete Deutschlands. Hier finden Sie eine Vielzahl von kleinen und gro\u00dfen Landschaftselementen die eine vielf\u00e4ltige Tier- und Pflanzenwelt hervorgebracht haben. Auf einem komplexen touristischen Wegenetz von rund 1.000 km k\u00f6nnen Besucher den Naturpark zu Fu\u00df, per Rad, mit dem Boot oder auf dem Pferder\u00fccken erschlie\u00dfen und seine Kultur und Landschaft erkunden.","robots":{"index":"index","follow":"follow","max-snippet":"max-snippet:-1","max-image-preview":"max-image-preview:large","max-video-preview":"max-video-preview:-1"},"canonical":"https:\/\/www.naturparkmagazin.de\/vdn\/erholung-und-ruhe-naturpark-am-stettiner-haff\/","og_locale":"de_DE","og_type":"article","og_title":"Erholung und Ruhe - Naturpark Am Stettiner Haff","og_description":"Im Nordosten Mecklenburg-Vorpommerns, in direkter Nachbarschaft zur Republik Polen, erstreckt sich der Naturpark Am Stettiner Haff auf einer Gesamtfl\u00e4che von 537 km\u00b2 in einem der weitl\u00e4ufigsten Gebiete Deutschlands. Hier finden Sie eine Vielzahl von kleinen und gro\u00dfen Landschaftselementen die eine vielf\u00e4ltige Tier- und Pflanzenwelt hervorgebracht haben. Auf einem komplexen touristischen Wegenetz von rund 1.000 km k\u00f6nnen Besucher den Naturpark zu Fu\u00df, per Rad, mit dem Boot oder auf dem Pferder\u00fccken erschlie\u00dfen und seine Kultur und Landschaft erkunden.","og_url":"https:\/\/www.naturparkmagazin.de\/vdn\/erholung-und-ruhe-naturpark-am-stettiner-haff\/","og_site_name":"Verband Deutscher Naturparke","article_published_time":"2015-07-21T09:01:16+00:00","article_modified_time":"2015-07-21T09:02:00+00:00","og_image":[{"width":200,"height":200,"url":"https:\/\/www.naturparkmagazin.de\/vdn\/wp-content\/uploads\/sites\/3\/Bild1Beitragsfoto.jpg","type":"image\/jpeg"}],"author":"beatrixlosem","twitter_misc":{"Verfasst von":"beatrixlosem","Gesch\u00e4tzte Lesezeit":"2\u00a0Minuten"},"schema":{"@context":"https:\/\/schema.org","@graph":[{"@type":"WebPage","@id":"https:\/\/www.naturparkmagazin.de\/vdn\/erholung-und-ruhe-naturpark-am-stettiner-haff\/","url":"https:\/\/www.naturparkmagazin.de\/vdn\/erholung-und-ruhe-naturpark-am-stettiner-haff\/","name":"Erholung und Ruhe - Naturpark Am Stettiner Haff","isPartOf":{"@id":"https:\/\/www.naturparkmagazin.de\/vdn\/#website"},"datePublished":"2015-07-21T09:01:16+00:00","dateModified":"2015-07-21T09:02:00+00:00","author":{"@id":"https:\/\/www.naturparkmagazin.de\/vdn\/#\/schema\/person\/d71357578c318b6db03be60b1f60396b"},"description":"Im Nordosten Mecklenburg-Vorpommerns, in direkter Nachbarschaft zur Republik Polen, erstreckt sich der Naturpark Am Stettiner Haff auf einer Gesamtfl\u00e4che von 537 km\u00b2 in einem der weitl\u00e4ufigsten Gebiete Deutschlands. Hier finden Sie eine Vielzahl von kleinen und gro\u00dfen Landschaftselementen die eine vielf\u00e4ltige Tier- und Pflanzenwelt hervorgebracht haben. Auf einem komplexen touristischen Wegenetz von rund 1.000 km k\u00f6nnen Besucher den Naturpark zu Fu\u00df, per Rad, mit dem Boot oder auf dem Pferder\u00fccken erschlie\u00dfen und seine Kultur und Landschaft erkunden.","breadcrumb":{"@id":"https:\/\/www.naturparkmagazin.de\/vdn\/erholung-und-ruhe-naturpark-am-stettiner-haff\/#breadcrumb"},"inLanguage":"de","potentialAction":[{"@type":"ReadAction","target":["https:\/\/www.naturparkmagazin.de\/vdn\/erholung-und-ruhe-naturpark-am-stettiner-haff\/"]}]},{"@type":"BreadcrumbList","@id":"https:\/\/www.naturparkmagazin.de\/vdn\/erholung-und-ruhe-naturpark-am-stettiner-haff\/#breadcrumb","itemListElement":[{"@type":"ListItem","position":1,"name":"Home","item":"https:\/\/www.naturparkmagazin.de\/vdn\/"},{"@type":"ListItem","position":2,"name":"Erholung und Ruhe &#8211; Naturpark Am Stettiner Haff"}]},{"@type":"WebSite","@id":"https:\/\/www.naturparkmagazin.de\/vdn\/#website","url":"https:\/\/www.naturparkmagazin.de\/vdn\/","name":"Verband Deutscher Naturparke","description":"Eine weitere Naturparkmagazin.de Netzwerk Seite","potentialAction":[{"@type":"SearchAction","target":{"@type":"EntryPoint","urlTemplate":"https:\/\/www.naturparkmagazin.de\/vdn\/?s={search_term_string}"},"query-input":"required name=search_term_string"}],"inLanguage":"de"},{"@type":"Person","@id":"https:\/\/www.naturparkmagazin.de\/vdn\/#\/schema\/person\/d71357578c318b6db03be60b1f60396b","name":"beatrixlosem","url":"https:\/\/www.naturparkmagazin.de\/vdn\/author\/beatrixlosem\/"}]}},"_links":{"self":[{"href":"https:\/\/www.naturparkmagazin.de\/vdn\/wp-json\/wp\/v2\/posts\/5666"}],"collection":[{"href":"https:\/\/www.naturparkmagazin.de\/vdn\/wp-json\/wp\/v2\/posts"}],"about":[{"href":"https:\/\/www.naturparkmagazin.de\/vdn\/wp-json\/wp\/v2\/types\/post"}],"author":[{"embeddable":true,"href":"https:\/\/www.naturparkmagazin.de\/vdn\/wp-json\/wp\/v2\/users\/51"}],"replies":[{"embeddable":true,"href":"https:\/\/www.naturparkmagazin.de\/vdn\/wp-json\/wp\/v2\/comments?post=5666"}],"version-history":[{"count":2,"href":"https:\/\/www.naturparkmagazin.de\/vdn\/wp-json\/wp\/v2\/posts\/5666\/revisions"}],"predecessor-version":[{"id":5673,"href":"https:\/\/www.naturparkmagazin.de\/vdn\/wp-json\/wp\/v2\/posts\/5666\/revisions\/5673"}],"wp:featuredmedia":[{"embeddable":true,"href":"https:\/\/www.naturparkmagazin.de\/vdn\/wp-json\/wp\/v2\/media\/5668"}],"wp:attachment":[{"href":"https:\/\/www.naturparkmagazin.de\/vdn\/wp-json\/wp\/v2\/media?parent=5666"}],"wp:term":[{"taxonomy":"category","embeddable":true,"href":"https:\/\/www.naturparkmagazin.de\/vdn\/wp-json\/wp\/v2\/categories?post=5666"},{"taxonomy":"post_tag","embeddable":true,"href":"https:\/\/www.naturparkmagazin.de\/vdn\/wp-json\/wp\/v2\/tags?post=5666"}],"curies":[{"name":"wp","href":"https:\/\/api.w.org\/{rel}","templated":true}]}}