{"id":5703,"date":"2015-07-21T11:52:56","date_gmt":"2015-07-21T09:52:56","guid":{"rendered":"http:\/\/www.naturparkmagazin.de\/vdn\/?p=5703"},"modified":"2015-07-27T10:53:27","modified_gmt":"2015-07-27T08:53:27","slug":"laenderinitiative-regionalentwicklung-in-grossschutzgebieten","status":"publish","type":"post","link":"https:\/\/www.naturparkmagazin.de\/vdn\/laenderinitiative-regionalentwicklung-in-grossschutzgebieten\/","title":{"rendered":"\u201eL\u00e4nderinitiative\u201c &#8211; Regionalentwicklung in Gro\u00dfschutzgebieten"},"content":{"rendered":"<div id=\"attachment_5705\" style=\"width: 510px\" class=\"wp-caption aligncenter\"><a href=\"https:\/\/www.naturparkmagazin.de\/vdn\/wp-content\/uploads\/sites\/3\/glckliche-khe-beitrag.jpg\"><img aria-describedby=\"caption-attachment-5705\" decoding=\"async\" loading=\"lazy\" class=\"size-full wp-image-5705\" src=\"https:\/\/www.naturparkmagazin.de\/vdn\/wp-content\/uploads\/sites\/3\/glckliche-khe-beitrag.jpg\" alt=\"Gl\u00fcckliche K\u00fche \u00a9 VDN\/Johannes Nutt\" width=\"500\" height=\"300\" srcset=\"https:\/\/www.naturparkmagazin.de\/vdn\/wp-content\/uploads\/sites\/3\/glckliche-khe-beitrag.jpg 500w, https:\/\/www.naturparkmagazin.de\/vdn\/wp-content\/uploads\/sites\/3\/glckliche-khe-beitrag-300x180.jpg 300w, https:\/\/www.naturparkmagazin.de\/vdn\/wp-content\/uploads\/sites\/3\/glckliche-khe-beitrag-200x120.jpg 200w\" sizes=\"(max-width: 500px) 100vw, 500px\" \/><\/a><p id=\"caption-attachment-5705\" class=\"wp-caption-text\">Gl\u00fcckliche K\u00fche \u00a9 VDN\/Johannes Nutt<\/p><\/div>\n<p>Der VDN ist durch J\u00f6rg Liesen, Stellv. Gesch\u00e4ftsf\u00fchrer, in der neu gegr\u00fcndeten AG der Akademie f\u00fcr Raumforschung und Landesplanung (ARL) vertreten, die sich speziell f\u00fcr die Bundesl\u00e4nder Hessen, Rheinland-Pfalz und Saarland dem Thema \u201eRegionalentwicklung in Gro\u00dfschutzgebieten\u201c angenommen hat.<\/p>\n<p>Die Gro\u00dfschutzgebiete wie Naturparke, Nationalparke und Biosph\u00e4renreservate haben bereits eine l\u00e4ngere Tradition. In der \u00f6ffentlichen Wahrnehmung sind insbesondere Naturparke nur begrenzt pr\u00e4sent. Mit den Novellierungen des Bundesnaturschutzgesetzes (\u00a7 27) in den Jahren 2002 und 2010 wurde den Naturparken die Aufgabe der nachhaltigen Regionalentwicklung als gesetzlicher Auftrag zuteil. Wird nun ein Vergleich zu Naturparken angestellt, ergibt sich ein markantes Ungleichgewicht: Naturparke sind im Vergleich zu Nationalparken erheblich gr\u00f6\u00dfer und haben ein deutlich breiter gefasstes Aufgabenspektrum. Dennoch haben Naturparke im Vergleich zu Nationalparken eine wesentlich geringere personelle und finanzielle Ausstattung, mit der sie die breit gef\u00e4cherten Aufgaben umsetzen sollen.<\/p>\n<div id=\"attachment_5706\" style=\"width: 510px\" class=\"wp-caption aligncenter\"><a href=\"https:\/\/www.naturparkmagazin.de\/vdn\/wp-content\/uploads\/sites\/3\/img-8019-Beitrag.jpg\"><img aria-describedby=\"caption-attachment-5706\" decoding=\"async\" loading=\"lazy\" class=\"size-full wp-image-5706\" src=\"https:\/\/www.naturparkmagazin.de\/vdn\/wp-content\/uploads\/sites\/3\/img-8019-Beitrag.jpg\" alt=\"F\u00fcr den Wettbewerb Aktiv im Naturpark \u00a9 VDN\/S. Jost\" width=\"500\" height=\"300\" srcset=\"https:\/\/www.naturparkmagazin.de\/vdn\/wp-content\/uploads\/sites\/3\/img-8019-Beitrag.jpg 500w, https:\/\/www.naturparkmagazin.de\/vdn\/wp-content\/uploads\/sites\/3\/img-8019-Beitrag-300x180.jpg 300w, https:\/\/www.naturparkmagazin.de\/vdn\/wp-content\/uploads\/sites\/3\/img-8019-Beitrag-200x120.jpg 200w\" sizes=\"(max-width: 500px) 100vw, 500px\" \/><\/a><p id=\"caption-attachment-5706\" class=\"wp-caption-text\">F\u00fcr den Wettbewerb Aktiv im Naturpark \u00a9 VDN\/S. Jost<\/p><\/div>\n<p>Gerade f\u00fcr die Bundesl\u00e4nder Hessen, Rheinland-Pfalz und Saarland sind die beschriebenen Entwicklungen von gr\u00f6\u00dfter Relevanz. Dabei spielt der neue bundesl\u00e4nder\u00fcbergreifende Nationalpark Hunsr\u00fcck-Hochwald (Landesgrenze Saarland\/Rheinland-Pfalz) und sein Verh\u00e4ltnis zum umgebenden Naturpark Saar-Hunsr\u00fcck eine wichtige Rolle. Wie sieht vor diesem Hintergrund die zuk\u00fcnftige Entwicklung der Gro\u00dfschutzgebiete im LAG-Gebiet aus? Welche Rolle kann und wird dabei die Regionalentwicklung spielen? Solche und weitere Fragen widmet sich die AG der ARL bis Ende 2016.\nWeiter Infos unter: <a href=\"http:\/\/www.arl-net.de\/projekte\/regionalentwicklung-grossschutzgebieten-entwicklungen-und-zukunftsperspektiven\">http:\/\/www.arl-net.de\/projekte\/regionalentwicklung-grossschutzgebieten-entwicklungen-und-zukunftsperspektiven<\/a><\/p>\n<p>&nbsp;<\/p>\n","protected":false},"excerpt":{"rendered":"<p>Eine neue AG der Akademie f\u00fcr Raumforschung und Landesplanung (ARL) hat sich dem Thema \u201eRegionalentwicklung in Gro\u00dfschutzgebieten\u201c angenommen. Der VDN ist hier mit  J\u00f6rg Liesen vertreten. <\/p>\n","protected":false},"author":51,"featured_media":5704,"comment_status":"open","ping_status":"open","sticky":false,"template":"","format":"standard","meta":{"_links_to":"","_links_to_target":""},"categories":[7],"tags":[316,91,86,3149,82,41],"yoast_head":"<!-- This site is optimized with the Yoast SEO plugin v19.10 - https:\/\/yoast.com\/wordpress\/plugins\/seo\/ -->\n<title>\u201eL\u00e4nderinitiative\u201c - Regionalentwicklung in Gro\u00dfschutzgebieten<\/title>\n<meta name=\"description\" content=\"Eine neue AG der Akademie f\u00fcr Raumforschung und Landesplanung (ARL) hat sich dem Thema \u201eRegionalentwicklung in Gro\u00dfschutzgebieten\u201c angenommen. Der VDN ist hier mit J\u00f6rg Liesen vertreten.\" \/>\n<meta name=\"robots\" content=\"index, follow, max-snippet:-1, max-image-preview:large, max-video-preview:-1\" \/>\n<link rel=\"canonical\" href=\"https:\/\/www.naturparkmagazin.de\/vdn\/laenderinitiative-regionalentwicklung-in-grossschutzgebieten\/\" \/>\n<meta property=\"og:locale\" content=\"de_DE\" \/>\n<meta property=\"og:type\" content=\"article\" \/>\n<meta property=\"og:title\" content=\"\u201eL\u00e4nderinitiative\u201c - Regionalentwicklung in Gro\u00dfschutzgebieten\" \/>\n<meta property=\"og:description\" content=\"Eine neue AG der Akademie f\u00fcr Raumforschung und Landesplanung (ARL) hat sich dem Thema \u201eRegionalentwicklung in Gro\u00dfschutzgebieten\u201c angenommen. Der VDN ist hier mit J\u00f6rg Liesen vertreten.\" \/>\n<meta property=\"og:url\" content=\"https:\/\/www.naturparkmagazin.de\/vdn\/laenderinitiative-regionalentwicklung-in-grossschutzgebieten\/\" \/>\n<meta property=\"og:site_name\" content=\"Verband Deutscher Naturparke\" \/>\n<meta property=\"article:published_time\" content=\"2015-07-21T09:52:56+00:00\" \/>\n<meta property=\"article:modified_time\" content=\"2015-07-27T08:53:27+00:00\" \/>\n<meta property=\"og:image\" content=\"https:\/\/www.naturparkmagazin.de\/vdn\/wp-content\/uploads\/sites\/3\/glckliche-khe-beitragsfoto.jpg\" \/>\n\t<meta property=\"og:image:width\" content=\"200\" \/>\n\t<meta property=\"og:image:height\" content=\"200\" \/>\n\t<meta property=\"og:image:type\" content=\"image\/jpeg\" \/>\n<meta name=\"author\" content=\"beatrixlosem\" \/>\n<meta name=\"twitter:label1\" content=\"Verfasst von\" \/>\n\t<meta name=\"twitter:data1\" content=\"beatrixlosem\" \/>\n\t<meta name=\"twitter:label2\" content=\"Gesch\u00e4tzte Lesezeit\" \/>\n\t<meta name=\"twitter:data2\" content=\"1\u00a0Minute\" \/>\n<script type=\"application\/ld+json\" class=\"yoast-schema-graph\">{\"@context\":\"https:\/\/schema.org\",\"@graph\":[{\"@type\":\"WebPage\",\"@id\":\"https:\/\/www.naturparkmagazin.de\/vdn\/laenderinitiative-regionalentwicklung-in-grossschutzgebieten\/\",\"url\":\"https:\/\/www.naturparkmagazin.de\/vdn\/laenderinitiative-regionalentwicklung-in-grossschutzgebieten\/\",\"name\":\"\u201eL\u00e4nderinitiative\u201c - Regionalentwicklung in Gro\u00dfschutzgebieten\",\"isPartOf\":{\"@id\":\"https:\/\/www.naturparkmagazin.de\/vdn\/#website\"},\"datePublished\":\"2015-07-21T09:52:56+00:00\",\"dateModified\":\"2015-07-27T08:53:27+00:00\",\"author\":{\"@id\":\"https:\/\/www.naturparkmagazin.de\/vdn\/#\/schema\/person\/d71357578c318b6db03be60b1f60396b\"},\"description\":\"Eine neue AG der Akademie f\u00fcr Raumforschung und Landesplanung (ARL) hat sich dem Thema \u201eRegionalentwicklung in Gro\u00dfschutzgebieten\u201c angenommen. Der VDN ist hier mit J\u00f6rg Liesen vertreten.\",\"breadcrumb\":{\"@id\":\"https:\/\/www.naturparkmagazin.de\/vdn\/laenderinitiative-regionalentwicklung-in-grossschutzgebieten\/#breadcrumb\"},\"inLanguage\":\"de\",\"potentialAction\":[{\"@type\":\"ReadAction\",\"target\":[\"https:\/\/www.naturparkmagazin.de\/vdn\/laenderinitiative-regionalentwicklung-in-grossschutzgebieten\/\"]}]},{\"@type\":\"BreadcrumbList\",\"@id\":\"https:\/\/www.naturparkmagazin.de\/vdn\/laenderinitiative-regionalentwicklung-in-grossschutzgebieten\/#breadcrumb\",\"itemListElement\":[{\"@type\":\"ListItem\",\"position\":1,\"name\":\"Home\",\"item\":\"https:\/\/www.naturparkmagazin.de\/vdn\/\"},{\"@type\":\"ListItem\",\"position\":2,\"name\":\"\u201eL\u00e4nderinitiative\u201c &#8211; Regionalentwicklung in Gro\u00dfschutzgebieten\"}]},{\"@type\":\"WebSite\",\"@id\":\"https:\/\/www.naturparkmagazin.de\/vdn\/#website\",\"url\":\"https:\/\/www.naturparkmagazin.de\/vdn\/\",\"name\":\"Verband Deutscher Naturparke\",\"description\":\"Eine weitere Naturparkmagazin.de Netzwerk Seite\",\"potentialAction\":[{\"@type\":\"SearchAction\",\"target\":{\"@type\":\"EntryPoint\",\"urlTemplate\":\"https:\/\/www.naturparkmagazin.de\/vdn\/?s={search_term_string}\"},\"query-input\":\"required name=search_term_string\"}],\"inLanguage\":\"de\"},{\"@type\":\"Person\",\"@id\":\"https:\/\/www.naturparkmagazin.de\/vdn\/#\/schema\/person\/d71357578c318b6db03be60b1f60396b\",\"name\":\"beatrixlosem\",\"url\":\"https:\/\/www.naturparkmagazin.de\/vdn\/author\/beatrixlosem\/\"}]}<\/script>\n<!-- \/ Yoast SEO plugin. -->","yoast_head_json":{"title":"\u201eL\u00e4nderinitiative\u201c - Regionalentwicklung in Gro\u00dfschutzgebieten","description":"Eine neue AG der Akademie f\u00fcr Raumforschung und Landesplanung (ARL) hat sich dem Thema \u201eRegionalentwicklung in Gro\u00dfschutzgebieten\u201c angenommen. Der VDN ist hier mit J\u00f6rg Liesen vertreten.","robots":{"index":"index","follow":"follow","max-snippet":"max-snippet:-1","max-image-preview":"max-image-preview:large","max-video-preview":"max-video-preview:-1"},"canonical":"https:\/\/www.naturparkmagazin.de\/vdn\/laenderinitiative-regionalentwicklung-in-grossschutzgebieten\/","og_locale":"de_DE","og_type":"article","og_title":"\u201eL\u00e4nderinitiative\u201c - Regionalentwicklung in Gro\u00dfschutzgebieten","og_description":"Eine neue AG der Akademie f\u00fcr Raumforschung und Landesplanung (ARL) hat sich dem Thema \u201eRegionalentwicklung in Gro\u00dfschutzgebieten\u201c angenommen. Der VDN ist hier mit J\u00f6rg Liesen vertreten.","og_url":"https:\/\/www.naturparkmagazin.de\/vdn\/laenderinitiative-regionalentwicklung-in-grossschutzgebieten\/","og_site_name":"Verband Deutscher Naturparke","article_published_time":"2015-07-21T09:52:56+00:00","article_modified_time":"2015-07-27T08:53:27+00:00","og_image":[{"width":200,"height":200,"url":"https:\/\/www.naturparkmagazin.de\/vdn\/wp-content\/uploads\/sites\/3\/glckliche-khe-beitragsfoto.jpg","type":"image\/jpeg"}],"author":"beatrixlosem","twitter_misc":{"Verfasst von":"beatrixlosem","Gesch\u00e4tzte Lesezeit":"1\u00a0Minute"},"schema":{"@context":"https:\/\/schema.org","@graph":[{"@type":"WebPage","@id":"https:\/\/www.naturparkmagazin.de\/vdn\/laenderinitiative-regionalentwicklung-in-grossschutzgebieten\/","url":"https:\/\/www.naturparkmagazin.de\/vdn\/laenderinitiative-regionalentwicklung-in-grossschutzgebieten\/","name":"\u201eL\u00e4nderinitiative\u201c - Regionalentwicklung in Gro\u00dfschutzgebieten","isPartOf":{"@id":"https:\/\/www.naturparkmagazin.de\/vdn\/#website"},"datePublished":"2015-07-21T09:52:56+00:00","dateModified":"2015-07-27T08:53:27+00:00","author":{"@id":"https:\/\/www.naturparkmagazin.de\/vdn\/#\/schema\/person\/d71357578c318b6db03be60b1f60396b"},"description":"Eine neue AG der Akademie f\u00fcr Raumforschung und Landesplanung (ARL) hat sich dem Thema \u201eRegionalentwicklung in Gro\u00dfschutzgebieten\u201c angenommen. Der VDN ist hier mit J\u00f6rg Liesen vertreten.","breadcrumb":{"@id":"https:\/\/www.naturparkmagazin.de\/vdn\/laenderinitiative-regionalentwicklung-in-grossschutzgebieten\/#breadcrumb"},"inLanguage":"de","potentialAction":[{"@type":"ReadAction","target":["https:\/\/www.naturparkmagazin.de\/vdn\/laenderinitiative-regionalentwicklung-in-grossschutzgebieten\/"]}]},{"@type":"BreadcrumbList","@id":"https:\/\/www.naturparkmagazin.de\/vdn\/laenderinitiative-regionalentwicklung-in-grossschutzgebieten\/#breadcrumb","itemListElement":[{"@type":"ListItem","position":1,"name":"Home","item":"https:\/\/www.naturparkmagazin.de\/vdn\/"},{"@type":"ListItem","position":2,"name":"\u201eL\u00e4nderinitiative\u201c &#8211; Regionalentwicklung in Gro\u00dfschutzgebieten"}]},{"@type":"WebSite","@id":"https:\/\/www.naturparkmagazin.de\/vdn\/#website","url":"https:\/\/www.naturparkmagazin.de\/vdn\/","name":"Verband Deutscher Naturparke","description":"Eine weitere Naturparkmagazin.de Netzwerk Seite","potentialAction":[{"@type":"SearchAction","target":{"@type":"EntryPoint","urlTemplate":"https:\/\/www.naturparkmagazin.de\/vdn\/?s={search_term_string}"},"query-input":"required name=search_term_string"}],"inLanguage":"de"},{"@type":"Person","@id":"https:\/\/www.naturparkmagazin.de\/vdn\/#\/schema\/person\/d71357578c318b6db03be60b1f60396b","name":"beatrixlosem","url":"https:\/\/www.naturparkmagazin.de\/vdn\/author\/beatrixlosem\/"}]}},"_links":{"self":[{"href":"https:\/\/www.naturparkmagazin.de\/vdn\/wp-json\/wp\/v2\/posts\/5703"}],"collection":[{"href":"https:\/\/www.naturparkmagazin.de\/vdn\/wp-json\/wp\/v2\/posts"}],"about":[{"href":"https:\/\/www.naturparkmagazin.de\/vdn\/wp-json\/wp\/v2\/types\/post"}],"author":[{"embeddable":true,"href":"https:\/\/www.naturparkmagazin.de\/vdn\/wp-json\/wp\/v2\/users\/51"}],"replies":[{"embeddable":true,"href":"https:\/\/www.naturparkmagazin.de\/vdn\/wp-json\/wp\/v2\/comments?post=5703"}],"version-history":[{"count":5,"href":"https:\/\/www.naturparkmagazin.de\/vdn\/wp-json\/wp\/v2\/posts\/5703\/revisions"}],"predecessor-version":[{"id":5748,"href":"https:\/\/www.naturparkmagazin.de\/vdn\/wp-json\/wp\/v2\/posts\/5703\/revisions\/5748"}],"wp:featuredmedia":[{"embeddable":true,"href":"https:\/\/www.naturparkmagazin.de\/vdn\/wp-json\/wp\/v2\/media\/5704"}],"wp:attachment":[{"href":"https:\/\/www.naturparkmagazin.de\/vdn\/wp-json\/wp\/v2\/media?parent=5703"}],"wp:term":[{"taxonomy":"category","embeddable":true,"href":"https:\/\/www.naturparkmagazin.de\/vdn\/wp-json\/wp\/v2\/categories?post=5703"},{"taxonomy":"post_tag","embeddable":true,"href":"https:\/\/www.naturparkmagazin.de\/vdn\/wp-json\/wp\/v2\/tags?post=5703"}],"curies":[{"name":"wp","href":"https:\/\/api.w.org\/{rel}","templated":true}]}}