{"id":5760,"date":"2015-08-18T14:07:37","date_gmt":"2015-08-18T12:07:37","guid":{"rendered":"http:\/\/www.naturparkmagazin.de\/vdn\/?p=5760"},"modified":"2015-08-17T14:15:26","modified_gmt":"2015-08-17T12:15:26","slug":"unsere-galaxie-ueber-dem-wasserfall","status":"publish","type":"post","link":"https:\/\/www.naturparkmagazin.de\/vdn\/unsere-galaxie-ueber-dem-wasserfall\/","title":{"rendered":"&#8222;Unsere Galaxie \u00fcber dem Wasserfall&#8220;"},"content":{"rendered":"<div id=\"attachment_5761\" style=\"width: 510px\" class=\"wp-caption aligncenter\"><a href=\"https:\/\/www.naturparkmagazin.de\/vdn\/wp-content\/uploads\/sites\/3\/mg-7631-panorama-ausschnitt-3-2-beitrag.jpg\"><img aria-describedby=\"caption-attachment-5761\" decoding=\"async\" loading=\"lazy\" class=\"wp-image-5761 size-full\" src=\"https:\/\/www.naturparkmagazin.de\/vdn\/wp-content\/uploads\/sites\/3\/mg-7631-panorama-ausschnitt-3-2-beitrag.jpg\" alt=\"&quot;Unsere Galaxie \u00fcber dem Wasserfall&quot; \u00a9 VDN \/ Thomas Raffler\" width=\"500\" height=\"300\" srcset=\"https:\/\/www.naturparkmagazin.de\/vdn\/wp-content\/uploads\/sites\/3\/mg-7631-panorama-ausschnitt-3-2-beitrag.jpg 500w, https:\/\/www.naturparkmagazin.de\/vdn\/wp-content\/uploads\/sites\/3\/mg-7631-panorama-ausschnitt-3-2-beitrag-300x180.jpg 300w, https:\/\/www.naturparkmagazin.de\/vdn\/wp-content\/uploads\/sites\/3\/mg-7631-panorama-ausschnitt-3-2-beitrag-200x120.jpg 200w\" sizes=\"(max-width: 500px) 100vw, 500px\" \/><\/a><p id=\"caption-attachment-5761\" class=\"wp-caption-text\">&#8222;Unsere Galaxie \u00fcber dem Wasserfall&#8220; \u00a9 VDN \/ Thomas Raffler<\/p><\/div>\n<p>Mit einer spektakul\u00e4ren Nachtaufnahme aus dem Naturpark Nagelfluhkette sicherte sich Thomas Raffler den Monatssieg Juli im Fotowettbewerb \u201eAugenblick Natur!\u201c 2015.\nIn der Begr\u00fcndung der Jury hei\u00dft es: \u201eMit seinem Foto &#8222;Unsere Galaxie \u00fcber dem Wasserfall&#8220; gelingt es Thomas Raffler, durch k\u00fcnstliche Beleuchtung des Vordergrundes gepaart mit einer Langzeitbelichtung Aspekte einer Landschaft sichtbar zu machen, die dem n\u00e4chtlichen Betrachter ohne diese Hilfsmittel verborgen geblieben w\u00e4ren: Erst so wird es m\u00f6glich, das vermeintliche Idyll eines Wasserfalls sowie die Vielfalt des n\u00e4chtlichen Sternenhimmels darzustellen. Das Ergebnis fordert unsere Sehgewohnheiten heraus, wirkt surreal und l\u00e4sst uns zweifeln, ob wir der Einladung eines n\u00e4chtlichen Bades folgen sollen.\u201c<\/p>\n<p>&nbsp;<\/p>\n","protected":false},"excerpt":{"rendered":"<p>Mit einer spektakul\u00e4ren Nachtaufnahme aus dem Naturpark Nagelfluhkette sicherte sich Thomas Raffler den Monatssieg Juli im Fotowettbewerb \u201eAugenblick Natur!\u201c 2015.<\/p>\n","protected":false},"author":51,"featured_media":5762,"comment_status":"open","ping_status":"open","sticky":false,"template":"","format":"standard","meta":{"_links_to":"","_links_to_target":""},"categories":[10],"tags":[],"yoast_head":"<!-- This site is optimized with the Yoast SEO plugin v19.10 - https:\/\/yoast.com\/wordpress\/plugins\/seo\/ -->\n<title>&quot;Unsere Galaxie \u00fcber dem Wasserfall&quot;<\/title>\n<meta name=\"description\" content=\"Mit einer spektakul\u00e4ren Nachtaufnahme aus dem Naturpark Nagelfluhkette sicherte sich Thomas Raffler den Monatssieg Juli im Fotowettbewerb \u201eAugenblick Natur!\u201c 2015.\" \/>\n<meta name=\"robots\" content=\"index, follow, max-snippet:-1, max-image-preview:large, max-video-preview:-1\" \/>\n<link rel=\"canonical\" href=\"https:\/\/www.naturparkmagazin.de\/vdn\/unsere-galaxie-ueber-dem-wasserfall\/\" \/>\n<meta property=\"og:locale\" content=\"de_DE\" \/>\n<meta property=\"og:type\" content=\"article\" \/>\n<meta property=\"og:title\" content=\"&quot;Unsere Galaxie \u00fcber dem Wasserfall&quot;\" \/>\n<meta property=\"og:description\" content=\"Mit einer spektakul\u00e4ren Nachtaufnahme aus dem Naturpark Nagelfluhkette sicherte sich Thomas Raffler den Monatssieg Juli im Fotowettbewerb \u201eAugenblick Natur!\u201c 2015.\" \/>\n<meta property=\"og:url\" content=\"https:\/\/www.naturparkmagazin.de\/vdn\/unsere-galaxie-ueber-dem-wasserfall\/\" \/>\n<meta property=\"og:site_name\" content=\"Verband Deutscher Naturparke\" \/>\n<meta property=\"article:published_time\" content=\"2015-08-18T12:07:37+00:00\" \/>\n<meta property=\"article:modified_time\" content=\"2015-08-17T12:15:26+00:00\" \/>\n<meta property=\"og:image\" content=\"https:\/\/www.naturparkmagazin.de\/vdn\/wp-content\/uploads\/sites\/3\/mg-7631-panorama-ausschnitt-3-2-beitragsfoto.jpg\" \/>\n\t<meta property=\"og:image:width\" content=\"200\" \/>\n\t<meta property=\"og:image:height\" content=\"200\" \/>\n\t<meta property=\"og:image:type\" content=\"image\/jpeg\" \/>\n<meta name=\"author\" content=\"beatrixlosem\" \/>\n<meta name=\"twitter:label1\" content=\"Verfasst von\" \/>\n\t<meta name=\"twitter:data1\" content=\"beatrixlosem\" \/>\n\t<meta name=\"twitter:label2\" content=\"Gesch\u00e4tzte Lesezeit\" \/>\n\t<meta name=\"twitter:data2\" content=\"1\u00a0Minute\" \/>\n<script type=\"application\/ld+json\" class=\"yoast-schema-graph\">{\"@context\":\"https:\/\/schema.org\",\"@graph\":[{\"@type\":\"WebPage\",\"@id\":\"https:\/\/www.naturparkmagazin.de\/vdn\/unsere-galaxie-ueber-dem-wasserfall\/\",\"url\":\"https:\/\/www.naturparkmagazin.de\/vdn\/unsere-galaxie-ueber-dem-wasserfall\/\",\"name\":\"\\\"Unsere Galaxie \u00fcber dem Wasserfall\\\"\",\"isPartOf\":{\"@id\":\"https:\/\/www.naturparkmagazin.de\/vdn\/#website\"},\"datePublished\":\"2015-08-18T12:07:37+00:00\",\"dateModified\":\"2015-08-17T12:15:26+00:00\",\"author\":{\"@id\":\"https:\/\/www.naturparkmagazin.de\/vdn\/#\/schema\/person\/d71357578c318b6db03be60b1f60396b\"},\"description\":\"Mit einer spektakul\u00e4ren Nachtaufnahme aus dem Naturpark Nagelfluhkette sicherte sich Thomas Raffler den Monatssieg Juli im Fotowettbewerb \u201eAugenblick Natur!\u201c 2015.\",\"breadcrumb\":{\"@id\":\"https:\/\/www.naturparkmagazin.de\/vdn\/unsere-galaxie-ueber-dem-wasserfall\/#breadcrumb\"},\"inLanguage\":\"de\",\"potentialAction\":[{\"@type\":\"ReadAction\",\"target\":[\"https:\/\/www.naturparkmagazin.de\/vdn\/unsere-galaxie-ueber-dem-wasserfall\/\"]}]},{\"@type\":\"BreadcrumbList\",\"@id\":\"https:\/\/www.naturparkmagazin.de\/vdn\/unsere-galaxie-ueber-dem-wasserfall\/#breadcrumb\",\"itemListElement\":[{\"@type\":\"ListItem\",\"position\":1,\"name\":\"Home\",\"item\":\"https:\/\/www.naturparkmagazin.de\/vdn\/\"},{\"@type\":\"ListItem\",\"position\":2,\"name\":\"&#8222;Unsere Galaxie \u00fcber dem Wasserfall&#8220;\"}]},{\"@type\":\"WebSite\",\"@id\":\"https:\/\/www.naturparkmagazin.de\/vdn\/#website\",\"url\":\"https:\/\/www.naturparkmagazin.de\/vdn\/\",\"name\":\"Verband Deutscher Naturparke\",\"description\":\"Eine weitere Naturparkmagazin.de Netzwerk Seite\",\"potentialAction\":[{\"@type\":\"SearchAction\",\"target\":{\"@type\":\"EntryPoint\",\"urlTemplate\":\"https:\/\/www.naturparkmagazin.de\/vdn\/?s={search_term_string}\"},\"query-input\":\"required name=search_term_string\"}],\"inLanguage\":\"de\"},{\"@type\":\"Person\",\"@id\":\"https:\/\/www.naturparkmagazin.de\/vdn\/#\/schema\/person\/d71357578c318b6db03be60b1f60396b\",\"name\":\"beatrixlosem\",\"url\":\"https:\/\/www.naturparkmagazin.de\/vdn\/author\/beatrixlosem\/\"}]}<\/script>\n<!-- \/ Yoast SEO plugin. -->","yoast_head_json":{"title":"\"Unsere Galaxie \u00fcber dem Wasserfall\"","description":"Mit einer spektakul\u00e4ren Nachtaufnahme aus dem Naturpark Nagelfluhkette sicherte sich Thomas Raffler den Monatssieg Juli im Fotowettbewerb \u201eAugenblick Natur!\u201c 2015.","robots":{"index":"index","follow":"follow","max-snippet":"max-snippet:-1","max-image-preview":"max-image-preview:large","max-video-preview":"max-video-preview:-1"},"canonical":"https:\/\/www.naturparkmagazin.de\/vdn\/unsere-galaxie-ueber-dem-wasserfall\/","og_locale":"de_DE","og_type":"article","og_title":"\"Unsere Galaxie \u00fcber dem Wasserfall\"","og_description":"Mit einer spektakul\u00e4ren Nachtaufnahme aus dem Naturpark Nagelfluhkette sicherte sich Thomas Raffler den Monatssieg Juli im Fotowettbewerb \u201eAugenblick Natur!\u201c 2015.","og_url":"https:\/\/www.naturparkmagazin.de\/vdn\/unsere-galaxie-ueber-dem-wasserfall\/","og_site_name":"Verband Deutscher Naturparke","article_published_time":"2015-08-18T12:07:37+00:00","article_modified_time":"2015-08-17T12:15:26+00:00","og_image":[{"width":200,"height":200,"url":"https:\/\/www.naturparkmagazin.de\/vdn\/wp-content\/uploads\/sites\/3\/mg-7631-panorama-ausschnitt-3-2-beitragsfoto.jpg","type":"image\/jpeg"}],"author":"beatrixlosem","twitter_misc":{"Verfasst von":"beatrixlosem","Gesch\u00e4tzte Lesezeit":"1\u00a0Minute"},"schema":{"@context":"https:\/\/schema.org","@graph":[{"@type":"WebPage","@id":"https:\/\/www.naturparkmagazin.de\/vdn\/unsere-galaxie-ueber-dem-wasserfall\/","url":"https:\/\/www.naturparkmagazin.de\/vdn\/unsere-galaxie-ueber-dem-wasserfall\/","name":"\"Unsere Galaxie \u00fcber dem Wasserfall\"","isPartOf":{"@id":"https:\/\/www.naturparkmagazin.de\/vdn\/#website"},"datePublished":"2015-08-18T12:07:37+00:00","dateModified":"2015-08-17T12:15:26+00:00","author":{"@id":"https:\/\/www.naturparkmagazin.de\/vdn\/#\/schema\/person\/d71357578c318b6db03be60b1f60396b"},"description":"Mit einer spektakul\u00e4ren Nachtaufnahme aus dem Naturpark Nagelfluhkette sicherte sich Thomas Raffler den Monatssieg Juli im Fotowettbewerb \u201eAugenblick Natur!\u201c 2015.","breadcrumb":{"@id":"https:\/\/www.naturparkmagazin.de\/vdn\/unsere-galaxie-ueber-dem-wasserfall\/#breadcrumb"},"inLanguage":"de","potentialAction":[{"@type":"ReadAction","target":["https:\/\/www.naturparkmagazin.de\/vdn\/unsere-galaxie-ueber-dem-wasserfall\/"]}]},{"@type":"BreadcrumbList","@id":"https:\/\/www.naturparkmagazin.de\/vdn\/unsere-galaxie-ueber-dem-wasserfall\/#breadcrumb","itemListElement":[{"@type":"ListItem","position":1,"name":"Home","item":"https:\/\/www.naturparkmagazin.de\/vdn\/"},{"@type":"ListItem","position":2,"name":"&#8222;Unsere Galaxie \u00fcber dem Wasserfall&#8220;"}]},{"@type":"WebSite","@id":"https:\/\/www.naturparkmagazin.de\/vdn\/#website","url":"https:\/\/www.naturparkmagazin.de\/vdn\/","name":"Verband Deutscher Naturparke","description":"Eine weitere Naturparkmagazin.de Netzwerk Seite","potentialAction":[{"@type":"SearchAction","target":{"@type":"EntryPoint","urlTemplate":"https:\/\/www.naturparkmagazin.de\/vdn\/?s={search_term_string}"},"query-input":"required name=search_term_string"}],"inLanguage":"de"},{"@type":"Person","@id":"https:\/\/www.naturparkmagazin.de\/vdn\/#\/schema\/person\/d71357578c318b6db03be60b1f60396b","name":"beatrixlosem","url":"https:\/\/www.naturparkmagazin.de\/vdn\/author\/beatrixlosem\/"}]}},"_links":{"self":[{"href":"https:\/\/www.naturparkmagazin.de\/vdn\/wp-json\/wp\/v2\/posts\/5760"}],"collection":[{"href":"https:\/\/www.naturparkmagazin.de\/vdn\/wp-json\/wp\/v2\/posts"}],"about":[{"href":"https:\/\/www.naturparkmagazin.de\/vdn\/wp-json\/wp\/v2\/types\/post"}],"author":[{"embeddable":true,"href":"https:\/\/www.naturparkmagazin.de\/vdn\/wp-json\/wp\/v2\/users\/51"}],"replies":[{"embeddable":true,"href":"https:\/\/www.naturparkmagazin.de\/vdn\/wp-json\/wp\/v2\/comments?post=5760"}],"version-history":[{"count":1,"href":"https:\/\/www.naturparkmagazin.de\/vdn\/wp-json\/wp\/v2\/posts\/5760\/revisions"}],"predecessor-version":[{"id":5763,"href":"https:\/\/www.naturparkmagazin.de\/vdn\/wp-json\/wp\/v2\/posts\/5760\/revisions\/5763"}],"wp:featuredmedia":[{"embeddable":true,"href":"https:\/\/www.naturparkmagazin.de\/vdn\/wp-json\/wp\/v2\/media\/5762"}],"wp:attachment":[{"href":"https:\/\/www.naturparkmagazin.de\/vdn\/wp-json\/wp\/v2\/media?parent=5760"}],"wp:term":[{"taxonomy":"category","embeddable":true,"href":"https:\/\/www.naturparkmagazin.de\/vdn\/wp-json\/wp\/v2\/categories?post=5760"},{"taxonomy":"post_tag","embeddable":true,"href":"https:\/\/www.naturparkmagazin.de\/vdn\/wp-json\/wp\/v2\/tags?post=5760"}],"curies":[{"name":"wp","href":"https:\/\/api.w.org\/{rel}","templated":true}]}}