{"id":5764,"date":"2015-08-18T14:16:55","date_gmt":"2015-08-18T12:16:55","guid":{"rendered":"http:\/\/www.naturparkmagazin.de\/vdn\/?p=5764"},"modified":"2015-08-17T14:26:50","modified_gmt":"2015-08-17T12:26:50","slug":"press-dir-einen-apfelsaft-selbst-gemacht","status":"publish","type":"post","link":"https:\/\/www.naturparkmagazin.de\/vdn\/press-dir-einen-apfelsaft-selbst-gemacht\/","title":{"rendered":"Press Dir einen! \u2013 Apfelsaft selbst gemacht"},"content":{"rendered":"<div id=\"attachment_5766\" style=\"width: 510px\" class=\"wp-caption aligncenter\"><a href=\"https:\/\/www.naturparkmagazin.de\/vdn\/wp-content\/uploads\/sites\/3\/014-ps-2-Beitrag.jpg\"><img aria-describedby=\"caption-attachment-5766\" decoding=\"async\" loading=\"lazy\" class=\"size-full wp-image-5766\" src=\"https:\/\/www.naturparkmagazin.de\/vdn\/wp-content\/uploads\/sites\/3\/014-ps-2-Beitrag.jpg\" alt=\"'Fr\u00fcchte Evas' \u00a9 VDN \/ Luxfox\" width=\"500\" height=\"300\" srcset=\"https:\/\/www.naturparkmagazin.de\/vdn\/wp-content\/uploads\/sites\/3\/014-ps-2-Beitrag.jpg 500w, https:\/\/www.naturparkmagazin.de\/vdn\/wp-content\/uploads\/sites\/3\/014-ps-2-Beitrag-300x180.jpg 300w, https:\/\/www.naturparkmagazin.de\/vdn\/wp-content\/uploads\/sites\/3\/014-ps-2-Beitrag-200x120.jpg 200w\" sizes=\"(max-width: 500px) 100vw, 500px\" \/><\/a><p id=\"caption-attachment-5766\" class=\"wp-caption-text\">&#8218;Fr\u00fcchte Evas&#8216; \u00a9 VDN \/ Luxfox<\/p><\/div>\n<p>September ist Erntezeit \u2013 auch f\u00fcr \u00c4pfel. In unserem September-Newsletter zeigen wir euch, wie man Apfelsaft ganz ohne technische Hilfsmittel pressen kann. Eine perfekte Aktion f\u00fcr faule Sonntage!<\/p>\n<p>So wird\u00b4s gemacht:\nZun\u00e4chst sammelt ihr pro Liter Apfelsaft etwa 6 mittelgro\u00dfe \u00c4pfel.<\/p>\n<p>Nun braucht ihr etwa eine Stunde Zeit, einen gro\u00dfen Topf, ein Sieb, eine Reibe, ein Messer zum Entkernen und ein sauberes Leinen- oder Baumwolltuch.<\/p>\n<p>Zuerst wascht die \u00c4pfel und entkernt sie; die Schale kann dran bleiben.<\/p>\n<p>Legt das Tuch in das Sieb, damit auch kleinste feste Teilchen nicht in den Topf gelangen und stellt das Sieb in den Topf. In diese Konstruktion reibt ihr nun die \u00c4pfel. Danach kommt die \u201aMuskelarbeit\u2018: ihr m\u00fcsst das Tuch ganz kr\u00e4ftig auspressen, so dass keine Fl\u00fcssigkeit mehr in dem Apfelbrei bleibt.<\/p>\n<div id=\"attachment_5767\" style=\"width: 510px\" class=\"wp-caption aligncenter\"><a href=\"https:\/\/www.naturparkmagazin.de\/vdn\/wp-content\/uploads\/sites\/3\/Fotolia_27362915_S-Beitrag.jpg\"><img aria-describedby=\"caption-attachment-5767\" decoding=\"async\" loading=\"lazy\" class=\"wp-image-5767 size-full\" src=\"https:\/\/www.naturparkmagazin.de\/vdn\/wp-content\/uploads\/sites\/3\/Fotolia_27362915_S-Beitrag.jpg\" alt=\"\u00a9 Fotolia\" width=\"500\" height=\"300\" srcset=\"https:\/\/www.naturparkmagazin.de\/vdn\/wp-content\/uploads\/sites\/3\/Fotolia_27362915_S-Beitrag.jpg 500w, https:\/\/www.naturparkmagazin.de\/vdn\/wp-content\/uploads\/sites\/3\/Fotolia_27362915_S-Beitrag-300x180.jpg 300w, https:\/\/www.naturparkmagazin.de\/vdn\/wp-content\/uploads\/sites\/3\/Fotolia_27362915_S-Beitrag-200x120.jpg 200w\" sizes=\"(max-width: 500px) 100vw, 500px\" \/><\/a><p id=\"caption-attachment-5767\" class=\"wp-caption-text\">\u00a9 Fotolia<\/p><\/div>\n<p>Nun habt ihr ein Apfelsaftkonzentrat hergestellt, das sehr s\u00fc\u00df sein kann \u2013 am besten verd\u00fcnnt ihr es mit Wasser.\nSoll der Saft haltbar gemacht werden, muss er kurz aufgekocht werden und danach in saubere Flaschen abgef\u00fcllt werden.\nMeist, \u201e\u00fcberlebt\u201c der leckere Saft nach dem Abk\u00fchlen sowieso nicht lange!\nLasst es euch schmecken!<\/p>\n<p>&nbsp;<\/p>\n","protected":false},"excerpt":{"rendered":"<p>September ist Erntezeit \u2013 auch f\u00fcr \u00c4pfel. In unserem September-Newsletter zeigen wir euch, wie man Apfelsaft ganz ohne technische Hilfsmittel pressen kann. Eine perfekte Aktion f\u00fcr faule Sonntage!<\/p>\n","protected":false},"author":51,"featured_media":5765,"comment_status":"open","ping_status":"open","sticky":false,"template":"","format":"standard","meta":{"_links_to":"","_links_to_target":""},"categories":[617],"tags":[316,126,33,91,231,9,41],"yoast_head":"<!-- This site is optimized with the Yoast SEO plugin v19.10 - https:\/\/yoast.com\/wordpress\/plugins\/seo\/ -->\n<title>Press Dir einen! \u2013 Apfelsaft selbst gemacht<\/title>\n<meta name=\"description\" content=\"September ist Erntezeit \u2013 auch f\u00fcr \u00c4pfel. In unserem September-Newsletter zeigen wir euch, wie man Apfelsaft ganz ohne technische Hilfsmittel pressen kann. Eine perfekte Aktion f\u00fcr faule Sonntage!\" \/>\n<meta name=\"robots\" content=\"index, follow, max-snippet:-1, max-image-preview:large, max-video-preview:-1\" \/>\n<link rel=\"canonical\" href=\"https:\/\/www.naturparkmagazin.de\/vdn\/press-dir-einen-apfelsaft-selbst-gemacht\/\" \/>\n<meta property=\"og:locale\" content=\"de_DE\" \/>\n<meta property=\"og:type\" content=\"article\" \/>\n<meta property=\"og:title\" content=\"Press Dir einen! \u2013 Apfelsaft selbst gemacht\" \/>\n<meta property=\"og:description\" content=\"September ist Erntezeit \u2013 auch f\u00fcr \u00c4pfel. In unserem September-Newsletter zeigen wir euch, wie man Apfelsaft ganz ohne technische Hilfsmittel pressen kann. Eine perfekte Aktion f\u00fcr faule Sonntage!\" \/>\n<meta property=\"og:url\" content=\"https:\/\/www.naturparkmagazin.de\/vdn\/press-dir-einen-apfelsaft-selbst-gemacht\/\" \/>\n<meta property=\"og:site_name\" content=\"Verband Deutscher Naturparke\" \/>\n<meta property=\"article:published_time\" content=\"2015-08-18T12:16:55+00:00\" \/>\n<meta property=\"article:modified_time\" content=\"2015-08-17T12:26:50+00:00\" \/>\n<meta property=\"og:image\" content=\"https:\/\/www.naturparkmagazin.de\/vdn\/wp-content\/uploads\/sites\/3\/Fotolia_27362915_S-Beitragsfoto.jpg\" \/>\n\t<meta property=\"og:image:width\" content=\"200\" \/>\n\t<meta property=\"og:image:height\" content=\"200\" \/>\n\t<meta property=\"og:image:type\" content=\"image\/jpeg\" \/>\n<meta name=\"author\" content=\"beatrixlosem\" \/>\n<meta name=\"twitter:label1\" content=\"Verfasst von\" \/>\n\t<meta name=\"twitter:data1\" content=\"beatrixlosem\" \/>\n\t<meta name=\"twitter:label2\" content=\"Gesch\u00e4tzte Lesezeit\" \/>\n\t<meta name=\"twitter:data2\" content=\"1\u00a0Minute\" \/>\n<script type=\"application\/ld+json\" class=\"yoast-schema-graph\">{\"@context\":\"https:\/\/schema.org\",\"@graph\":[{\"@type\":\"WebPage\",\"@id\":\"https:\/\/www.naturparkmagazin.de\/vdn\/press-dir-einen-apfelsaft-selbst-gemacht\/\",\"url\":\"https:\/\/www.naturparkmagazin.de\/vdn\/press-dir-einen-apfelsaft-selbst-gemacht\/\",\"name\":\"Press Dir einen! \u2013 Apfelsaft selbst gemacht\",\"isPartOf\":{\"@id\":\"https:\/\/www.naturparkmagazin.de\/vdn\/#website\"},\"datePublished\":\"2015-08-18T12:16:55+00:00\",\"dateModified\":\"2015-08-17T12:26:50+00:00\",\"author\":{\"@id\":\"https:\/\/www.naturparkmagazin.de\/vdn\/#\/schema\/person\/d71357578c318b6db03be60b1f60396b\"},\"description\":\"September ist Erntezeit \u2013 auch f\u00fcr \u00c4pfel. In unserem September-Newsletter zeigen wir euch, wie man Apfelsaft ganz ohne technische Hilfsmittel pressen kann. Eine perfekte Aktion f\u00fcr faule Sonntage!\",\"breadcrumb\":{\"@id\":\"https:\/\/www.naturparkmagazin.de\/vdn\/press-dir-einen-apfelsaft-selbst-gemacht\/#breadcrumb\"},\"inLanguage\":\"de\",\"potentialAction\":[{\"@type\":\"ReadAction\",\"target\":[\"https:\/\/www.naturparkmagazin.de\/vdn\/press-dir-einen-apfelsaft-selbst-gemacht\/\"]}]},{\"@type\":\"BreadcrumbList\",\"@id\":\"https:\/\/www.naturparkmagazin.de\/vdn\/press-dir-einen-apfelsaft-selbst-gemacht\/#breadcrumb\",\"itemListElement\":[{\"@type\":\"ListItem\",\"position\":1,\"name\":\"Home\",\"item\":\"https:\/\/www.naturparkmagazin.de\/vdn\/\"},{\"@type\":\"ListItem\",\"position\":2,\"name\":\"Press Dir einen! \u2013 Apfelsaft selbst gemacht\"}]},{\"@type\":\"WebSite\",\"@id\":\"https:\/\/www.naturparkmagazin.de\/vdn\/#website\",\"url\":\"https:\/\/www.naturparkmagazin.de\/vdn\/\",\"name\":\"Verband Deutscher Naturparke\",\"description\":\"Eine weitere Naturparkmagazin.de Netzwerk Seite\",\"potentialAction\":[{\"@type\":\"SearchAction\",\"target\":{\"@type\":\"EntryPoint\",\"urlTemplate\":\"https:\/\/www.naturparkmagazin.de\/vdn\/?s={search_term_string}\"},\"query-input\":\"required name=search_term_string\"}],\"inLanguage\":\"de\"},{\"@type\":\"Person\",\"@id\":\"https:\/\/www.naturparkmagazin.de\/vdn\/#\/schema\/person\/d71357578c318b6db03be60b1f60396b\",\"name\":\"beatrixlosem\",\"url\":\"https:\/\/www.naturparkmagazin.de\/vdn\/author\/beatrixlosem\/\"}]}<\/script>\n<!-- \/ Yoast SEO plugin. -->","yoast_head_json":{"title":"Press Dir einen! \u2013 Apfelsaft selbst gemacht","description":"September ist Erntezeit \u2013 auch f\u00fcr \u00c4pfel. In unserem September-Newsletter zeigen wir euch, wie man Apfelsaft ganz ohne technische Hilfsmittel pressen kann. Eine perfekte Aktion f\u00fcr faule Sonntage!","robots":{"index":"index","follow":"follow","max-snippet":"max-snippet:-1","max-image-preview":"max-image-preview:large","max-video-preview":"max-video-preview:-1"},"canonical":"https:\/\/www.naturparkmagazin.de\/vdn\/press-dir-einen-apfelsaft-selbst-gemacht\/","og_locale":"de_DE","og_type":"article","og_title":"Press Dir einen! \u2013 Apfelsaft selbst gemacht","og_description":"September ist Erntezeit \u2013 auch f\u00fcr \u00c4pfel. In unserem September-Newsletter zeigen wir euch, wie man Apfelsaft ganz ohne technische Hilfsmittel pressen kann. Eine perfekte Aktion f\u00fcr faule Sonntage!","og_url":"https:\/\/www.naturparkmagazin.de\/vdn\/press-dir-einen-apfelsaft-selbst-gemacht\/","og_site_name":"Verband Deutscher Naturparke","article_published_time":"2015-08-18T12:16:55+00:00","article_modified_time":"2015-08-17T12:26:50+00:00","og_image":[{"width":200,"height":200,"url":"https:\/\/www.naturparkmagazin.de\/vdn\/wp-content\/uploads\/sites\/3\/Fotolia_27362915_S-Beitragsfoto.jpg","type":"image\/jpeg"}],"author":"beatrixlosem","twitter_misc":{"Verfasst von":"beatrixlosem","Gesch\u00e4tzte Lesezeit":"1\u00a0Minute"},"schema":{"@context":"https:\/\/schema.org","@graph":[{"@type":"WebPage","@id":"https:\/\/www.naturparkmagazin.de\/vdn\/press-dir-einen-apfelsaft-selbst-gemacht\/","url":"https:\/\/www.naturparkmagazin.de\/vdn\/press-dir-einen-apfelsaft-selbst-gemacht\/","name":"Press Dir einen! \u2013 Apfelsaft selbst gemacht","isPartOf":{"@id":"https:\/\/www.naturparkmagazin.de\/vdn\/#website"},"datePublished":"2015-08-18T12:16:55+00:00","dateModified":"2015-08-17T12:26:50+00:00","author":{"@id":"https:\/\/www.naturparkmagazin.de\/vdn\/#\/schema\/person\/d71357578c318b6db03be60b1f60396b"},"description":"September ist Erntezeit \u2013 auch f\u00fcr \u00c4pfel. In unserem September-Newsletter zeigen wir euch, wie man Apfelsaft ganz ohne technische Hilfsmittel pressen kann. Eine perfekte Aktion f\u00fcr faule Sonntage!","breadcrumb":{"@id":"https:\/\/www.naturparkmagazin.de\/vdn\/press-dir-einen-apfelsaft-selbst-gemacht\/#breadcrumb"},"inLanguage":"de","potentialAction":[{"@type":"ReadAction","target":["https:\/\/www.naturparkmagazin.de\/vdn\/press-dir-einen-apfelsaft-selbst-gemacht\/"]}]},{"@type":"BreadcrumbList","@id":"https:\/\/www.naturparkmagazin.de\/vdn\/press-dir-einen-apfelsaft-selbst-gemacht\/#breadcrumb","itemListElement":[{"@type":"ListItem","position":1,"name":"Home","item":"https:\/\/www.naturparkmagazin.de\/vdn\/"},{"@type":"ListItem","position":2,"name":"Press Dir einen! \u2013 Apfelsaft selbst gemacht"}]},{"@type":"WebSite","@id":"https:\/\/www.naturparkmagazin.de\/vdn\/#website","url":"https:\/\/www.naturparkmagazin.de\/vdn\/","name":"Verband Deutscher Naturparke","description":"Eine weitere Naturparkmagazin.de Netzwerk Seite","potentialAction":[{"@type":"SearchAction","target":{"@type":"EntryPoint","urlTemplate":"https:\/\/www.naturparkmagazin.de\/vdn\/?s={search_term_string}"},"query-input":"required name=search_term_string"}],"inLanguage":"de"},{"@type":"Person","@id":"https:\/\/www.naturparkmagazin.de\/vdn\/#\/schema\/person\/d71357578c318b6db03be60b1f60396b","name":"beatrixlosem","url":"https:\/\/www.naturparkmagazin.de\/vdn\/author\/beatrixlosem\/"}]}},"_links":{"self":[{"href":"https:\/\/www.naturparkmagazin.de\/vdn\/wp-json\/wp\/v2\/posts\/5764"}],"collection":[{"href":"https:\/\/www.naturparkmagazin.de\/vdn\/wp-json\/wp\/v2\/posts"}],"about":[{"href":"https:\/\/www.naturparkmagazin.de\/vdn\/wp-json\/wp\/v2\/types\/post"}],"author":[{"embeddable":true,"href":"https:\/\/www.naturparkmagazin.de\/vdn\/wp-json\/wp\/v2\/users\/51"}],"replies":[{"embeddable":true,"href":"https:\/\/www.naturparkmagazin.de\/vdn\/wp-json\/wp\/v2\/comments?post=5764"}],"version-history":[{"count":1,"href":"https:\/\/www.naturparkmagazin.de\/vdn\/wp-json\/wp\/v2\/posts\/5764\/revisions"}],"predecessor-version":[{"id":5768,"href":"https:\/\/www.naturparkmagazin.de\/vdn\/wp-json\/wp\/v2\/posts\/5764\/revisions\/5768"}],"wp:featuredmedia":[{"embeddable":true,"href":"https:\/\/www.naturparkmagazin.de\/vdn\/wp-json\/wp\/v2\/media\/5765"}],"wp:attachment":[{"href":"https:\/\/www.naturparkmagazin.de\/vdn\/wp-json\/wp\/v2\/media?parent=5764"}],"wp:term":[{"taxonomy":"category","embeddable":true,"href":"https:\/\/www.naturparkmagazin.de\/vdn\/wp-json\/wp\/v2\/categories?post=5764"},{"taxonomy":"post_tag","embeddable":true,"href":"https:\/\/www.naturparkmagazin.de\/vdn\/wp-json\/wp\/v2\/tags?post=5764"}],"curies":[{"name":"wp","href":"https:\/\/api.w.org\/{rel}","templated":true}]}}