{"id":5769,"date":"2015-08-18T14:29:08","date_gmt":"2015-08-18T12:29:08","guid":{"rendered":"http:\/\/www.naturparkmagazin.de\/vdn\/?p=5769"},"modified":"2015-08-24T11:30:03","modified_gmt":"2015-08-24T09:30:03","slug":"einer-fuer-alle-jahreszeiten-naturpark-diemelsee","status":"publish","type":"post","link":"https:\/\/www.naturparkmagazin.de\/vdn\/einer-fuer-alle-jahreszeiten-naturpark-diemelsee\/","title":{"rendered":"&#8222;Einer f\u00fcr alle Jahreszeiten&#8220; \u2013 Naturpark Diemelsee"},"content":{"rendered":"<div id=\"attachment_5773\" style=\"width: 510px\" class=\"wp-caption aligncenter\"><a href=\"https:\/\/www.naturparkmagazin.de\/vdn\/wp-content\/uploads\/sites\/3\/dscf4134-Beitrag.jpg\"><img aria-describedby=\"caption-attachment-5773\" decoding=\"async\" loading=\"lazy\" class=\"size-full wp-image-5773\" src=\"https:\/\/www.naturparkmagazin.de\/vdn\/wp-content\/uploads\/sites\/3\/dscf4134-Beitrag.jpg\" alt=\"Diemelsee \u00a9 VDN \/ J\u00fcrgen Friebel\" width=\"500\" height=\"300\" srcset=\"https:\/\/www.naturparkmagazin.de\/vdn\/wp-content\/uploads\/sites\/3\/dscf4134-Beitrag.jpg 500w, https:\/\/www.naturparkmagazin.de\/vdn\/wp-content\/uploads\/sites\/3\/dscf4134-Beitrag-300x180.jpg 300w, https:\/\/www.naturparkmagazin.de\/vdn\/wp-content\/uploads\/sites\/3\/dscf4134-Beitrag-200x120.jpg 200w\" sizes=\"(max-width: 500px) 100vw, 500px\" \/><\/a><p id=\"caption-attachment-5773\" class=\"wp-caption-text\">Diemelsee \u00a9 VDN \/ J\u00fcrgen Friebel<\/p><\/div>\n<p>Der Naturpark Diemelsee liegt im \u00e4u\u00dfersten Nordwesten Hessens und ragt mit einem Drittel seiner Fl\u00e4che in das angrenzende Bundesland Nordrhein-Westfalen hinein. Er ist Teil des Rothaargebirges, besser bekannt unter dem Namen Sauerland, mit seinen h\u00f6chsten Erhebungen Langenberg und Hegekopf (843m \u00fcNN).<\/p>\n<p>Gro\u00dfe geschlossene W\u00e4lder bestimmen das Bild der Landschaft. Erst s\u00fcd\u00f6stlich des Diemelsees Richtung Korbach tritt der Wald zugunsten des Acker- und Gr\u00fcnlandes zur\u00fcck. Die Hochheiden um Usseln und Willingen mit ihrer Tundrenflora zeugen noch heute von fr\u00fcheren Bewirtschaftungsformen. Verbindendes Glied ist das weithin unber\u00fchrte Tal der Diemel, die den Naturpark von ihrer Quelle s\u00fcdlich Usseln in Richtung Norden durchflie\u00dft.<\/p>\n<p>Devonische Schiefer, Quarzite, Mergel und Kalksandsteine bilden diese herbe, unruhig gekuppte Mittelgebirgslandschaft, die mit dem Eisenberg (562 m) westlich von Korbach eine geologische Besonderheit aufweist. Er ist der wohl einzige &#8222;Goldberg&#8220; in Deutschland, wie Untersuchungen erst in letzter Zeit wieder bewiesen haben. Allerdings haben die F\u00fcrsten zu Waldeck und Pyrmont die Goldbergwerke schon im Drei\u00dfigj\u00e4hrigen Krieg stillgelegt.<\/p>\n<div id=\"attachment_5776\" style=\"width: 510px\" class=\"wp-caption aligncenter\"><a href=\"https:\/\/www.naturparkmagazin.de\/vdn\/wp-content\/uploads\/sites\/3\/Diemelsee_2009-8-26_00024-Beitrag.jpg\"><img aria-describedby=\"caption-attachment-5776\" decoding=\"async\" loading=\"lazy\" class=\"size-full wp-image-5776\" src=\"https:\/\/www.naturparkmagazin.de\/vdn\/wp-content\/uploads\/sites\/3\/Diemelsee_2009-8-26_00024-Beitrag.jpg\" alt=\"'Diemelsteig' \u00a9 J\u00fcrgen Friebel\" width=\"500\" height=\"300\" srcset=\"https:\/\/www.naturparkmagazin.de\/vdn\/wp-content\/uploads\/sites\/3\/Diemelsee_2009-8-26_00024-Beitrag.jpg 500w, https:\/\/www.naturparkmagazin.de\/vdn\/wp-content\/uploads\/sites\/3\/Diemelsee_2009-8-26_00024-Beitrag-300x180.jpg 300w, https:\/\/www.naturparkmagazin.de\/vdn\/wp-content\/uploads\/sites\/3\/Diemelsee_2009-8-26_00024-Beitrag-200x120.jpg 200w\" sizes=\"(max-width: 500px) 100vw, 500px\" \/><\/a><p id=\"caption-attachment-5776\" class=\"wp-caption-text\">&#8218;Diemelsteig&#8216; \u00a9 J\u00fcrgen Friebel<\/p><\/div>\n<p>Die intakten Naturlandschaften im Naturpark Diemelsee bilden den Lebensraum f\u00fcr zahlreiche Tier- und Pflanzenarten. Dabei sind Arten, die selten geworden und vom Aussterben bedroht sind. Hier leben scheue Wald- und Wiesenbewohner, bunte Schmetterlinge und bizarre Insekten, Fische und Wasserv\u00f6gel in kristallklaren Gew\u00e4ssern, Sing- und Raubv\u00f6gel und nachtaktive Tiere, die man nur sehr selten zu Gesicht bekommt.<\/p>\n<p>Eine gro\u00dfe Zahl gut markierter Wanderwege (darunter sieben zertifizierte), sowohl Fernwanderwege als auch Rundwanderwege, erschlie\u00dfen die Sch\u00f6nheiten der Landschaft, die durch den Wechsel zwischen Wald und Feld, Berg und Tal besticht. Viele Aussichtspunkte wie der Eisenberg oberhalb der Diemeltalsperre, der Georg-Viktor-Turm in Goldhausen, die Aussichtsplattform \u201eWei\u00dfe Frau\u201c in Brilon-R\u00f6senbeck oder der Dommelturm nahe Ottlar gew\u00e4hren einen weiten Blick \u00fcber das Waldecker Land und in den Naturpark. Im <a href=\"http:\/\/www.naturpark-diemelsee.de\/wandern-und-erleben\/wanderportal.html\">\u201eWanderportal\u201c<\/a> finden Sie einen Tourenplaner mit GPS-Daten, Karte zum Ausdrucken, Wegbeschreibung, H\u00f6henprofil und Sehensw\u00fcrdigkeiten.<\/p>\n<div id=\"attachment_5775\" style=\"width: 510px\" class=\"wp-caption aligncenter\"><a href=\"https:\/\/www.naturparkmagazin.de\/vdn\/wp-content\/uploads\/sites\/3\/Wandern_Usseln__2010-9-26_00101-Beitrag.jpg\"><img aria-describedby=\"caption-attachment-5775\" decoding=\"async\" loading=\"lazy\" class=\"size-full wp-image-5775\" src=\"https:\/\/www.naturparkmagazin.de\/vdn\/wp-content\/uploads\/sites\/3\/Wandern_Usseln__2010-9-26_00101-Beitrag.jpg\" alt=\"auf dem Uplandsteig unterwegs \u00a9 VDN \/ J\u00fcrgen Friebel\" width=\"500\" height=\"300\" srcset=\"https:\/\/www.naturparkmagazin.de\/vdn\/wp-content\/uploads\/sites\/3\/Wandern_Usseln__2010-9-26_00101-Beitrag.jpg 500w, https:\/\/www.naturparkmagazin.de\/vdn\/wp-content\/uploads\/sites\/3\/Wandern_Usseln__2010-9-26_00101-Beitrag-300x180.jpg 300w, https:\/\/www.naturparkmagazin.de\/vdn\/wp-content\/uploads\/sites\/3\/Wandern_Usseln__2010-9-26_00101-Beitrag-200x120.jpg 200w\" sizes=\"(max-width: 500px) 100vw, 500px\" \/><\/a><p id=\"caption-attachment-5775\" class=\"wp-caption-text\">auf dem Uplandsteig unterwegs \u00a9 VDN \/ J\u00fcrgen Friebel<\/p><\/div>\n<p>Der gut ausgebaute und leicht zu befahrende 110 km lange Diemelradweg \u2013 mit dem markanten Ammoniten gekennzeichnet \u2013 ist bequem und ohne gro\u00dfe Steigungen an zwei bis drei Tagen zu befahren. Die Route verl\u00e4uft entlang der Diemel meist auf asphaltierten Wegen durch reizvolle Naturlandschaften. Unterwegs gibt es viel zu entdecken: Mittelalterliche Ortskerne, schmuckes Fachwerk, Kirchen, Burgen und Schl\u00f6sser, dazu viele Sport- und Freizeiteinrichtungen und Gastst\u00e4tten f\u00fcr den kulinarischen Genuss.<\/p>\n<p>Zahlreiche Abfahrtsh\u00e4nge, Langlaufloipen und Rodelbahnen erh\u00f6hen die Attraktivit\u00e4t der Landschaft in der winterlichen Jahreszeit. Aber auch Winterwandern auf gut pr\u00e4parierten Wanderwegen erfrischt die Seele und bringt den K\u00f6rper in Schwung. Nach einem im Januar 2014 erfolgreich durchgef\u00fchrten 1. Deutschen Winterwandertag hat sich der Deutsche Wanderverband vor wenigen Monaten entschieden, auch den 2. Deutschen Winterwandertag in der Region Naturpark Diemelsee, n\u00e4mlich in Willingen auszurichten.<\/p>\n<div id=\"attachment_5777\" style=\"width: 510px\" class=\"wp-caption aligncenter\"><a href=\"https:\/\/www.naturparkmagazin.de\/vdn\/wp-content\/uploads\/sites\/3\/Wande.Benkh_.-Korba-Benk_2010-1-7_00030-Beitrag.jpg\"><img aria-describedby=\"caption-attachment-5777\" decoding=\"async\" loading=\"lazy\" class=\"size-full wp-image-5777\" src=\"https:\/\/www.naturparkmagazin.de\/vdn\/wp-content\/uploads\/sites\/3\/Wande.Benkh_.-Korba-Benk_2010-1-7_00030-Beitrag.jpg\" alt=\"Winter in Diemelsee \u00a9 J\u00fcrgen Friebel\" width=\"500\" height=\"300\" srcset=\"https:\/\/www.naturparkmagazin.de\/vdn\/wp-content\/uploads\/sites\/3\/Wande.Benkh_.-Korba-Benk_2010-1-7_00030-Beitrag.jpg 500w, https:\/\/www.naturparkmagazin.de\/vdn\/wp-content\/uploads\/sites\/3\/Wande.Benkh_.-Korba-Benk_2010-1-7_00030-Beitrag-300x180.jpg 300w, https:\/\/www.naturparkmagazin.de\/vdn\/wp-content\/uploads\/sites\/3\/Wande.Benkh_.-Korba-Benk_2010-1-7_00030-Beitrag-200x120.jpg 200w\" sizes=\"(max-width: 500px) 100vw, 500px\" \/><\/a><p id=\"caption-attachment-5777\" class=\"wp-caption-text\">Winter in Diemelsee \u00a9 J\u00fcrgen Friebel<\/p><\/div>\n<p>Im Sommer \u00fcben die die klaren Gew\u00e4sser des Naturparks eine besondere Anziehungskraft auf Wassersportler und Angler aus. Auf dem Diemelsee kann man in ruhigen Gew\u00e4ssern gem\u00fctlich seine Runden drehen. Wer es etwas sportlicher mag, der begibt sich auf die Diemel und paddelt die Naturwildwasserstrecke entlang. Sie bietet Bootsrutschen, Kurven, geringe bis flotte Str\u00f6mung und sogar einige Stromschnellen.<\/p>\n<p>Lehrpfade und Museen vermitteln auf anschauliche Weise Interessantes \u00fcber Natur, Technik und Entstehungsgeschichte. Historische St\u00e4tten und Bauwerke erz\u00e4hlen von fr\u00fcheren Zeiten und auch unter Tage hat der Naturpark Diemelsee einiges zu bieten. Die Naturparkf\u00fchrer nehmen Sie gerne mit auf Entdeckertour zu Themen wie Tier-\/Pflanzenwelt, Historisches oder Geologie und haben dabei immer sch\u00f6ne Anekdoten der Region parat.<\/p>\n<div id=\"attachment_5778\" style=\"width: 510px\" class=\"wp-caption aligncenter\"><a href=\"https:\/\/www.naturparkmagazin.de\/vdn\/wp-content\/uploads\/sites\/3\/Naturparkf\u00fchrer-Beitrag.jpg\"><img aria-describedby=\"caption-attachment-5778\" decoding=\"async\" loading=\"lazy\" class=\"size-full wp-image-5778\" src=\"https:\/\/www.naturparkmagazin.de\/vdn\/wp-content\/uploads\/sites\/3\/Naturparkf\u00fchrer-Beitrag.jpg\" alt=\"Naturparkf\u00fchrer \u00a9 Naturpark Diemelsee\" width=\"500\" height=\"300\" srcset=\"https:\/\/www.naturparkmagazin.de\/vdn\/wp-content\/uploads\/sites\/3\/Naturparkf\u00fchrer-Beitrag.jpg 500w, https:\/\/www.naturparkmagazin.de\/vdn\/wp-content\/uploads\/sites\/3\/Naturparkf\u00fchrer-Beitrag-300x180.jpg 300w, https:\/\/www.naturparkmagazin.de\/vdn\/wp-content\/uploads\/sites\/3\/Naturparkf\u00fchrer-Beitrag-200x120.jpg 200w\" sizes=\"(max-width: 500px) 100vw, 500px\" \/><\/a><p id=\"caption-attachment-5778\" class=\"wp-caption-text\">Naturparkf\u00fchrer \u00a9 Naturpark Diemelsee<\/p><\/div>\n<p>&nbsp;<\/p>\n<p>&nbsp;<\/p>\n","protected":false},"excerpt":{"rendered":"<p>Der Naturpark Diemelsee liegt im \u00e4u\u00dfersten Nordwesten Hessens und ragt mit einem Drittel seiner Fl\u00e4che in das angrenzende Bundesland Nordrhein-Westfalen hinein. Gro\u00dfe geschlossene W\u00e4lder bestimmen das Bild der Landschaft. Die intakten Naturlandschaften im Naturpark Diemelsee bilden den Lebensraum f\u00fcr zahlreiche Tier- und Pflanzenarten. Dabei sind Arten, die selten geworden und vom Aussterben bedroht sind. Eine gro\u00dfe Zahl gut markierter Wanderwege (darunter sieben zertifizierte) &#8211; sowohl Fernwanderwege als auch Rundwanderweg &#8211; erschlie\u00dfen die Sch\u00f6nheiten der Landschaft, die durch den Wechsel zwischen Wald und Feld, Berg und Tal besticht. <\/p>\n","protected":false},"author":51,"featured_media":5771,"comment_status":"open","ping_status":"open","sticky":false,"template":"","format":"standard","meta":{"_links_to":"","_links_to_target":""},"categories":[15],"tags":[316,473,263,35,3155,154,91,370,86,81,3154,474,82,41,95,475],"yoast_head":"<!-- This site is optimized with the Yoast SEO plugin v19.10 - https:\/\/yoast.com\/wordpress\/plugins\/seo\/ -->\n<title>&quot;Einer f\u00fcr alle Jahreszeiten&quot; \u2013 Naturpark Diemelsee<\/title>\n<meta name=\"description\" content=\"Der Naturpark Diemelsee liegt im \u00e4u\u00dfersten Nordwesten Hessens und ragt mit einem Drittel seiner Fl\u00e4che in das angrenzende Bundesland Nordrhein-Westfalen hinein. Gro\u00dfe geschlossene W\u00e4lder bestimmen das Bild der Landschaft. Die intakten Naturlandschaften im Naturpark Diemelsee bilden den Lebensraum f\u00fcr zahlreiche Tier- und Pflanzenarten. Dabei sind Arten, die selten geworden und vom Aussterben bedroht sind. Eine gro\u00dfe Zahl gut markierter Wanderwege (darunter sieben zertifizierte) - sowohl Fernwanderwege als auch Rundwanderweg - erschlie\u00dfen die Sch\u00f6nheiten der Landschaft, die durch den Wechsel zwischen Wald und Feld, Berg und Tal besticht.\" \/>\n<meta name=\"robots\" content=\"index, follow, max-snippet:-1, max-image-preview:large, max-video-preview:-1\" \/>\n<link rel=\"canonical\" href=\"https:\/\/www.naturparkmagazin.de\/vdn\/einer-fuer-alle-jahreszeiten-naturpark-diemelsee\/\" \/>\n<meta property=\"og:locale\" content=\"de_DE\" \/>\n<meta property=\"og:type\" content=\"article\" \/>\n<meta property=\"og:title\" content=\"&quot;Einer f\u00fcr alle Jahreszeiten&quot; \u2013 Naturpark Diemelsee\" \/>\n<meta property=\"og:description\" content=\"Der Naturpark Diemelsee liegt im \u00e4u\u00dfersten Nordwesten Hessens und ragt mit einem Drittel seiner Fl\u00e4che in das angrenzende Bundesland Nordrhein-Westfalen hinein. Gro\u00dfe geschlossene W\u00e4lder bestimmen das Bild der Landschaft. Die intakten Naturlandschaften im Naturpark Diemelsee bilden den Lebensraum f\u00fcr zahlreiche Tier- und Pflanzenarten. Dabei sind Arten, die selten geworden und vom Aussterben bedroht sind. Eine gro\u00dfe Zahl gut markierter Wanderwege (darunter sieben zertifizierte) - sowohl Fernwanderwege als auch Rundwanderweg - erschlie\u00dfen die Sch\u00f6nheiten der Landschaft, die durch den Wechsel zwischen Wald und Feld, Berg und Tal besticht.\" \/>\n<meta property=\"og:url\" content=\"https:\/\/www.naturparkmagazin.de\/vdn\/einer-fuer-alle-jahreszeiten-naturpark-diemelsee\/\" \/>\n<meta property=\"og:site_name\" content=\"Verband Deutscher Naturparke\" \/>\n<meta property=\"article:published_time\" content=\"2015-08-18T12:29:08+00:00\" \/>\n<meta property=\"article:modified_time\" content=\"2015-08-24T09:30:03+00:00\" \/>\n<meta property=\"og:image\" content=\"https:\/\/www.naturparkmagazin.de\/vdn\/wp-content\/uploads\/sites\/3\/dscf2903-Beitragsfoto.jpg\" \/>\n\t<meta property=\"og:image:width\" content=\"200\" \/>\n\t<meta property=\"og:image:height\" content=\"200\" \/>\n\t<meta property=\"og:image:type\" content=\"image\/jpeg\" \/>\n<meta name=\"author\" content=\"beatrixlosem\" \/>\n<meta name=\"twitter:label1\" content=\"Verfasst von\" \/>\n\t<meta name=\"twitter:data1\" content=\"beatrixlosem\" \/>\n\t<meta name=\"twitter:label2\" content=\"Gesch\u00e4tzte Lesezeit\" \/>\n\t<meta name=\"twitter:data2\" content=\"3\u00a0Minuten\" \/>\n<script type=\"application\/ld+json\" class=\"yoast-schema-graph\">{\"@context\":\"https:\/\/schema.org\",\"@graph\":[{\"@type\":\"WebPage\",\"@id\":\"https:\/\/www.naturparkmagazin.de\/vdn\/einer-fuer-alle-jahreszeiten-naturpark-diemelsee\/\",\"url\":\"https:\/\/www.naturparkmagazin.de\/vdn\/einer-fuer-alle-jahreszeiten-naturpark-diemelsee\/\",\"name\":\"\\\"Einer f\u00fcr alle Jahreszeiten\\\" \u2013 Naturpark Diemelsee\",\"isPartOf\":{\"@id\":\"https:\/\/www.naturparkmagazin.de\/vdn\/#website\"},\"datePublished\":\"2015-08-18T12:29:08+00:00\",\"dateModified\":\"2015-08-24T09:30:03+00:00\",\"author\":{\"@id\":\"https:\/\/www.naturparkmagazin.de\/vdn\/#\/schema\/person\/d71357578c318b6db03be60b1f60396b\"},\"description\":\"Der Naturpark Diemelsee liegt im \u00e4u\u00dfersten Nordwesten Hessens und ragt mit einem Drittel seiner Fl\u00e4che in das angrenzende Bundesland Nordrhein-Westfalen hinein. Gro\u00dfe geschlossene W\u00e4lder bestimmen das Bild der Landschaft. Die intakten Naturlandschaften im Naturpark Diemelsee bilden den Lebensraum f\u00fcr zahlreiche Tier- und Pflanzenarten. Dabei sind Arten, die selten geworden und vom Aussterben bedroht sind. Eine gro\u00dfe Zahl gut markierter Wanderwege (darunter sieben zertifizierte) - sowohl Fernwanderwege als auch Rundwanderweg - erschlie\u00dfen die Sch\u00f6nheiten der Landschaft, die durch den Wechsel zwischen Wald und Feld, Berg und Tal besticht.\",\"breadcrumb\":{\"@id\":\"https:\/\/www.naturparkmagazin.de\/vdn\/einer-fuer-alle-jahreszeiten-naturpark-diemelsee\/#breadcrumb\"},\"inLanguage\":\"de\",\"potentialAction\":[{\"@type\":\"ReadAction\",\"target\":[\"https:\/\/www.naturparkmagazin.de\/vdn\/einer-fuer-alle-jahreszeiten-naturpark-diemelsee\/\"]}]},{\"@type\":\"BreadcrumbList\",\"@id\":\"https:\/\/www.naturparkmagazin.de\/vdn\/einer-fuer-alle-jahreszeiten-naturpark-diemelsee\/#breadcrumb\",\"itemListElement\":[{\"@type\":\"ListItem\",\"position\":1,\"name\":\"Home\",\"item\":\"https:\/\/www.naturparkmagazin.de\/vdn\/\"},{\"@type\":\"ListItem\",\"position\":2,\"name\":\"&#8222;Einer f\u00fcr alle Jahreszeiten&#8220; \u2013 Naturpark Diemelsee\"}]},{\"@type\":\"WebSite\",\"@id\":\"https:\/\/www.naturparkmagazin.de\/vdn\/#website\",\"url\":\"https:\/\/www.naturparkmagazin.de\/vdn\/\",\"name\":\"Verband Deutscher Naturparke\",\"description\":\"Eine weitere Naturparkmagazin.de Netzwerk Seite\",\"potentialAction\":[{\"@type\":\"SearchAction\",\"target\":{\"@type\":\"EntryPoint\",\"urlTemplate\":\"https:\/\/www.naturparkmagazin.de\/vdn\/?s={search_term_string}\"},\"query-input\":\"required name=search_term_string\"}],\"inLanguage\":\"de\"},{\"@type\":\"Person\",\"@id\":\"https:\/\/www.naturparkmagazin.de\/vdn\/#\/schema\/person\/d71357578c318b6db03be60b1f60396b\",\"name\":\"beatrixlosem\",\"url\":\"https:\/\/www.naturparkmagazin.de\/vdn\/author\/beatrixlosem\/\"}]}<\/script>\n<!-- \/ Yoast SEO plugin. -->","yoast_head_json":{"title":"\"Einer f\u00fcr alle Jahreszeiten\" \u2013 Naturpark Diemelsee","description":"Der Naturpark Diemelsee liegt im \u00e4u\u00dfersten Nordwesten Hessens und ragt mit einem Drittel seiner Fl\u00e4che in das angrenzende Bundesland Nordrhein-Westfalen hinein. Gro\u00dfe geschlossene W\u00e4lder bestimmen das Bild der Landschaft. Die intakten Naturlandschaften im Naturpark Diemelsee bilden den Lebensraum f\u00fcr zahlreiche Tier- und Pflanzenarten. Dabei sind Arten, die selten geworden und vom Aussterben bedroht sind. Eine gro\u00dfe Zahl gut markierter Wanderwege (darunter sieben zertifizierte) - sowohl Fernwanderwege als auch Rundwanderweg - erschlie\u00dfen die Sch\u00f6nheiten der Landschaft, die durch den Wechsel zwischen Wald und Feld, Berg und Tal besticht.","robots":{"index":"index","follow":"follow","max-snippet":"max-snippet:-1","max-image-preview":"max-image-preview:large","max-video-preview":"max-video-preview:-1"},"canonical":"https:\/\/www.naturparkmagazin.de\/vdn\/einer-fuer-alle-jahreszeiten-naturpark-diemelsee\/","og_locale":"de_DE","og_type":"article","og_title":"\"Einer f\u00fcr alle Jahreszeiten\" \u2013 Naturpark Diemelsee","og_description":"Der Naturpark Diemelsee liegt im \u00e4u\u00dfersten Nordwesten Hessens und ragt mit einem Drittel seiner Fl\u00e4che in das angrenzende Bundesland Nordrhein-Westfalen hinein. Gro\u00dfe geschlossene W\u00e4lder bestimmen das Bild der Landschaft. Die intakten Naturlandschaften im Naturpark Diemelsee bilden den Lebensraum f\u00fcr zahlreiche Tier- und Pflanzenarten. Dabei sind Arten, die selten geworden und vom Aussterben bedroht sind. Eine gro\u00dfe Zahl gut markierter Wanderwege (darunter sieben zertifizierte) - sowohl Fernwanderwege als auch Rundwanderweg - erschlie\u00dfen die Sch\u00f6nheiten der Landschaft, die durch den Wechsel zwischen Wald und Feld, Berg und Tal besticht.","og_url":"https:\/\/www.naturparkmagazin.de\/vdn\/einer-fuer-alle-jahreszeiten-naturpark-diemelsee\/","og_site_name":"Verband Deutscher Naturparke","article_published_time":"2015-08-18T12:29:08+00:00","article_modified_time":"2015-08-24T09:30:03+00:00","og_image":[{"width":200,"height":200,"url":"https:\/\/www.naturparkmagazin.de\/vdn\/wp-content\/uploads\/sites\/3\/dscf2903-Beitragsfoto.jpg","type":"image\/jpeg"}],"author":"beatrixlosem","twitter_misc":{"Verfasst von":"beatrixlosem","Gesch\u00e4tzte Lesezeit":"3\u00a0Minuten"},"schema":{"@context":"https:\/\/schema.org","@graph":[{"@type":"WebPage","@id":"https:\/\/www.naturparkmagazin.de\/vdn\/einer-fuer-alle-jahreszeiten-naturpark-diemelsee\/","url":"https:\/\/www.naturparkmagazin.de\/vdn\/einer-fuer-alle-jahreszeiten-naturpark-diemelsee\/","name":"\"Einer f\u00fcr alle Jahreszeiten\" \u2013 Naturpark Diemelsee","isPartOf":{"@id":"https:\/\/www.naturparkmagazin.de\/vdn\/#website"},"datePublished":"2015-08-18T12:29:08+00:00","dateModified":"2015-08-24T09:30:03+00:00","author":{"@id":"https:\/\/www.naturparkmagazin.de\/vdn\/#\/schema\/person\/d71357578c318b6db03be60b1f60396b"},"description":"Der Naturpark Diemelsee liegt im \u00e4u\u00dfersten Nordwesten Hessens und ragt mit einem Drittel seiner Fl\u00e4che in das angrenzende Bundesland Nordrhein-Westfalen hinein. Gro\u00dfe geschlossene W\u00e4lder bestimmen das Bild der Landschaft. Die intakten Naturlandschaften im Naturpark Diemelsee bilden den Lebensraum f\u00fcr zahlreiche Tier- und Pflanzenarten. Dabei sind Arten, die selten geworden und vom Aussterben bedroht sind. Eine gro\u00dfe Zahl gut markierter Wanderwege (darunter sieben zertifizierte) - sowohl Fernwanderwege als auch Rundwanderweg - erschlie\u00dfen die Sch\u00f6nheiten der Landschaft, die durch den Wechsel zwischen Wald und Feld, Berg und Tal besticht.","breadcrumb":{"@id":"https:\/\/www.naturparkmagazin.de\/vdn\/einer-fuer-alle-jahreszeiten-naturpark-diemelsee\/#breadcrumb"},"inLanguage":"de","potentialAction":[{"@type":"ReadAction","target":["https:\/\/www.naturparkmagazin.de\/vdn\/einer-fuer-alle-jahreszeiten-naturpark-diemelsee\/"]}]},{"@type":"BreadcrumbList","@id":"https:\/\/www.naturparkmagazin.de\/vdn\/einer-fuer-alle-jahreszeiten-naturpark-diemelsee\/#breadcrumb","itemListElement":[{"@type":"ListItem","position":1,"name":"Home","item":"https:\/\/www.naturparkmagazin.de\/vdn\/"},{"@type":"ListItem","position":2,"name":"&#8222;Einer f\u00fcr alle Jahreszeiten&#8220; \u2013 Naturpark Diemelsee"}]},{"@type":"WebSite","@id":"https:\/\/www.naturparkmagazin.de\/vdn\/#website","url":"https:\/\/www.naturparkmagazin.de\/vdn\/","name":"Verband Deutscher Naturparke","description":"Eine weitere Naturparkmagazin.de Netzwerk Seite","potentialAction":[{"@type":"SearchAction","target":{"@type":"EntryPoint","urlTemplate":"https:\/\/www.naturparkmagazin.de\/vdn\/?s={search_term_string}"},"query-input":"required name=search_term_string"}],"inLanguage":"de"},{"@type":"Person","@id":"https:\/\/www.naturparkmagazin.de\/vdn\/#\/schema\/person\/d71357578c318b6db03be60b1f60396b","name":"beatrixlosem","url":"https:\/\/www.naturparkmagazin.de\/vdn\/author\/beatrixlosem\/"}]}},"_links":{"self":[{"href":"https:\/\/www.naturparkmagazin.de\/vdn\/wp-json\/wp\/v2\/posts\/5769"}],"collection":[{"href":"https:\/\/www.naturparkmagazin.de\/vdn\/wp-json\/wp\/v2\/posts"}],"about":[{"href":"https:\/\/www.naturparkmagazin.de\/vdn\/wp-json\/wp\/v2\/types\/post"}],"author":[{"embeddable":true,"href":"https:\/\/www.naturparkmagazin.de\/vdn\/wp-json\/wp\/v2\/users\/51"}],"replies":[{"embeddable":true,"href":"https:\/\/www.naturparkmagazin.de\/vdn\/wp-json\/wp\/v2\/comments?post=5769"}],"version-history":[{"count":8,"href":"https:\/\/www.naturparkmagazin.de\/vdn\/wp-json\/wp\/v2\/posts\/5769\/revisions"}],"predecessor-version":[{"id":5884,"href":"https:\/\/www.naturparkmagazin.de\/vdn\/wp-json\/wp\/v2\/posts\/5769\/revisions\/5884"}],"wp:featuredmedia":[{"embeddable":true,"href":"https:\/\/www.naturparkmagazin.de\/vdn\/wp-json\/wp\/v2\/media\/5771"}],"wp:attachment":[{"href":"https:\/\/www.naturparkmagazin.de\/vdn\/wp-json\/wp\/v2\/media?parent=5769"}],"wp:term":[{"taxonomy":"category","embeddable":true,"href":"https:\/\/www.naturparkmagazin.de\/vdn\/wp-json\/wp\/v2\/categories?post=5769"},{"taxonomy":"post_tag","embeddable":true,"href":"https:\/\/www.naturparkmagazin.de\/vdn\/wp-json\/wp\/v2\/tags?post=5769"}],"curies":[{"name":"wp","href":"https:\/\/api.w.org\/{rel}","templated":true}]}}