{"id":5780,"date":"2015-08-18T15:28:09","date_gmt":"2015-08-18T13:28:09","guid":{"rendered":"http:\/\/www.naturparkmagazin.de\/vdn\/?p=5780"},"modified":"2015-08-20T15:10:18","modified_gmt":"2015-08-20T13:10:18","slug":"juergen-bangert","status":"publish","type":"post","link":"https:\/\/www.naturparkmagazin.de\/vdn\/juergen-bangert\/","title":{"rendered":"J\u00fcrgen Bangert"},"content":{"rendered":"<div id=\"attachment_5819\" style=\"width: 510px\" class=\"wp-caption aligncenter\"><a href=\"https:\/\/www.naturparkmagazin.de\/vdn\/wp-content\/uploads\/sites\/3\/J\u00fcrgen-Bangert-Beitrag.jpg\"><img aria-describedby=\"caption-attachment-5819\" decoding=\"async\" loading=\"lazy\" class=\"size-full wp-image-5819\" src=\"https:\/\/www.naturparkmagazin.de\/vdn\/wp-content\/uploads\/sites\/3\/J\u00fcrgen-Bangert-Beitrag.jpg\" alt=\"\u00a9 J\u00fcrgen Bangert\" width=\"500\" height=\"300\" srcset=\"https:\/\/www.naturparkmagazin.de\/vdn\/wp-content\/uploads\/sites\/3\/J\u00fcrgen-Bangert-Beitrag.jpg 500w, https:\/\/www.naturparkmagazin.de\/vdn\/wp-content\/uploads\/sites\/3\/J\u00fcrgen-Bangert-Beitrag-300x180.jpg 300w, https:\/\/www.naturparkmagazin.de\/vdn\/wp-content\/uploads\/sites\/3\/J\u00fcrgen-Bangert-Beitrag-200x120.jpg 200w\" sizes=\"(max-width: 500px) 100vw, 500px\" \/><\/a><p id=\"caption-attachment-5819\" class=\"wp-caption-text\">\u00a9 J\u00fcrgen Bangert<\/p><\/div>\n<p>J\u00fcrgen Bangert ist Moderator, Organisator, Redakteur und Comedian, er ist aber auch Naturpark-Botschafter des Naturparks Diemelsee. Bekannt wurde er im Radio mit Telefonstreichen als Elvis Eifel weit \u00fcber die Grenzen des Naturparks hinaus.<\/p>\n<p>1973 in Willingen im Naturpark Diemelsee geboren ist J\u00fcrgen Bangert sowohl im privaten Bereich, durch Elternhaus und zahlreiche Freundschaften, als auch beruflich noch immer stark mit seiner Heimat verbunden. \u201eDu bekommst den Bangert zwar aus dem Waldecker Land &#8211; aber Du kriegst das Waldecker Land nie aus dem Bangert!\u201c Als Naturpark-Botschafter ist er f\u00fcr den Naturpark Diemelsee jederzeit ansprechbar und identifiziert sich sehr f\u00fcr dessen Belange. So trat er beim 50-j\u00e4hrigen Naturparkjubil\u00e4um am 22. August auf der Festb\u00fchne auf.<\/p>\n<p>Der Lieblingsort von J\u00fcrgen Bangert ist die &#8222;Orenberg-Platte&#8220; in Willingen: \u201eNicht so hoch und prominent wie der Ettelsberg, aber daf\u00fcr hat man da oben wunderbar seine Ruhe. Au\u00dferdem haben wir als Kinder und Jugendliche dort unsere beste Zeit verbracht. Wer dabei war, wei\u00df was ich meine :-)!\u201c<\/p>\n<div id=\"attachment_5783\" style=\"width: 510px\" class=\"wp-caption aligncenter\"><a href=\"https:\/\/www.naturparkmagazin.de\/vdn\/wp-content\/uploads\/sites\/3\/94f6d38446-Beitrag.jpg\"><img aria-describedby=\"caption-attachment-5783\" decoding=\"async\" loading=\"lazy\" class=\"size-full wp-image-5783\" src=\"https:\/\/www.naturparkmagazin.de\/vdn\/wp-content\/uploads\/sites\/3\/94f6d38446-Beitrag.jpg\" alt=\"Blick auf Willingen \u00a9 Naturpark Diemelsee\" width=\"500\" height=\"300\" srcset=\"https:\/\/www.naturparkmagazin.de\/vdn\/wp-content\/uploads\/sites\/3\/94f6d38446-Beitrag.jpg 500w, https:\/\/www.naturparkmagazin.de\/vdn\/wp-content\/uploads\/sites\/3\/94f6d38446-Beitrag-300x180.jpg 300w, https:\/\/www.naturparkmagazin.de\/vdn\/wp-content\/uploads\/sites\/3\/94f6d38446-Beitrag-200x120.jpg 200w\" sizes=\"(max-width: 500px) 100vw, 500px\" \/><\/a><p id=\"caption-attachment-5783\" class=\"wp-caption-text\">Blick auf Willingen \u00a9 Naturpark Diemelsee<\/p><\/div>\n<p>&nbsp;<\/p>\n","protected":false},"excerpt":{"rendered":"<p>ist Moderator, Organisator, Redakteur und Comedian, er ist aber auch Naturpark-Botschafter des Naturparks Diemelsee. Bekannt wurde er im Radio mit Telefonstreichen als Elvis Eifel weit \u00fcber die Grenzen des Naturparks hinaus.<\/p>\n","protected":false},"author":51,"featured_media":5818,"comment_status":"open","ping_status":"open","sticky":false,"template":"","format":"standard","meta":{"_links_to":"","_links_to_target":""},"categories":[8],"tags":[316,473,477,3155,476,479,478,41,501],"yoast_head":"<!-- This site is optimized with the Yoast SEO plugin v19.10 - https:\/\/yoast.com\/wordpress\/plugins\/seo\/ -->\n<title>J\u00fcrgen Bangert<\/title>\n<meta name=\"description\" content=\"ist Moderator, Organisator, Redakteur und Comedian, er ist aber auch Naturpark-Botschafter des Naturparks Diemelsee. Bekannt wurde er im Radio mit Telefonstreichen als Elvis Eifel weit \u00fcber die Grenzen des Naturparks hinaus.\" \/>\n<meta name=\"robots\" content=\"index, follow, max-snippet:-1, max-image-preview:large, max-video-preview:-1\" \/>\n<link rel=\"canonical\" href=\"https:\/\/www.naturparkmagazin.de\/vdn\/juergen-bangert\/\" \/>\n<meta property=\"og:locale\" content=\"de_DE\" \/>\n<meta property=\"og:type\" content=\"article\" \/>\n<meta property=\"og:title\" content=\"J\u00fcrgen Bangert\" \/>\n<meta property=\"og:description\" content=\"ist Moderator, Organisator, Redakteur und Comedian, er ist aber auch Naturpark-Botschafter des Naturparks Diemelsee. Bekannt wurde er im Radio mit Telefonstreichen als Elvis Eifel weit \u00fcber die Grenzen des Naturparks hinaus.\" \/>\n<meta property=\"og:url\" content=\"https:\/\/www.naturparkmagazin.de\/vdn\/juergen-bangert\/\" \/>\n<meta property=\"og:site_name\" content=\"Verband Deutscher Naturparke\" \/>\n<meta property=\"article:published_time\" content=\"2015-08-18T13:28:09+00:00\" \/>\n<meta property=\"article:modified_time\" content=\"2015-08-20T13:10:18+00:00\" \/>\n<meta property=\"og:image\" content=\"https:\/\/www.naturparkmagazin.de\/vdn\/wp-content\/uploads\/sites\/3\/J\u00fcrgen-Bangert-Beitragsfoto.jpg\" \/>\n\t<meta property=\"og:image:width\" content=\"200\" \/>\n\t<meta property=\"og:image:height\" content=\"200\" \/>\n\t<meta property=\"og:image:type\" content=\"image\/jpeg\" \/>\n<meta name=\"author\" content=\"beatrixlosem\" \/>\n<meta name=\"twitter:label1\" content=\"Verfasst von\" \/>\n\t<meta name=\"twitter:data1\" content=\"beatrixlosem\" \/>\n\t<meta name=\"twitter:label2\" content=\"Gesch\u00e4tzte Lesezeit\" \/>\n\t<meta name=\"twitter:data2\" content=\"1\u00a0Minute\" \/>\n<script type=\"application\/ld+json\" class=\"yoast-schema-graph\">{\"@context\":\"https:\/\/schema.org\",\"@graph\":[{\"@type\":\"WebPage\",\"@id\":\"https:\/\/www.naturparkmagazin.de\/vdn\/juergen-bangert\/\",\"url\":\"https:\/\/www.naturparkmagazin.de\/vdn\/juergen-bangert\/\",\"name\":\"J\u00fcrgen Bangert\",\"isPartOf\":{\"@id\":\"https:\/\/www.naturparkmagazin.de\/vdn\/#website\"},\"datePublished\":\"2015-08-18T13:28:09+00:00\",\"dateModified\":\"2015-08-20T13:10:18+00:00\",\"author\":{\"@id\":\"https:\/\/www.naturparkmagazin.de\/vdn\/#\/schema\/person\/d71357578c318b6db03be60b1f60396b\"},\"description\":\"ist Moderator, Organisator, Redakteur und Comedian, er ist aber auch Naturpark-Botschafter des Naturparks Diemelsee. Bekannt wurde er im Radio mit Telefonstreichen als Elvis Eifel weit \u00fcber die Grenzen des Naturparks hinaus.\",\"breadcrumb\":{\"@id\":\"https:\/\/www.naturparkmagazin.de\/vdn\/juergen-bangert\/#breadcrumb\"},\"inLanguage\":\"de\",\"potentialAction\":[{\"@type\":\"ReadAction\",\"target\":[\"https:\/\/www.naturparkmagazin.de\/vdn\/juergen-bangert\/\"]}]},{\"@type\":\"BreadcrumbList\",\"@id\":\"https:\/\/www.naturparkmagazin.de\/vdn\/juergen-bangert\/#breadcrumb\",\"itemListElement\":[{\"@type\":\"ListItem\",\"position\":1,\"name\":\"Home\",\"item\":\"https:\/\/www.naturparkmagazin.de\/vdn\/\"},{\"@type\":\"ListItem\",\"position\":2,\"name\":\"J\u00fcrgen Bangert\"}]},{\"@type\":\"WebSite\",\"@id\":\"https:\/\/www.naturparkmagazin.de\/vdn\/#website\",\"url\":\"https:\/\/www.naturparkmagazin.de\/vdn\/\",\"name\":\"Verband Deutscher Naturparke\",\"description\":\"Eine weitere Naturparkmagazin.de Netzwerk Seite\",\"potentialAction\":[{\"@type\":\"SearchAction\",\"target\":{\"@type\":\"EntryPoint\",\"urlTemplate\":\"https:\/\/www.naturparkmagazin.de\/vdn\/?s={search_term_string}\"},\"query-input\":\"required name=search_term_string\"}],\"inLanguage\":\"de\"},{\"@type\":\"Person\",\"@id\":\"https:\/\/www.naturparkmagazin.de\/vdn\/#\/schema\/person\/d71357578c318b6db03be60b1f60396b\",\"name\":\"beatrixlosem\",\"url\":\"https:\/\/www.naturparkmagazin.de\/vdn\/author\/beatrixlosem\/\"}]}<\/script>\n<!-- \/ Yoast SEO plugin. -->","yoast_head_json":{"title":"J\u00fcrgen Bangert","description":"ist Moderator, Organisator, Redakteur und Comedian, er ist aber auch Naturpark-Botschafter des Naturparks Diemelsee. Bekannt wurde er im Radio mit Telefonstreichen als Elvis Eifel weit \u00fcber die Grenzen des Naturparks hinaus.","robots":{"index":"index","follow":"follow","max-snippet":"max-snippet:-1","max-image-preview":"max-image-preview:large","max-video-preview":"max-video-preview:-1"},"canonical":"https:\/\/www.naturparkmagazin.de\/vdn\/juergen-bangert\/","og_locale":"de_DE","og_type":"article","og_title":"J\u00fcrgen Bangert","og_description":"ist Moderator, Organisator, Redakteur und Comedian, er ist aber auch Naturpark-Botschafter des Naturparks Diemelsee. Bekannt wurde er im Radio mit Telefonstreichen als Elvis Eifel weit \u00fcber die Grenzen des Naturparks hinaus.","og_url":"https:\/\/www.naturparkmagazin.de\/vdn\/juergen-bangert\/","og_site_name":"Verband Deutscher Naturparke","article_published_time":"2015-08-18T13:28:09+00:00","article_modified_time":"2015-08-20T13:10:18+00:00","og_image":[{"width":200,"height":200,"url":"https:\/\/www.naturparkmagazin.de\/vdn\/wp-content\/uploads\/sites\/3\/J\u00fcrgen-Bangert-Beitragsfoto.jpg","type":"image\/jpeg"}],"author":"beatrixlosem","twitter_misc":{"Verfasst von":"beatrixlosem","Gesch\u00e4tzte Lesezeit":"1\u00a0Minute"},"schema":{"@context":"https:\/\/schema.org","@graph":[{"@type":"WebPage","@id":"https:\/\/www.naturparkmagazin.de\/vdn\/juergen-bangert\/","url":"https:\/\/www.naturparkmagazin.de\/vdn\/juergen-bangert\/","name":"J\u00fcrgen Bangert","isPartOf":{"@id":"https:\/\/www.naturparkmagazin.de\/vdn\/#website"},"datePublished":"2015-08-18T13:28:09+00:00","dateModified":"2015-08-20T13:10:18+00:00","author":{"@id":"https:\/\/www.naturparkmagazin.de\/vdn\/#\/schema\/person\/d71357578c318b6db03be60b1f60396b"},"description":"ist Moderator, Organisator, Redakteur und Comedian, er ist aber auch Naturpark-Botschafter des Naturparks Diemelsee. Bekannt wurde er im Radio mit Telefonstreichen als Elvis Eifel weit \u00fcber die Grenzen des Naturparks hinaus.","breadcrumb":{"@id":"https:\/\/www.naturparkmagazin.de\/vdn\/juergen-bangert\/#breadcrumb"},"inLanguage":"de","potentialAction":[{"@type":"ReadAction","target":["https:\/\/www.naturparkmagazin.de\/vdn\/juergen-bangert\/"]}]},{"@type":"BreadcrumbList","@id":"https:\/\/www.naturparkmagazin.de\/vdn\/juergen-bangert\/#breadcrumb","itemListElement":[{"@type":"ListItem","position":1,"name":"Home","item":"https:\/\/www.naturparkmagazin.de\/vdn\/"},{"@type":"ListItem","position":2,"name":"J\u00fcrgen Bangert"}]},{"@type":"WebSite","@id":"https:\/\/www.naturparkmagazin.de\/vdn\/#website","url":"https:\/\/www.naturparkmagazin.de\/vdn\/","name":"Verband Deutscher Naturparke","description":"Eine weitere Naturparkmagazin.de Netzwerk Seite","potentialAction":[{"@type":"SearchAction","target":{"@type":"EntryPoint","urlTemplate":"https:\/\/www.naturparkmagazin.de\/vdn\/?s={search_term_string}"},"query-input":"required name=search_term_string"}],"inLanguage":"de"},{"@type":"Person","@id":"https:\/\/www.naturparkmagazin.de\/vdn\/#\/schema\/person\/d71357578c318b6db03be60b1f60396b","name":"beatrixlosem","url":"https:\/\/www.naturparkmagazin.de\/vdn\/author\/beatrixlosem\/"}]}},"_links":{"self":[{"href":"https:\/\/www.naturparkmagazin.de\/vdn\/wp-json\/wp\/v2\/posts\/5780"}],"collection":[{"href":"https:\/\/www.naturparkmagazin.de\/vdn\/wp-json\/wp\/v2\/posts"}],"about":[{"href":"https:\/\/www.naturparkmagazin.de\/vdn\/wp-json\/wp\/v2\/types\/post"}],"author":[{"embeddable":true,"href":"https:\/\/www.naturparkmagazin.de\/vdn\/wp-json\/wp\/v2\/users\/51"}],"replies":[{"embeddable":true,"href":"https:\/\/www.naturparkmagazin.de\/vdn\/wp-json\/wp\/v2\/comments?post=5780"}],"version-history":[{"count":10,"href":"https:\/\/www.naturparkmagazin.de\/vdn\/wp-json\/wp\/v2\/posts\/5780\/revisions"}],"predecessor-version":[{"id":5875,"href":"https:\/\/www.naturparkmagazin.de\/vdn\/wp-json\/wp\/v2\/posts\/5780\/revisions\/5875"}],"wp:featuredmedia":[{"embeddable":true,"href":"https:\/\/www.naturparkmagazin.de\/vdn\/wp-json\/wp\/v2\/media\/5818"}],"wp:attachment":[{"href":"https:\/\/www.naturparkmagazin.de\/vdn\/wp-json\/wp\/v2\/media?parent=5780"}],"wp:term":[{"taxonomy":"category","embeddable":true,"href":"https:\/\/www.naturparkmagazin.de\/vdn\/wp-json\/wp\/v2\/categories?post=5780"},{"taxonomy":"post_tag","embeddable":true,"href":"https:\/\/www.naturparkmagazin.de\/vdn\/wp-json\/wp\/v2\/tags?post=5780"}],"curies":[{"name":"wp","href":"https:\/\/api.w.org\/{rel}","templated":true}]}}