{"id":5796,"date":"2015-08-18T14:37:53","date_gmt":"2015-08-18T12:37:53","guid":{"rendered":"http:\/\/www.naturparkmagazin.de\/vdn\/?p=5796"},"modified":"2015-08-31T14:13:16","modified_gmt":"2015-08-31T12:13:16","slug":"walnusspesto-aus-dem-naturpark-solling-vogler","status":"publish","type":"post","link":"https:\/\/www.naturparkmagazin.de\/vdn\/walnusspesto-aus-dem-naturpark-solling-vogler\/","title":{"rendered":"Walnusspesto aus dem Naturpark Solling-Vogler"},"content":{"rendered":"<div id=\"attachment_5787\" style=\"width: 510px\" class=\"wp-caption aligncenter\"><a href=\"https:\/\/www.naturparkmagazin.de\/vdn\/wp-content\/uploads\/sites\/3\/Wallnusspesto-Beitrag.jpg\"><img aria-describedby=\"caption-attachment-5787\" decoding=\"async\" loading=\"lazy\" class=\"size-full wp-image-5787\" src=\"https:\/\/www.naturparkmagazin.de\/vdn\/wp-content\/uploads\/sites\/3\/Wallnusspesto-Beitrag.jpg\" alt=\"Walnusspesto \u00a9 Naturgenuss GmbH\" width=\"500\" height=\"300\" srcset=\"https:\/\/www.naturparkmagazin.de\/vdn\/wp-content\/uploads\/sites\/3\/Wallnusspesto-Beitrag.jpg 500w, https:\/\/www.naturparkmagazin.de\/vdn\/wp-content\/uploads\/sites\/3\/Wallnusspesto-Beitrag-300x180.jpg 300w, https:\/\/www.naturparkmagazin.de\/vdn\/wp-content\/uploads\/sites\/3\/Wallnusspesto-Beitrag-200x120.jpg 200w\" sizes=\"(max-width: 500px) 100vw, 500px\" \/><\/a><p id=\"caption-attachment-5787\" class=\"wp-caption-text\">Walnusspesto \u00a9 Naturgenuss GmbH<\/p><\/div>\n<p>Unser Produkt des Monats im September ist eine feine Pesto-Variante mit Waln\u00fcssen, Walnuss\u00f6l und Parmesan aus dem Naturpark Solling-Vogler, fein abgerundet mit mediterranen Kr\u00e4utern. Himmlisch als Sandwichaufstrich oder zu Mozzarella und nat\u00fcrlich zum Klassiker: Pasta!<\/p>\n<p>Knackfrische Waln\u00fcsse aus nachhaltig \u00f6kologisch bewirtschafteten Plantagen und italienischer Hartk\u00e4se bilden die Grundlage f\u00fcr dieses kulinarische Highlight.<\/p>\n<p>Qualit\u00e4t statt Masse &#8211; so lautet die Devise in der \u00d6lm\u00fchle Solling. Hier geht es noch ganz handwerklich zu, angefangen von der Auslese der Rohstoffe, \u00fcber die \u00d6lgewinnung mit kleinen Spindelpressen bis zur Filtration und Abf\u00fcllung.<\/p>\n<p>Das <a href=\"http:\/\/www.naturpark-spezialitaeten.de\/products\/Walnuss%20Pesto\" target=\"_blank\">Walnusspesto aus dem Naturpark Solling-Vogler<\/a> sowie viele weitere Spezialit\u00e4ten aus Naturparken k\u00f6nnen Sie im <a href=\"http:\/\/www.naturpark-spezialitaeten.de\" target=\"_blank\">Naturpark-Spezialit\u00e4ten-Shop<\/a> bestellen.<\/p>\n<p>&nbsp;<\/p>\n","protected":false},"excerpt":{"rendered":"<p>Unser Produkt des Monats im September ist eine feine Pesto-Variante mit Waln\u00fcssen, Walnuss\u00f6l und Parmesan aus dem Naturpark Solling-Vogler, fein abgerundet mit mediterranen Kr\u00e4utern. Himmlisch als Sandwichaufstrich oder zu Mozzarella und nat\u00fcrlich zum Klassiker: Pasta!<\/p>\n","protected":false},"author":51,"featured_media":5786,"comment_status":"open","ping_status":"open","sticky":false,"template":"","format":"standard","meta":{"_links_to":"","_links_to_target":""},"categories":[13],"tags":[316,3155,288,41],"yoast_head":"<!-- This site is optimized with the Yoast SEO plugin v19.10 - https:\/\/yoast.com\/wordpress\/plugins\/seo\/ -->\n<title>Walnusspesto aus dem Naturpark Solling-Vogler<\/title>\n<meta name=\"description\" content=\"Unser Produkt des Monats im September ist eine feine Pesto-Variante mit Waln\u00fcssen, Walnuss\u00f6l und Parmesan aus dem Naturpark Solling-Vogler, fein abgerundet mit mediterranen Kr\u00e4utern. Himmlisch als Sandwichaufstrich oder zu Mozzarella und nat\u00fcrlich zum Klassiker: Pasta!\" \/>\n<meta name=\"robots\" content=\"index, follow, max-snippet:-1, max-image-preview:large, max-video-preview:-1\" \/>\n<link rel=\"canonical\" href=\"https:\/\/www.naturparkmagazin.de\/vdn\/walnusspesto-aus-dem-naturpark-solling-vogler\/\" \/>\n<meta property=\"og:locale\" content=\"de_DE\" \/>\n<meta property=\"og:type\" content=\"article\" \/>\n<meta property=\"og:title\" content=\"Walnusspesto aus dem Naturpark Solling-Vogler\" \/>\n<meta property=\"og:description\" content=\"Unser Produkt des Monats im September ist eine feine Pesto-Variante mit Waln\u00fcssen, Walnuss\u00f6l und Parmesan aus dem Naturpark Solling-Vogler, fein abgerundet mit mediterranen Kr\u00e4utern. Himmlisch als Sandwichaufstrich oder zu Mozzarella und nat\u00fcrlich zum Klassiker: Pasta!\" \/>\n<meta property=\"og:url\" content=\"https:\/\/www.naturparkmagazin.de\/vdn\/walnusspesto-aus-dem-naturpark-solling-vogler\/\" \/>\n<meta property=\"og:site_name\" content=\"Verband Deutscher Naturparke\" \/>\n<meta property=\"article:published_time\" content=\"2015-08-18T12:37:53+00:00\" \/>\n<meta property=\"article:modified_time\" content=\"2015-08-31T12:13:16+00:00\" \/>\n<meta property=\"og:image\" content=\"https:\/\/www.naturparkmagazin.de\/vdn\/wp-content\/uploads\/sites\/3\/Walnuss-pesto-Beitragsfoto.jpg\" \/>\n\t<meta property=\"og:image:width\" content=\"200\" \/>\n\t<meta property=\"og:image:height\" content=\"200\" \/>\n\t<meta property=\"og:image:type\" content=\"image\/jpeg\" \/>\n<meta name=\"author\" content=\"beatrixlosem\" \/>\n<meta name=\"twitter:label1\" content=\"Verfasst von\" \/>\n\t<meta name=\"twitter:data1\" content=\"beatrixlosem\" \/>\n\t<meta name=\"twitter:label2\" content=\"Gesch\u00e4tzte Lesezeit\" \/>\n\t<meta name=\"twitter:data2\" content=\"1\u00a0Minute\" \/>\n<script type=\"application\/ld+json\" class=\"yoast-schema-graph\">{\"@context\":\"https:\/\/schema.org\",\"@graph\":[{\"@type\":\"WebPage\",\"@id\":\"https:\/\/www.naturparkmagazin.de\/vdn\/walnusspesto-aus-dem-naturpark-solling-vogler\/\",\"url\":\"https:\/\/www.naturparkmagazin.de\/vdn\/walnusspesto-aus-dem-naturpark-solling-vogler\/\",\"name\":\"Walnusspesto aus dem Naturpark Solling-Vogler\",\"isPartOf\":{\"@id\":\"https:\/\/www.naturparkmagazin.de\/vdn\/#website\"},\"datePublished\":\"2015-08-18T12:37:53+00:00\",\"dateModified\":\"2015-08-31T12:13:16+00:00\",\"author\":{\"@id\":\"https:\/\/www.naturparkmagazin.de\/vdn\/#\/schema\/person\/d71357578c318b6db03be60b1f60396b\"},\"description\":\"Unser Produkt des Monats im September ist eine feine Pesto-Variante mit Waln\u00fcssen, Walnuss\u00f6l und Parmesan aus dem Naturpark Solling-Vogler, fein abgerundet mit mediterranen Kr\u00e4utern. Himmlisch als Sandwichaufstrich oder zu Mozzarella und nat\u00fcrlich zum Klassiker: Pasta!\",\"breadcrumb\":{\"@id\":\"https:\/\/www.naturparkmagazin.de\/vdn\/walnusspesto-aus-dem-naturpark-solling-vogler\/#breadcrumb\"},\"inLanguage\":\"de\",\"potentialAction\":[{\"@type\":\"ReadAction\",\"target\":[\"https:\/\/www.naturparkmagazin.de\/vdn\/walnusspesto-aus-dem-naturpark-solling-vogler\/\"]}]},{\"@type\":\"BreadcrumbList\",\"@id\":\"https:\/\/www.naturparkmagazin.de\/vdn\/walnusspesto-aus-dem-naturpark-solling-vogler\/#breadcrumb\",\"itemListElement\":[{\"@type\":\"ListItem\",\"position\":1,\"name\":\"Home\",\"item\":\"https:\/\/www.naturparkmagazin.de\/vdn\/\"},{\"@type\":\"ListItem\",\"position\":2,\"name\":\"Walnusspesto aus dem Naturpark Solling-Vogler\"}]},{\"@type\":\"WebSite\",\"@id\":\"https:\/\/www.naturparkmagazin.de\/vdn\/#website\",\"url\":\"https:\/\/www.naturparkmagazin.de\/vdn\/\",\"name\":\"Verband Deutscher Naturparke\",\"description\":\"Eine weitere Naturparkmagazin.de Netzwerk Seite\",\"potentialAction\":[{\"@type\":\"SearchAction\",\"target\":{\"@type\":\"EntryPoint\",\"urlTemplate\":\"https:\/\/www.naturparkmagazin.de\/vdn\/?s={search_term_string}\"},\"query-input\":\"required name=search_term_string\"}],\"inLanguage\":\"de\"},{\"@type\":\"Person\",\"@id\":\"https:\/\/www.naturparkmagazin.de\/vdn\/#\/schema\/person\/d71357578c318b6db03be60b1f60396b\",\"name\":\"beatrixlosem\",\"url\":\"https:\/\/www.naturparkmagazin.de\/vdn\/author\/beatrixlosem\/\"}]}<\/script>\n<!-- \/ Yoast SEO plugin. -->","yoast_head_json":{"title":"Walnusspesto aus dem Naturpark Solling-Vogler","description":"Unser Produkt des Monats im September ist eine feine Pesto-Variante mit Waln\u00fcssen, Walnuss\u00f6l und Parmesan aus dem Naturpark Solling-Vogler, fein abgerundet mit mediterranen Kr\u00e4utern. Himmlisch als Sandwichaufstrich oder zu Mozzarella und nat\u00fcrlich zum Klassiker: Pasta!","robots":{"index":"index","follow":"follow","max-snippet":"max-snippet:-1","max-image-preview":"max-image-preview:large","max-video-preview":"max-video-preview:-1"},"canonical":"https:\/\/www.naturparkmagazin.de\/vdn\/walnusspesto-aus-dem-naturpark-solling-vogler\/","og_locale":"de_DE","og_type":"article","og_title":"Walnusspesto aus dem Naturpark Solling-Vogler","og_description":"Unser Produkt des Monats im September ist eine feine Pesto-Variante mit Waln\u00fcssen, Walnuss\u00f6l und Parmesan aus dem Naturpark Solling-Vogler, fein abgerundet mit mediterranen Kr\u00e4utern. Himmlisch als Sandwichaufstrich oder zu Mozzarella und nat\u00fcrlich zum Klassiker: Pasta!","og_url":"https:\/\/www.naturparkmagazin.de\/vdn\/walnusspesto-aus-dem-naturpark-solling-vogler\/","og_site_name":"Verband Deutscher Naturparke","article_published_time":"2015-08-18T12:37:53+00:00","article_modified_time":"2015-08-31T12:13:16+00:00","og_image":[{"width":200,"height":200,"url":"https:\/\/www.naturparkmagazin.de\/vdn\/wp-content\/uploads\/sites\/3\/Walnuss-pesto-Beitragsfoto.jpg","type":"image\/jpeg"}],"author":"beatrixlosem","twitter_misc":{"Verfasst von":"beatrixlosem","Gesch\u00e4tzte Lesezeit":"1\u00a0Minute"},"schema":{"@context":"https:\/\/schema.org","@graph":[{"@type":"WebPage","@id":"https:\/\/www.naturparkmagazin.de\/vdn\/walnusspesto-aus-dem-naturpark-solling-vogler\/","url":"https:\/\/www.naturparkmagazin.de\/vdn\/walnusspesto-aus-dem-naturpark-solling-vogler\/","name":"Walnusspesto aus dem Naturpark Solling-Vogler","isPartOf":{"@id":"https:\/\/www.naturparkmagazin.de\/vdn\/#website"},"datePublished":"2015-08-18T12:37:53+00:00","dateModified":"2015-08-31T12:13:16+00:00","author":{"@id":"https:\/\/www.naturparkmagazin.de\/vdn\/#\/schema\/person\/d71357578c318b6db03be60b1f60396b"},"description":"Unser Produkt des Monats im September ist eine feine Pesto-Variante mit Waln\u00fcssen, Walnuss\u00f6l und Parmesan aus dem Naturpark Solling-Vogler, fein abgerundet mit mediterranen Kr\u00e4utern. Himmlisch als Sandwichaufstrich oder zu Mozzarella und nat\u00fcrlich zum Klassiker: Pasta!","breadcrumb":{"@id":"https:\/\/www.naturparkmagazin.de\/vdn\/walnusspesto-aus-dem-naturpark-solling-vogler\/#breadcrumb"},"inLanguage":"de","potentialAction":[{"@type":"ReadAction","target":["https:\/\/www.naturparkmagazin.de\/vdn\/walnusspesto-aus-dem-naturpark-solling-vogler\/"]}]},{"@type":"BreadcrumbList","@id":"https:\/\/www.naturparkmagazin.de\/vdn\/walnusspesto-aus-dem-naturpark-solling-vogler\/#breadcrumb","itemListElement":[{"@type":"ListItem","position":1,"name":"Home","item":"https:\/\/www.naturparkmagazin.de\/vdn\/"},{"@type":"ListItem","position":2,"name":"Walnusspesto aus dem Naturpark Solling-Vogler"}]},{"@type":"WebSite","@id":"https:\/\/www.naturparkmagazin.de\/vdn\/#website","url":"https:\/\/www.naturparkmagazin.de\/vdn\/","name":"Verband Deutscher Naturparke","description":"Eine weitere Naturparkmagazin.de Netzwerk Seite","potentialAction":[{"@type":"SearchAction","target":{"@type":"EntryPoint","urlTemplate":"https:\/\/www.naturparkmagazin.de\/vdn\/?s={search_term_string}"},"query-input":"required name=search_term_string"}],"inLanguage":"de"},{"@type":"Person","@id":"https:\/\/www.naturparkmagazin.de\/vdn\/#\/schema\/person\/d71357578c318b6db03be60b1f60396b","name":"beatrixlosem","url":"https:\/\/www.naturparkmagazin.de\/vdn\/author\/beatrixlosem\/"}]}},"_links":{"self":[{"href":"https:\/\/www.naturparkmagazin.de\/vdn\/wp-json\/wp\/v2\/posts\/5796"}],"collection":[{"href":"https:\/\/www.naturparkmagazin.de\/vdn\/wp-json\/wp\/v2\/posts"}],"about":[{"href":"https:\/\/www.naturparkmagazin.de\/vdn\/wp-json\/wp\/v2\/types\/post"}],"author":[{"embeddable":true,"href":"https:\/\/www.naturparkmagazin.de\/vdn\/wp-json\/wp\/v2\/users\/51"}],"replies":[{"embeddable":true,"href":"https:\/\/www.naturparkmagazin.de\/vdn\/wp-json\/wp\/v2\/comments?post=5796"}],"version-history":[{"count":6,"href":"https:\/\/www.naturparkmagazin.de\/vdn\/wp-json\/wp\/v2\/posts\/5796\/revisions"}],"predecessor-version":[{"id":5882,"href":"https:\/\/www.naturparkmagazin.de\/vdn\/wp-json\/wp\/v2\/posts\/5796\/revisions\/5882"}],"wp:featuredmedia":[{"embeddable":true,"href":"https:\/\/www.naturparkmagazin.de\/vdn\/wp-json\/wp\/v2\/media\/5786"}],"wp:attachment":[{"href":"https:\/\/www.naturparkmagazin.de\/vdn\/wp-json\/wp\/v2\/media?parent=5796"}],"wp:term":[{"taxonomy":"category","embeddable":true,"href":"https:\/\/www.naturparkmagazin.de\/vdn\/wp-json\/wp\/v2\/categories?post=5796"},{"taxonomy":"post_tag","embeddable":true,"href":"https:\/\/www.naturparkmagazin.de\/vdn\/wp-json\/wp\/v2\/tags?post=5796"}],"curies":[{"name":"wp","href":"https:\/\/api.w.org\/{rel}","templated":true}]}}