{"id":5808,"date":"2015-08-18T14:28:22","date_gmt":"2015-08-18T12:28:22","guid":{"rendered":"http:\/\/www.naturparkmagazin.de\/vdn\/?p=5808"},"modified":"2015-08-24T14:30:26","modified_gmt":"2015-08-24T12:30:26","slug":"geburtstagsgaeste-deutscher-naturpark-tag-2015-im-naturpark-diemelsee","status":"publish","type":"post","link":"https:\/\/www.naturparkmagazin.de\/vdn\/geburtstagsgaeste-deutscher-naturpark-tag-2015-im-naturpark-diemelsee\/","title":{"rendered":"\u201eGeburtstagsg\u00e4ste\u201c- Deutscher Naturpark-Tag 2015 im Naturpark Diemelsee"},"content":{"rendered":"<p><a href=\"https:\/\/www.naturparkmagazin.de\/vdn\/wp-content\/uploads\/sites\/3\/Logo-Beitrag.jpg\"><img decoding=\"async\" loading=\"lazy\" class=\"aligncenter size-full wp-image-5811\" src=\"https:\/\/www.naturparkmagazin.de\/vdn\/wp-content\/uploads\/sites\/3\/Logo-Beitrag.jpg\" alt=\"Logo Beitrag\" width=\"500\" height=\"300\" srcset=\"https:\/\/www.naturparkmagazin.de\/vdn\/wp-content\/uploads\/sites\/3\/Logo-Beitrag.jpg 500w, https:\/\/www.naturparkmagazin.de\/vdn\/wp-content\/uploads\/sites\/3\/Logo-Beitrag-300x180.jpg 300w, https:\/\/www.naturparkmagazin.de\/vdn\/wp-content\/uploads\/sites\/3\/Logo-Beitrag-200x120.jpg 200w\" sizes=\"(max-width: 500px) 100vw, 500px\" \/><\/a><\/p>\n<p>Rund 80 Vertreter aus 40 Naturparken werden vom 16. \u2013 18. September am Deutschen Naturpark-Tag 2015 in Willingen im Naturpark Diemelsee teilnehmen. Gastgeber des Jahrestreffens der Deutschen Naturparke ist der Naturpark Diemelsee in Nordrhein-Westfalen und Hessen, der in diesem Jahr sein 50-j\u00e4hriges Bestehen feiert. Zu dieser \u201ebesonderen\u201c Geburtstagsfeier werden als prominente G\u00e4ste der nordrhein-westf\u00e4lische Umweltminister Johannes Remmel und die Staatssekret\u00e4rin im hessischen Umweltministerium Dr. Beatrix Tappeser erwartet. Im Anschluss findet die Auszeichnung von Naturparken im Rahmen der \u201eQualit\u00e4tsoffensive Naturparke\u201c statt.<\/p>\n<div id=\"attachment_5878\" style=\"width: 510px\" class=\"wp-caption aligncenter\"><a href=\"https:\/\/www.naturparkmagazin.de\/vdn\/wp-content\/uploads\/sites\/3\/P8220076_beitrag.jpg\"><img aria-describedby=\"caption-attachment-5878\" decoding=\"async\" loading=\"lazy\" class=\"size-full wp-image-5878\" src=\"https:\/\/www.naturparkmagazin.de\/vdn\/wp-content\/uploads\/sites\/3\/P8220076_beitrag.jpg\" alt=\"Copyright: Naturpark Diemelsee\" width=\"500\" height=\"300\" srcset=\"https:\/\/www.naturparkmagazin.de\/vdn\/wp-content\/uploads\/sites\/3\/P8220076_beitrag.jpg 500w, https:\/\/www.naturparkmagazin.de\/vdn\/wp-content\/uploads\/sites\/3\/P8220076_beitrag-300x180.jpg 300w, https:\/\/www.naturparkmagazin.de\/vdn\/wp-content\/uploads\/sites\/3\/P8220076_beitrag-200x120.jpg 200w\" sizes=\"(max-width: 500px) 100vw, 500px\" \/><\/a><p id=\"caption-attachment-5878\" class=\"wp-caption-text\">Copyright: Naturpark Diemelsee<\/p><\/div>\n<p>Im Vorfeld hatte VDN-Pr\u00e4sident Dr. Michael Arndt auf der Jubil\u00e4umsveranstaltung am 22. August 2015 allen Verantwortlichen und Aktiven, die sich heute oder in den vergangenen Jahrzehnten f\u00fcr den Naturpark Diemelsee engagieren bzw. engagiert haben gedankt und eine Jubil\u00e4umsurkunde \u00fcberreicht. \u201eDer Verband Deutscher Naturparke e. V.\u201c so Arndt, \u201ew\u00fcrdigt hiermit die Verdienste des Naturparks Diemelsee, der gemeinsam mit seinen Mitgliedern und regionalen Partnern die Heimatregion st\u00e4rkt und sich f\u00fcr das Wohlergehen von Mensch und Natur einsetzt. F\u00fcr die k\u00fcnftige Arbeit w\u00fcnschen wir dem Naturpark Diemelsee viel Erfolg und alles Gute.\u201c<\/p>\n<p>&nbsp;<\/p>\n<p>&nbsp;<\/p>\n","protected":false},"excerpt":{"rendered":"<p>Rund 80 Vertreter aus 40 Naturparken werden vom 16. \u2013 18.  September am Deutschen Naturpark-Tag 2015 teilnehmen. Gastgeber ist der Naturpark Diemelsee der in diesem Jahr sein 50-j\u00e4hriges Bestehen feiert. <\/p>\n","protected":false},"author":51,"featured_media":5879,"comment_status":"open","ping_status":"open","sticky":false,"template":"","format":"standard","meta":{"_links_to":"","_links_to_target":""},"categories":[7],"tags":[316,473,500,476,41],"yoast_head":"<!-- This site is optimized with the Yoast SEO plugin v19.10 - https:\/\/yoast.com\/wordpress\/plugins\/seo\/ -->\n<title>\u201eGeburtstagsg\u00e4ste\u201c- Deutscher Naturpark-Tag 2015 im Naturpark Diemelsee<\/title>\n<meta name=\"description\" content=\"Rund 80 Vertreter aus 40 Naturparken werden vom 16. \u2013 18. September am Deutschen Naturpark-Tag 2015 teilnehmen. Gastgeber ist der Naturpark Diemelsee der in diesem Jahr sein 50-j\u00e4hriges Bestehen feiert.\" \/>\n<meta name=\"robots\" content=\"index, follow, max-snippet:-1, max-image-preview:large, max-video-preview:-1\" \/>\n<link rel=\"canonical\" href=\"https:\/\/www.naturparkmagazin.de\/vdn\/geburtstagsgaeste-deutscher-naturpark-tag-2015-im-naturpark-diemelsee\/\" \/>\n<meta property=\"og:locale\" content=\"de_DE\" \/>\n<meta property=\"og:type\" content=\"article\" \/>\n<meta property=\"og:title\" content=\"\u201eGeburtstagsg\u00e4ste\u201c- Deutscher Naturpark-Tag 2015 im Naturpark Diemelsee\" \/>\n<meta property=\"og:description\" content=\"Rund 80 Vertreter aus 40 Naturparken werden vom 16. \u2013 18. September am Deutschen Naturpark-Tag 2015 teilnehmen. Gastgeber ist der Naturpark Diemelsee der in diesem Jahr sein 50-j\u00e4hriges Bestehen feiert.\" \/>\n<meta property=\"og:url\" content=\"https:\/\/www.naturparkmagazin.de\/vdn\/geburtstagsgaeste-deutscher-naturpark-tag-2015-im-naturpark-diemelsee\/\" \/>\n<meta property=\"og:site_name\" content=\"Verband Deutscher Naturparke\" \/>\n<meta property=\"article:published_time\" content=\"2015-08-18T12:28:22+00:00\" \/>\n<meta property=\"article:modified_time\" content=\"2015-08-24T12:30:26+00:00\" \/>\n<meta property=\"og:image\" content=\"https:\/\/www.naturparkmagazin.de\/vdn\/wp-content\/uploads\/sites\/3\/P8220076_beitragsbild.jpg\" \/>\n\t<meta property=\"og:image:width\" content=\"200\" \/>\n\t<meta property=\"og:image:height\" content=\"200\" \/>\n\t<meta property=\"og:image:type\" content=\"image\/jpeg\" \/>\n<meta name=\"author\" content=\"beatrixlosem\" \/>\n<meta name=\"twitter:label1\" content=\"Verfasst von\" \/>\n\t<meta name=\"twitter:data1\" content=\"beatrixlosem\" \/>\n\t<meta name=\"twitter:label2\" content=\"Gesch\u00e4tzte Lesezeit\" \/>\n\t<meta name=\"twitter:data2\" content=\"1\u00a0Minute\" \/>\n<script type=\"application\/ld+json\" class=\"yoast-schema-graph\">{\"@context\":\"https:\/\/schema.org\",\"@graph\":[{\"@type\":\"WebPage\",\"@id\":\"https:\/\/www.naturparkmagazin.de\/vdn\/geburtstagsgaeste-deutscher-naturpark-tag-2015-im-naturpark-diemelsee\/\",\"url\":\"https:\/\/www.naturparkmagazin.de\/vdn\/geburtstagsgaeste-deutscher-naturpark-tag-2015-im-naturpark-diemelsee\/\",\"name\":\"\u201eGeburtstagsg\u00e4ste\u201c- Deutscher Naturpark-Tag 2015 im Naturpark Diemelsee\",\"isPartOf\":{\"@id\":\"https:\/\/www.naturparkmagazin.de\/vdn\/#website\"},\"datePublished\":\"2015-08-18T12:28:22+00:00\",\"dateModified\":\"2015-08-24T12:30:26+00:00\",\"author\":{\"@id\":\"https:\/\/www.naturparkmagazin.de\/vdn\/#\/schema\/person\/d71357578c318b6db03be60b1f60396b\"},\"description\":\"Rund 80 Vertreter aus 40 Naturparken werden vom 16. \u2013 18. September am Deutschen Naturpark-Tag 2015 teilnehmen. Gastgeber ist der Naturpark Diemelsee der in diesem Jahr sein 50-j\u00e4hriges Bestehen feiert.\",\"breadcrumb\":{\"@id\":\"https:\/\/www.naturparkmagazin.de\/vdn\/geburtstagsgaeste-deutscher-naturpark-tag-2015-im-naturpark-diemelsee\/#breadcrumb\"},\"inLanguage\":\"de\",\"potentialAction\":[{\"@type\":\"ReadAction\",\"target\":[\"https:\/\/www.naturparkmagazin.de\/vdn\/geburtstagsgaeste-deutscher-naturpark-tag-2015-im-naturpark-diemelsee\/\"]}]},{\"@type\":\"BreadcrumbList\",\"@id\":\"https:\/\/www.naturparkmagazin.de\/vdn\/geburtstagsgaeste-deutscher-naturpark-tag-2015-im-naturpark-diemelsee\/#breadcrumb\",\"itemListElement\":[{\"@type\":\"ListItem\",\"position\":1,\"name\":\"Home\",\"item\":\"https:\/\/www.naturparkmagazin.de\/vdn\/\"},{\"@type\":\"ListItem\",\"position\":2,\"name\":\"\u201eGeburtstagsg\u00e4ste\u201c- Deutscher Naturpark-Tag 2015 im Naturpark Diemelsee\"}]},{\"@type\":\"WebSite\",\"@id\":\"https:\/\/www.naturparkmagazin.de\/vdn\/#website\",\"url\":\"https:\/\/www.naturparkmagazin.de\/vdn\/\",\"name\":\"Verband Deutscher Naturparke\",\"description\":\"Eine weitere Naturparkmagazin.de Netzwerk Seite\",\"potentialAction\":[{\"@type\":\"SearchAction\",\"target\":{\"@type\":\"EntryPoint\",\"urlTemplate\":\"https:\/\/www.naturparkmagazin.de\/vdn\/?s={search_term_string}\"},\"query-input\":\"required name=search_term_string\"}],\"inLanguage\":\"de\"},{\"@type\":\"Person\",\"@id\":\"https:\/\/www.naturparkmagazin.de\/vdn\/#\/schema\/person\/d71357578c318b6db03be60b1f60396b\",\"name\":\"beatrixlosem\",\"url\":\"https:\/\/www.naturparkmagazin.de\/vdn\/author\/beatrixlosem\/\"}]}<\/script>\n<!-- \/ Yoast SEO plugin. -->","yoast_head_json":{"title":"\u201eGeburtstagsg\u00e4ste\u201c- Deutscher Naturpark-Tag 2015 im Naturpark Diemelsee","description":"Rund 80 Vertreter aus 40 Naturparken werden vom 16. \u2013 18. September am Deutschen Naturpark-Tag 2015 teilnehmen. Gastgeber ist der Naturpark Diemelsee der in diesem Jahr sein 50-j\u00e4hriges Bestehen feiert.","robots":{"index":"index","follow":"follow","max-snippet":"max-snippet:-1","max-image-preview":"max-image-preview:large","max-video-preview":"max-video-preview:-1"},"canonical":"https:\/\/www.naturparkmagazin.de\/vdn\/geburtstagsgaeste-deutscher-naturpark-tag-2015-im-naturpark-diemelsee\/","og_locale":"de_DE","og_type":"article","og_title":"\u201eGeburtstagsg\u00e4ste\u201c- Deutscher Naturpark-Tag 2015 im Naturpark Diemelsee","og_description":"Rund 80 Vertreter aus 40 Naturparken werden vom 16. \u2013 18. September am Deutschen Naturpark-Tag 2015 teilnehmen. Gastgeber ist der Naturpark Diemelsee der in diesem Jahr sein 50-j\u00e4hriges Bestehen feiert.","og_url":"https:\/\/www.naturparkmagazin.de\/vdn\/geburtstagsgaeste-deutscher-naturpark-tag-2015-im-naturpark-diemelsee\/","og_site_name":"Verband Deutscher Naturparke","article_published_time":"2015-08-18T12:28:22+00:00","article_modified_time":"2015-08-24T12:30:26+00:00","og_image":[{"width":200,"height":200,"url":"https:\/\/www.naturparkmagazin.de\/vdn\/wp-content\/uploads\/sites\/3\/P8220076_beitragsbild.jpg","type":"image\/jpeg"}],"author":"beatrixlosem","twitter_misc":{"Verfasst von":"beatrixlosem","Gesch\u00e4tzte Lesezeit":"1\u00a0Minute"},"schema":{"@context":"https:\/\/schema.org","@graph":[{"@type":"WebPage","@id":"https:\/\/www.naturparkmagazin.de\/vdn\/geburtstagsgaeste-deutscher-naturpark-tag-2015-im-naturpark-diemelsee\/","url":"https:\/\/www.naturparkmagazin.de\/vdn\/geburtstagsgaeste-deutscher-naturpark-tag-2015-im-naturpark-diemelsee\/","name":"\u201eGeburtstagsg\u00e4ste\u201c- Deutscher Naturpark-Tag 2015 im Naturpark Diemelsee","isPartOf":{"@id":"https:\/\/www.naturparkmagazin.de\/vdn\/#website"},"datePublished":"2015-08-18T12:28:22+00:00","dateModified":"2015-08-24T12:30:26+00:00","author":{"@id":"https:\/\/www.naturparkmagazin.de\/vdn\/#\/schema\/person\/d71357578c318b6db03be60b1f60396b"},"description":"Rund 80 Vertreter aus 40 Naturparken werden vom 16. \u2013 18. September am Deutschen Naturpark-Tag 2015 teilnehmen. Gastgeber ist der Naturpark Diemelsee der in diesem Jahr sein 50-j\u00e4hriges Bestehen feiert.","breadcrumb":{"@id":"https:\/\/www.naturparkmagazin.de\/vdn\/geburtstagsgaeste-deutscher-naturpark-tag-2015-im-naturpark-diemelsee\/#breadcrumb"},"inLanguage":"de","potentialAction":[{"@type":"ReadAction","target":["https:\/\/www.naturparkmagazin.de\/vdn\/geburtstagsgaeste-deutscher-naturpark-tag-2015-im-naturpark-diemelsee\/"]}]},{"@type":"BreadcrumbList","@id":"https:\/\/www.naturparkmagazin.de\/vdn\/geburtstagsgaeste-deutscher-naturpark-tag-2015-im-naturpark-diemelsee\/#breadcrumb","itemListElement":[{"@type":"ListItem","position":1,"name":"Home","item":"https:\/\/www.naturparkmagazin.de\/vdn\/"},{"@type":"ListItem","position":2,"name":"\u201eGeburtstagsg\u00e4ste\u201c- Deutscher Naturpark-Tag 2015 im Naturpark Diemelsee"}]},{"@type":"WebSite","@id":"https:\/\/www.naturparkmagazin.de\/vdn\/#website","url":"https:\/\/www.naturparkmagazin.de\/vdn\/","name":"Verband Deutscher Naturparke","description":"Eine weitere Naturparkmagazin.de Netzwerk Seite","potentialAction":[{"@type":"SearchAction","target":{"@type":"EntryPoint","urlTemplate":"https:\/\/www.naturparkmagazin.de\/vdn\/?s={search_term_string}"},"query-input":"required name=search_term_string"}],"inLanguage":"de"},{"@type":"Person","@id":"https:\/\/www.naturparkmagazin.de\/vdn\/#\/schema\/person\/d71357578c318b6db03be60b1f60396b","name":"beatrixlosem","url":"https:\/\/www.naturparkmagazin.de\/vdn\/author\/beatrixlosem\/"}]}},"_links":{"self":[{"href":"https:\/\/www.naturparkmagazin.de\/vdn\/wp-json\/wp\/v2\/posts\/5808"}],"collection":[{"href":"https:\/\/www.naturparkmagazin.de\/vdn\/wp-json\/wp\/v2\/posts"}],"about":[{"href":"https:\/\/www.naturparkmagazin.de\/vdn\/wp-json\/wp\/v2\/types\/post"}],"author":[{"embeddable":true,"href":"https:\/\/www.naturparkmagazin.de\/vdn\/wp-json\/wp\/v2\/users\/51"}],"replies":[{"embeddable":true,"href":"https:\/\/www.naturparkmagazin.de\/vdn\/wp-json\/wp\/v2\/comments?post=5808"}],"version-history":[{"count":8,"href":"https:\/\/www.naturparkmagazin.de\/vdn\/wp-json\/wp\/v2\/posts\/5808\/revisions"}],"predecessor-version":[{"id":5885,"href":"https:\/\/www.naturparkmagazin.de\/vdn\/wp-json\/wp\/v2\/posts\/5808\/revisions\/5885"}],"wp:featuredmedia":[{"embeddable":true,"href":"https:\/\/www.naturparkmagazin.de\/vdn\/wp-json\/wp\/v2\/media\/5879"}],"wp:attachment":[{"href":"https:\/\/www.naturparkmagazin.de\/vdn\/wp-json\/wp\/v2\/media?parent=5808"}],"wp:term":[{"taxonomy":"category","embeddable":true,"href":"https:\/\/www.naturparkmagazin.de\/vdn\/wp-json\/wp\/v2\/categories?post=5808"},{"taxonomy":"post_tag","embeddable":true,"href":"https:\/\/www.naturparkmagazin.de\/vdn\/wp-json\/wp\/v2\/tags?post=5808"}],"curies":[{"name":"wp","href":"https:\/\/api.w.org\/{rel}","templated":true}]}}