{"id":5822,"date":"2015-08-18T10:19:40","date_gmt":"2015-08-18T08:19:40","guid":{"rendered":"http:\/\/www.naturparkmagazin.de\/vdn\/?p=5822"},"modified":"2015-08-24T11:25:00","modified_gmt":"2015-08-24T09:25:00","slug":"regionalentwickler-naturparke-staerken-laendliche-raeume","status":"publish","type":"post","link":"https:\/\/www.naturparkmagazin.de\/vdn\/regionalentwickler-naturparke-staerken-laendliche-raeume\/","title":{"rendered":"&#8222;Regionalentwickler&#8220; &#8211; Naturparke st\u00e4rken l\u00e4ndliche R\u00e4ume"},"content":{"rendered":"<div id=\"attachment_5823\" style=\"width: 510px\" class=\"wp-caption aligncenter\"><a href=\"https:\/\/www.naturparkmagazin.de\/vdn\/wp-content\/uploads\/sites\/3\/rotvieh-schmid-grenzmhle-froheu-6-12-5_beitrag.jpg\"><img aria-describedby=\"caption-attachment-5823\" decoding=\"async\" loading=\"lazy\" class=\"size-full wp-image-5823\" src=\"https:\/\/www.naturparkmagazin.de\/vdn\/wp-content\/uploads\/sites\/3\/rotvieh-schmid-grenzmhle-froheu-6-12-5_beitrag.jpg\" alt=\"Rotvieh im Naturpark Fichtelgebirge - Copyright: VDN\/frohbeck\" width=\"500\" height=\"300\" srcset=\"https:\/\/www.naturparkmagazin.de\/vdn\/wp-content\/uploads\/sites\/3\/rotvieh-schmid-grenzmhle-froheu-6-12-5_beitrag.jpg 500w, https:\/\/www.naturparkmagazin.de\/vdn\/wp-content\/uploads\/sites\/3\/rotvieh-schmid-grenzmhle-froheu-6-12-5_beitrag-300x180.jpg 300w, https:\/\/www.naturparkmagazin.de\/vdn\/wp-content\/uploads\/sites\/3\/rotvieh-schmid-grenzmhle-froheu-6-12-5_beitrag-200x120.jpg 200w\" sizes=\"(max-width: 500px) 100vw, 500px\" \/><\/a><p id=\"caption-attachment-5823\" class=\"wp-caption-text\">Rotvieh im Naturpark Fichtelgebirge &#8211; Copyright: VDN\/frohbeck<\/p><\/div>\n<p>Naturparke sind wie keine andere Schutzgebietskategorie in Deutschland dazu geeignet, den Schutz der Natur mit einer nachhaltigen Nutzung in Einklang zu bringen. Mit ihrem Fl\u00e4chenumfang sowie mit ihren dauerhaften Organisationsstrukturen und etablierten regionalen Netzwerken unter starker Einbeziehung der Kommunen sind sie besonders geeignete Instrumente und Gebietskulissen f\u00fcr den Erhalt und die Wiederherstellung von \u00d6kosystemdienstleistungen, den Erhalt der biologischen Vielfalt und die nachhaltige Regionalentwicklung \u2013 auch \u00fcber EU-F\u00f6rderperioden hinaus. Zu diesem Schluss kommt die Publikation &#8222;Naturparke und nachhaltige Entwicklung in l\u00e4ndlichen R\u00e4umen&#8220; von J\u00f6rg Liesen, Naturschutzreferent des VDN und stellvertretender Gesch\u00e4ftsf\u00fchrer.<\/p>\n<p>Die St\u00e4rke der Naturparke besteht insbesondere in der Integration von Naturschutz und nachhaltiger Entwicklung im l\u00e4ndlichen Raum. So sind Ma\u00dfnahmen f\u00fcr den Erhalt der biologischen Vielfalt eine notwendige Voraussetzung u.a. f\u00fcr die erfolgreiche Entwicklung eines nachhaltigen Tourismus oder die Vermarktung regionaler Produkte, die darauf aufbauen, dass die G\u00e4ste eine intakte Natur und Landschaft suchen und auch finden. F\u00fcr eine erfolgreiche Politik, die den Erhalt der biologischen Vielfalt mit einer nachhaltigen Entwicklung im l\u00e4ndlichen Raum verbindet, ist es daher von gro\u00dfem Vorteil, noch st\u00e4rker als bisher auf die Naturparke als ein strategisches Instrument zu setzen.<\/p>\n<p>Der Artikel erschien aktuell im neuen Jahrbuch f\u00fcr Naturschutz und Landschaftspflege (Bd. 60, 2015) und basiert auf einem Vortrag auf dem Deutschen Naturschutztag 2014 mit zahlreichen Beispielen zur nachhaltigen Regionalentwicklung u.a. aus den Naturparken Th\u00fcringer Wald, Lahn-Dill-Bergland, den Schwarzwald-Naturparken und Bergstra\u00dfe-Odenwald.<\/p>\n<p>&nbsp;<\/p>\n<p><a href=\"http:\/\/www.naturparke.de\/system\/librarydownloads\/192\/original\/04-2_Liesen_52147_BBN_Jahrbuch_60_5te_WEB.pdf?1438853996\" target=\"_blank\">&gt;&gt; Hier k\u00f6nnen Sie den Artikel downloaden<\/a><\/p>\n<p>&nbsp;<\/p>\n<p>Das Jahrbuch (Bd 60,2015) ist zu bestellen beim<\/p>\n<p><em>Bundesverband Beruflicher Naturschutz e.V. (BBN)<\/em>\n<em>Konstantinstr. 110<\/em>\n<em>53179 Bonn<\/em><\/p>\n<p>&nbsp;<\/p>\n<p>Ein Bestellformular finden Sie <a href=\"http:\/\/www.deutscher-naturschutztag.de\/tagungsveroeffentlichungen\/jahrbuch-fuer-naturschutz-und-landschaftspflege\/bestellformular-jahrbuch.html#c187\" target=\"_blank\">hier<\/a><\/p>\n<p>&nbsp;<\/p>\n<p>&nbsp;<\/p>\n","protected":false},"excerpt":{"rendered":"<p>Naturparke sind wie keine andere Schutzgebietskategorie in Deutschland dazu geeignet, den Schutz der Natur mit nachhaltiger Nutzung in Einklang zu bringen. Ihre St\u00e4rke besteht insbesondere in der Integration von Naturschutz und nachhaltiger Entwicklung im l\u00e4ndlichen Raum.<\/p>\n","protected":false},"author":14,"featured_media":5824,"comment_status":"open","ping_status":"open","sticky":false,"template":"","format":"standard","meta":{"_links_to":"","_links_to_target":""},"categories":[7],"tags":[],"yoast_head":"<!-- This site is optimized with the Yoast SEO plugin v19.10 - https:\/\/yoast.com\/wordpress\/plugins\/seo\/ -->\n<title>&quot;Regionalentwickler&quot; - Naturparke st\u00e4rken l\u00e4ndliche R\u00e4ume<\/title>\n<meta name=\"description\" content=\"Naturparke sind wie keine andere Schutzgebietskategorie in Deutschland dazu geeignet, den Schutz der Natur mit nachhaltiger Nutzung in Einklang zu bringen. Ihre St\u00e4rke besteht insbesondere in der Integration von Naturschutz und nachhaltiger Entwicklung im l\u00e4ndlichen Raum.\" \/>\n<meta name=\"robots\" content=\"index, follow, max-snippet:-1, max-image-preview:large, max-video-preview:-1\" \/>\n<link rel=\"canonical\" href=\"https:\/\/www.naturparkmagazin.de\/vdn\/regionalentwickler-naturparke-staerken-laendliche-raeume\/\" \/>\n<meta property=\"og:locale\" content=\"de_DE\" \/>\n<meta property=\"og:type\" content=\"article\" \/>\n<meta property=\"og:title\" content=\"&quot;Regionalentwickler&quot; - Naturparke st\u00e4rken l\u00e4ndliche R\u00e4ume\" \/>\n<meta property=\"og:description\" content=\"Naturparke sind wie keine andere Schutzgebietskategorie in Deutschland dazu geeignet, den Schutz der Natur mit nachhaltiger Nutzung in Einklang zu bringen. Ihre St\u00e4rke besteht insbesondere in der Integration von Naturschutz und nachhaltiger Entwicklung im l\u00e4ndlichen Raum.\" \/>\n<meta property=\"og:url\" content=\"https:\/\/www.naturparkmagazin.de\/vdn\/regionalentwickler-naturparke-staerken-laendliche-raeume\/\" \/>\n<meta property=\"og:site_name\" content=\"Verband Deutscher Naturparke\" \/>\n<meta property=\"article:published_time\" content=\"2015-08-18T08:19:40+00:00\" \/>\n<meta property=\"article:modified_time\" content=\"2015-08-24T09:25:00+00:00\" \/>\n<meta property=\"og:image\" content=\"https:\/\/www.naturparkmagazin.de\/vdn\/wp-content\/uploads\/sites\/3\/rotvieh-schmid-grenzmhle-froheu-6-12-5_beitragsbild.jpg\" \/>\n\t<meta property=\"og:image:width\" content=\"200\" \/>\n\t<meta property=\"og:image:height\" content=\"200\" \/>\n\t<meta property=\"og:image:type\" content=\"image\/jpeg\" \/>\n<meta name=\"author\" content=\"vdnnational\" \/>\n<meta name=\"twitter:label1\" content=\"Verfasst von\" \/>\n\t<meta name=\"twitter:data1\" content=\"vdnnational\" \/>\n\t<meta name=\"twitter:label2\" content=\"Gesch\u00e4tzte Lesezeit\" \/>\n\t<meta name=\"twitter:data2\" content=\"1\u00a0Minute\" \/>\n<script type=\"application\/ld+json\" class=\"yoast-schema-graph\">{\"@context\":\"https:\/\/schema.org\",\"@graph\":[{\"@type\":\"WebPage\",\"@id\":\"https:\/\/www.naturparkmagazin.de\/vdn\/regionalentwickler-naturparke-staerken-laendliche-raeume\/\",\"url\":\"https:\/\/www.naturparkmagazin.de\/vdn\/regionalentwickler-naturparke-staerken-laendliche-raeume\/\",\"name\":\"\\\"Regionalentwickler\\\" - Naturparke st\u00e4rken l\u00e4ndliche R\u00e4ume\",\"isPartOf\":{\"@id\":\"https:\/\/www.naturparkmagazin.de\/vdn\/#website\"},\"datePublished\":\"2015-08-18T08:19:40+00:00\",\"dateModified\":\"2015-08-24T09:25:00+00:00\",\"author\":{\"@id\":\"https:\/\/www.naturparkmagazin.de\/vdn\/#\/schema\/person\/e28d931df83318a48d52ae72b08d2bfb\"},\"description\":\"Naturparke sind wie keine andere Schutzgebietskategorie in Deutschland dazu geeignet, den Schutz der Natur mit nachhaltiger Nutzung in Einklang zu bringen. Ihre St\u00e4rke besteht insbesondere in der Integration von Naturschutz und nachhaltiger Entwicklung im l\u00e4ndlichen Raum.\",\"breadcrumb\":{\"@id\":\"https:\/\/www.naturparkmagazin.de\/vdn\/regionalentwickler-naturparke-staerken-laendliche-raeume\/#breadcrumb\"},\"inLanguage\":\"de\",\"potentialAction\":[{\"@type\":\"ReadAction\",\"target\":[\"https:\/\/www.naturparkmagazin.de\/vdn\/regionalentwickler-naturparke-staerken-laendliche-raeume\/\"]}]},{\"@type\":\"BreadcrumbList\",\"@id\":\"https:\/\/www.naturparkmagazin.de\/vdn\/regionalentwickler-naturparke-staerken-laendliche-raeume\/#breadcrumb\",\"itemListElement\":[{\"@type\":\"ListItem\",\"position\":1,\"name\":\"Home\",\"item\":\"https:\/\/www.naturparkmagazin.de\/vdn\/\"},{\"@type\":\"ListItem\",\"position\":2,\"name\":\"&#8222;Regionalentwickler&#8220; &#8211; Naturparke st\u00e4rken l\u00e4ndliche R\u00e4ume\"}]},{\"@type\":\"WebSite\",\"@id\":\"https:\/\/www.naturparkmagazin.de\/vdn\/#website\",\"url\":\"https:\/\/www.naturparkmagazin.de\/vdn\/\",\"name\":\"Verband Deutscher Naturparke\",\"description\":\"Eine weitere Naturparkmagazin.de Netzwerk Seite\",\"potentialAction\":[{\"@type\":\"SearchAction\",\"target\":{\"@type\":\"EntryPoint\",\"urlTemplate\":\"https:\/\/www.naturparkmagazin.de\/vdn\/?s={search_term_string}\"},\"query-input\":\"required name=search_term_string\"}],\"inLanguage\":\"de\"},{\"@type\":\"Person\",\"@id\":\"https:\/\/www.naturparkmagazin.de\/vdn\/#\/schema\/person\/e28d931df83318a48d52ae72b08d2bfb\",\"name\":\"vdnnational\",\"url\":\"https:\/\/www.naturparkmagazin.de\/vdn\/author\/vdnnational\/\"}]}<\/script>\n<!-- \/ Yoast SEO plugin. -->","yoast_head_json":{"title":"\"Regionalentwickler\" - Naturparke st\u00e4rken l\u00e4ndliche R\u00e4ume","description":"Naturparke sind wie keine andere Schutzgebietskategorie in Deutschland dazu geeignet, den Schutz der Natur mit nachhaltiger Nutzung in Einklang zu bringen. Ihre St\u00e4rke besteht insbesondere in der Integration von Naturschutz und nachhaltiger Entwicklung im l\u00e4ndlichen Raum.","robots":{"index":"index","follow":"follow","max-snippet":"max-snippet:-1","max-image-preview":"max-image-preview:large","max-video-preview":"max-video-preview:-1"},"canonical":"https:\/\/www.naturparkmagazin.de\/vdn\/regionalentwickler-naturparke-staerken-laendliche-raeume\/","og_locale":"de_DE","og_type":"article","og_title":"\"Regionalentwickler\" - Naturparke st\u00e4rken l\u00e4ndliche R\u00e4ume","og_description":"Naturparke sind wie keine andere Schutzgebietskategorie in Deutschland dazu geeignet, den Schutz der Natur mit nachhaltiger Nutzung in Einklang zu bringen. Ihre St\u00e4rke besteht insbesondere in der Integration von Naturschutz und nachhaltiger Entwicklung im l\u00e4ndlichen Raum.","og_url":"https:\/\/www.naturparkmagazin.de\/vdn\/regionalentwickler-naturparke-staerken-laendliche-raeume\/","og_site_name":"Verband Deutscher Naturparke","article_published_time":"2015-08-18T08:19:40+00:00","article_modified_time":"2015-08-24T09:25:00+00:00","og_image":[{"width":200,"height":200,"url":"https:\/\/www.naturparkmagazin.de\/vdn\/wp-content\/uploads\/sites\/3\/rotvieh-schmid-grenzmhle-froheu-6-12-5_beitragsbild.jpg","type":"image\/jpeg"}],"author":"vdnnational","twitter_misc":{"Verfasst von":"vdnnational","Gesch\u00e4tzte Lesezeit":"1\u00a0Minute"},"schema":{"@context":"https:\/\/schema.org","@graph":[{"@type":"WebPage","@id":"https:\/\/www.naturparkmagazin.de\/vdn\/regionalentwickler-naturparke-staerken-laendliche-raeume\/","url":"https:\/\/www.naturparkmagazin.de\/vdn\/regionalentwickler-naturparke-staerken-laendliche-raeume\/","name":"\"Regionalentwickler\" - Naturparke st\u00e4rken l\u00e4ndliche R\u00e4ume","isPartOf":{"@id":"https:\/\/www.naturparkmagazin.de\/vdn\/#website"},"datePublished":"2015-08-18T08:19:40+00:00","dateModified":"2015-08-24T09:25:00+00:00","author":{"@id":"https:\/\/www.naturparkmagazin.de\/vdn\/#\/schema\/person\/e28d931df83318a48d52ae72b08d2bfb"},"description":"Naturparke sind wie keine andere Schutzgebietskategorie in Deutschland dazu geeignet, den Schutz der Natur mit nachhaltiger Nutzung in Einklang zu bringen. Ihre St\u00e4rke besteht insbesondere in der Integration von Naturschutz und nachhaltiger Entwicklung im l\u00e4ndlichen Raum.","breadcrumb":{"@id":"https:\/\/www.naturparkmagazin.de\/vdn\/regionalentwickler-naturparke-staerken-laendliche-raeume\/#breadcrumb"},"inLanguage":"de","potentialAction":[{"@type":"ReadAction","target":["https:\/\/www.naturparkmagazin.de\/vdn\/regionalentwickler-naturparke-staerken-laendliche-raeume\/"]}]},{"@type":"BreadcrumbList","@id":"https:\/\/www.naturparkmagazin.de\/vdn\/regionalentwickler-naturparke-staerken-laendliche-raeume\/#breadcrumb","itemListElement":[{"@type":"ListItem","position":1,"name":"Home","item":"https:\/\/www.naturparkmagazin.de\/vdn\/"},{"@type":"ListItem","position":2,"name":"&#8222;Regionalentwickler&#8220; &#8211; Naturparke st\u00e4rken l\u00e4ndliche R\u00e4ume"}]},{"@type":"WebSite","@id":"https:\/\/www.naturparkmagazin.de\/vdn\/#website","url":"https:\/\/www.naturparkmagazin.de\/vdn\/","name":"Verband Deutscher Naturparke","description":"Eine weitere Naturparkmagazin.de Netzwerk Seite","potentialAction":[{"@type":"SearchAction","target":{"@type":"EntryPoint","urlTemplate":"https:\/\/www.naturparkmagazin.de\/vdn\/?s={search_term_string}"},"query-input":"required name=search_term_string"}],"inLanguage":"de"},{"@type":"Person","@id":"https:\/\/www.naturparkmagazin.de\/vdn\/#\/schema\/person\/e28d931df83318a48d52ae72b08d2bfb","name":"vdnnational","url":"https:\/\/www.naturparkmagazin.de\/vdn\/author\/vdnnational\/"}]}},"_links":{"self":[{"href":"https:\/\/www.naturparkmagazin.de\/vdn\/wp-json\/wp\/v2\/posts\/5822"}],"collection":[{"href":"https:\/\/www.naturparkmagazin.de\/vdn\/wp-json\/wp\/v2\/posts"}],"about":[{"href":"https:\/\/www.naturparkmagazin.de\/vdn\/wp-json\/wp\/v2\/types\/post"}],"author":[{"embeddable":true,"href":"https:\/\/www.naturparkmagazin.de\/vdn\/wp-json\/wp\/v2\/users\/14"}],"replies":[{"embeddable":true,"href":"https:\/\/www.naturparkmagazin.de\/vdn\/wp-json\/wp\/v2\/comments?post=5822"}],"version-history":[{"count":5,"href":"https:\/\/www.naturparkmagazin.de\/vdn\/wp-json\/wp\/v2\/posts\/5822\/revisions"}],"predecessor-version":[{"id":5881,"href":"https:\/\/www.naturparkmagazin.de\/vdn\/wp-json\/wp\/v2\/posts\/5822\/revisions\/5881"}],"wp:featuredmedia":[{"embeddable":true,"href":"https:\/\/www.naturparkmagazin.de\/vdn\/wp-json\/wp\/v2\/media\/5824"}],"wp:attachment":[{"href":"https:\/\/www.naturparkmagazin.de\/vdn\/wp-json\/wp\/v2\/media?parent=5822"}],"wp:term":[{"taxonomy":"category","embeddable":true,"href":"https:\/\/www.naturparkmagazin.de\/vdn\/wp-json\/wp\/v2\/categories?post=5822"},{"taxonomy":"post_tag","embeddable":true,"href":"https:\/\/www.naturparkmagazin.de\/vdn\/wp-json\/wp\/v2\/tags?post=5822"}],"curies":[{"name":"wp","href":"https:\/\/api.w.org\/{rel}","templated":true}]}}