{"id":5830,"date":"2015-08-18T12:33:52","date_gmt":"2015-08-18T10:33:52","guid":{"rendered":"http:\/\/www.naturparkmagazin.de\/vdn\/?p=5830"},"modified":"2015-09-02T15:19:34","modified_gmt":"2015-09-02T13:19:34","slug":"abgedreht-natur-erleben-auf-raedern-und-rollen","status":"publish","type":"post","link":"https:\/\/www.naturparkmagazin.de\/vdn\/abgedreht-natur-erleben-auf-raedern-und-rollen\/","title":{"rendered":"\u201eAbgedreht\u201c \u2013 Natur erleben auf R\u00e4dern und Rollen"},"content":{"rendered":"<div id=\"attachment_5835\" style=\"width: 510px\" class=\"wp-caption aligncenter\"><a href=\"https:\/\/www.naturparkmagazin.de\/vdn\/wp-content\/uploads\/sites\/3\/DSCN1977_beitrag.jpg\"><img aria-describedby=\"caption-attachment-5835\" decoding=\"async\" loading=\"lazy\" class=\"size-full wp-image-5835\" src=\"https:\/\/www.naturparkmagazin.de\/vdn\/wp-content\/uploads\/sites\/3\/DSCN1977_beitrag.jpg\" alt=\"Copyright: VDN\/Johann Schuster\" width=\"500\" height=\"300\" srcset=\"https:\/\/www.naturparkmagazin.de\/vdn\/wp-content\/uploads\/sites\/3\/DSCN1977_beitrag.jpg 500w, https:\/\/www.naturparkmagazin.de\/vdn\/wp-content\/uploads\/sites\/3\/DSCN1977_beitrag-300x180.jpg 300w, https:\/\/www.naturparkmagazin.de\/vdn\/wp-content\/uploads\/sites\/3\/DSCN1977_beitrag-200x120.jpg 200w\" sizes=\"(max-width: 500px) 100vw, 500px\" \/><\/a><p id=\"caption-attachment-5835\" class=\"wp-caption-text\">Copyright: VDN\/Johann Schuster<\/p><\/div>\n<p>Den Windungen eines Flusslaufs folgen, in der Nase den Duft von frisch gem\u00e4htem Heu. Zwischendurch eine wohlverdiente Rast bei frisch gebackenem Apfelkuchen im Hof-Caf\u00e9. Oder mit Geschick und Energie neue H\u00f6hen erklimmen und mit einem phantastischen Blick \u00fcber T\u00e4ler und H\u00fcgel belohnt werden. Das alles klingt wie in einem schmalzigen Kinostreifen. Doch es gibt sie noch, die kleinen und gro\u00dfen Entdeckungen abseits der Hektik der St\u00e4dte. In Naturparken haben Sie auf R\u00e4dern und Rollen unterschiedliche M\u00f6glichkeiten, aktiv sein und Natur entdecken zu verbinden.<\/p>\n<p>&nbsp;<\/p>\n<div id=\"attachment_5836\" style=\"width: 510px\" class=\"wp-caption aligncenter\"><a href=\"https:\/\/www.naturparkmagazin.de\/vdn\/wp-content\/uploads\/sites\/3\/Familienradtour_300dpi.jpg\"><img aria-describedby=\"caption-attachment-5836\" decoding=\"async\" loading=\"lazy\" class=\"size-full wp-image-5836\" src=\"https:\/\/www.naturparkmagazin.de\/vdn\/wp-content\/uploads\/sites\/3\/Familienradtour_300dpi.jpg\" alt=\"Familienradtour auf dem Altm\u00fchltal-ragdweg - Copyright: Naturpark Altm\u00fchltal_\" width=\"500\" height=\"300\" srcset=\"https:\/\/www.naturparkmagazin.de\/vdn\/wp-content\/uploads\/sites\/3\/Familienradtour_300dpi.jpg 500w, https:\/\/www.naturparkmagazin.de\/vdn\/wp-content\/uploads\/sites\/3\/Familienradtour_300dpi-300x180.jpg 300w, https:\/\/www.naturparkmagazin.de\/vdn\/wp-content\/uploads\/sites\/3\/Familienradtour_300dpi-200x120.jpg 200w\" sizes=\"(max-width: 500px) 100vw, 500px\" \/><\/a><p id=\"caption-attachment-5836\" class=\"wp-caption-text\">Familienradtour auf dem Altm\u00fchltal-ragdweg &#8211; Copyright: Naturpark Altm\u00fchltal_<\/p><\/div>\n<p>Den Klassiker unter den deutschen Radwegen gibt es im Naturpark Altm\u00fchltal jetzt schon \u00fcber 35 Jahre. Vorbei an pr\u00e4chtigen Schl\u00f6ssern und Burgen folgt der Altm\u00fchltal-Radweg auf einer L\u00e4nge von 165 km der Altm\u00fchl und dem Main-Donau-Kanal. Jung und Alt k\u00f6nnen diesen durchg\u00e4ngig ebenen Radweg genie\u00dfen und mit dem \u201eFreizeitBus Altm\u00fchltal \u2013 Donautal\u201c, der mit einem Fahrradanh\u00e4nger ausgestattet ist, nach der Tour auch wieder an ihren Ausgangspunkt zur\u00fcckkehren. Echte Geheimtipps sind die Radtouren in den ruhigen Seitent\u00e4lern, die meist kleinen Fl\u00fcssen und B\u00e4chen folgen. Gastronomie- und Beherbergungsbetriebe hei\u00dfen die Radler willkommen: Ein Gro\u00dfteil der Betriebe ist mit dem G\u00fctesiegel \u201eRadlfreundlicher Betrieb\u201c ausgezeichnet; sie garantieren Rad fahrenden Urlaubern ein hervorragendes Angebot.<\/p>\n<p><a href=\"http:\/\/www.naturpark-altmuehltal.de\/altmuehltal-radweg\/\" target=\"_blank\">Hier finden Sie Informationen zum Altm\u00fchltal-Radweg<\/a><\/p>\n<p>&nbsp;<\/p>\n<div id=\"attachment_5841\" style=\"width: 510px\" class=\"wp-caption aligncenter\"><a href=\"https:\/\/www.naturparkmagazin.de\/vdn\/wp-content\/uploads\/sites\/3\/NP-Frankenwald-Bild-fw0805-biker.jpg\"><img aria-describedby=\"caption-attachment-5841\" decoding=\"async\" loading=\"lazy\" class=\"size-full wp-image-5841\" src=\"https:\/\/www.naturparkmagazin.de\/vdn\/wp-content\/uploads\/sites\/3\/NP-Frankenwald-Bild-fw0805-biker.jpg\" alt=\"Mountainbiker - Copyright: Naturpark Frankenwald\" width=\"500\" height=\"300\" srcset=\"https:\/\/www.naturparkmagazin.de\/vdn\/wp-content\/uploads\/sites\/3\/NP-Frankenwald-Bild-fw0805-biker.jpg 500w, https:\/\/www.naturparkmagazin.de\/vdn\/wp-content\/uploads\/sites\/3\/NP-Frankenwald-Bild-fw0805-biker-300x180.jpg 300w, https:\/\/www.naturparkmagazin.de\/vdn\/wp-content\/uploads\/sites\/3\/NP-Frankenwald-Bild-fw0805-biker-200x120.jpg 200w\" sizes=\"(max-width: 500px) 100vw, 500px\" \/><\/a><p id=\"caption-attachment-5841\" class=\"wp-caption-text\">Mountainbiker &#8211; Copyright: Naturpark Frankenwald<\/p><\/div>\n<p>Auf langgezogenen Panoramawegen, entlang von B\u00e4chen, Seen und Quellen, durch traumhafte T\u00e4ler und W\u00e4lder \u2013 es lohnt sich, die abwechslungsreiche Mittelgebirgslandschaft des Naturparks Diemelsee mit dem Mountainbike zu entdecken. In der \u201eWillinger Bike-Welt\u201c bieten sechs Routen Herausforderungen f\u00fcr Biker jeden Alters und K\u00f6nnens, inklusive einer Tour f\u00fcr Familien und einer Tour \u201eKids allein im Wald\u201c. Die Streckenl\u00e4ngen variieren zwischen 30 und 60 km, auf denen maximal 1.500 H\u00f6henmeter zu \u00fcberwinden sind. Eine Tourenkarte informiert \u00fcber Streckenverlauf und H\u00f6henprofile, ein 450 m langer \u00dcbungsparcours und eine Freeride-Strecke erg\u00e4nzen das Angebot. Ein Highlight ist das dreit\u00e4gige <a href=\"http:\/\/willingen.bike-festival.de\/de\/news.html\" target=\"_blank\">Bike-Festival im Juni,<\/a> das t\u00e4glich ca. 25.000 Besucher und \u00fcber 100 Aussteller anzieht. Zahlreiche bikerfreundliche Unterk\u00fcnfte in Willingen und Umgebung hei\u00dfen Mountainbiker willkommen.<\/p>\n<p><a href=\"http:\/\/www.biken-willingen.de\/mountainbike\/\" target=\"_blank\">Hier geht\u00b4s zu demn Mountainbike-Angeboten im Naturpark Diemelsee rund um Willingen<\/a><\/p>\n<p>&nbsp;<\/p>\n<div id=\"attachment_5867\" style=\"width: 510px\" class=\"wp-caption aligncenter\"><a href=\"https:\/\/www.naturparkmagazin.de\/vdn\/wp-content\/uploads\/sites\/3\/E-Bike-Bild2_beitrag.jpg\"><img aria-describedby=\"caption-attachment-5867\" decoding=\"async\" loading=\"lazy\" class=\"size-full wp-image-5867\" src=\"https:\/\/www.naturparkmagazin.de\/vdn\/wp-content\/uploads\/sites\/3\/E-Bike-Bild2_beitrag.jpg\" alt=\"Mit einem E-Bike &quot;erf\u00e4hrt&quot; man die H\u00f6hen des Schwarzwalds mit Leichtigkeit - Copyright: Tourist-Info Bad Wildbad\" width=\"500\" height=\"350\" srcset=\"https:\/\/www.naturparkmagazin.de\/vdn\/wp-content\/uploads\/sites\/3\/E-Bike-Bild2_beitrag.jpg 500w, https:\/\/www.naturparkmagazin.de\/vdn\/wp-content\/uploads\/sites\/3\/E-Bike-Bild2_beitrag-300x210.jpg 300w, https:\/\/www.naturparkmagazin.de\/vdn\/wp-content\/uploads\/sites\/3\/E-Bike-Bild2_beitrag-200x140.jpg 200w\" sizes=\"(max-width: 500px) 100vw, 500px\" \/><\/a><p id=\"caption-attachment-5867\" class=\"wp-caption-text\">Mit einem E-Bike &#8222;erf\u00e4hrt&#8220; man die H\u00f6hen des Schwarzwalds mit Leichtigkeit &#8211; Copyright: Tourist-Info Bad Wildbad<\/p><\/div>\n<p>Wer auf ein E-Bike umsteigt, der \u201eerf\u00e4hrt\u201c die H\u00f6hen des Naturparks Schwarzwald Mitte\/Nord mit Leichtigkeit. Der kleine Elektromotor unterst\u00fctzt bei Anstiegen oder auf weiter Flur und sorgt daf\u00fcr, dass kein Ziel im Naturpark unerreichbar bleibt. So radelt es sich entspannt durch die Natur und man kann in Ruhe die pr\u00e4chtige Landschaft zwischen Berg und Tal genie\u00dfen. In vielen Orten im Naturpark k\u00f6nnen E-Bikes ausgeliehen werden. Alle E-Bike-Strecken im Naturpark sind erg\u00e4nzend zur Radwegebeschilderung mit dem E-Bike-Logo ausgeschildert. Zahlreiche Lade- und Akkuwechselstationen entlang des Weges erm\u00f6glichen dabei nicht nur ein unbeschwertes Radeln, sondern auch mehrt\u00e4gige Touren, wie zum Beispiel \u00fcber den 260 km langen Naturpark-Radweg.<\/p>\n<p><a href=\"http:\/\/regio.outdooractive.com\/oar-naturpark-schwarzwald-mitte-nord\/de\/touren\/#cat=E-Bike&amp;zc=10,8.51852,48.46946&amp;ov=\" target=\"_blank\">Hier geht\u00b4s zum Tourenportal des Naturparks Schwarzwald Mitte\/Nord<\/a><\/p>\n<p>&nbsp;<\/p>\n<div id=\"attachment_5837\" style=\"width: 510px\" class=\"wp-caption aligncenter\"><a href=\"https:\/\/www.naturparkmagazin.de\/vdn\/wp-content\/uploads\/sites\/3\/radtour-in-die-hohenleipischer-heide-25-8-12-024_beitrag.jpg\"><img aria-describedby=\"caption-attachment-5837\" decoding=\"async\" loading=\"lazy\" class=\"size-full wp-image-5837\" src=\"https:\/\/www.naturparkmagazin.de\/vdn\/wp-content\/uploads\/sites\/3\/radtour-in-die-hohenleipischer-heide-25-8-12-024_beitrag.jpg\" alt=\"Radtour in der Heide - Copyright: VDN\/Peter Meyer\" width=\"500\" height=\"300\" srcset=\"https:\/\/www.naturparkmagazin.de\/vdn\/wp-content\/uploads\/sites\/3\/radtour-in-die-hohenleipischer-heide-25-8-12-024_beitrag.jpg 500w, https:\/\/www.naturparkmagazin.de\/vdn\/wp-content\/uploads\/sites\/3\/radtour-in-die-hohenleipischer-heide-25-8-12-024_beitrag-300x180.jpg 300w, https:\/\/www.naturparkmagazin.de\/vdn\/wp-content\/uploads\/sites\/3\/radtour-in-die-hohenleipischer-heide-25-8-12-024_beitrag-200x120.jpg 200w\" sizes=\"(max-width: 500px) 100vw, 500px\" \/><\/a><p id=\"caption-attachment-5837\" class=\"wp-caption-text\">Radtour in der Heide &#8211; Copyright: VDN\/Peter Meyer<\/p><\/div>\n<p>Ob Elektro-Fahrrad, E-Bike, Pedelec oder Velo, mit den elektro-unterst\u00fctzten Fahrr\u00e4dern haben Sie im Naturpark L\u00fcneburger Heide st\u00e4ndig R\u00fcckenwind. Abseits gro\u00dfer Stra\u00dfen, durch reizvolle Heide-, Wald- und Wiesenlandschaften wird die Tour auf R\u00e4dern und Rollen ein wahres Vergn\u00fcgen. Ausgestattet mit einem hochwertigen Akku k\u00f6nnen Tagestouren von rund 80 km problemlos bew\u00e4ltigt werden. Bei vielen Fahrradbetrieben und Hotels k\u00f6nnen neben Fahrr\u00e4dern auch diese elektro-unterst\u00fctzen R\u00e4der angemietet werden.<\/p>\n<p><a href=\"http:\/\/lueneburger-heideland.de\/heide\/radfahren\" target=\"_blank\">Hier finden Sie Informationen zum Radfahren in der L\u00fcneburger Heide<\/a><\/p>\n<p><a href=\"http:\/\/lueneburger-heideland.de\/artikel\/7366_EBike\/_\/Verleihstationen\/_\/in\/_\/der\/_\/Lueneburger\/_\/Hei.html\" target=\"_blank\">Verleihstationen in der L\u00fcneburger Heide<\/a><\/p>\n<p>&nbsp;<\/p>\n<div id=\"attachment_5838\" style=\"width: 510px\" class=\"wp-caption aligncenter\"><a href=\"https:\/\/www.naturparkmagazin.de\/vdn\/wp-content\/uploads\/sites\/3\/Fotolia_61228884_XS-2_Beitrag.jpg\"><img aria-describedby=\"caption-attachment-5838\" decoding=\"async\" loading=\"lazy\" class=\"size-full wp-image-5838\" src=\"https:\/\/www.naturparkmagazin.de\/vdn\/wp-content\/uploads\/sites\/3\/Fotolia_61228884_XS-2_Beitrag.jpg\" alt=\"Familie beim Inlinern - Copyright:  ARochauFotolia.com\" width=\"500\" height=\"300\" srcset=\"https:\/\/www.naturparkmagazin.de\/vdn\/wp-content\/uploads\/sites\/3\/Fotolia_61228884_XS-2_Beitrag.jpg 500w, https:\/\/www.naturparkmagazin.de\/vdn\/wp-content\/uploads\/sites\/3\/Fotolia_61228884_XS-2_Beitrag-300x180.jpg 300w, https:\/\/www.naturparkmagazin.de\/vdn\/wp-content\/uploads\/sites\/3\/Fotolia_61228884_XS-2_Beitrag-200x120.jpg 200w\" sizes=\"(max-width: 500px) 100vw, 500px\" \/><\/a><p id=\"caption-attachment-5838\" class=\"wp-caption-text\">Familie beim Inlinern &#8211; Copyright: ARochauFotolia.com<\/p><\/div>\n<p>Eine landschaftlich sch\u00f6ne und relativ kurze Strecke f\u00fcr die ganze Familie, die auch von Anf\u00e4ngern und Kindern gut zu bew\u00e4ltigen ist, ist eine Familientour auf Inline-Skates durch den Naturpark Westensee. In Kombination mit einem Besuch der Arche Warder, dem Zentrum f\u00fcr seltene Nutztierrassen, und einer Bootspartie auf dem Brahmsee wird die Tour zu einem abwechslungsreichen Ausflug. Start ist der Parkplatz des Tierparks Arche Warder.<\/p>\n<p><a href=\"http:\/\/www.natuerlich-skaten.de\/pdf\/Skatetour06.pdf\" target=\"_blank\">Hier finden Sie weitere Infos zur Familientour durch den Naturpark Westensee<\/a><\/p>\n<p>&nbsp;<\/p>\n<div id=\"attachment_5899\" style=\"width: 510px\" class=\"wp-caption aligncenter\"><a href=\"https:\/\/www.naturparkmagazin.de\/vdn\/wp-content\/uploads\/sites\/3\/barrierefrei.jpg\"><img aria-describedby=\"caption-attachment-5899\" decoding=\"async\" loading=\"lazy\" class=\"wp-image-5899 size-full\" src=\"https:\/\/www.naturparkmagazin.de\/vdn\/wp-content\/uploads\/sites\/3\/barrierefrei.jpg\" alt=\"Barrierefreier Hochseilgarten im Naturpark Bergisches Land\" width=\"500\" height=\"300\" srcset=\"https:\/\/www.naturparkmagazin.de\/vdn\/wp-content\/uploads\/sites\/3\/barrierefrei.jpg 500w, https:\/\/www.naturparkmagazin.de\/vdn\/wp-content\/uploads\/sites\/3\/barrierefrei-300x180.jpg 300w, https:\/\/www.naturparkmagazin.de\/vdn\/wp-content\/uploads\/sites\/3\/barrierefrei-200x120.jpg 200w\" sizes=\"(max-width: 500px) 100vw, 500px\" \/><\/a><p id=\"caption-attachment-5899\" class=\"wp-caption-text\">Barrierefreier Hochseilgarten im Naturpark Bergisches Land<\/p><\/div>\n<p>In den letzten Jahren haben viele Naturparke Angebote erarbeitet, die es Menschen auf &#8222;R\u00e4dern und Rollen der anderen Art&#8220; erm\u00f6glichen, die Natur- und Kulturlandschaften zu entdecken. Dazu z\u00e4hlen barrierefreie Wanderwege, Bootstouren f\u00fcr Rollstuhlfahrer und barrierefreie Besucherzentren. Diese Angebote sind immerhin f\u00fcr 35 % der Bev\u00f6lkerung (JoB Medienb\u00fcro, Berlin) essentiell, um Pflanzen- und Tierwelt hautnah kennenlernen zu k\u00f6nnen.<\/p>\n<p><a href=\"http:\/\/www.naturparke.de\/relaxation\/barrierfreecontents\" target=\"_blank\">Hier finden Sie barrierefreie Angebote aus den Naturparken<\/a><\/p>\n<p>&nbsp;<\/p>\n<p>&nbsp;<\/p>\n","protected":false},"excerpt":{"rendered":"<p>Es gibt sie noch, die kleinen und gro\u00dfen Entdeckungen abseits der Hektik der St\u00e4dte. In Naturparken haben Sie auf R\u00e4dern und Rollen unterschiedliche M\u00f6glichkeiten, aktiv sein und Natur entdecken zu verbinden.<\/p>\n","protected":false},"author":14,"featured_media":5839,"comment_status":"open","ping_status":"open","sticky":false,"template":"","format":"standard","meta":{"_links_to":"","_links_to_target":""},"categories":[51],"tags":[],"yoast_head":"<!-- This site is optimized with the Yoast SEO plugin v19.10 - https:\/\/yoast.com\/wordpress\/plugins\/seo\/ -->\n<title>\u201eAbgedreht\u201c \u2013 Natur erleben auf R\u00e4dern und Rollen<\/title>\n<meta name=\"description\" content=\"Es gibt sie noch, die kleinen und gro\u00dfen Entdeckungen abseits der Hektik der St\u00e4dte. In Naturparken haben Sie auf R\u00e4dern und Rollen unterschiedliche M\u00f6glichkeiten, aktiv sein und Natur entdecken zu verbinden.\" \/>\n<meta name=\"robots\" content=\"index, follow, max-snippet:-1, max-image-preview:large, max-video-preview:-1\" \/>\n<link rel=\"canonical\" href=\"https:\/\/www.naturparkmagazin.de\/vdn\/abgedreht-natur-erleben-auf-raedern-und-rollen\/\" \/>\n<meta property=\"og:locale\" content=\"de_DE\" \/>\n<meta property=\"og:type\" content=\"article\" \/>\n<meta property=\"og:title\" content=\"\u201eAbgedreht\u201c \u2013 Natur erleben auf R\u00e4dern und Rollen\" \/>\n<meta property=\"og:description\" content=\"Es gibt sie noch, die kleinen und gro\u00dfen Entdeckungen abseits der Hektik der St\u00e4dte. In Naturparken haben Sie auf R\u00e4dern und Rollen unterschiedliche M\u00f6glichkeiten, aktiv sein und Natur entdecken zu verbinden.\" \/>\n<meta property=\"og:url\" content=\"https:\/\/www.naturparkmagazin.de\/vdn\/abgedreht-natur-erleben-auf-raedern-und-rollen\/\" \/>\n<meta property=\"og:site_name\" content=\"Verband Deutscher Naturparke\" \/>\n<meta property=\"article:published_time\" content=\"2015-08-18T10:33:52+00:00\" \/>\n<meta property=\"article:modified_time\" content=\"2015-09-02T13:19:34+00:00\" \/>\n<meta property=\"og:image\" content=\"https:\/\/www.naturparkmagazin.de\/vdn\/wp-content\/uploads\/sites\/3\/DSCN1977_beitragsbild.jpg\" \/>\n\t<meta property=\"og:image:width\" content=\"200\" \/>\n\t<meta property=\"og:image:height\" content=\"200\" \/>\n\t<meta property=\"og:image:type\" content=\"image\/jpeg\" \/>\n<meta name=\"author\" content=\"vdnnational\" \/>\n<meta name=\"twitter:label1\" content=\"Verfasst von\" \/>\n\t<meta name=\"twitter:data1\" content=\"vdnnational\" \/>\n\t<meta name=\"twitter:label2\" content=\"Gesch\u00e4tzte Lesezeit\" \/>\n\t<meta name=\"twitter:data2\" content=\"4\u00a0Minuten\" \/>\n<script type=\"application\/ld+json\" class=\"yoast-schema-graph\">{\"@context\":\"https:\/\/schema.org\",\"@graph\":[{\"@type\":\"WebPage\",\"@id\":\"https:\/\/www.naturparkmagazin.de\/vdn\/abgedreht-natur-erleben-auf-raedern-und-rollen\/\",\"url\":\"https:\/\/www.naturparkmagazin.de\/vdn\/abgedreht-natur-erleben-auf-raedern-und-rollen\/\",\"name\":\"\u201eAbgedreht\u201c \u2013 Natur erleben auf R\u00e4dern und Rollen\",\"isPartOf\":{\"@id\":\"https:\/\/www.naturparkmagazin.de\/vdn\/#website\"},\"datePublished\":\"2015-08-18T10:33:52+00:00\",\"dateModified\":\"2015-09-02T13:19:34+00:00\",\"author\":{\"@id\":\"https:\/\/www.naturparkmagazin.de\/vdn\/#\/schema\/person\/e28d931df83318a48d52ae72b08d2bfb\"},\"description\":\"Es gibt sie noch, die kleinen und gro\u00dfen Entdeckungen abseits der Hektik der St\u00e4dte. In Naturparken haben Sie auf R\u00e4dern und Rollen unterschiedliche M\u00f6glichkeiten, aktiv sein und Natur entdecken zu verbinden.\",\"breadcrumb\":{\"@id\":\"https:\/\/www.naturparkmagazin.de\/vdn\/abgedreht-natur-erleben-auf-raedern-und-rollen\/#breadcrumb\"},\"inLanguage\":\"de\",\"potentialAction\":[{\"@type\":\"ReadAction\",\"target\":[\"https:\/\/www.naturparkmagazin.de\/vdn\/abgedreht-natur-erleben-auf-raedern-und-rollen\/\"]}]},{\"@type\":\"BreadcrumbList\",\"@id\":\"https:\/\/www.naturparkmagazin.de\/vdn\/abgedreht-natur-erleben-auf-raedern-und-rollen\/#breadcrumb\",\"itemListElement\":[{\"@type\":\"ListItem\",\"position\":1,\"name\":\"Home\",\"item\":\"https:\/\/www.naturparkmagazin.de\/vdn\/\"},{\"@type\":\"ListItem\",\"position\":2,\"name\":\"\u201eAbgedreht\u201c \u2013 Natur erleben auf R\u00e4dern und Rollen\"}]},{\"@type\":\"WebSite\",\"@id\":\"https:\/\/www.naturparkmagazin.de\/vdn\/#website\",\"url\":\"https:\/\/www.naturparkmagazin.de\/vdn\/\",\"name\":\"Verband Deutscher Naturparke\",\"description\":\"Eine weitere Naturparkmagazin.de Netzwerk Seite\",\"potentialAction\":[{\"@type\":\"SearchAction\",\"target\":{\"@type\":\"EntryPoint\",\"urlTemplate\":\"https:\/\/www.naturparkmagazin.de\/vdn\/?s={search_term_string}\"},\"query-input\":\"required name=search_term_string\"}],\"inLanguage\":\"de\"},{\"@type\":\"Person\",\"@id\":\"https:\/\/www.naturparkmagazin.de\/vdn\/#\/schema\/person\/e28d931df83318a48d52ae72b08d2bfb\",\"name\":\"vdnnational\",\"url\":\"https:\/\/www.naturparkmagazin.de\/vdn\/author\/vdnnational\/\"}]}<\/script>\n<!-- \/ Yoast SEO plugin. -->","yoast_head_json":{"title":"\u201eAbgedreht\u201c \u2013 Natur erleben auf R\u00e4dern und Rollen","description":"Es gibt sie noch, die kleinen und gro\u00dfen Entdeckungen abseits der Hektik der St\u00e4dte. In Naturparken haben Sie auf R\u00e4dern und Rollen unterschiedliche M\u00f6glichkeiten, aktiv sein und Natur entdecken zu verbinden.","robots":{"index":"index","follow":"follow","max-snippet":"max-snippet:-1","max-image-preview":"max-image-preview:large","max-video-preview":"max-video-preview:-1"},"canonical":"https:\/\/www.naturparkmagazin.de\/vdn\/abgedreht-natur-erleben-auf-raedern-und-rollen\/","og_locale":"de_DE","og_type":"article","og_title":"\u201eAbgedreht\u201c \u2013 Natur erleben auf R\u00e4dern und Rollen","og_description":"Es gibt sie noch, die kleinen und gro\u00dfen Entdeckungen abseits der Hektik der St\u00e4dte. In Naturparken haben Sie auf R\u00e4dern und Rollen unterschiedliche M\u00f6glichkeiten, aktiv sein und Natur entdecken zu verbinden.","og_url":"https:\/\/www.naturparkmagazin.de\/vdn\/abgedreht-natur-erleben-auf-raedern-und-rollen\/","og_site_name":"Verband Deutscher Naturparke","article_published_time":"2015-08-18T10:33:52+00:00","article_modified_time":"2015-09-02T13:19:34+00:00","og_image":[{"width":200,"height":200,"url":"https:\/\/www.naturparkmagazin.de\/vdn\/wp-content\/uploads\/sites\/3\/DSCN1977_beitragsbild.jpg","type":"image\/jpeg"}],"author":"vdnnational","twitter_misc":{"Verfasst von":"vdnnational","Gesch\u00e4tzte Lesezeit":"4\u00a0Minuten"},"schema":{"@context":"https:\/\/schema.org","@graph":[{"@type":"WebPage","@id":"https:\/\/www.naturparkmagazin.de\/vdn\/abgedreht-natur-erleben-auf-raedern-und-rollen\/","url":"https:\/\/www.naturparkmagazin.de\/vdn\/abgedreht-natur-erleben-auf-raedern-und-rollen\/","name":"\u201eAbgedreht\u201c \u2013 Natur erleben auf R\u00e4dern und Rollen","isPartOf":{"@id":"https:\/\/www.naturparkmagazin.de\/vdn\/#website"},"datePublished":"2015-08-18T10:33:52+00:00","dateModified":"2015-09-02T13:19:34+00:00","author":{"@id":"https:\/\/www.naturparkmagazin.de\/vdn\/#\/schema\/person\/e28d931df83318a48d52ae72b08d2bfb"},"description":"Es gibt sie noch, die kleinen und gro\u00dfen Entdeckungen abseits der Hektik der St\u00e4dte. In Naturparken haben Sie auf R\u00e4dern und Rollen unterschiedliche M\u00f6glichkeiten, aktiv sein und Natur entdecken zu verbinden.","breadcrumb":{"@id":"https:\/\/www.naturparkmagazin.de\/vdn\/abgedreht-natur-erleben-auf-raedern-und-rollen\/#breadcrumb"},"inLanguage":"de","potentialAction":[{"@type":"ReadAction","target":["https:\/\/www.naturparkmagazin.de\/vdn\/abgedreht-natur-erleben-auf-raedern-und-rollen\/"]}]},{"@type":"BreadcrumbList","@id":"https:\/\/www.naturparkmagazin.de\/vdn\/abgedreht-natur-erleben-auf-raedern-und-rollen\/#breadcrumb","itemListElement":[{"@type":"ListItem","position":1,"name":"Home","item":"https:\/\/www.naturparkmagazin.de\/vdn\/"},{"@type":"ListItem","position":2,"name":"\u201eAbgedreht\u201c \u2013 Natur erleben auf R\u00e4dern und Rollen"}]},{"@type":"WebSite","@id":"https:\/\/www.naturparkmagazin.de\/vdn\/#website","url":"https:\/\/www.naturparkmagazin.de\/vdn\/","name":"Verband Deutscher Naturparke","description":"Eine weitere Naturparkmagazin.de Netzwerk Seite","potentialAction":[{"@type":"SearchAction","target":{"@type":"EntryPoint","urlTemplate":"https:\/\/www.naturparkmagazin.de\/vdn\/?s={search_term_string}"},"query-input":"required name=search_term_string"}],"inLanguage":"de"},{"@type":"Person","@id":"https:\/\/www.naturparkmagazin.de\/vdn\/#\/schema\/person\/e28d931df83318a48d52ae72b08d2bfb","name":"vdnnational","url":"https:\/\/www.naturparkmagazin.de\/vdn\/author\/vdnnational\/"}]}},"_links":{"self":[{"href":"https:\/\/www.naturparkmagazin.de\/vdn\/wp-json\/wp\/v2\/posts\/5830"}],"collection":[{"href":"https:\/\/www.naturparkmagazin.de\/vdn\/wp-json\/wp\/v2\/posts"}],"about":[{"href":"https:\/\/www.naturparkmagazin.de\/vdn\/wp-json\/wp\/v2\/types\/post"}],"author":[{"embeddable":true,"href":"https:\/\/www.naturparkmagazin.de\/vdn\/wp-json\/wp\/v2\/users\/14"}],"replies":[{"embeddable":true,"href":"https:\/\/www.naturparkmagazin.de\/vdn\/wp-json\/wp\/v2\/comments?post=5830"}],"version-history":[{"count":17,"href":"https:\/\/www.naturparkmagazin.de\/vdn\/wp-json\/wp\/v2\/posts\/5830\/revisions"}],"predecessor-version":[{"id":5898,"href":"https:\/\/www.naturparkmagazin.de\/vdn\/wp-json\/wp\/v2\/posts\/5830\/revisions\/5898"}],"wp:featuredmedia":[{"embeddable":true,"href":"https:\/\/www.naturparkmagazin.de\/vdn\/wp-json\/wp\/v2\/media\/5839"}],"wp:attachment":[{"href":"https:\/\/www.naturparkmagazin.de\/vdn\/wp-json\/wp\/v2\/media?parent=5830"}],"wp:term":[{"taxonomy":"category","embeddable":true,"href":"https:\/\/www.naturparkmagazin.de\/vdn\/wp-json\/wp\/v2\/categories?post=5830"},{"taxonomy":"post_tag","embeddable":true,"href":"https:\/\/www.naturparkmagazin.de\/vdn\/wp-json\/wp\/v2\/tags?post=5830"}],"curies":[{"name":"wp","href":"https:\/\/api.w.org\/{rel}","templated":true}]}}