{"id":5924,"date":"2015-09-21T14:56:11","date_gmt":"2015-09-21T12:56:11","guid":{"rendered":"http:\/\/www.naturparkmagazin.de\/vdn\/?p=5924"},"modified":"2015-09-28T10:54:36","modified_gmt":"2015-09-28T08:54:36","slug":"apfel-salatsauce-vert-jus-aus-dem-naturpark-uckermaerkische-seen","status":"publish","type":"post","link":"https:\/\/www.naturparkmagazin.de\/vdn\/apfel-salatsauce-vert-jus-aus-dem-naturpark-uckermaerkische-seen\/","title":{"rendered":"Apfel-Salatsauce \u201eVert Jus\u201c  aus dem Naturpark Uckerm\u00e4rkische Seen"},"content":{"rendered":"<div id=\"attachment_6003\" style=\"width: 510px\" class=\"wp-caption aligncenter\"><a href=\"https:\/\/www.naturparkmagazin.de\/vdn\/wp-content\/uploads\/sites\/3\/Bild_beitrag.jpg\"><img aria-describedby=\"caption-attachment-6003\" decoding=\"async\" loading=\"lazy\" class=\"size-full wp-image-6003\" src=\"https:\/\/www.naturparkmagazin.de\/vdn\/wp-content\/uploads\/sites\/3\/Bild_beitrag.jpg\" alt=\"Copyright: Naturgenuss GmbH\" width=\"500\" height=\"300\" srcset=\"https:\/\/www.naturparkmagazin.de\/vdn\/wp-content\/uploads\/sites\/3\/Bild_beitrag.jpg 500w, https:\/\/www.naturparkmagazin.de\/vdn\/wp-content\/uploads\/sites\/3\/Bild_beitrag-300x180.jpg 300w, https:\/\/www.naturparkmagazin.de\/vdn\/wp-content\/uploads\/sites\/3\/Bild_beitrag-200x120.jpg 200w\" sizes=\"(max-width: 500px) 100vw, 500px\" \/><\/a><p id=\"caption-attachment-6003\" class=\"wp-caption-text\">Copyright: Naturgenuss GmbH<\/p><\/div>\n<p>Die Apfel-Salatsauce \u201eVert Jus\u201c ist milder als Essig und feiner als Zitrone &#8211; Saft aus gr\u00fcnen \u00c4pfeln und Apfels\u00e4ure &#8211; der kleine Bruder vom &#8222;Trauben Vert Jus&#8220; \u2013 ist eine besondere Salatsauce. &#8222;Vert Jus\u201c wird aus gr\u00fcnen \u00c4pfeln als Balsamico hergestellt. Als Salatso\u00dfe, zu So\u00dfen aller Art aber auch statt Rotwein oder Sherry zu Fleischgerichten ist es einfach herrlich!<\/p>\n<p>Haus Lichtenstein, ein wunderbares Fleckchen Erde im Naturpark Uckerm\u00e4rkische Seen, entwickelt, produziert und verkauft Apfel-Delikatessen, die auf traditionellen Rezepten basieren.<\/p>\n<p>Die Apfel-Salatsauce aus dem Naturpark Uckerm\u00e4rkische Seen sowie viele weitere Spezialit\u00e4ten aus Naturparken k\u00f6nnen Sie im <a href=\"http:\/\/www.naturpark-spezialitaeten.de\" target=\"_blank\">Naturpark-Spezialit\u00e4ten-Shop<\/a> bestellen.<\/p>\n","protected":false},"excerpt":{"rendered":"<p>Produkt des Monats im September ist die Apfel-Salatsauce \u201eVert Jus\u201c  von Haus Lichtenhain aus dem Naturpark Uckerm\u00e4rkische Seen. \u201eVert Jus\u201c wird aus gr\u00fcnen \u00c4pfeln als Balsamico hergestellt. Als Salatso\u00dfe,  zu So\u00dfen aller Art aber auch statt Rotwein oder Sherry zu Fleischgerichten ist es einfach herrlich! <\/p>\n","protected":false},"author":51,"featured_media":6005,"comment_status":"open","ping_status":"open","sticky":false,"template":"","format":"standard","meta":{"_links_to":"","_links_to_target":""},"categories":[13],"tags":[],"yoast_head":"<!-- This site is optimized with the Yoast SEO plugin v19.10 - https:\/\/yoast.com\/wordpress\/plugins\/seo\/ -->\n<title>Apfel-Salatsauce \u201eVert Jus\u201c aus dem Naturpark Uckerm\u00e4rkische Seen<\/title>\n<meta name=\"description\" content=\"Produkt des Monats im September ist die Apfel-Salatsauce \u201eVert Jus\u201c von Haus Lichtenhain aus dem Naturpark Uckerm\u00e4rkische Seen. \u201eVert Jus\u201c wird aus gr\u00fcnen \u00c4pfeln als Balsamico hergestellt. Als Salatso\u00dfe, zu So\u00dfen aller Art aber auch statt Rotwein oder Sherry zu Fleischgerichten ist es einfach herrlich!\" \/>\n<meta name=\"robots\" content=\"index, follow, max-snippet:-1, max-image-preview:large, max-video-preview:-1\" \/>\n<link rel=\"canonical\" href=\"https:\/\/www.naturparkmagazin.de\/vdn\/apfel-salatsauce-vert-jus-aus-dem-naturpark-uckermaerkische-seen\/\" \/>\n<meta property=\"og:locale\" content=\"de_DE\" \/>\n<meta property=\"og:type\" content=\"article\" \/>\n<meta property=\"og:title\" content=\"Apfel-Salatsauce \u201eVert Jus\u201c aus dem Naturpark Uckerm\u00e4rkische Seen\" \/>\n<meta property=\"og:description\" content=\"Produkt des Monats im September ist die Apfel-Salatsauce \u201eVert Jus\u201c von Haus Lichtenhain aus dem Naturpark Uckerm\u00e4rkische Seen. \u201eVert Jus\u201c wird aus gr\u00fcnen \u00c4pfeln als Balsamico hergestellt. Als Salatso\u00dfe, zu So\u00dfen aller Art aber auch statt Rotwein oder Sherry zu Fleischgerichten ist es einfach herrlich!\" \/>\n<meta property=\"og:url\" content=\"https:\/\/www.naturparkmagazin.de\/vdn\/apfel-salatsauce-vert-jus-aus-dem-naturpark-uckermaerkische-seen\/\" \/>\n<meta property=\"og:site_name\" content=\"Verband Deutscher Naturparke\" \/>\n<meta property=\"article:published_time\" content=\"2015-09-21T12:56:11+00:00\" \/>\n<meta property=\"article:modified_time\" content=\"2015-09-28T08:54:36+00:00\" \/>\n<meta property=\"og:image\" content=\"https:\/\/www.naturparkmagazin.de\/vdn\/wp-content\/uploads\/sites\/3\/Bild_beitragsbild.jpg\" \/>\n\t<meta property=\"og:image:width\" content=\"200\" \/>\n\t<meta property=\"og:image:height\" content=\"200\" \/>\n\t<meta property=\"og:image:type\" content=\"image\/jpeg\" \/>\n<meta name=\"author\" content=\"beatrixlosem\" \/>\n<meta name=\"twitter:label1\" content=\"Verfasst von\" \/>\n\t<meta name=\"twitter:data1\" content=\"beatrixlosem\" \/>\n\t<meta name=\"twitter:label2\" content=\"Gesch\u00e4tzte Lesezeit\" \/>\n\t<meta name=\"twitter:data2\" content=\"1\u00a0Minute\" \/>\n<script type=\"application\/ld+json\" class=\"yoast-schema-graph\">{\"@context\":\"https:\/\/schema.org\",\"@graph\":[{\"@type\":\"WebPage\",\"@id\":\"https:\/\/www.naturparkmagazin.de\/vdn\/apfel-salatsauce-vert-jus-aus-dem-naturpark-uckermaerkische-seen\/\",\"url\":\"https:\/\/www.naturparkmagazin.de\/vdn\/apfel-salatsauce-vert-jus-aus-dem-naturpark-uckermaerkische-seen\/\",\"name\":\"Apfel-Salatsauce \u201eVert Jus\u201c aus dem Naturpark Uckerm\u00e4rkische Seen\",\"isPartOf\":{\"@id\":\"https:\/\/www.naturparkmagazin.de\/vdn\/#website\"},\"datePublished\":\"2015-09-21T12:56:11+00:00\",\"dateModified\":\"2015-09-28T08:54:36+00:00\",\"author\":{\"@id\":\"https:\/\/www.naturparkmagazin.de\/vdn\/#\/schema\/person\/d71357578c318b6db03be60b1f60396b\"},\"description\":\"Produkt des Monats im September ist die Apfel-Salatsauce \u201eVert Jus\u201c von Haus Lichtenhain aus dem Naturpark Uckerm\u00e4rkische Seen. \u201eVert Jus\u201c wird aus gr\u00fcnen \u00c4pfeln als Balsamico hergestellt. Als Salatso\u00dfe, zu So\u00dfen aller Art aber auch statt Rotwein oder Sherry zu Fleischgerichten ist es einfach herrlich!\",\"breadcrumb\":{\"@id\":\"https:\/\/www.naturparkmagazin.de\/vdn\/apfel-salatsauce-vert-jus-aus-dem-naturpark-uckermaerkische-seen\/#breadcrumb\"},\"inLanguage\":\"de\",\"potentialAction\":[{\"@type\":\"ReadAction\",\"target\":[\"https:\/\/www.naturparkmagazin.de\/vdn\/apfel-salatsauce-vert-jus-aus-dem-naturpark-uckermaerkische-seen\/\"]}]},{\"@type\":\"BreadcrumbList\",\"@id\":\"https:\/\/www.naturparkmagazin.de\/vdn\/apfel-salatsauce-vert-jus-aus-dem-naturpark-uckermaerkische-seen\/#breadcrumb\",\"itemListElement\":[{\"@type\":\"ListItem\",\"position\":1,\"name\":\"Home\",\"item\":\"https:\/\/www.naturparkmagazin.de\/vdn\/\"},{\"@type\":\"ListItem\",\"position\":2,\"name\":\"Apfel-Salatsauce \u201eVert Jus\u201c aus dem Naturpark Uckerm\u00e4rkische Seen\"}]},{\"@type\":\"WebSite\",\"@id\":\"https:\/\/www.naturparkmagazin.de\/vdn\/#website\",\"url\":\"https:\/\/www.naturparkmagazin.de\/vdn\/\",\"name\":\"Verband Deutscher Naturparke\",\"description\":\"Eine weitere Naturparkmagazin.de Netzwerk Seite\",\"potentialAction\":[{\"@type\":\"SearchAction\",\"target\":{\"@type\":\"EntryPoint\",\"urlTemplate\":\"https:\/\/www.naturparkmagazin.de\/vdn\/?s={search_term_string}\"},\"query-input\":\"required name=search_term_string\"}],\"inLanguage\":\"de\"},{\"@type\":\"Person\",\"@id\":\"https:\/\/www.naturparkmagazin.de\/vdn\/#\/schema\/person\/d71357578c318b6db03be60b1f60396b\",\"name\":\"beatrixlosem\",\"url\":\"https:\/\/www.naturparkmagazin.de\/vdn\/author\/beatrixlosem\/\"}]}<\/script>\n<!-- \/ Yoast SEO plugin. -->","yoast_head_json":{"title":"Apfel-Salatsauce \u201eVert Jus\u201c aus dem Naturpark Uckerm\u00e4rkische Seen","description":"Produkt des Monats im September ist die Apfel-Salatsauce \u201eVert Jus\u201c von Haus Lichtenhain aus dem Naturpark Uckerm\u00e4rkische Seen. \u201eVert Jus\u201c wird aus gr\u00fcnen \u00c4pfeln als Balsamico hergestellt. Als Salatso\u00dfe, zu So\u00dfen aller Art aber auch statt Rotwein oder Sherry zu Fleischgerichten ist es einfach herrlich!","robots":{"index":"index","follow":"follow","max-snippet":"max-snippet:-1","max-image-preview":"max-image-preview:large","max-video-preview":"max-video-preview:-1"},"canonical":"https:\/\/www.naturparkmagazin.de\/vdn\/apfel-salatsauce-vert-jus-aus-dem-naturpark-uckermaerkische-seen\/","og_locale":"de_DE","og_type":"article","og_title":"Apfel-Salatsauce \u201eVert Jus\u201c aus dem Naturpark Uckerm\u00e4rkische Seen","og_description":"Produkt des Monats im September ist die Apfel-Salatsauce \u201eVert Jus\u201c von Haus Lichtenhain aus dem Naturpark Uckerm\u00e4rkische Seen. \u201eVert Jus\u201c wird aus gr\u00fcnen \u00c4pfeln als Balsamico hergestellt. Als Salatso\u00dfe, zu So\u00dfen aller Art aber auch statt Rotwein oder Sherry zu Fleischgerichten ist es einfach herrlich!","og_url":"https:\/\/www.naturparkmagazin.de\/vdn\/apfel-salatsauce-vert-jus-aus-dem-naturpark-uckermaerkische-seen\/","og_site_name":"Verband Deutscher Naturparke","article_published_time":"2015-09-21T12:56:11+00:00","article_modified_time":"2015-09-28T08:54:36+00:00","og_image":[{"width":200,"height":200,"url":"https:\/\/www.naturparkmagazin.de\/vdn\/wp-content\/uploads\/sites\/3\/Bild_beitragsbild.jpg","type":"image\/jpeg"}],"author":"beatrixlosem","twitter_misc":{"Verfasst von":"beatrixlosem","Gesch\u00e4tzte Lesezeit":"1\u00a0Minute"},"schema":{"@context":"https:\/\/schema.org","@graph":[{"@type":"WebPage","@id":"https:\/\/www.naturparkmagazin.de\/vdn\/apfel-salatsauce-vert-jus-aus-dem-naturpark-uckermaerkische-seen\/","url":"https:\/\/www.naturparkmagazin.de\/vdn\/apfel-salatsauce-vert-jus-aus-dem-naturpark-uckermaerkische-seen\/","name":"Apfel-Salatsauce \u201eVert Jus\u201c aus dem Naturpark Uckerm\u00e4rkische Seen","isPartOf":{"@id":"https:\/\/www.naturparkmagazin.de\/vdn\/#website"},"datePublished":"2015-09-21T12:56:11+00:00","dateModified":"2015-09-28T08:54:36+00:00","author":{"@id":"https:\/\/www.naturparkmagazin.de\/vdn\/#\/schema\/person\/d71357578c318b6db03be60b1f60396b"},"description":"Produkt des Monats im September ist die Apfel-Salatsauce \u201eVert Jus\u201c von Haus Lichtenhain aus dem Naturpark Uckerm\u00e4rkische Seen. \u201eVert Jus\u201c wird aus gr\u00fcnen \u00c4pfeln als Balsamico hergestellt. Als Salatso\u00dfe, zu So\u00dfen aller Art aber auch statt Rotwein oder Sherry zu Fleischgerichten ist es einfach herrlich!","breadcrumb":{"@id":"https:\/\/www.naturparkmagazin.de\/vdn\/apfel-salatsauce-vert-jus-aus-dem-naturpark-uckermaerkische-seen\/#breadcrumb"},"inLanguage":"de","potentialAction":[{"@type":"ReadAction","target":["https:\/\/www.naturparkmagazin.de\/vdn\/apfel-salatsauce-vert-jus-aus-dem-naturpark-uckermaerkische-seen\/"]}]},{"@type":"BreadcrumbList","@id":"https:\/\/www.naturparkmagazin.de\/vdn\/apfel-salatsauce-vert-jus-aus-dem-naturpark-uckermaerkische-seen\/#breadcrumb","itemListElement":[{"@type":"ListItem","position":1,"name":"Home","item":"https:\/\/www.naturparkmagazin.de\/vdn\/"},{"@type":"ListItem","position":2,"name":"Apfel-Salatsauce \u201eVert Jus\u201c aus dem Naturpark Uckerm\u00e4rkische Seen"}]},{"@type":"WebSite","@id":"https:\/\/www.naturparkmagazin.de\/vdn\/#website","url":"https:\/\/www.naturparkmagazin.de\/vdn\/","name":"Verband Deutscher Naturparke","description":"Eine weitere Naturparkmagazin.de Netzwerk Seite","potentialAction":[{"@type":"SearchAction","target":{"@type":"EntryPoint","urlTemplate":"https:\/\/www.naturparkmagazin.de\/vdn\/?s={search_term_string}"},"query-input":"required name=search_term_string"}],"inLanguage":"de"},{"@type":"Person","@id":"https:\/\/www.naturparkmagazin.de\/vdn\/#\/schema\/person\/d71357578c318b6db03be60b1f60396b","name":"beatrixlosem","url":"https:\/\/www.naturparkmagazin.de\/vdn\/author\/beatrixlosem\/"}]}},"_links":{"self":[{"href":"https:\/\/www.naturparkmagazin.de\/vdn\/wp-json\/wp\/v2\/posts\/5924"}],"collection":[{"href":"https:\/\/www.naturparkmagazin.de\/vdn\/wp-json\/wp\/v2\/posts"}],"about":[{"href":"https:\/\/www.naturparkmagazin.de\/vdn\/wp-json\/wp\/v2\/types\/post"}],"author":[{"embeddable":true,"href":"https:\/\/www.naturparkmagazin.de\/vdn\/wp-json\/wp\/v2\/users\/51"}],"replies":[{"embeddable":true,"href":"https:\/\/www.naturparkmagazin.de\/vdn\/wp-json\/wp\/v2\/comments?post=5924"}],"version-history":[{"count":4,"href":"https:\/\/www.naturparkmagazin.de\/vdn\/wp-json\/wp\/v2\/posts\/5924\/revisions"}],"predecessor-version":[{"id":6018,"href":"https:\/\/www.naturparkmagazin.de\/vdn\/wp-json\/wp\/v2\/posts\/5924\/revisions\/6018"}],"wp:featuredmedia":[{"embeddable":true,"href":"https:\/\/www.naturparkmagazin.de\/vdn\/wp-json\/wp\/v2\/media\/6005"}],"wp:attachment":[{"href":"https:\/\/www.naturparkmagazin.de\/vdn\/wp-json\/wp\/v2\/media?parent=5924"}],"wp:term":[{"taxonomy":"category","embeddable":true,"href":"https:\/\/www.naturparkmagazin.de\/vdn\/wp-json\/wp\/v2\/categories?post=5924"},{"taxonomy":"post_tag","embeddable":true,"href":"https:\/\/www.naturparkmagazin.de\/vdn\/wp-json\/wp\/v2\/tags?post=5924"}],"curies":[{"name":"wp","href":"https:\/\/api.w.org\/{rel}","templated":true}]}}