{"id":5932,"date":"2015-09-21T15:12:24","date_gmt":"2015-09-21T13:12:24","guid":{"rendered":"http:\/\/www.naturparkmagazin.de\/vdn\/?p=5932"},"modified":"2015-09-28T10:53:01","modified_gmt":"2015-09-28T08:53:01","slug":"mohn-preiselbeer-torte-aus-dem-naturpark-meissner-kaufunger-wald","status":"publish","type":"post","link":"https:\/\/www.naturparkmagazin.de\/vdn\/mohn-preiselbeer-torte-aus-dem-naturpark-meissner-kaufunger-wald\/","title":{"rendered":"Mohn-Preiselbeer-Torte aus dem Naturpark Mei\u00dfner-Kaufunger Wald"},"content":{"rendered":"<div id=\"attachment_5933\" style=\"width: 510px\" class=\"wp-caption aligncenter\"><a href=\"https:\/\/www.naturparkmagazin.de\/vdn\/wp-content\/uploads\/sites\/3\/Fotolia_70034072_M_beitrag.jpg\"><img aria-describedby=\"caption-attachment-5933\" decoding=\"async\" loading=\"lazy\" class=\"size-full wp-image-5933\" src=\"https:\/\/www.naturparkmagazin.de\/vdn\/wp-content\/uploads\/sites\/3\/Fotolia_70034072_M_beitrag.jpg\" alt=\"Copyright: Fotolia.com\" width=\"500\" height=\"300\" srcset=\"https:\/\/www.naturparkmagazin.de\/vdn\/wp-content\/uploads\/sites\/3\/Fotolia_70034072_M_beitrag.jpg 500w, https:\/\/www.naturparkmagazin.de\/vdn\/wp-content\/uploads\/sites\/3\/Fotolia_70034072_M_beitrag-300x180.jpg 300w, https:\/\/www.naturparkmagazin.de\/vdn\/wp-content\/uploads\/sites\/3\/Fotolia_70034072_M_beitrag-200x120.jpg 200w\" sizes=\"(max-width: 500px) 100vw, 500px\" \/><\/a><p id=\"caption-attachment-5933\" class=\"wp-caption-text\">Copyright: Fotolia.com<\/p><\/div>\n<p>Unser Rezept des Monats will uns den Herbst mit einem fruchtig-s\u00fc\u00dfen Genuss schmackhaft machen. Das Landfrauen-Rezept aus dem Koch- und Backbuch Werra-Mei\u00dfner ist schnell gezaubert und schmeckt nat\u00fcrlich am besten mit etwas original Mei\u00dfner-Mohn.<\/p>\n<p>&nbsp;<\/p>\n<p><span style=\"color: #339966\"><strong><em>Rezept:\n<\/em><\/strong><\/span>\n<em><span style=\"color: #339966\">4 Eier mit 4 EL Wasser (warm) und 150 g Zucker wei\u00df-schaumig schlagen.<\/span><\/em>\n<em><span style=\"color: #339966\">100 g Mehl und 150 g Mei\u00dfner-Mohn (je nach Vorliebe gemahlen oder gek\u00f6rnt) mit \u00bd Pck. Backpulver mischen und unterheben. Den Teig in eine Springform (28 cm) f\u00fcllen und etwa 30 Minuten bei 160\u00b0 backen. Nach dem Ausk\u00fchlen den Bisquitboden zweimal durchschneiden.<\/span><\/em><\/p>\n<p><em><span style=\"color: #339966\">Die H\u00e4lfte von 400 g Preiselbeeren aus dem Glas auf den unteren Boden streichen.<\/span><\/em>\n<em><span style=\"color: #339966\">250 ml s\u00fc\u00dfe Sahne mit 1 TL Zucker steif schlagen, auf den Boden streichen.<\/span><\/em>\n<em><span style=\"color: #339966\">Den mittleren Boden darauflegen, diesen mit der zweiten H\u00e4lfte Preiselbeeren bestreichen.<\/span><\/em><\/p>\n<p><em><span style=\"color: #339966\">Nochmals 250 ml s\u00fc\u00dfe Sahne mit 1 TL Zucker steif schlagen (etwas zum Verzieren zur\u00fcckbehalten) und die Torte damit bestreichen, mit Sahne und etwas Mei\u00dfner-Mohn verzieren.<\/span><\/em><\/p>\n<p>&nbsp;<\/p>\n<p><a href=\"https:\/\/www.naturparkmagazin.de\/vdn\/wp-content\/uploads\/sites\/3\/Buch.jpg\"><img decoding=\"async\" loading=\"lazy\" class=\"  wp-image-5983 alignleft\" src=\"https:\/\/www.naturparkmagazin.de\/vdn\/wp-content\/uploads\/sites\/3\/Buch.jpg\" alt=\"Buch\" width=\"109\" height=\"150\" srcset=\"https:\/\/www.naturparkmagazin.de\/vdn\/wp-content\/uploads\/sites\/3\/Buch.jpg 251w, https:\/\/www.naturparkmagazin.de\/vdn\/wp-content\/uploads\/sites\/3\/Buch-200x276.jpg 200w\" sizes=\"(max-width: 109px) 100vw, 109px\" \/><\/a> Unser Rezept ist ein Landfrauen-Rezept aus dem Koch- und Backbuch Werra-Mei\u00dfner, Edition Limosa, ISBN 978-3-86037-581-5, S. 139.<\/p>\n<p><a href=\"http:\/\/www.limosa.de\/buecherkalender\/landfrauen-kochbuecher\/163\/koch-und-backbuch-werra-meissner\" target=\"_blank\">Hier<\/a> k\u00f6nnen Sie das Koch- und Backbuch Werra-Mei\u00dfner bestellen<\/p>\n<p>&nbsp;<\/p>\n<p>&nbsp;<\/p>\n<p>Mei\u00dfner-Mohn kann online bestellt werden im <a href=\"http:\/\/grimmheimat-shop.de\/search?sSearch=Mohn\" target=\"_blank\">GrimmHeimat Shop.<\/a><\/p>\n<p>&nbsp;<\/p>\n","protected":false},"excerpt":{"rendered":"<p>Unser Rezept des Monats will uns den Herbst mit einem fruchtig-s\u00fc\u00dfen Genuss schmackhaft machen. Das Landfrauen-Rezept aus dem Koch- und Backbuch Werra-Mei\u00dfner ist schnell gezaubert und schmeckt nat\u00fcrlich am besten mit etwas original Mei\u00dfner-Mohn.<\/p>\n","protected":false},"author":51,"featured_media":5934,"comment_status":"open","ping_status":"open","sticky":false,"template":"","format":"standard","meta":{"_links_to":"","_links_to_target":""},"categories":[14],"tags":[],"yoast_head":"<!-- This site is optimized with the Yoast SEO plugin v19.10 - https:\/\/yoast.com\/wordpress\/plugins\/seo\/ -->\n<title>Mohn-Preiselbeer-Torte aus dem Naturpark Mei\u00dfner-Kaufunger Wald<\/title>\n<meta name=\"description\" content=\"Unser Rezept des Monats will uns den Herbst mit einem fruchtig-s\u00fc\u00dfen Genuss schmackhaft machen. Das Landfrauen-Rezept aus dem Koch- und Backbuch Werra-Mei\u00dfner ist schnell gezaubert und schmeckt nat\u00fcrlich am besten mit etwas original Mei\u00dfner-Mohn.\" \/>\n<meta name=\"robots\" content=\"index, follow, max-snippet:-1, max-image-preview:large, max-video-preview:-1\" \/>\n<link rel=\"canonical\" href=\"https:\/\/www.naturparkmagazin.de\/vdn\/mohn-preiselbeer-torte-aus-dem-naturpark-meissner-kaufunger-wald\/\" \/>\n<meta property=\"og:locale\" content=\"de_DE\" \/>\n<meta property=\"og:type\" content=\"article\" \/>\n<meta property=\"og:title\" content=\"Mohn-Preiselbeer-Torte aus dem Naturpark Mei\u00dfner-Kaufunger Wald\" \/>\n<meta property=\"og:description\" content=\"Unser Rezept des Monats will uns den Herbst mit einem fruchtig-s\u00fc\u00dfen Genuss schmackhaft machen. Das Landfrauen-Rezept aus dem Koch- und Backbuch Werra-Mei\u00dfner ist schnell gezaubert und schmeckt nat\u00fcrlich am besten mit etwas original Mei\u00dfner-Mohn.\" \/>\n<meta property=\"og:url\" content=\"https:\/\/www.naturparkmagazin.de\/vdn\/mohn-preiselbeer-torte-aus-dem-naturpark-meissner-kaufunger-wald\/\" \/>\n<meta property=\"og:site_name\" content=\"Verband Deutscher Naturparke\" \/>\n<meta property=\"article:published_time\" content=\"2015-09-21T13:12:24+00:00\" \/>\n<meta property=\"article:modified_time\" content=\"2015-09-28T08:53:01+00:00\" \/>\n<meta property=\"og:image\" content=\"https:\/\/www.naturparkmagazin.de\/vdn\/wp-content\/uploads\/sites\/3\/Fotolia_70034072_M_beitragsbild.jpg\" \/>\n\t<meta property=\"og:image:width\" content=\"200\" \/>\n\t<meta property=\"og:image:height\" content=\"200\" \/>\n\t<meta property=\"og:image:type\" content=\"image\/jpeg\" \/>\n<meta name=\"author\" content=\"beatrixlosem\" \/>\n<meta name=\"twitter:label1\" content=\"Verfasst von\" \/>\n\t<meta name=\"twitter:data1\" content=\"beatrixlosem\" \/>\n\t<meta name=\"twitter:label2\" content=\"Gesch\u00e4tzte Lesezeit\" \/>\n\t<meta name=\"twitter:data2\" content=\"1\u00a0Minute\" \/>\n<script type=\"application\/ld+json\" class=\"yoast-schema-graph\">{\"@context\":\"https:\/\/schema.org\",\"@graph\":[{\"@type\":\"WebPage\",\"@id\":\"https:\/\/www.naturparkmagazin.de\/vdn\/mohn-preiselbeer-torte-aus-dem-naturpark-meissner-kaufunger-wald\/\",\"url\":\"https:\/\/www.naturparkmagazin.de\/vdn\/mohn-preiselbeer-torte-aus-dem-naturpark-meissner-kaufunger-wald\/\",\"name\":\"Mohn-Preiselbeer-Torte aus dem Naturpark Mei\u00dfner-Kaufunger Wald\",\"isPartOf\":{\"@id\":\"https:\/\/www.naturparkmagazin.de\/vdn\/#website\"},\"datePublished\":\"2015-09-21T13:12:24+00:00\",\"dateModified\":\"2015-09-28T08:53:01+00:00\",\"author\":{\"@id\":\"https:\/\/www.naturparkmagazin.de\/vdn\/#\/schema\/person\/d71357578c318b6db03be60b1f60396b\"},\"description\":\"Unser Rezept des Monats will uns den Herbst mit einem fruchtig-s\u00fc\u00dfen Genuss schmackhaft machen. Das Landfrauen-Rezept aus dem Koch- und Backbuch Werra-Mei\u00dfner ist schnell gezaubert und schmeckt nat\u00fcrlich am besten mit etwas original Mei\u00dfner-Mohn.\",\"breadcrumb\":{\"@id\":\"https:\/\/www.naturparkmagazin.de\/vdn\/mohn-preiselbeer-torte-aus-dem-naturpark-meissner-kaufunger-wald\/#breadcrumb\"},\"inLanguage\":\"de\",\"potentialAction\":[{\"@type\":\"ReadAction\",\"target\":[\"https:\/\/www.naturparkmagazin.de\/vdn\/mohn-preiselbeer-torte-aus-dem-naturpark-meissner-kaufunger-wald\/\"]}]},{\"@type\":\"BreadcrumbList\",\"@id\":\"https:\/\/www.naturparkmagazin.de\/vdn\/mohn-preiselbeer-torte-aus-dem-naturpark-meissner-kaufunger-wald\/#breadcrumb\",\"itemListElement\":[{\"@type\":\"ListItem\",\"position\":1,\"name\":\"Home\",\"item\":\"https:\/\/www.naturparkmagazin.de\/vdn\/\"},{\"@type\":\"ListItem\",\"position\":2,\"name\":\"Mohn-Preiselbeer-Torte aus dem Naturpark Mei\u00dfner-Kaufunger Wald\"}]},{\"@type\":\"WebSite\",\"@id\":\"https:\/\/www.naturparkmagazin.de\/vdn\/#website\",\"url\":\"https:\/\/www.naturparkmagazin.de\/vdn\/\",\"name\":\"Verband Deutscher Naturparke\",\"description\":\"Eine weitere Naturparkmagazin.de Netzwerk Seite\",\"potentialAction\":[{\"@type\":\"SearchAction\",\"target\":{\"@type\":\"EntryPoint\",\"urlTemplate\":\"https:\/\/www.naturparkmagazin.de\/vdn\/?s={search_term_string}\"},\"query-input\":\"required name=search_term_string\"}],\"inLanguage\":\"de\"},{\"@type\":\"Person\",\"@id\":\"https:\/\/www.naturparkmagazin.de\/vdn\/#\/schema\/person\/d71357578c318b6db03be60b1f60396b\",\"name\":\"beatrixlosem\",\"url\":\"https:\/\/www.naturparkmagazin.de\/vdn\/author\/beatrixlosem\/\"}]}<\/script>\n<!-- \/ Yoast SEO plugin. -->","yoast_head_json":{"title":"Mohn-Preiselbeer-Torte aus dem Naturpark Mei\u00dfner-Kaufunger Wald","description":"Unser Rezept des Monats will uns den Herbst mit einem fruchtig-s\u00fc\u00dfen Genuss schmackhaft machen. Das Landfrauen-Rezept aus dem Koch- und Backbuch Werra-Mei\u00dfner ist schnell gezaubert und schmeckt nat\u00fcrlich am besten mit etwas original Mei\u00dfner-Mohn.","robots":{"index":"index","follow":"follow","max-snippet":"max-snippet:-1","max-image-preview":"max-image-preview:large","max-video-preview":"max-video-preview:-1"},"canonical":"https:\/\/www.naturparkmagazin.de\/vdn\/mohn-preiselbeer-torte-aus-dem-naturpark-meissner-kaufunger-wald\/","og_locale":"de_DE","og_type":"article","og_title":"Mohn-Preiselbeer-Torte aus dem Naturpark Mei\u00dfner-Kaufunger Wald","og_description":"Unser Rezept des Monats will uns den Herbst mit einem fruchtig-s\u00fc\u00dfen Genuss schmackhaft machen. Das Landfrauen-Rezept aus dem Koch- und Backbuch Werra-Mei\u00dfner ist schnell gezaubert und schmeckt nat\u00fcrlich am besten mit etwas original Mei\u00dfner-Mohn.","og_url":"https:\/\/www.naturparkmagazin.de\/vdn\/mohn-preiselbeer-torte-aus-dem-naturpark-meissner-kaufunger-wald\/","og_site_name":"Verband Deutscher Naturparke","article_published_time":"2015-09-21T13:12:24+00:00","article_modified_time":"2015-09-28T08:53:01+00:00","og_image":[{"width":200,"height":200,"url":"https:\/\/www.naturparkmagazin.de\/vdn\/wp-content\/uploads\/sites\/3\/Fotolia_70034072_M_beitragsbild.jpg","type":"image\/jpeg"}],"author":"beatrixlosem","twitter_misc":{"Verfasst von":"beatrixlosem","Gesch\u00e4tzte Lesezeit":"1\u00a0Minute"},"schema":{"@context":"https:\/\/schema.org","@graph":[{"@type":"WebPage","@id":"https:\/\/www.naturparkmagazin.de\/vdn\/mohn-preiselbeer-torte-aus-dem-naturpark-meissner-kaufunger-wald\/","url":"https:\/\/www.naturparkmagazin.de\/vdn\/mohn-preiselbeer-torte-aus-dem-naturpark-meissner-kaufunger-wald\/","name":"Mohn-Preiselbeer-Torte aus dem Naturpark Mei\u00dfner-Kaufunger Wald","isPartOf":{"@id":"https:\/\/www.naturparkmagazin.de\/vdn\/#website"},"datePublished":"2015-09-21T13:12:24+00:00","dateModified":"2015-09-28T08:53:01+00:00","author":{"@id":"https:\/\/www.naturparkmagazin.de\/vdn\/#\/schema\/person\/d71357578c318b6db03be60b1f60396b"},"description":"Unser Rezept des Monats will uns den Herbst mit einem fruchtig-s\u00fc\u00dfen Genuss schmackhaft machen. Das Landfrauen-Rezept aus dem Koch- und Backbuch Werra-Mei\u00dfner ist schnell gezaubert und schmeckt nat\u00fcrlich am besten mit etwas original Mei\u00dfner-Mohn.","breadcrumb":{"@id":"https:\/\/www.naturparkmagazin.de\/vdn\/mohn-preiselbeer-torte-aus-dem-naturpark-meissner-kaufunger-wald\/#breadcrumb"},"inLanguage":"de","potentialAction":[{"@type":"ReadAction","target":["https:\/\/www.naturparkmagazin.de\/vdn\/mohn-preiselbeer-torte-aus-dem-naturpark-meissner-kaufunger-wald\/"]}]},{"@type":"BreadcrumbList","@id":"https:\/\/www.naturparkmagazin.de\/vdn\/mohn-preiselbeer-torte-aus-dem-naturpark-meissner-kaufunger-wald\/#breadcrumb","itemListElement":[{"@type":"ListItem","position":1,"name":"Home","item":"https:\/\/www.naturparkmagazin.de\/vdn\/"},{"@type":"ListItem","position":2,"name":"Mohn-Preiselbeer-Torte aus dem Naturpark Mei\u00dfner-Kaufunger Wald"}]},{"@type":"WebSite","@id":"https:\/\/www.naturparkmagazin.de\/vdn\/#website","url":"https:\/\/www.naturparkmagazin.de\/vdn\/","name":"Verband Deutscher Naturparke","description":"Eine weitere Naturparkmagazin.de Netzwerk Seite","potentialAction":[{"@type":"SearchAction","target":{"@type":"EntryPoint","urlTemplate":"https:\/\/www.naturparkmagazin.de\/vdn\/?s={search_term_string}"},"query-input":"required name=search_term_string"}],"inLanguage":"de"},{"@type":"Person","@id":"https:\/\/www.naturparkmagazin.de\/vdn\/#\/schema\/person\/d71357578c318b6db03be60b1f60396b","name":"beatrixlosem","url":"https:\/\/www.naturparkmagazin.de\/vdn\/author\/beatrixlosem\/"}]}},"_links":{"self":[{"href":"https:\/\/www.naturparkmagazin.de\/vdn\/wp-json\/wp\/v2\/posts\/5932"}],"collection":[{"href":"https:\/\/www.naturparkmagazin.de\/vdn\/wp-json\/wp\/v2\/posts"}],"about":[{"href":"https:\/\/www.naturparkmagazin.de\/vdn\/wp-json\/wp\/v2\/types\/post"}],"author":[{"embeddable":true,"href":"https:\/\/www.naturparkmagazin.de\/vdn\/wp-json\/wp\/v2\/users\/51"}],"replies":[{"embeddable":true,"href":"https:\/\/www.naturparkmagazin.de\/vdn\/wp-json\/wp\/v2\/comments?post=5932"}],"version-history":[{"count":10,"href":"https:\/\/www.naturparkmagazin.de\/vdn\/wp-json\/wp\/v2\/posts\/5932\/revisions"}],"predecessor-version":[{"id":5984,"href":"https:\/\/www.naturparkmagazin.de\/vdn\/wp-json\/wp\/v2\/posts\/5932\/revisions\/5984"}],"wp:featuredmedia":[{"embeddable":true,"href":"https:\/\/www.naturparkmagazin.de\/vdn\/wp-json\/wp\/v2\/media\/5934"}],"wp:attachment":[{"href":"https:\/\/www.naturparkmagazin.de\/vdn\/wp-json\/wp\/v2\/media?parent=5932"}],"wp:term":[{"taxonomy":"category","embeddable":true,"href":"https:\/\/www.naturparkmagazin.de\/vdn\/wp-json\/wp\/v2\/categories?post=5932"},{"taxonomy":"post_tag","embeddable":true,"href":"https:\/\/www.naturparkmagazin.de\/vdn\/wp-json\/wp\/v2\/tags?post=5932"}],"curies":[{"name":"wp","href":"https:\/\/api.w.org\/{rel}","templated":true}]}}