{"id":5939,"date":"2015-09-21T15:00:33","date_gmt":"2015-09-21T13:00:33","guid":{"rendered":"http:\/\/www.naturparkmagazin.de\/vdn\/?p=5939"},"modified":"2015-09-28T10:49:27","modified_gmt":"2015-09-28T08:49:27","slug":"mit-qualitaet-zum-ziel-acht-naturparke-ausgezeichnet","status":"publish","type":"post","link":"https:\/\/www.naturparkmagazin.de\/vdn\/mit-qualitaet-zum-ziel-acht-naturparke-ausgezeichnet\/","title":{"rendered":"\u201eMit Qualit\u00e4t zum Ziel\u201c \u2013 Acht Naturparke ausgezeichnet"},"content":{"rendered":"<div id=\"attachment_5940\" style=\"width: 510px\" class=\"wp-caption aligncenter\"><a href=\"https:\/\/www.naturparkmagazin.de\/vdn\/wp-content\/uploads\/sites\/3\/DSCN9225_beitrag.jpg\"><img aria-describedby=\"caption-attachment-5940\" decoding=\"async\" loading=\"lazy\" class=\"size-full wp-image-5940\" src=\"https:\/\/www.naturparkmagazin.de\/vdn\/wp-content\/uploads\/sites\/3\/DSCN9225_beitrag.jpg\" alt=\"Copyright: VDN\" width=\"500\" height=\"300\" srcset=\"https:\/\/www.naturparkmagazin.de\/vdn\/wp-content\/uploads\/sites\/3\/DSCN9225_beitrag.jpg 500w, https:\/\/www.naturparkmagazin.de\/vdn\/wp-content\/uploads\/sites\/3\/DSCN9225_beitrag-300x180.jpg 300w, https:\/\/www.naturparkmagazin.de\/vdn\/wp-content\/uploads\/sites\/3\/DSCN9225_beitrag-200x120.jpg 200w\" sizes=\"(max-width: 500px) 100vw, 500px\" \/><\/a><p id=\"caption-attachment-5940\" class=\"wp-caption-text\">Copyright: VDN<\/p><\/div>\n<p>Acht Naturparke wurden am Er\u00f6ffnungsabend des Deutschen Naturpark-Tages vom 16.- 18. September 2015 im Rahmen der &#8222;Qualit\u00e4tsoffensive Naturparke&#8220; ausgezeichnet. Darunter sind drei Naturparke aus NRW und ein Naturpark aus Hessen. Der diesj\u00e4hrige Deutsche Naturpark-Tag fand aus Anlass des 50j\u00e4hrigen Bestehens des Naturparks Diemelsee in Willingen statt.<\/p>\n<p>Am Er\u00f6ffnungsabend begr\u00fc\u00dften Johannes Remmel, Umweltminister des Landes Nordrhein-Westfalen und Dr. Beatrix Tappeser, Staatssekret\u00e4rin im Hessischen Umweltministerium, die teilnehmenden 80 Vertreter\/innen aus 40 der 104 deutschen Naturparke gemeinsam mit B\u00fcrgermeister Thomas Trachte, Vorsitzender des Naturparks Diemelsee und Dr. Michael Arndt, Pr\u00e4sident Verband Deutscher Naturparke (VDN).<\/p>\n<p>Als \u201eQualit\u00e4ts-Naturpark\u201c ausgezeichnet wurden die Naturparke Bergisches Land (NRW), Hohe Mark \u2013 Westm\u00fcnsterland (NRW), Siebengebirge (NRW) Wildeshauser Geest (Niedersachsen), Stromberg-Heuchelberg (Baden-W\u00fcrttemberg), Soonwald-Nahe (Rheinland-Pfalz) und Rhein-Taunus (Hessen). Der Naturpark Elm-Lappwald (Nds) erhielt die Auszeichnung \u201ePartner Qualit\u00e4tsoffensive Naturparke\u201c.<\/p>\n<p>Die \u201eQualit\u00e4tsoffensive Naturparke\u201c ist f\u00fcr die Naturparke ein Instrument zur Selbsteinsch\u00e4tzung und kontinuierlichen Verbesserung der Qualit\u00e4t ihrer Arbeit und ihrer Angebote. Sie macht die Leistungen der Naturparke f\u00fcr Naturschutz, nachhaltigen Tourismus und Erholung, Umweltbildung und nachhaltige Regionalentwicklung deutlich. Die Teilnahme an der Qualit\u00e4tsoffensive ist freiwillig.<\/p>\n<p>\u201eQualit\u00e4ts-Naturparke\u201c m\u00fcssen mindestens 250 von insgesamt 500 m\u00f6glichen Punkten erreichen. Ein Qualit\u00e4ts-Scout bereist jeden teilnehmenden Naturpark und \u00fcberpr\u00fcft und ber\u00e4t ihn im Rahmen dieser Bereisung. Insgesamt tragen jetzt 74 der 104 Naturparke in Deutschland das Siegel \u201eQualit\u00e4ts-Naturpark\u201c, zwei Naturparke sind als \u201ePartner Qualit\u00e4tsoffensive Naturparke\u201c ausgezeichnet.<\/p>\n<p><a href=\"http:\/\/www.naturparke.de\/parks\/quality\" target=\"_blank\">Hier<\/a> finden Sie weitere Informationen zur Qualit\u00e4tsoffensive Naturparke<\/p>\n<p><a href=\"http:\/\/www.naturparke.de\/system\/articledownloads\/451\/original\/Pressemitteilung_Qualit%C3%A4tsoffensive.pdf?1442763628\" target=\"_blank\">Hier<\/a> k\u00f6nnen Sie die Pressemitteilung downloaden<\/p>\n<p>&nbsp;<\/p>\n","protected":false},"excerpt":{"rendered":"<p>Acht Naturparke wurden am Er\u00f6ffnungsabend des Deutschen Naturpark-Tages vom 16.- 18. September 2015 im Rahmen der &#8222;Qualit\u00e4tsoffensive Naturparke&#8220; ausgezeichnet.<\/p>\n","protected":false},"author":51,"featured_media":5941,"comment_status":"open","ping_status":"open","sticky":false,"template":"","format":"standard","meta":{"_links_to":"","_links_to_target":""},"categories":[7],"tags":[],"yoast_head":"<!-- This site is optimized with the Yoast SEO plugin v19.10 - https:\/\/yoast.com\/wordpress\/plugins\/seo\/ -->\n<title>\u201eMit Qualit\u00e4t zum Ziel\u201c \u2013 Acht Naturparke ausgezeichnet<\/title>\n<meta name=\"description\" content=\"Acht Naturparke wurden am Er\u00f6ffnungsabend des Deutschen Naturpark-Tages vom 16.- 18. September 2015 im Rahmen der &quot;Qualit\u00e4tsoffensive Naturparke&quot; ausgezeichnet.\" \/>\n<meta name=\"robots\" content=\"index, follow, max-snippet:-1, max-image-preview:large, max-video-preview:-1\" \/>\n<link rel=\"canonical\" href=\"https:\/\/www.naturparkmagazin.de\/vdn\/mit-qualitaet-zum-ziel-acht-naturparke-ausgezeichnet\/\" \/>\n<meta property=\"og:locale\" content=\"de_DE\" \/>\n<meta property=\"og:type\" content=\"article\" \/>\n<meta property=\"og:title\" content=\"\u201eMit Qualit\u00e4t zum Ziel\u201c \u2013 Acht Naturparke ausgezeichnet\" \/>\n<meta property=\"og:description\" content=\"Acht Naturparke wurden am Er\u00f6ffnungsabend des Deutschen Naturpark-Tages vom 16.- 18. September 2015 im Rahmen der &quot;Qualit\u00e4tsoffensive Naturparke&quot; ausgezeichnet.\" \/>\n<meta property=\"og:url\" content=\"https:\/\/www.naturparkmagazin.de\/vdn\/mit-qualitaet-zum-ziel-acht-naturparke-ausgezeichnet\/\" \/>\n<meta property=\"og:site_name\" content=\"Verband Deutscher Naturparke\" \/>\n<meta property=\"article:published_time\" content=\"2015-09-21T13:00:33+00:00\" \/>\n<meta property=\"article:modified_time\" content=\"2015-09-28T08:49:27+00:00\" \/>\n<meta property=\"og:image\" content=\"https:\/\/www.naturparkmagazin.de\/vdn\/wp-content\/uploads\/sites\/3\/DSCN9225_beitragsbild.jpg\" \/>\n\t<meta property=\"og:image:width\" content=\"200\" \/>\n\t<meta property=\"og:image:height\" content=\"200\" \/>\n\t<meta property=\"og:image:type\" content=\"image\/jpeg\" \/>\n<meta name=\"author\" content=\"beatrixlosem\" \/>\n<meta name=\"twitter:label1\" content=\"Verfasst von\" \/>\n\t<meta name=\"twitter:data1\" content=\"beatrixlosem\" \/>\n\t<meta name=\"twitter:label2\" content=\"Gesch\u00e4tzte Lesezeit\" \/>\n\t<meta name=\"twitter:data2\" content=\"1\u00a0Minute\" \/>\n<script type=\"application\/ld+json\" class=\"yoast-schema-graph\">{\"@context\":\"https:\/\/schema.org\",\"@graph\":[{\"@type\":\"WebPage\",\"@id\":\"https:\/\/www.naturparkmagazin.de\/vdn\/mit-qualitaet-zum-ziel-acht-naturparke-ausgezeichnet\/\",\"url\":\"https:\/\/www.naturparkmagazin.de\/vdn\/mit-qualitaet-zum-ziel-acht-naturparke-ausgezeichnet\/\",\"name\":\"\u201eMit Qualit\u00e4t zum Ziel\u201c \u2013 Acht Naturparke ausgezeichnet\",\"isPartOf\":{\"@id\":\"https:\/\/www.naturparkmagazin.de\/vdn\/#website\"},\"datePublished\":\"2015-09-21T13:00:33+00:00\",\"dateModified\":\"2015-09-28T08:49:27+00:00\",\"author\":{\"@id\":\"https:\/\/www.naturparkmagazin.de\/vdn\/#\/schema\/person\/d71357578c318b6db03be60b1f60396b\"},\"description\":\"Acht Naturparke wurden am Er\u00f6ffnungsabend des Deutschen Naturpark-Tages vom 16.- 18. September 2015 im Rahmen der \\\"Qualit\u00e4tsoffensive Naturparke\\\" ausgezeichnet.\",\"breadcrumb\":{\"@id\":\"https:\/\/www.naturparkmagazin.de\/vdn\/mit-qualitaet-zum-ziel-acht-naturparke-ausgezeichnet\/#breadcrumb\"},\"inLanguage\":\"de\",\"potentialAction\":[{\"@type\":\"ReadAction\",\"target\":[\"https:\/\/www.naturparkmagazin.de\/vdn\/mit-qualitaet-zum-ziel-acht-naturparke-ausgezeichnet\/\"]}]},{\"@type\":\"BreadcrumbList\",\"@id\":\"https:\/\/www.naturparkmagazin.de\/vdn\/mit-qualitaet-zum-ziel-acht-naturparke-ausgezeichnet\/#breadcrumb\",\"itemListElement\":[{\"@type\":\"ListItem\",\"position\":1,\"name\":\"Home\",\"item\":\"https:\/\/www.naturparkmagazin.de\/vdn\/\"},{\"@type\":\"ListItem\",\"position\":2,\"name\":\"\u201eMit Qualit\u00e4t zum Ziel\u201c \u2013 Acht Naturparke ausgezeichnet\"}]},{\"@type\":\"WebSite\",\"@id\":\"https:\/\/www.naturparkmagazin.de\/vdn\/#website\",\"url\":\"https:\/\/www.naturparkmagazin.de\/vdn\/\",\"name\":\"Verband Deutscher Naturparke\",\"description\":\"Eine weitere Naturparkmagazin.de Netzwerk Seite\",\"potentialAction\":[{\"@type\":\"SearchAction\",\"target\":{\"@type\":\"EntryPoint\",\"urlTemplate\":\"https:\/\/www.naturparkmagazin.de\/vdn\/?s={search_term_string}\"},\"query-input\":\"required name=search_term_string\"}],\"inLanguage\":\"de\"},{\"@type\":\"Person\",\"@id\":\"https:\/\/www.naturparkmagazin.de\/vdn\/#\/schema\/person\/d71357578c318b6db03be60b1f60396b\",\"name\":\"beatrixlosem\",\"url\":\"https:\/\/www.naturparkmagazin.de\/vdn\/author\/beatrixlosem\/\"}]}<\/script>\n<!-- \/ Yoast SEO plugin. -->","yoast_head_json":{"title":"\u201eMit Qualit\u00e4t zum Ziel\u201c \u2013 Acht Naturparke ausgezeichnet","description":"Acht Naturparke wurden am Er\u00f6ffnungsabend des Deutschen Naturpark-Tages vom 16.- 18. September 2015 im Rahmen der \"Qualit\u00e4tsoffensive Naturparke\" ausgezeichnet.","robots":{"index":"index","follow":"follow","max-snippet":"max-snippet:-1","max-image-preview":"max-image-preview:large","max-video-preview":"max-video-preview:-1"},"canonical":"https:\/\/www.naturparkmagazin.de\/vdn\/mit-qualitaet-zum-ziel-acht-naturparke-ausgezeichnet\/","og_locale":"de_DE","og_type":"article","og_title":"\u201eMit Qualit\u00e4t zum Ziel\u201c \u2013 Acht Naturparke ausgezeichnet","og_description":"Acht Naturparke wurden am Er\u00f6ffnungsabend des Deutschen Naturpark-Tages vom 16.- 18. September 2015 im Rahmen der \"Qualit\u00e4tsoffensive Naturparke\" ausgezeichnet.","og_url":"https:\/\/www.naturparkmagazin.de\/vdn\/mit-qualitaet-zum-ziel-acht-naturparke-ausgezeichnet\/","og_site_name":"Verband Deutscher Naturparke","article_published_time":"2015-09-21T13:00:33+00:00","article_modified_time":"2015-09-28T08:49:27+00:00","og_image":[{"width":200,"height":200,"url":"https:\/\/www.naturparkmagazin.de\/vdn\/wp-content\/uploads\/sites\/3\/DSCN9225_beitragsbild.jpg","type":"image\/jpeg"}],"author":"beatrixlosem","twitter_misc":{"Verfasst von":"beatrixlosem","Gesch\u00e4tzte Lesezeit":"1\u00a0Minute"},"schema":{"@context":"https:\/\/schema.org","@graph":[{"@type":"WebPage","@id":"https:\/\/www.naturparkmagazin.de\/vdn\/mit-qualitaet-zum-ziel-acht-naturparke-ausgezeichnet\/","url":"https:\/\/www.naturparkmagazin.de\/vdn\/mit-qualitaet-zum-ziel-acht-naturparke-ausgezeichnet\/","name":"\u201eMit Qualit\u00e4t zum Ziel\u201c \u2013 Acht Naturparke ausgezeichnet","isPartOf":{"@id":"https:\/\/www.naturparkmagazin.de\/vdn\/#website"},"datePublished":"2015-09-21T13:00:33+00:00","dateModified":"2015-09-28T08:49:27+00:00","author":{"@id":"https:\/\/www.naturparkmagazin.de\/vdn\/#\/schema\/person\/d71357578c318b6db03be60b1f60396b"},"description":"Acht Naturparke wurden am Er\u00f6ffnungsabend des Deutschen Naturpark-Tages vom 16.- 18. September 2015 im Rahmen der \"Qualit\u00e4tsoffensive Naturparke\" ausgezeichnet.","breadcrumb":{"@id":"https:\/\/www.naturparkmagazin.de\/vdn\/mit-qualitaet-zum-ziel-acht-naturparke-ausgezeichnet\/#breadcrumb"},"inLanguage":"de","potentialAction":[{"@type":"ReadAction","target":["https:\/\/www.naturparkmagazin.de\/vdn\/mit-qualitaet-zum-ziel-acht-naturparke-ausgezeichnet\/"]}]},{"@type":"BreadcrumbList","@id":"https:\/\/www.naturparkmagazin.de\/vdn\/mit-qualitaet-zum-ziel-acht-naturparke-ausgezeichnet\/#breadcrumb","itemListElement":[{"@type":"ListItem","position":1,"name":"Home","item":"https:\/\/www.naturparkmagazin.de\/vdn\/"},{"@type":"ListItem","position":2,"name":"\u201eMit Qualit\u00e4t zum Ziel\u201c \u2013 Acht Naturparke ausgezeichnet"}]},{"@type":"WebSite","@id":"https:\/\/www.naturparkmagazin.de\/vdn\/#website","url":"https:\/\/www.naturparkmagazin.de\/vdn\/","name":"Verband Deutscher Naturparke","description":"Eine weitere Naturparkmagazin.de Netzwerk Seite","potentialAction":[{"@type":"SearchAction","target":{"@type":"EntryPoint","urlTemplate":"https:\/\/www.naturparkmagazin.de\/vdn\/?s={search_term_string}"},"query-input":"required name=search_term_string"}],"inLanguage":"de"},{"@type":"Person","@id":"https:\/\/www.naturparkmagazin.de\/vdn\/#\/schema\/person\/d71357578c318b6db03be60b1f60396b","name":"beatrixlosem","url":"https:\/\/www.naturparkmagazin.de\/vdn\/author\/beatrixlosem\/"}]}},"_links":{"self":[{"href":"https:\/\/www.naturparkmagazin.de\/vdn\/wp-json\/wp\/v2\/posts\/5939"}],"collection":[{"href":"https:\/\/www.naturparkmagazin.de\/vdn\/wp-json\/wp\/v2\/posts"}],"about":[{"href":"https:\/\/www.naturparkmagazin.de\/vdn\/wp-json\/wp\/v2\/types\/post"}],"author":[{"embeddable":true,"href":"https:\/\/www.naturparkmagazin.de\/vdn\/wp-json\/wp\/v2\/users\/51"}],"replies":[{"embeddable":true,"href":"https:\/\/www.naturparkmagazin.de\/vdn\/wp-json\/wp\/v2\/comments?post=5939"}],"version-history":[{"count":4,"href":"https:\/\/www.naturparkmagazin.de\/vdn\/wp-json\/wp\/v2\/posts\/5939\/revisions"}],"predecessor-version":[{"id":6014,"href":"https:\/\/www.naturparkmagazin.de\/vdn\/wp-json\/wp\/v2\/posts\/5939\/revisions\/6014"}],"wp:featuredmedia":[{"embeddable":true,"href":"https:\/\/www.naturparkmagazin.de\/vdn\/wp-json\/wp\/v2\/media\/5941"}],"wp:attachment":[{"href":"https:\/\/www.naturparkmagazin.de\/vdn\/wp-json\/wp\/v2\/media?parent=5939"}],"wp:term":[{"taxonomy":"category","embeddable":true,"href":"https:\/\/www.naturparkmagazin.de\/vdn\/wp-json\/wp\/v2\/categories?post=5939"},{"taxonomy":"post_tag","embeddable":true,"href":"https:\/\/www.naturparkmagazin.de\/vdn\/wp-json\/wp\/v2\/tags?post=5939"}],"curies":[{"name":"wp","href":"https:\/\/api.w.org\/{rel}","templated":true}]}}