{"id":5968,"date":"2015-09-21T11:05:42","date_gmt":"2015-09-21T09:05:42","guid":{"rendered":"http:\/\/www.naturparkmagazin.de\/vdn\/?p=5968"},"modified":"2015-09-28T10:44:38","modified_gmt":"2015-09-28T08:44:38","slug":"wir-bauen-ein-igelhaus","status":"publish","type":"post","link":"https:\/\/www.naturparkmagazin.de\/vdn\/wir-bauen-ein-igelhaus\/","title":{"rendered":"Wir bauen ein Igelhaus"},"content":{"rendered":"<div id=\"attachment_5971\" style=\"width: 510px\" class=\"wp-caption aligncenter\"><a href=\"https:\/\/www.naturparkmagazin.de\/vdn\/wp-content\/uploads\/sites\/3\/IMGP9731-igel-beitrag.png\"><img aria-describedby=\"caption-attachment-5971\" decoding=\"async\" loading=\"lazy\" class=\"wp-image-5971 size-full\" src=\"https:\/\/www.naturparkmagazin.de\/vdn\/wp-content\/uploads\/sites\/3\/IMGP9731-igel-beitrag.png\" alt=\"\" width=\"500\" height=\"300\" srcset=\"https:\/\/www.naturparkmagazin.de\/vdn\/wp-content\/uploads\/sites\/3\/IMGP9731-igel-beitrag.png 500w, https:\/\/www.naturparkmagazin.de\/vdn\/wp-content\/uploads\/sites\/3\/IMGP9731-igel-beitrag-300x180.png 300w, https:\/\/www.naturparkmagazin.de\/vdn\/wp-content\/uploads\/sites\/3\/IMGP9731-igel-beitrag-200x120.png 200w\" sizes=\"(max-width: 500px) 100vw, 500px\" \/><\/a><p id=\"caption-attachment-5971\" class=\"wp-caption-text\">&#8218;Kleiner Besucher in meinem Garten&#8216; VDN\/Gudrun Treuke-Daglioglu<\/p><\/div>\n<p>Igel sind nicht nur putzige, kleine Gesellen, die ihr in milden Sommern\u00e4chten beobachten k\u00f6nnt, sie helfen auch bei der nat\u00fcrlichen Sch\u00e4dlingsbek\u00e4mpfung, da zu ihren Lieblingsspeisen Schnecken und viele unterschiedliche Insekten geh\u00f6ren. So helfen sie, das nat\u00fcrliche Gleichgewicht im Garten zu erhalten.<\/p>\n<p>Da ihr Lebensraum durch immer mehr Stra\u00dfen und landwirtschaftlich genutzte Fl\u00e4chen eingeengt wird, ziehen sie sich mehr und mehr in Hausg\u00e4rten zur\u00fcck. Den gr\u00f6\u00dften Teil der kalten Jahreszeit verschlafen sie in ihren Winterquartieren in Laub- und Reisighaufen. Einen Winterunterschlupf k\u00f6nnt ihr aber auch ganz einfach aus einigen Brettern, \u00c4sten und viel Laub bauen.<\/p>\n<div id=\"attachment_5972\" style=\"width: 510px\" class=\"wp-caption aligncenter\"><a href=\"https:\/\/www.naturparkmagazin.de\/vdn\/wp-content\/uploads\/sites\/3\/igel-kom-Beitrag.jpg\"><img aria-describedby=\"caption-attachment-5972\" decoding=\"async\" loading=\"lazy\" class=\"size-full wp-image-5972\" src=\"https:\/\/www.naturparkmagazin.de\/vdn\/wp-content\/uploads\/sites\/3\/igel-kom-Beitrag.jpg\" alt=\"'Igel' - Copyright: VDN\/Ulrich Mingram\" width=\"500\" height=\"300\" srcset=\"https:\/\/www.naturparkmagazin.de\/vdn\/wp-content\/uploads\/sites\/3\/igel-kom-Beitrag.jpg 500w, https:\/\/www.naturparkmagazin.de\/vdn\/wp-content\/uploads\/sites\/3\/igel-kom-Beitrag-300x180.jpg 300w, https:\/\/www.naturparkmagazin.de\/vdn\/wp-content\/uploads\/sites\/3\/igel-kom-Beitrag-200x120.jpg 200w\" sizes=\"(max-width: 500px) 100vw, 500px\" \/><\/a><p id=\"caption-attachment-5972\" class=\"wp-caption-text\">&#8218;Igel&#8216; &#8211; Copyright: VDN\/Ulrich Mingram<\/p><\/div>\n<p>Als Bodend\u00e4mmung k\u00f6nnt ihr zun\u00e4chst eine Styroporplatte auslegen, dann hat der Igel es sch\u00f6n warm und trocken. Dar\u00fcber legt ihr ein altes Holzbrett als Fu\u00dfboden und stellt dann ein paar \u00c4ste wie ein Zelt auf. Gebt auf diese Konstruktion ganz viel trockenes Laub \u2013 und fertig ist der Unterschlupf.<\/p>\n<div id=\"attachment_5978\" style=\"width: 510px\" class=\"wp-caption aligncenter\"><a href=\"https:\/\/www.naturparkmagazin.de\/vdn\/wp-content\/uploads\/sites\/3\/reisighaufen-gr\u00fcnes-Klassenzimmer-beitrag.jpg\"><img aria-describedby=\"caption-attachment-5978\" decoding=\"async\" loading=\"lazy\" class=\"wp-image-5978 size-full\" src=\"https:\/\/www.naturparkmagazin.de\/vdn\/wp-content\/uploads\/sites\/3\/reisighaufen-gr\u00fcnes-Klassenzimmer-beitrag.jpg\" alt=\"Reisighaufen \u00a9 Gr\u00fcnes Klassenzimmer - D\u00fcsseldorf\" width=\"500\" height=\"300\" srcset=\"https:\/\/www.naturparkmagazin.de\/vdn\/wp-content\/uploads\/sites\/3\/reisighaufen-gr\u00fcnes-Klassenzimmer-beitrag.jpg 500w, https:\/\/www.naturparkmagazin.de\/vdn\/wp-content\/uploads\/sites\/3\/reisighaufen-gr\u00fcnes-Klassenzimmer-beitrag-300x180.jpg 300w, https:\/\/www.naturparkmagazin.de\/vdn\/wp-content\/uploads\/sites\/3\/reisighaufen-gr\u00fcnes-Klassenzimmer-beitrag-200x120.jpg 200w\" sizes=\"(max-width: 500px) 100vw, 500px\" \/><\/a><p id=\"caption-attachment-5978\" class=\"wp-caption-text\">Reisighaufen \u00a9 Gr\u00fcnes Klassenzimmer &#8211; D\u00fcsseldorf<\/p><\/div>\n<p>Um den Igel den Weg zu weisen, k\u00f6nnt ihr ein flaches Sch\u00e4lchen mit Wasser aufstellen, aber Vorsicht: gebt ihnen keine Milch, diese vertragen sie nicht! Ein paar Haferflocken gemischt mit Rosinen oder ein bisschen Katzenfutter sind ein gesunder Leckerbissen auch f\u00fcr Igel.<\/p>\n<p>Mit etwas Gl\u00fcck, findet der Igel sein H\u00e4uschen, zieht in euren Garten ein und ihr k\u00f6nnt die putzigen Tierchen im Sommer wieder bewundern.<\/p>\n<p>&nbsp;<\/p>\n","protected":false},"excerpt":{"rendered":"<p>Igel sind nicht nur putzige, kleine Gesellen, sie geh\u00f6ren zu den nat\u00fcrlichen Feinden von Schnecken und Insekten und helfen das nat\u00fcrliche Gleichgewicht im Garten zu erhalten.\nF\u00fcr den Winter wollen wir ihnen einen Unterschlupf bauen.<\/p>\n","protected":false},"author":14,"featured_media":5969,"comment_status":"open","ping_status":"open","sticky":false,"template":"","format":"standard","meta":{"_links_to":"","_links_to_target":""},"categories":[617],"tags":[33,9,41],"yoast_head":"<!-- This site is optimized with the Yoast SEO plugin v19.10 - https:\/\/yoast.com\/wordpress\/plugins\/seo\/ -->\n<title>Wir bauen ein Igelhaus<\/title>\n<meta name=\"description\" content=\"Igel sind nicht nur putzige, kleine Gesellen, sie geh\u00f6ren zu den nat\u00fcrlichen Feinden von Schnecken und Insekten und helfen das nat\u00fcrliche Gleichgewicht im Garten zu erhalten. F\u00fcr den Winter wollen wir ihnen einen Unterschlupf bauen.\" \/>\n<meta name=\"robots\" content=\"index, follow, max-snippet:-1, max-image-preview:large, max-video-preview:-1\" \/>\n<link rel=\"canonical\" href=\"https:\/\/www.naturparkmagazin.de\/vdn\/wir-bauen-ein-igelhaus\/\" \/>\n<meta property=\"og:locale\" content=\"de_DE\" \/>\n<meta property=\"og:type\" content=\"article\" \/>\n<meta property=\"og:title\" content=\"Wir bauen ein Igelhaus\" \/>\n<meta property=\"og:description\" content=\"Igel sind nicht nur putzige, kleine Gesellen, sie geh\u00f6ren zu den nat\u00fcrlichen Feinden von Schnecken und Insekten und helfen das nat\u00fcrliche Gleichgewicht im Garten zu erhalten. F\u00fcr den Winter wollen wir ihnen einen Unterschlupf bauen.\" \/>\n<meta property=\"og:url\" content=\"https:\/\/www.naturparkmagazin.de\/vdn\/wir-bauen-ein-igelhaus\/\" \/>\n<meta property=\"og:site_name\" content=\"Verband Deutscher Naturparke\" \/>\n<meta property=\"article:published_time\" content=\"2015-09-21T09:05:42+00:00\" \/>\n<meta property=\"article:modified_time\" content=\"2015-09-28T08:44:38+00:00\" \/>\n<meta property=\"og:image\" content=\"https:\/\/www.naturparkmagazin.de\/vdn\/wp-content\/uploads\/sites\/3\/IMGP9731-igel-beitragsfoto.jpeg\" \/>\n\t<meta property=\"og:image:width\" content=\"200\" \/>\n\t<meta property=\"og:image:height\" content=\"200\" \/>\n\t<meta property=\"og:image:type\" content=\"image\/jpeg\" \/>\n<meta name=\"author\" content=\"vdnnational\" \/>\n<meta name=\"twitter:label1\" content=\"Verfasst von\" \/>\n\t<meta name=\"twitter:data1\" content=\"vdnnational\" \/>\n\t<meta name=\"twitter:label2\" content=\"Gesch\u00e4tzte Lesezeit\" \/>\n\t<meta name=\"twitter:data2\" content=\"1\u00a0Minute\" \/>\n<script type=\"application\/ld+json\" class=\"yoast-schema-graph\">{\"@context\":\"https:\/\/schema.org\",\"@graph\":[{\"@type\":\"WebPage\",\"@id\":\"https:\/\/www.naturparkmagazin.de\/vdn\/wir-bauen-ein-igelhaus\/\",\"url\":\"https:\/\/www.naturparkmagazin.de\/vdn\/wir-bauen-ein-igelhaus\/\",\"name\":\"Wir bauen ein Igelhaus\",\"isPartOf\":{\"@id\":\"https:\/\/www.naturparkmagazin.de\/vdn\/#website\"},\"datePublished\":\"2015-09-21T09:05:42+00:00\",\"dateModified\":\"2015-09-28T08:44:38+00:00\",\"author\":{\"@id\":\"https:\/\/www.naturparkmagazin.de\/vdn\/#\/schema\/person\/e28d931df83318a48d52ae72b08d2bfb\"},\"description\":\"Igel sind nicht nur putzige, kleine Gesellen, sie geh\u00f6ren zu den nat\u00fcrlichen Feinden von Schnecken und Insekten und helfen das nat\u00fcrliche Gleichgewicht im Garten zu erhalten. F\u00fcr den Winter wollen wir ihnen einen Unterschlupf bauen.\",\"breadcrumb\":{\"@id\":\"https:\/\/www.naturparkmagazin.de\/vdn\/wir-bauen-ein-igelhaus\/#breadcrumb\"},\"inLanguage\":\"de\",\"potentialAction\":[{\"@type\":\"ReadAction\",\"target\":[\"https:\/\/www.naturparkmagazin.de\/vdn\/wir-bauen-ein-igelhaus\/\"]}]},{\"@type\":\"BreadcrumbList\",\"@id\":\"https:\/\/www.naturparkmagazin.de\/vdn\/wir-bauen-ein-igelhaus\/#breadcrumb\",\"itemListElement\":[{\"@type\":\"ListItem\",\"position\":1,\"name\":\"Home\",\"item\":\"https:\/\/www.naturparkmagazin.de\/vdn\/\"},{\"@type\":\"ListItem\",\"position\":2,\"name\":\"Wir bauen ein Igelhaus\"}]},{\"@type\":\"WebSite\",\"@id\":\"https:\/\/www.naturparkmagazin.de\/vdn\/#website\",\"url\":\"https:\/\/www.naturparkmagazin.de\/vdn\/\",\"name\":\"Verband Deutscher Naturparke\",\"description\":\"Eine weitere Naturparkmagazin.de Netzwerk Seite\",\"potentialAction\":[{\"@type\":\"SearchAction\",\"target\":{\"@type\":\"EntryPoint\",\"urlTemplate\":\"https:\/\/www.naturparkmagazin.de\/vdn\/?s={search_term_string}\"},\"query-input\":\"required name=search_term_string\"}],\"inLanguage\":\"de\"},{\"@type\":\"Person\",\"@id\":\"https:\/\/www.naturparkmagazin.de\/vdn\/#\/schema\/person\/e28d931df83318a48d52ae72b08d2bfb\",\"name\":\"vdnnational\",\"url\":\"https:\/\/www.naturparkmagazin.de\/vdn\/author\/vdnnational\/\"}]}<\/script>\n<!-- \/ Yoast SEO plugin. -->","yoast_head_json":{"title":"Wir bauen ein Igelhaus","description":"Igel sind nicht nur putzige, kleine Gesellen, sie geh\u00f6ren zu den nat\u00fcrlichen Feinden von Schnecken und Insekten und helfen das nat\u00fcrliche Gleichgewicht im Garten zu erhalten. F\u00fcr den Winter wollen wir ihnen einen Unterschlupf bauen.","robots":{"index":"index","follow":"follow","max-snippet":"max-snippet:-1","max-image-preview":"max-image-preview:large","max-video-preview":"max-video-preview:-1"},"canonical":"https:\/\/www.naturparkmagazin.de\/vdn\/wir-bauen-ein-igelhaus\/","og_locale":"de_DE","og_type":"article","og_title":"Wir bauen ein Igelhaus","og_description":"Igel sind nicht nur putzige, kleine Gesellen, sie geh\u00f6ren zu den nat\u00fcrlichen Feinden von Schnecken und Insekten und helfen das nat\u00fcrliche Gleichgewicht im Garten zu erhalten. F\u00fcr den Winter wollen wir ihnen einen Unterschlupf bauen.","og_url":"https:\/\/www.naturparkmagazin.de\/vdn\/wir-bauen-ein-igelhaus\/","og_site_name":"Verband Deutscher Naturparke","article_published_time":"2015-09-21T09:05:42+00:00","article_modified_time":"2015-09-28T08:44:38+00:00","og_image":[{"width":200,"height":200,"url":"https:\/\/www.naturparkmagazin.de\/vdn\/wp-content\/uploads\/sites\/3\/IMGP9731-igel-beitragsfoto.jpeg","type":"image\/jpeg"}],"author":"vdnnational","twitter_misc":{"Verfasst von":"vdnnational","Gesch\u00e4tzte Lesezeit":"1\u00a0Minute"},"schema":{"@context":"https:\/\/schema.org","@graph":[{"@type":"WebPage","@id":"https:\/\/www.naturparkmagazin.de\/vdn\/wir-bauen-ein-igelhaus\/","url":"https:\/\/www.naturparkmagazin.de\/vdn\/wir-bauen-ein-igelhaus\/","name":"Wir bauen ein Igelhaus","isPartOf":{"@id":"https:\/\/www.naturparkmagazin.de\/vdn\/#website"},"datePublished":"2015-09-21T09:05:42+00:00","dateModified":"2015-09-28T08:44:38+00:00","author":{"@id":"https:\/\/www.naturparkmagazin.de\/vdn\/#\/schema\/person\/e28d931df83318a48d52ae72b08d2bfb"},"description":"Igel sind nicht nur putzige, kleine Gesellen, sie geh\u00f6ren zu den nat\u00fcrlichen Feinden von Schnecken und Insekten und helfen das nat\u00fcrliche Gleichgewicht im Garten zu erhalten. F\u00fcr den Winter wollen wir ihnen einen Unterschlupf bauen.","breadcrumb":{"@id":"https:\/\/www.naturparkmagazin.de\/vdn\/wir-bauen-ein-igelhaus\/#breadcrumb"},"inLanguage":"de","potentialAction":[{"@type":"ReadAction","target":["https:\/\/www.naturparkmagazin.de\/vdn\/wir-bauen-ein-igelhaus\/"]}]},{"@type":"BreadcrumbList","@id":"https:\/\/www.naturparkmagazin.de\/vdn\/wir-bauen-ein-igelhaus\/#breadcrumb","itemListElement":[{"@type":"ListItem","position":1,"name":"Home","item":"https:\/\/www.naturparkmagazin.de\/vdn\/"},{"@type":"ListItem","position":2,"name":"Wir bauen ein Igelhaus"}]},{"@type":"WebSite","@id":"https:\/\/www.naturparkmagazin.de\/vdn\/#website","url":"https:\/\/www.naturparkmagazin.de\/vdn\/","name":"Verband Deutscher Naturparke","description":"Eine weitere Naturparkmagazin.de Netzwerk Seite","potentialAction":[{"@type":"SearchAction","target":{"@type":"EntryPoint","urlTemplate":"https:\/\/www.naturparkmagazin.de\/vdn\/?s={search_term_string}"},"query-input":"required name=search_term_string"}],"inLanguage":"de"},{"@type":"Person","@id":"https:\/\/www.naturparkmagazin.de\/vdn\/#\/schema\/person\/e28d931df83318a48d52ae72b08d2bfb","name":"vdnnational","url":"https:\/\/www.naturparkmagazin.de\/vdn\/author\/vdnnational\/"}]}},"_links":{"self":[{"href":"https:\/\/www.naturparkmagazin.de\/vdn\/wp-json\/wp\/v2\/posts\/5968"}],"collection":[{"href":"https:\/\/www.naturparkmagazin.de\/vdn\/wp-json\/wp\/v2\/posts"}],"about":[{"href":"https:\/\/www.naturparkmagazin.de\/vdn\/wp-json\/wp\/v2\/types\/post"}],"author":[{"embeddable":true,"href":"https:\/\/www.naturparkmagazin.de\/vdn\/wp-json\/wp\/v2\/users\/14"}],"replies":[{"embeddable":true,"href":"https:\/\/www.naturparkmagazin.de\/vdn\/wp-json\/wp\/v2\/comments?post=5968"}],"version-history":[{"count":7,"href":"https:\/\/www.naturparkmagazin.de\/vdn\/wp-json\/wp\/v2\/posts\/5968\/revisions"}],"predecessor-version":[{"id":6012,"href":"https:\/\/www.naturparkmagazin.de\/vdn\/wp-json\/wp\/v2\/posts\/5968\/revisions\/6012"}],"wp:featuredmedia":[{"embeddable":true,"href":"https:\/\/www.naturparkmagazin.de\/vdn\/wp-json\/wp\/v2\/media\/5969"}],"wp:attachment":[{"href":"https:\/\/www.naturparkmagazin.de\/vdn\/wp-json\/wp\/v2\/media?parent=5968"}],"wp:term":[{"taxonomy":"category","embeddable":true,"href":"https:\/\/www.naturparkmagazin.de\/vdn\/wp-json\/wp\/v2\/categories?post=5968"},{"taxonomy":"post_tag","embeddable":true,"href":"https:\/\/www.naturparkmagazin.de\/vdn\/wp-json\/wp\/v2\/tags?post=5968"}],"curies":[{"name":"wp","href":"https:\/\/api.w.org\/{rel}","templated":true}]}}