{"id":5989,"date":"2015-09-21T14:00:45","date_gmt":"2015-09-21T12:00:45","guid":{"rendered":"http:\/\/www.naturparkmagazin.de\/vdn\/?p=5989"},"modified":"2015-09-23T18:38:44","modified_gmt":"2015-09-23T16:38:44","slug":"nachhaltiges-einzelhandelsunternehmen-2015-kaufland-erhaelt-auszeichnung-in-gold","status":"publish","type":"post","link":"https:\/\/www.naturparkmagazin.de\/vdn\/nachhaltiges-einzelhandelsunternehmen-2015-kaufland-erhaelt-auszeichnung-in-gold\/","title":{"rendered":"\u201eNachhaltiges Einzelhandelsunternehmen 2015\u201c &#8211; Kaufland erh\u00e4lt Auszeichnung in Gold"},"content":{"rendered":"<div id=\"attachment_5992\" style=\"width: 510px\" class=\"wp-caption aligncenter\"><a href=\"https:\/\/www.naturparkmagazin.de\/vdn\/wp-content\/uploads\/sites\/3\/1_4c_Gold_Medaille_Eckig_Einzelhandel_2015_beitrags.jpg\"><img aria-describedby=\"caption-attachment-5992\" decoding=\"async\" loading=\"lazy\" class=\"size-full wp-image-5992\" src=\"https:\/\/www.naturparkmagazin.de\/vdn\/wp-content\/uploads\/sites\/3\/1_4c_Gold_Medaille_Eckig_Einzelhandel_2015_beitrags.jpg\" alt=\"Copyright: Die Verbraucher Initiative e.V.\" width=\"500\" height=\"500\" srcset=\"https:\/\/www.naturparkmagazin.de\/vdn\/wp-content\/uploads\/sites\/3\/1_4c_Gold_Medaille_Eckig_Einzelhandel_2015_beitrags.jpg 500w, https:\/\/www.naturparkmagazin.de\/vdn\/wp-content\/uploads\/sites\/3\/1_4c_Gold_Medaille_Eckig_Einzelhandel_2015_beitrags-300x300.jpg 300w, https:\/\/www.naturparkmagazin.de\/vdn\/wp-content\/uploads\/sites\/3\/1_4c_Gold_Medaille_Eckig_Einzelhandel_2015_beitrags-200x200.jpg 200w, https:\/\/www.naturparkmagazin.de\/vdn\/wp-content\/uploads\/sites\/3\/1_4c_Gold_Medaille_Eckig_Einzelhandel_2015_beitrags-30x30.jpg 30w\" sizes=\"(max-width: 500px) 100vw, 500px\" \/><\/a><p id=\"caption-attachment-5992\" class=\"wp-caption-text\">Copyright: Die Verbraucher Initiative e.V.<\/p><\/div>\n<p>Die \u00dcbernahme von \u00f6kologischer und sozialer Verantwortung ist wichtiger Bestandteil der Unternehmenspolitik von Kaufland. Seit M\u00e4rz 2007 verbindet Kaufland eine Kooperation mit dem VDN. Kaufland unterst\u00fctzt als Sponsor die Arbeit des VDN f\u00fcr die Naturparke in Deutschland insbesondere in den Bereichen \u00d6ffentlichkeitsarbeit und Umweltbildung.<\/p>\n<p>Ende August wurde Kaufland von der Verbraucher Initiative e.V. mit der Auszeichnung \u201eNachhaltiges Einzelhandelsunternehmen 2015\u201c in Gold geehrt. Zudem wurde Kaufland Fleischwaren als \u201eNachhaltiger Hersteller 2015\u201c in Silber ausgezeichnet.<\/p>\n<p>Bereits zum wiederholten Male untersuchte die Verbraucher Initiative e.V. die sozialen und \u00f6kologischen Aktivit\u00e4ten von Unternehmen und Herstellern der sechs umsatzst\u00e4rksten Einzelhandelsbranchen. Basis f\u00fcr die Befragung war ein rund 350 Punkte umfassender branchenspezifischer Kriterienkatalog. Entlang umfangreicher Kriterien gaben die Unternehmen Auskunft unter anderem zu ihrem nachhaltigen Engagement entlang der gesamten Lieferkette. Neben Ma\u00dfnahmen zum betrieblichen Umweltschutz und zur Sortimentsgestaltung wurden auch die F\u00f6rderung eines nachhaltigen Konsums sowie das gesellschaftliche Engagement des Unternehmens untersucht. Das \u00f6kologische und soziale Engagement von Kaufland wurde anhand der drei Aspekte Gesch\u00e4ftst\u00e4tigkeit, F\u00f6rderung eines nachhaltigen Konsums und Lieferkette bewertet.<\/p>\n<p>Die Ergebnisse der CSR-Befragung und weitere Informationen zum Thema Unternehmensverantwortung sind auf <a href=\"http:\/\/www.nachhaltig-einkaufen.de\" target=\"_blank\">www.nachhaltig-einkaufen.de<\/a> verf\u00fcgbar.<\/p>\n<p>Mehr zum Engagement f\u00fcr Mensch und Umwelt von Kaufland finden Sie unter <a href=\"http:\/\/www.kaufland.de\/verantwortung\" target=\"_blank\">www.kaufland.de\/verantwortung<\/a>.<\/p>\n<p>&nbsp;<\/p>\n","protected":false},"excerpt":{"rendered":"<p>Seit 2007 unterst\u00fctzt Kaufland die Naturparke in Deutschland. Jetzt wurde Kaufland von der Verbraucher Initiative e.V. mit der Auszeichnung \u201eNachhaltiges Einzelhandelsunternehmen 2015\u201c in Gold geehrt. <\/p>\n","protected":false},"author":51,"featured_media":5993,"comment_status":"open","ping_status":"open","sticky":false,"template":"","format":"standard","meta":{"_links_to":"","_links_to_target":""},"categories":[7],"tags":[],"yoast_head":"<!-- This site is optimized with the Yoast SEO plugin v19.10 - https:\/\/yoast.com\/wordpress\/plugins\/seo\/ -->\n<title>\u201eNachhaltiges Einzelhandelsunternehmen 2015\u201c - Kaufland erh\u00e4lt Auszeichnung in Gold<\/title>\n<meta name=\"description\" content=\"Seit 2007 unterst\u00fctzt Kaufland die Naturparke in Deutschland. Jetzt wurde Kaufland von der Verbraucher Initiative e.V. mit der Auszeichnung \u201eNachhaltiges Einzelhandelsunternehmen 2015\u201c in Gold geehrt.\" \/>\n<meta name=\"robots\" content=\"index, follow, max-snippet:-1, max-image-preview:large, max-video-preview:-1\" \/>\n<link rel=\"canonical\" href=\"https:\/\/www.naturparkmagazin.de\/vdn\/nachhaltiges-einzelhandelsunternehmen-2015-kaufland-erhaelt-auszeichnung-in-gold\/\" \/>\n<meta property=\"og:locale\" content=\"de_DE\" \/>\n<meta property=\"og:type\" content=\"article\" \/>\n<meta property=\"og:title\" content=\"\u201eNachhaltiges Einzelhandelsunternehmen 2015\u201c - Kaufland erh\u00e4lt Auszeichnung in Gold\" \/>\n<meta property=\"og:description\" content=\"Seit 2007 unterst\u00fctzt Kaufland die Naturparke in Deutschland. Jetzt wurde Kaufland von der Verbraucher Initiative e.V. mit der Auszeichnung \u201eNachhaltiges Einzelhandelsunternehmen 2015\u201c in Gold geehrt.\" \/>\n<meta property=\"og:url\" content=\"https:\/\/www.naturparkmagazin.de\/vdn\/nachhaltiges-einzelhandelsunternehmen-2015-kaufland-erhaelt-auszeichnung-in-gold\/\" \/>\n<meta property=\"og:site_name\" content=\"Verband Deutscher Naturparke\" \/>\n<meta property=\"article:published_time\" content=\"2015-09-21T12:00:45+00:00\" \/>\n<meta property=\"article:modified_time\" content=\"2015-09-23T16:38:44+00:00\" \/>\n<meta property=\"og:image\" content=\"https:\/\/www.naturparkmagazin.de\/vdn\/wp-content\/uploads\/sites\/3\/1_4c_Gold_Medaille_Eckig_Einzelhandel_2015_beitragsbild.jpg\" \/>\n\t<meta property=\"og:image:width\" content=\"200\" \/>\n\t<meta property=\"og:image:height\" content=\"200\" \/>\n\t<meta property=\"og:image:type\" content=\"image\/jpeg\" \/>\n<meta name=\"author\" content=\"beatrixlosem\" \/>\n<meta name=\"twitter:label1\" content=\"Verfasst von\" \/>\n\t<meta name=\"twitter:data1\" content=\"beatrixlosem\" \/>\n\t<meta name=\"twitter:label2\" content=\"Gesch\u00e4tzte Lesezeit\" \/>\n\t<meta name=\"twitter:data2\" content=\"1\u00a0Minute\" \/>\n<script type=\"application\/ld+json\" class=\"yoast-schema-graph\">{\"@context\":\"https:\/\/schema.org\",\"@graph\":[{\"@type\":\"WebPage\",\"@id\":\"https:\/\/www.naturparkmagazin.de\/vdn\/nachhaltiges-einzelhandelsunternehmen-2015-kaufland-erhaelt-auszeichnung-in-gold\/\",\"url\":\"https:\/\/www.naturparkmagazin.de\/vdn\/nachhaltiges-einzelhandelsunternehmen-2015-kaufland-erhaelt-auszeichnung-in-gold\/\",\"name\":\"\u201eNachhaltiges Einzelhandelsunternehmen 2015\u201c - Kaufland erh\u00e4lt Auszeichnung in Gold\",\"isPartOf\":{\"@id\":\"https:\/\/www.naturparkmagazin.de\/vdn\/#website\"},\"datePublished\":\"2015-09-21T12:00:45+00:00\",\"dateModified\":\"2015-09-23T16:38:44+00:00\",\"author\":{\"@id\":\"https:\/\/www.naturparkmagazin.de\/vdn\/#\/schema\/person\/d71357578c318b6db03be60b1f60396b\"},\"description\":\"Seit 2007 unterst\u00fctzt Kaufland die Naturparke in Deutschland. Jetzt wurde Kaufland von der Verbraucher Initiative e.V. mit der Auszeichnung \u201eNachhaltiges Einzelhandelsunternehmen 2015\u201c in Gold geehrt.\",\"breadcrumb\":{\"@id\":\"https:\/\/www.naturparkmagazin.de\/vdn\/nachhaltiges-einzelhandelsunternehmen-2015-kaufland-erhaelt-auszeichnung-in-gold\/#breadcrumb\"},\"inLanguage\":\"de\",\"potentialAction\":[{\"@type\":\"ReadAction\",\"target\":[\"https:\/\/www.naturparkmagazin.de\/vdn\/nachhaltiges-einzelhandelsunternehmen-2015-kaufland-erhaelt-auszeichnung-in-gold\/\"]}]},{\"@type\":\"BreadcrumbList\",\"@id\":\"https:\/\/www.naturparkmagazin.de\/vdn\/nachhaltiges-einzelhandelsunternehmen-2015-kaufland-erhaelt-auszeichnung-in-gold\/#breadcrumb\",\"itemListElement\":[{\"@type\":\"ListItem\",\"position\":1,\"name\":\"Home\",\"item\":\"https:\/\/www.naturparkmagazin.de\/vdn\/\"},{\"@type\":\"ListItem\",\"position\":2,\"name\":\"\u201eNachhaltiges Einzelhandelsunternehmen 2015\u201c &#8211; Kaufland erh\u00e4lt Auszeichnung in Gold\"}]},{\"@type\":\"WebSite\",\"@id\":\"https:\/\/www.naturparkmagazin.de\/vdn\/#website\",\"url\":\"https:\/\/www.naturparkmagazin.de\/vdn\/\",\"name\":\"Verband Deutscher Naturparke\",\"description\":\"Eine weitere Naturparkmagazin.de Netzwerk Seite\",\"potentialAction\":[{\"@type\":\"SearchAction\",\"target\":{\"@type\":\"EntryPoint\",\"urlTemplate\":\"https:\/\/www.naturparkmagazin.de\/vdn\/?s={search_term_string}\"},\"query-input\":\"required name=search_term_string\"}],\"inLanguage\":\"de\"},{\"@type\":\"Person\",\"@id\":\"https:\/\/www.naturparkmagazin.de\/vdn\/#\/schema\/person\/d71357578c318b6db03be60b1f60396b\",\"name\":\"beatrixlosem\",\"url\":\"https:\/\/www.naturparkmagazin.de\/vdn\/author\/beatrixlosem\/\"}]}<\/script>\n<!-- \/ Yoast SEO plugin. -->","yoast_head_json":{"title":"\u201eNachhaltiges Einzelhandelsunternehmen 2015\u201c - Kaufland erh\u00e4lt Auszeichnung in Gold","description":"Seit 2007 unterst\u00fctzt Kaufland die Naturparke in Deutschland. Jetzt wurde Kaufland von der Verbraucher Initiative e.V. mit der Auszeichnung \u201eNachhaltiges Einzelhandelsunternehmen 2015\u201c in Gold geehrt.","robots":{"index":"index","follow":"follow","max-snippet":"max-snippet:-1","max-image-preview":"max-image-preview:large","max-video-preview":"max-video-preview:-1"},"canonical":"https:\/\/www.naturparkmagazin.de\/vdn\/nachhaltiges-einzelhandelsunternehmen-2015-kaufland-erhaelt-auszeichnung-in-gold\/","og_locale":"de_DE","og_type":"article","og_title":"\u201eNachhaltiges Einzelhandelsunternehmen 2015\u201c - Kaufland erh\u00e4lt Auszeichnung in Gold","og_description":"Seit 2007 unterst\u00fctzt Kaufland die Naturparke in Deutschland. Jetzt wurde Kaufland von der Verbraucher Initiative e.V. mit der Auszeichnung \u201eNachhaltiges Einzelhandelsunternehmen 2015\u201c in Gold geehrt.","og_url":"https:\/\/www.naturparkmagazin.de\/vdn\/nachhaltiges-einzelhandelsunternehmen-2015-kaufland-erhaelt-auszeichnung-in-gold\/","og_site_name":"Verband Deutscher Naturparke","article_published_time":"2015-09-21T12:00:45+00:00","article_modified_time":"2015-09-23T16:38:44+00:00","og_image":[{"width":200,"height":200,"url":"https:\/\/www.naturparkmagazin.de\/vdn\/wp-content\/uploads\/sites\/3\/1_4c_Gold_Medaille_Eckig_Einzelhandel_2015_beitragsbild.jpg","type":"image\/jpeg"}],"author":"beatrixlosem","twitter_misc":{"Verfasst von":"beatrixlosem","Gesch\u00e4tzte Lesezeit":"1\u00a0Minute"},"schema":{"@context":"https:\/\/schema.org","@graph":[{"@type":"WebPage","@id":"https:\/\/www.naturparkmagazin.de\/vdn\/nachhaltiges-einzelhandelsunternehmen-2015-kaufland-erhaelt-auszeichnung-in-gold\/","url":"https:\/\/www.naturparkmagazin.de\/vdn\/nachhaltiges-einzelhandelsunternehmen-2015-kaufland-erhaelt-auszeichnung-in-gold\/","name":"\u201eNachhaltiges Einzelhandelsunternehmen 2015\u201c - Kaufland erh\u00e4lt Auszeichnung in Gold","isPartOf":{"@id":"https:\/\/www.naturparkmagazin.de\/vdn\/#website"},"datePublished":"2015-09-21T12:00:45+00:00","dateModified":"2015-09-23T16:38:44+00:00","author":{"@id":"https:\/\/www.naturparkmagazin.de\/vdn\/#\/schema\/person\/d71357578c318b6db03be60b1f60396b"},"description":"Seit 2007 unterst\u00fctzt Kaufland die Naturparke in Deutschland. Jetzt wurde Kaufland von der Verbraucher Initiative e.V. mit der Auszeichnung \u201eNachhaltiges Einzelhandelsunternehmen 2015\u201c in Gold geehrt.","breadcrumb":{"@id":"https:\/\/www.naturparkmagazin.de\/vdn\/nachhaltiges-einzelhandelsunternehmen-2015-kaufland-erhaelt-auszeichnung-in-gold\/#breadcrumb"},"inLanguage":"de","potentialAction":[{"@type":"ReadAction","target":["https:\/\/www.naturparkmagazin.de\/vdn\/nachhaltiges-einzelhandelsunternehmen-2015-kaufland-erhaelt-auszeichnung-in-gold\/"]}]},{"@type":"BreadcrumbList","@id":"https:\/\/www.naturparkmagazin.de\/vdn\/nachhaltiges-einzelhandelsunternehmen-2015-kaufland-erhaelt-auszeichnung-in-gold\/#breadcrumb","itemListElement":[{"@type":"ListItem","position":1,"name":"Home","item":"https:\/\/www.naturparkmagazin.de\/vdn\/"},{"@type":"ListItem","position":2,"name":"\u201eNachhaltiges Einzelhandelsunternehmen 2015\u201c &#8211; Kaufland erh\u00e4lt Auszeichnung in Gold"}]},{"@type":"WebSite","@id":"https:\/\/www.naturparkmagazin.de\/vdn\/#website","url":"https:\/\/www.naturparkmagazin.de\/vdn\/","name":"Verband Deutscher Naturparke","description":"Eine weitere Naturparkmagazin.de Netzwerk Seite","potentialAction":[{"@type":"SearchAction","target":{"@type":"EntryPoint","urlTemplate":"https:\/\/www.naturparkmagazin.de\/vdn\/?s={search_term_string}"},"query-input":"required name=search_term_string"}],"inLanguage":"de"},{"@type":"Person","@id":"https:\/\/www.naturparkmagazin.de\/vdn\/#\/schema\/person\/d71357578c318b6db03be60b1f60396b","name":"beatrixlosem","url":"https:\/\/www.naturparkmagazin.de\/vdn\/author\/beatrixlosem\/"}]}},"_links":{"self":[{"href":"https:\/\/www.naturparkmagazin.de\/vdn\/wp-json\/wp\/v2\/posts\/5989"}],"collection":[{"href":"https:\/\/www.naturparkmagazin.de\/vdn\/wp-json\/wp\/v2\/posts"}],"about":[{"href":"https:\/\/www.naturparkmagazin.de\/vdn\/wp-json\/wp\/v2\/types\/post"}],"author":[{"embeddable":true,"href":"https:\/\/www.naturparkmagazin.de\/vdn\/wp-json\/wp\/v2\/users\/51"}],"replies":[{"embeddable":true,"href":"https:\/\/www.naturparkmagazin.de\/vdn\/wp-json\/wp\/v2\/comments?post=5989"}],"version-history":[{"count":5,"href":"https:\/\/www.naturparkmagazin.de\/vdn\/wp-json\/wp\/v2\/posts\/5989\/revisions"}],"predecessor-version":[{"id":6002,"href":"https:\/\/www.naturparkmagazin.de\/vdn\/wp-json\/wp\/v2\/posts\/5989\/revisions\/6002"}],"wp:featuredmedia":[{"embeddable":true,"href":"https:\/\/www.naturparkmagazin.de\/vdn\/wp-json\/wp\/v2\/media\/5993"}],"wp:attachment":[{"href":"https:\/\/www.naturparkmagazin.de\/vdn\/wp-json\/wp\/v2\/media?parent=5989"}],"wp:term":[{"taxonomy":"category","embeddable":true,"href":"https:\/\/www.naturparkmagazin.de\/vdn\/wp-json\/wp\/v2\/categories?post=5989"},{"taxonomy":"post_tag","embeddable":true,"href":"https:\/\/www.naturparkmagazin.de\/vdn\/wp-json\/wp\/v2\/tags?post=5989"}],"curies":[{"name":"wp","href":"https:\/\/api.w.org\/{rel}","templated":true}]}}