{"id":6031,"date":"2015-10-20T15:06:06","date_gmt":"2015-10-20T13:06:06","guid":{"rendered":"http:\/\/www.naturparkmagazin.de\/vdn\/?p=6031"},"modified":"2015-10-21T13:53:15","modified_gmt":"2015-10-21T11:53:15","slug":"der-weg-ist-das-ziel","status":"publish","type":"post","link":"https:\/\/www.naturparkmagazin.de\/vdn\/der-weg-ist-das-ziel\/","title":{"rendered":"&#8222;Der Weg ist das Ziel&#8220;"},"content":{"rendered":"<div id=\"attachment_6032\" style=\"width: 510px\" class=\"wp-caption aligncenter\"><a href=\"https:\/\/www.naturparkmagazin.de\/vdn\/wp-content\/uploads\/sites\/3\/der-weg-fotoportal-Beitrag.jpg\"><img aria-describedby=\"caption-attachment-6032\" decoding=\"async\" loading=\"lazy\" class=\"size-full wp-image-6032\" src=\"https:\/\/www.naturparkmagazin.de\/vdn\/wp-content\/uploads\/sites\/3\/der-weg-fotoportal-Beitrag.jpg\" alt=\"Der Weg ist das Ziel \u00a9 VDN \/ Thomas Kaiser\" width=\"500\" height=\"300\" srcset=\"https:\/\/www.naturparkmagazin.de\/vdn\/wp-content\/uploads\/sites\/3\/der-weg-fotoportal-Beitrag.jpg 500w, https:\/\/www.naturparkmagazin.de\/vdn\/wp-content\/uploads\/sites\/3\/der-weg-fotoportal-Beitrag-300x180.jpg 300w, https:\/\/www.naturparkmagazin.de\/vdn\/wp-content\/uploads\/sites\/3\/der-weg-fotoportal-Beitrag-200x120.jpg 200w\" sizes=\"(max-width: 500px) 100vw, 500px\" \/><\/a><p id=\"caption-attachment-6032\" class=\"wp-caption-text\">Der Weg ist das Ziel \u00a9 VDN \/ Thomas Kaiser<\/p><\/div>\n<p>Die Jury meint dazu in ihrer Begr\u00fcndung: \u201eDie Komposition der Aufnahme ist durch eine vertikale Symmetrieachse bestimmt; die motivischen Bestandteile der linken und rechten Bildh\u00e4lfte sind in vielen Details identisch und verbinden sich in einem Spielzeugkinderwagen, der von zwei M\u00e4dchen gemeinsam geschoben wird. Die H\u00e4rte der Farbkontraste, in denen sich das Hauptmotiv vom Rest der Aufnahme unterscheidet, verleiht der Aufnahme starke Plastizit\u00e4t. Der tiefe Kamerastandpunkt, bzw. seine technische Realisierung, der den Betrachter auf &#8222;Augenh\u00f6he&#8220; mit den Kindern bringt, tr\u00e4gt ebenso zur Steigerung der Intensit\u00e4t der Aufnahme bei, die das Genre der Stra\u00dfenfotografie mit Naturparkbildern verbindet.\u201c<\/p>\n<p>Alle Siegerbilder 2015 k\u00f6nnen Sie sich im Fotoportal der Naturparke Deutschlands <a href=\"http:\/\/www.naturparkfotos.de\" target=\"_blank\">www.naturparkfotos.de<\/a> ansehen.<\/p>\n<p>&nbsp;<\/p>\n<p>&nbsp;<\/p>\n","protected":false},"excerpt":{"rendered":"<p>Mit seinem Foto, auf dem zwei M\u00e4dchen den Naturpark Schwarzwald Mitte\/Nord erkunden, belegte Thomas Kaiser den ersten Platz im Monat September des Fotowettbewerbs \u201eAugenblick Natur!\u201c mit dem Thema &#8222;Auf guten Wegen&#8220;.<\/p>\n","protected":false},"author":51,"featured_media":6035,"comment_status":"open","ping_status":"open","sticky":false,"template":"","format":"standard","meta":{"_links_to":"","_links_to_target":""},"categories":[10],"tags":[316,88,94,41],"yoast_head":"<!-- This site is optimized with the Yoast SEO plugin v19.10 - https:\/\/yoast.com\/wordpress\/plugins\/seo\/ -->\n<title>&quot;Der Weg ist das Ziel&quot;<\/title>\n<meta name=\"description\" content=\"Mit seinem Foto, auf dem zwei M\u00e4dchen den Naturpark Schwarzwald Mitte\/Nord erkunden, belegte Thomas Kaiser den ersten Platz im Monat September des Fotowettbewerbs \u201eAugenblick Natur!\u201c mit dem Thema &quot;Auf guten Wegen&quot;.\" \/>\n<meta name=\"robots\" content=\"index, follow, max-snippet:-1, max-image-preview:large, max-video-preview:-1\" \/>\n<link rel=\"canonical\" href=\"https:\/\/www.naturparkmagazin.de\/vdn\/der-weg-ist-das-ziel\/\" \/>\n<meta property=\"og:locale\" content=\"de_DE\" \/>\n<meta property=\"og:type\" content=\"article\" \/>\n<meta property=\"og:title\" content=\"&quot;Der Weg ist das Ziel&quot;\" \/>\n<meta property=\"og:description\" content=\"Mit seinem Foto, auf dem zwei M\u00e4dchen den Naturpark Schwarzwald Mitte\/Nord erkunden, belegte Thomas Kaiser den ersten Platz im Monat September des Fotowettbewerbs \u201eAugenblick Natur!\u201c mit dem Thema &quot;Auf guten Wegen&quot;.\" \/>\n<meta property=\"og:url\" content=\"https:\/\/www.naturparkmagazin.de\/vdn\/der-weg-ist-das-ziel\/\" \/>\n<meta property=\"og:site_name\" content=\"Verband Deutscher Naturparke\" \/>\n<meta property=\"article:published_time\" content=\"2015-10-20T13:06:06+00:00\" \/>\n<meta property=\"article:modified_time\" content=\"2015-10-21T11:53:15+00:00\" \/>\n<meta property=\"og:image\" content=\"https:\/\/www.naturparkmagazin.de\/vdn\/wp-content\/uploads\/sites\/3\/der-weg-fotoportal-Beitragsfoto.jpg\" \/>\n\t<meta property=\"og:image:width\" content=\"200\" \/>\n\t<meta property=\"og:image:height\" content=\"200\" \/>\n\t<meta property=\"og:image:type\" content=\"image\/jpeg\" \/>\n<meta name=\"author\" content=\"beatrixlosem\" \/>\n<meta name=\"twitter:label1\" content=\"Verfasst von\" \/>\n\t<meta name=\"twitter:data1\" content=\"beatrixlosem\" \/>\n\t<meta name=\"twitter:label2\" content=\"Gesch\u00e4tzte Lesezeit\" \/>\n\t<meta name=\"twitter:data2\" content=\"1\u00a0Minute\" \/>\n<script type=\"application\/ld+json\" class=\"yoast-schema-graph\">{\"@context\":\"https:\/\/schema.org\",\"@graph\":[{\"@type\":\"WebPage\",\"@id\":\"https:\/\/www.naturparkmagazin.de\/vdn\/der-weg-ist-das-ziel\/\",\"url\":\"https:\/\/www.naturparkmagazin.de\/vdn\/der-weg-ist-das-ziel\/\",\"name\":\"\\\"Der Weg ist das Ziel\\\"\",\"isPartOf\":{\"@id\":\"https:\/\/www.naturparkmagazin.de\/vdn\/#website\"},\"datePublished\":\"2015-10-20T13:06:06+00:00\",\"dateModified\":\"2015-10-21T11:53:15+00:00\",\"author\":{\"@id\":\"https:\/\/www.naturparkmagazin.de\/vdn\/#\/schema\/person\/d71357578c318b6db03be60b1f60396b\"},\"description\":\"Mit seinem Foto, auf dem zwei M\u00e4dchen den Naturpark Schwarzwald Mitte\/Nord erkunden, belegte Thomas Kaiser den ersten Platz im Monat September des Fotowettbewerbs \u201eAugenblick Natur!\u201c mit dem Thema \\\"Auf guten Wegen\\\".\",\"breadcrumb\":{\"@id\":\"https:\/\/www.naturparkmagazin.de\/vdn\/der-weg-ist-das-ziel\/#breadcrumb\"},\"inLanguage\":\"de\",\"potentialAction\":[{\"@type\":\"ReadAction\",\"target\":[\"https:\/\/www.naturparkmagazin.de\/vdn\/der-weg-ist-das-ziel\/\"]}]},{\"@type\":\"BreadcrumbList\",\"@id\":\"https:\/\/www.naturparkmagazin.de\/vdn\/der-weg-ist-das-ziel\/#breadcrumb\",\"itemListElement\":[{\"@type\":\"ListItem\",\"position\":1,\"name\":\"Home\",\"item\":\"https:\/\/www.naturparkmagazin.de\/vdn\/\"},{\"@type\":\"ListItem\",\"position\":2,\"name\":\"&#8222;Der Weg ist das Ziel&#8220;\"}]},{\"@type\":\"WebSite\",\"@id\":\"https:\/\/www.naturparkmagazin.de\/vdn\/#website\",\"url\":\"https:\/\/www.naturparkmagazin.de\/vdn\/\",\"name\":\"Verband Deutscher Naturparke\",\"description\":\"Eine weitere Naturparkmagazin.de Netzwerk Seite\",\"potentialAction\":[{\"@type\":\"SearchAction\",\"target\":{\"@type\":\"EntryPoint\",\"urlTemplate\":\"https:\/\/www.naturparkmagazin.de\/vdn\/?s={search_term_string}\"},\"query-input\":\"required name=search_term_string\"}],\"inLanguage\":\"de\"},{\"@type\":\"Person\",\"@id\":\"https:\/\/www.naturparkmagazin.de\/vdn\/#\/schema\/person\/d71357578c318b6db03be60b1f60396b\",\"name\":\"beatrixlosem\",\"url\":\"https:\/\/www.naturparkmagazin.de\/vdn\/author\/beatrixlosem\/\"}]}<\/script>\n<!-- \/ Yoast SEO plugin. -->","yoast_head_json":{"title":"\"Der Weg ist das Ziel\"","description":"Mit seinem Foto, auf dem zwei M\u00e4dchen den Naturpark Schwarzwald Mitte\/Nord erkunden, belegte Thomas Kaiser den ersten Platz im Monat September des Fotowettbewerbs \u201eAugenblick Natur!\u201c mit dem Thema \"Auf guten Wegen\".","robots":{"index":"index","follow":"follow","max-snippet":"max-snippet:-1","max-image-preview":"max-image-preview:large","max-video-preview":"max-video-preview:-1"},"canonical":"https:\/\/www.naturparkmagazin.de\/vdn\/der-weg-ist-das-ziel\/","og_locale":"de_DE","og_type":"article","og_title":"\"Der Weg ist das Ziel\"","og_description":"Mit seinem Foto, auf dem zwei M\u00e4dchen den Naturpark Schwarzwald Mitte\/Nord erkunden, belegte Thomas Kaiser den ersten Platz im Monat September des Fotowettbewerbs \u201eAugenblick Natur!\u201c mit dem Thema \"Auf guten Wegen\".","og_url":"https:\/\/www.naturparkmagazin.de\/vdn\/der-weg-ist-das-ziel\/","og_site_name":"Verband Deutscher Naturparke","article_published_time":"2015-10-20T13:06:06+00:00","article_modified_time":"2015-10-21T11:53:15+00:00","og_image":[{"width":200,"height":200,"url":"https:\/\/www.naturparkmagazin.de\/vdn\/wp-content\/uploads\/sites\/3\/der-weg-fotoportal-Beitragsfoto.jpg","type":"image\/jpeg"}],"author":"beatrixlosem","twitter_misc":{"Verfasst von":"beatrixlosem","Gesch\u00e4tzte Lesezeit":"1\u00a0Minute"},"schema":{"@context":"https:\/\/schema.org","@graph":[{"@type":"WebPage","@id":"https:\/\/www.naturparkmagazin.de\/vdn\/der-weg-ist-das-ziel\/","url":"https:\/\/www.naturparkmagazin.de\/vdn\/der-weg-ist-das-ziel\/","name":"\"Der Weg ist das Ziel\"","isPartOf":{"@id":"https:\/\/www.naturparkmagazin.de\/vdn\/#website"},"datePublished":"2015-10-20T13:06:06+00:00","dateModified":"2015-10-21T11:53:15+00:00","author":{"@id":"https:\/\/www.naturparkmagazin.de\/vdn\/#\/schema\/person\/d71357578c318b6db03be60b1f60396b"},"description":"Mit seinem Foto, auf dem zwei M\u00e4dchen den Naturpark Schwarzwald Mitte\/Nord erkunden, belegte Thomas Kaiser den ersten Platz im Monat September des Fotowettbewerbs \u201eAugenblick Natur!\u201c mit dem Thema \"Auf guten Wegen\".","breadcrumb":{"@id":"https:\/\/www.naturparkmagazin.de\/vdn\/der-weg-ist-das-ziel\/#breadcrumb"},"inLanguage":"de","potentialAction":[{"@type":"ReadAction","target":["https:\/\/www.naturparkmagazin.de\/vdn\/der-weg-ist-das-ziel\/"]}]},{"@type":"BreadcrumbList","@id":"https:\/\/www.naturparkmagazin.de\/vdn\/der-weg-ist-das-ziel\/#breadcrumb","itemListElement":[{"@type":"ListItem","position":1,"name":"Home","item":"https:\/\/www.naturparkmagazin.de\/vdn\/"},{"@type":"ListItem","position":2,"name":"&#8222;Der Weg ist das Ziel&#8220;"}]},{"@type":"WebSite","@id":"https:\/\/www.naturparkmagazin.de\/vdn\/#website","url":"https:\/\/www.naturparkmagazin.de\/vdn\/","name":"Verband Deutscher Naturparke","description":"Eine weitere Naturparkmagazin.de Netzwerk Seite","potentialAction":[{"@type":"SearchAction","target":{"@type":"EntryPoint","urlTemplate":"https:\/\/www.naturparkmagazin.de\/vdn\/?s={search_term_string}"},"query-input":"required name=search_term_string"}],"inLanguage":"de"},{"@type":"Person","@id":"https:\/\/www.naturparkmagazin.de\/vdn\/#\/schema\/person\/d71357578c318b6db03be60b1f60396b","name":"beatrixlosem","url":"https:\/\/www.naturparkmagazin.de\/vdn\/author\/beatrixlosem\/"}]}},"_links":{"self":[{"href":"https:\/\/www.naturparkmagazin.de\/vdn\/wp-json\/wp\/v2\/posts\/6031"}],"collection":[{"href":"https:\/\/www.naturparkmagazin.de\/vdn\/wp-json\/wp\/v2\/posts"}],"about":[{"href":"https:\/\/www.naturparkmagazin.de\/vdn\/wp-json\/wp\/v2\/types\/post"}],"author":[{"embeddable":true,"href":"https:\/\/www.naturparkmagazin.de\/vdn\/wp-json\/wp\/v2\/users\/51"}],"replies":[{"embeddable":true,"href":"https:\/\/www.naturparkmagazin.de\/vdn\/wp-json\/wp\/v2\/comments?post=6031"}],"version-history":[{"count":7,"href":"https:\/\/www.naturparkmagazin.de\/vdn\/wp-json\/wp\/v2\/posts\/6031\/revisions"}],"predecessor-version":[{"id":6173,"href":"https:\/\/www.naturparkmagazin.de\/vdn\/wp-json\/wp\/v2\/posts\/6031\/revisions\/6173"}],"wp:featuredmedia":[{"embeddable":true,"href":"https:\/\/www.naturparkmagazin.de\/vdn\/wp-json\/wp\/v2\/media\/6035"}],"wp:attachment":[{"href":"https:\/\/www.naturparkmagazin.de\/vdn\/wp-json\/wp\/v2\/media?parent=6031"}],"wp:term":[{"taxonomy":"category","embeddable":true,"href":"https:\/\/www.naturparkmagazin.de\/vdn\/wp-json\/wp\/v2\/categories?post=6031"},{"taxonomy":"post_tag","embeddable":true,"href":"https:\/\/www.naturparkmagazin.de\/vdn\/wp-json\/wp\/v2\/tags?post=6031"}],"curies":[{"name":"wp","href":"https:\/\/api.w.org\/{rel}","templated":true}]}}