{"id":6051,"date":"2015-10-19T11:36:29","date_gmt":"2015-10-19T09:36:29","guid":{"rendered":"http:\/\/www.naturparkmagazin.de\/vdn\/?p=6051"},"modified":"2025-07-09T10:10:43","modified_gmt":"2025-07-09T08:10:43","slug":"das-auerhahn-quiz","status":"publish","type":"post","link":"https:\/\/www.naturparkmagazin.de\/vdn\/das-auerhahn-quiz\/","title":{"rendered":"Das Auerhahn-Quiz"},"content":{"rendered":"<p>In einem verwunschenen W\u00e4ldchen hoch oben auf dem Feldberg im Naturpark S\u00fcdschwarzwald leben die Feldbergwichtel und unter anderem auch Anton, der Auerhahn. Bei einem kniffligen Fragespiel rund um Anton k\u00f6nnt ihr viel \u00fcber Auerh\u00e4hne lernen.\nSchaut euch doch die einzelnen Tafeln zu jeder Frage genau an. Dann wird es euch sicher ganz leicht fallen, die richtige Antwort herauszufinden.<\/p>\n<div id=\"attachment_6052\" style=\"width: 510px\" class=\"wp-caption aligncenter\"><a href=\"https:\/\/www.naturparkmagazin.de\/vdn\/wp-content\/uploads\/sites\/3\/w-s1-Beitrag.jpg\"><img aria-describedby=\"caption-attachment-6052\" decoding=\"async\" loading=\"lazy\" class=\"size-full wp-image-6052\" src=\"https:\/\/www.naturparkmagazin.de\/vdn\/wp-content\/uploads\/sites\/3\/w-s1-Beitrag.jpg\" alt=\"Tafel 1\u00a9 Naturschutzzentrum S\u00fcdschwarzwald\" width=\"500\" height=\"350\" srcset=\"https:\/\/www.naturparkmagazin.de\/vdn\/wp-content\/uploads\/sites\/3\/w-s1-Beitrag.jpg 500w, https:\/\/www.naturparkmagazin.de\/vdn\/wp-content\/uploads\/sites\/3\/w-s1-Beitrag-300x210.jpg 300w, https:\/\/www.naturparkmagazin.de\/vdn\/wp-content\/uploads\/sites\/3\/w-s1-Beitrag-200x140.jpg 200w\" sizes=\"(max-width: 500px) 100vw, 500px\" \/><\/a><p id=\"caption-attachment-6052\" class=\"wp-caption-text\">Tafel 1\u00a9 Naturschutzzentrum S\u00fcdschwarzwald<\/p><\/div>\n<p>&nbsp;<\/p>\n<p><strong>1) Was ist das besondere Kennzeichen der Auerhuhn-M\u00e4nnchen?<\/strong>\nM) Ein roter Schnabel,\nB) eine rote Stelle \u00fcber den Augen,\nT) rote F\u00fc\u00dfe.<\/p>\n<div id=\"attachment_6053\" style=\"width: 510px\" class=\"wp-caption aligncenter\"><a href=\"https:\/\/www.naturparkmagazin.de\/vdn\/wp-content\/uploads\/sites\/3\/w-s2b.jpg\"><img aria-describedby=\"caption-attachment-6053\" decoding=\"async\" loading=\"lazy\" class=\"size-full wp-image-6053\" src=\"https:\/\/www.naturparkmagazin.de\/vdn\/wp-content\/uploads\/sites\/3\/w-s2b.jpg\" alt=\"Tafel 2 \u00a9 Naturschutzzentrum S\u00fcdschwarzwald\" width=\"500\" height=\"350\" srcset=\"https:\/\/www.naturparkmagazin.de\/vdn\/wp-content\/uploads\/sites\/3\/w-s2b.jpg 500w, https:\/\/www.naturparkmagazin.de\/vdn\/wp-content\/uploads\/sites\/3\/w-s2b-300x210.jpg 300w, https:\/\/www.naturparkmagazin.de\/vdn\/wp-content\/uploads\/sites\/3\/w-s2b-200x140.jpg 200w\" sizes=\"(max-width: 500px) 100vw, 500px\" \/><\/a><p id=\"caption-attachment-6053\" class=\"wp-caption-text\">Tafel 2 \u00a9 Naturschutzzentrum S\u00fcdschwarzwald<\/p><\/div>\n<p>&nbsp;<\/p>\n<p><strong>2) Woran kannst Du den Schlafbaum eines Auerhuhns erkennen?<\/strong>\nE) An Auerhuhnkacke unter dem Baum,\nK) am karierten Kopfkissen,\nY) an den vielen Federn um den Baum.<\/p>\n<div id=\"attachment_6055\" style=\"width: 510px\" class=\"wp-caption aligncenter\"><a href=\"https:\/\/www.naturparkmagazin.de\/vdn\/wp-content\/uploads\/sites\/3\/w-s3b.jpg\"><img aria-describedby=\"caption-attachment-6055\" decoding=\"async\" loading=\"lazy\" class=\"size-full wp-image-6055\" src=\"https:\/\/www.naturparkmagazin.de\/vdn\/wp-content\/uploads\/sites\/3\/w-s3b.jpg\" alt=\"Tafel 3\u00a9 Naturparkschutzzentrum S\u00fcdschwarzwald\" width=\"500\" height=\"351\" srcset=\"https:\/\/www.naturparkmagazin.de\/vdn\/wp-content\/uploads\/sites\/3\/w-s3b.jpg 500w, https:\/\/www.naturparkmagazin.de\/vdn\/wp-content\/uploads\/sites\/3\/w-s3b-300x211.jpg 300w, https:\/\/www.naturparkmagazin.de\/vdn\/wp-content\/uploads\/sites\/3\/w-s3b-200x140.jpg 200w\" sizes=\"(max-width: 500px) 100vw, 500px\" \/><\/a><p id=\"caption-attachment-6055\" class=\"wp-caption-text\">Tafel 3\u00a9 Naturparkschutzzentrum S\u00fcdschwarzwald<\/p><\/div>\n<p>&nbsp;<\/p>\n<p><strong>3) Wovon ern\u00e4hren sich Auerhuhnk\u00fcken in den ersten Lebenswochen?<\/strong><\/p>\n<ol>\n<li>G) Von Muttermilch,<\/li>\n<li>M) von Preiselbeeren,<\/li>\n<li>E) von Insekten und Ameisenlarven.<\/li>\n<\/ol>\n<div id=\"attachment_6057\" style=\"width: 510px\" class=\"wp-caption aligncenter\"><a href=\"https:\/\/www.naturparkmagazin.de\/vdn\/wp-content\/uploads\/sites\/3\/w-s4b.jpg\"><img aria-describedby=\"caption-attachment-6057\" decoding=\"async\" loading=\"lazy\" class=\"size-full wp-image-6057\" src=\"https:\/\/www.naturparkmagazin.de\/vdn\/wp-content\/uploads\/sites\/3\/w-s4b.jpg\" alt=\"Tafel 4\u00a9 Naturparkschutzzentrum S\u00fcdschwarzwald\" width=\"500\" height=\"354\" srcset=\"https:\/\/www.naturparkmagazin.de\/vdn\/wp-content\/uploads\/sites\/3\/w-s4b.jpg 500w, https:\/\/www.naturparkmagazin.de\/vdn\/wp-content\/uploads\/sites\/3\/w-s4b-300x212.jpg 300w, https:\/\/www.naturparkmagazin.de\/vdn\/wp-content\/uploads\/sites\/3\/w-s4b-200x142.jpg 200w\" sizes=\"(max-width: 500px) 100vw, 500px\" \/><\/a><p id=\"caption-attachment-6057\" class=\"wp-caption-text\">Tafel 4\u00a9 Naturparkschutzzentrum S\u00fcdschwarzwald<\/p><\/div>\n<p>&nbsp;<\/p>\n<p><strong>4) Wo sucht der Dreizehenspecht seine <\/strong><\/p>\n<p><strong>Nahrung? <\/strong><\/p>\n<ol>\n<li>A) In der Erde,<\/li>\n<li>R) in toten B\u00e4umen,<\/li>\n<li>F) im Wasser.<\/li>\n<\/ol>\n<div id=\"attachment_6058\" style=\"width: 510px\" class=\"wp-caption aligncenter\"><a href=\"https:\/\/www.naturparkmagazin.de\/vdn\/wp-content\/uploads\/sites\/3\/w-s5b.jpg\"><img aria-describedby=\"caption-attachment-6058\" decoding=\"async\" loading=\"lazy\" class=\"size-full wp-image-6058\" src=\"https:\/\/www.naturparkmagazin.de\/vdn\/wp-content\/uploads\/sites\/3\/w-s5b.jpg\" alt=\"Tafel 5\u00a9 Naturparkschutzzentrum S\u00fcdschwarzwald\" width=\"500\" height=\"347\" srcset=\"https:\/\/www.naturparkmagazin.de\/vdn\/wp-content\/uploads\/sites\/3\/w-s5b.jpg 500w, https:\/\/www.naturparkmagazin.de\/vdn\/wp-content\/uploads\/sites\/3\/w-s5b-300x208.jpg 300w, https:\/\/www.naturparkmagazin.de\/vdn\/wp-content\/uploads\/sites\/3\/w-s5b-200x139.jpg 200w\" sizes=\"(max-width: 500px) 100vw, 500px\" \/><\/a><p id=\"caption-attachment-6058\" class=\"wp-caption-text\">Tafel 5\u00a9 Naturparkschutzzentrum S\u00fcdschwarzwald<\/p><\/div>\n<p>&nbsp;<\/p>\n<p><strong>5) In welcher Jahreszeit zwitschern die V\u00f6gel <\/strong><\/p>\n<p><strong>am eifrigsten?<\/strong><\/p>\n<ol>\n<li>R) Im Winter,<\/li>\n<li>W) im Sp\u00e4therbst,<\/li>\n<li>D) im Fr\u00fchling.<\/li>\n<\/ol>\n<div id=\"attachment_6059\" style=\"width: 510px\" class=\"wp-caption aligncenter\"><a href=\"https:\/\/www.naturparkmagazin.de\/vdn\/wp-content\/uploads\/sites\/3\/w-s6b.jpg\"><img aria-describedby=\"caption-attachment-6059\" decoding=\"async\" loading=\"lazy\" class=\"size-full wp-image-6059\" src=\"https:\/\/www.naturparkmagazin.de\/vdn\/wp-content\/uploads\/sites\/3\/w-s6b.jpg\" alt=\"Tafel 6\u00a9 Naturparkschutzzentrum S\u00fcdschwarzwald\" width=\"500\" height=\"350\" srcset=\"https:\/\/www.naturparkmagazin.de\/vdn\/wp-content\/uploads\/sites\/3\/w-s6b.jpg 500w, https:\/\/www.naturparkmagazin.de\/vdn\/wp-content\/uploads\/sites\/3\/w-s6b-300x210.jpg 300w, https:\/\/www.naturparkmagazin.de\/vdn\/wp-content\/uploads\/sites\/3\/w-s6b-200x140.jpg 200w\" sizes=\"(max-width: 500px) 100vw, 500px\" \/><\/a><p id=\"caption-attachment-6059\" class=\"wp-caption-text\">Tafel 6\u00a9 Naturparkschutzzentrum S\u00fcdschwarzwald<\/p><\/div>\n<p>&nbsp;<\/p>\n<p><strong>6) Wie zerkleinern Auerh\u00fchner ihre Nahrung?<\/strong><\/p>\n<ol>\n<li>O) Mit verschluckten \u00c4stchen,<\/li>\n<li>E) mit verschluckten Steinchen,<\/li>\n<li>A) mit den Z\u00e4hnen.<\/li>\n<\/ol>\n<div id=\"attachment_6060\" style=\"width: 510px\" class=\"wp-caption aligncenter\"><a href=\"https:\/\/www.naturparkmagazin.de\/vdn\/wp-content\/uploads\/sites\/3\/w-s7b.jpg\"><img aria-describedby=\"caption-attachment-6060\" decoding=\"async\" loading=\"lazy\" class=\"size-full wp-image-6060\" src=\"https:\/\/www.naturparkmagazin.de\/vdn\/wp-content\/uploads\/sites\/3\/w-s7b.jpg\" alt=\"Tafel 7\u00a9 Naturparkschutzzentrum S\u00fcdschwarzwald\" width=\"500\" height=\"350\" srcset=\"https:\/\/www.naturparkmagazin.de\/vdn\/wp-content\/uploads\/sites\/3\/w-s7b.jpg 500w, https:\/\/www.naturparkmagazin.de\/vdn\/wp-content\/uploads\/sites\/3\/w-s7b-300x210.jpg 300w, https:\/\/www.naturparkmagazin.de\/vdn\/wp-content\/uploads\/sites\/3\/w-s7b-200x140.jpg 200w\" sizes=\"(max-width: 500px) 100vw, 500px\" \/><\/a><p id=\"caption-attachment-6060\" class=\"wp-caption-text\">Tafel 7\u00a9 Naturparkschutzzentrum S\u00fcdschwarzwald<\/p><\/div>\n<p>&nbsp;<\/p>\n<p><strong>7) Warum sind Auerhennen so schwer zu finden<\/strong><\/p>\n<ol>\n<li>U) Sie k\u00f6nnen wie ein Cham\u00e4leon ihre Farbe dem Hintergrund anpassen,<\/li>\n<li>L) mit den braunen Federn sind sie gut getarnt,<\/li>\n<li>S) sie k\u00f6nnen \u00fcber 10 Minuten die Luft anhalten,damit man sie nicht atmen h\u00f6rt.<\/li>\n<\/ol>\n<div id=\"attachment_6061\" style=\"width: 510px\" class=\"wp-caption aligncenter\"><a href=\"https:\/\/www.naturparkmagazin.de\/vdn\/wp-content\/uploads\/sites\/3\/w-s8b.jpg\"><img aria-describedby=\"caption-attachment-6061\" decoding=\"async\" loading=\"lazy\" class=\"size-full wp-image-6061\" src=\"https:\/\/www.naturparkmagazin.de\/vdn\/wp-content\/uploads\/sites\/3\/w-s8b.jpg\" alt=\"Tafel 8\u00a9 Naturparkschutzzentrum S\u00fcdschwarzwald\" width=\"500\" height=\"350\" srcset=\"https:\/\/www.naturparkmagazin.de\/vdn\/wp-content\/uploads\/sites\/3\/w-s8b.jpg 500w, https:\/\/www.naturparkmagazin.de\/vdn\/wp-content\/uploads\/sites\/3\/w-s8b-300x210.jpg 300w, https:\/\/www.naturparkmagazin.de\/vdn\/wp-content\/uploads\/sites\/3\/w-s8b-200x140.jpg 200w\" sizes=\"(max-width: 500px) 100vw, 500px\" \/><\/a><p id=\"caption-attachment-6061\" class=\"wp-caption-text\">Tafel 8\u00a9 Naturparkschutzzentrum S\u00fcdschwarzwald<\/p><\/div>\n<p>&nbsp;<\/p>\n<p><strong>8) Auerhuhnv\u00e4ter&#8230;<\/strong><\/p>\n<p>H) k\u00fcmmern sich nicht um die K\u00fcken,<\/p>\n<p>G) br\u00fcten die Eier selbst aus,<\/p>\n<p>V) verteidigen die K\u00fcken im ersten Lebensjahr.<\/p>\n<div id=\"attachment_6062\" style=\"width: 510px\" class=\"wp-caption aligncenter\"><a href=\"https:\/\/www.naturparkmagazin.de\/vdn\/wp-content\/uploads\/sites\/3\/w-s9b.jpg\"><img aria-describedby=\"caption-attachment-6062\" decoding=\"async\" loading=\"lazy\" class=\"size-full wp-image-6062\" src=\"https:\/\/www.naturparkmagazin.de\/vdn\/wp-content\/uploads\/sites\/3\/w-s9b.jpg\" alt=\"Tafel 9\u00a9 Naturparkschutzzentrum S\u00fcdschwarzwald\" width=\"500\" height=\"350\" srcset=\"https:\/\/www.naturparkmagazin.de\/vdn\/wp-content\/uploads\/sites\/3\/w-s9b.jpg 500w, https:\/\/www.naturparkmagazin.de\/vdn\/wp-content\/uploads\/sites\/3\/w-s9b-300x210.jpg 300w, https:\/\/www.naturparkmagazin.de\/vdn\/wp-content\/uploads\/sites\/3\/w-s9b-200x140.jpg 200w\" sizes=\"(max-width: 500px) 100vw, 500px\" \/><\/a><p id=\"caption-attachment-6062\" class=\"wp-caption-text\">Tafel 9\u00a9 Naturparkschutzzentrum S\u00fcdschwarzwald<\/p><\/div>\n<p><strong>\u00a0<\/strong><\/p>\n<div id=\"attachment_6063\" style=\"width: 510px\" class=\"wp-caption aligncenter\"><a href=\"https:\/\/www.naturparkmagazin.de\/vdn\/wp-content\/uploads\/sites\/3\/w-s10b.jpg\"><img aria-describedby=\"caption-attachment-6063\" decoding=\"async\" loading=\"lazy\" class=\"size-full wp-image-6063\" src=\"https:\/\/www.naturparkmagazin.de\/vdn\/wp-content\/uploads\/sites\/3\/w-s10b.jpg\" alt=\"Tafel 10\u00a9 Naturparkschutzzentrum S\u00fcdschwarzwald\" width=\"500\" height=\"350\" srcset=\"https:\/\/www.naturparkmagazin.de\/vdn\/wp-content\/uploads\/sites\/3\/w-s10b.jpg 500w, https:\/\/www.naturparkmagazin.de\/vdn\/wp-content\/uploads\/sites\/3\/w-s10b-300x210.jpg 300w, https:\/\/www.naturparkmagazin.de\/vdn\/wp-content\/uploads\/sites\/3\/w-s10b-200x140.jpg 200w\" sizes=\"(max-width: 500px) 100vw, 500px\" \/><\/a><p id=\"caption-attachment-6063\" class=\"wp-caption-text\">Tafel 10\u00a9 Naturparkschutzzentrum S\u00fcdschwarzwald<\/p><\/div>\n<p>&nbsp;<\/p>\n<p><strong>9) Wie k\u00f6nnen Wildschweine den Auerh\u00fchnern gef\u00e4hrlich werden?<\/strong>\nE) Sie fressen gerne Auerhuhneier,\nP) die Auerh\u00fchner ertragen den Schweinegeruch nicht,\nD) Wildschweine tragen mit Auerh\u00fchnern Revierk\u00e4mpfe aus.<\/p>\n<div id=\"attachment_6065\" style=\"width: 510px\" class=\"wp-caption aligncenter\"><a href=\"https:\/\/www.naturparkmagazin.de\/vdn\/wp-content\/uploads\/sites\/3\/w-s11b.jpg\"><img aria-describedby=\"caption-attachment-6065\" decoding=\"async\" loading=\"lazy\" class=\"size-full wp-image-6065\" src=\"https:\/\/www.naturparkmagazin.de\/vdn\/wp-content\/uploads\/sites\/3\/w-s11b.jpg\" alt=\"Tafel 11\u00a9 Naturparkschutzzentrum S\u00fcdschwarzwald\" width=\"500\" height=\"350\" srcset=\"https:\/\/www.naturparkmagazin.de\/vdn\/wp-content\/uploads\/sites\/3\/w-s11b.jpg 500w, https:\/\/www.naturparkmagazin.de\/vdn\/wp-content\/uploads\/sites\/3\/w-s11b-300x210.jpg 300w, https:\/\/www.naturparkmagazin.de\/vdn\/wp-content\/uploads\/sites\/3\/w-s11b-200x140.jpg 200w\" sizes=\"(max-width: 500px) 100vw, 500px\" \/><\/a><p id=\"caption-attachment-6065\" class=\"wp-caption-text\">Tafel 11\u00a9 Naturparkschutzzentrum S\u00fcdschwarzwald<\/p><\/div>\n<p>&nbsp;<\/p>\n<p>&nbsp;<\/p>\n<p><strong>10) Wer aus der Auerhuhn-Familie muss sich am meisten vor dem Fuchs f\u00fcrchten?<\/strong><\/p>\n<p>L) Die scheue Auerhenne,\nI) die K\u00fcken und die ganz alten Auerh\u00fchner,\nC) die m\u00e4nnlichen Auerh\u00fchner.<\/p>\n<div id=\"attachment_6066\" style=\"width: 510px\" class=\"wp-caption aligncenter\"><a href=\"https:\/\/www.naturparkmagazin.de\/vdn\/wp-content\/uploads\/sites\/3\/w-s12b.jpg\"><img aria-describedby=\"caption-attachment-6066\" decoding=\"async\" loading=\"lazy\" class=\"size-full wp-image-6066\" src=\"https:\/\/www.naturparkmagazin.de\/vdn\/wp-content\/uploads\/sites\/3\/w-s12b.jpg\" alt=\"Tafel 12\u00a9 Naturparkschutzzentrum S\u00fcdschwarzwald\" width=\"500\" height=\"350\" srcset=\"https:\/\/www.naturparkmagazin.de\/vdn\/wp-content\/uploads\/sites\/3\/w-s12b.jpg 500w, https:\/\/www.naturparkmagazin.de\/vdn\/wp-content\/uploads\/sites\/3\/w-s12b-300x210.jpg 300w, https:\/\/www.naturparkmagazin.de\/vdn\/wp-content\/uploads\/sites\/3\/w-s12b-200x140.jpg 200w\" sizes=\"(max-width: 500px) 100vw, 500px\" \/><\/a><p id=\"caption-attachment-6066\" class=\"wp-caption-text\">Tafel 12\u00a9 Naturparkschutzzentrum S\u00fcdschwarzwald<\/p><\/div>\n<p>&nbsp;<\/p>\n<p><strong>11) Wann balzen die Auerh\u00fchner?<\/strong>\nE) Im Fr\u00fchling,\nG) im Sommer,\nP) im Herbst.<\/p>\n<div id=\"attachment_6068\" style=\"width: 630px\" class=\"wp-caption aligncenter\"><a href=\"https:\/\/www.naturparkmagazin.de\/vdn\/wp-content\/uploads\/sites\/3\/w-s13.jpg\"><img aria-describedby=\"caption-attachment-6068\" decoding=\"async\" loading=\"lazy\" class=\"size-medium wp-image-6068\" src=\"https:\/\/www.naturparkmagazin.de\/vdn\/wp-content\/uploads\/sites\/3\/w-s13-620x436.jpg\" alt=\"Tafel 13\u00a9 Naturparkschutzzentrum S\u00fcdschwarzwald\" width=\"620\" height=\"436\" srcset=\"https:\/\/www.naturparkmagazin.de\/vdn\/wp-content\/uploads\/sites\/3\/w-s13-620x436.jpg 620w, https:\/\/www.naturparkmagazin.de\/vdn\/wp-content\/uploads\/sites\/3\/w-s13-300x211.jpg 300w, https:\/\/www.naturparkmagazin.de\/vdn\/wp-content\/uploads\/sites\/3\/w-s13-670x471.jpg 670w, https:\/\/www.naturparkmagazin.de\/vdn\/wp-content\/uploads\/sites\/3\/w-s13-200x141.jpg 200w, https:\/\/www.naturparkmagazin.de\/vdn\/wp-content\/uploads\/sites\/3\/w-s13.jpg 717w\" sizes=\"(max-width: 620px) 100vw, 620px\" \/><\/a><p id=\"caption-attachment-6068\" class=\"wp-caption-text\">Tafel 13\u00a9 Naturparkschutzzentrum S\u00fcdschwarzwald<\/p><\/div>\n<p>&nbsp;<\/p>\n<p><strong>12) Wo gibt es so viele Auerh\u00fchner, dass man sie dort kaum sch\u00fctzen muss?<\/strong>\nQ) In Deutschland,\nX) in Italien,\nN) in Schweden<\/p>\n<p>Habt ihr alle Antworten gewusst?\nL\u00f6sungswort:\n__ __ __ __ __ __ __ __ __ __ __ __<\/p>\n<p>Setzt die Buchstaben, die bei den richtigen Antworten stehen, zum L\u00f6sungswort zusammen und schickt das L\u00f6sungswort bis zum 30.11.2015 an:<\/p>\n<p><strong>Verband Deutscher Naturparke e.V.<\/strong>\n<strong>Auerhahn-Quiz<\/strong>\n<strong>Holbeinstra\u00dfe 12<\/strong>\n<strong>53175 Bonn<\/strong><\/p>\n<p>Oder per Mail an: <a href=\"mailto:Manuela.Merz@Naturparke.de\">Manuela.Merz@Naturparke.de<\/a><\/p>\n<p>Unter den richtigen Einsendungen verlosen wir eine Naturpark-Entdecker-Weste und 20 Hefte &#8222;Mach mit!&#8220; zum Wichtelpfad im Auerhahnwald.<\/p>\n<p>&nbsp;<\/p>\n<div id=\"attachment_6069\" style=\"width: 510px\" class=\"wp-caption aligncenter\"><a href=\"https:\/\/www.naturparkmagazin.de\/vdn\/wp-content\/uploads\/sites\/3\/w-s14b.jpg\"><img aria-describedby=\"caption-attachment-6069\" decoding=\"async\" loading=\"lazy\" class=\"size-full wp-image-6069\" src=\"https:\/\/www.naturparkmagazin.de\/vdn\/wp-content\/uploads\/sites\/3\/w-s14b.jpg\" alt=\"Tafel 14\u00a9 Naturparkschutzzentrum S\u00fcdschwarzwald\" width=\"500\" height=\"350\" srcset=\"https:\/\/www.naturparkmagazin.de\/vdn\/wp-content\/uploads\/sites\/3\/w-s14b.jpg 500w, https:\/\/www.naturparkmagazin.de\/vdn\/wp-content\/uploads\/sites\/3\/w-s14b-300x210.jpg 300w, https:\/\/www.naturparkmagazin.de\/vdn\/wp-content\/uploads\/sites\/3\/w-s14b-200x140.jpg 200w\" sizes=\"(max-width: 500px) 100vw, 500px\" \/><\/a><p id=\"caption-attachment-6069\" class=\"wp-caption-text\">Tafel 14\u00a9 Naturparkschutzzentrum S\u00fcdschwarzwald<\/p><\/div>\n<p>Vielleicht habt ihr ja auch Lust, im n\u00e4chsten Fr\u00fchjahr mit euren Eltern den Wichtelpfad im Naturpark S\u00fcdschwarzwald zu besuchen. Noch mehr \u00fcber den Wichtelpfad erfahrt ihr <a href=\"https:\/\/naz-feldberg.de\/der-wichtelpfad\" target=\"_blank\" rel=\"noopener\">hier.<\/a><\/p>\n<p>Urheber des Wichtelpfades ist das Naturschutzzentrum S\u00fcdschwarzwald<\/p>\n<p>&nbsp;<\/p>\n","protected":false},"excerpt":{"rendered":"<p>In einem verwunschenen W\u00e4ldchen hoch oben auf dem Feldberg im Naturpark S\u00fcdschwarzwald leben die Feldbergwichtel und unter anderem auch Anton, der Auerhahn. Bei einem kniffligen Fragespiel rund um Anton k\u00f6nnt ihr viel \u00fcber Auerh\u00e4hne lernen.<\/p>\n","protected":false},"author":51,"featured_media":6138,"comment_status":"open","ping_status":"open","sticky":false,"template":"","format":"standard","meta":{"_links_to":"","_links_to_target":""},"categories":[617],"tags":[316,33,3155,91,347,9],"yoast_head":"<!-- This site is optimized with the Yoast SEO plugin v19.10 - https:\/\/yoast.com\/wordpress\/plugins\/seo\/ -->\n<title>Das Auerhahn-Quiz<\/title>\n<meta name=\"description\" content=\"In einem verwunschenen W\u00e4ldchen hoch oben auf dem Feldberg im Naturpark S\u00fcdschwarzwald leben die Feldbergwichtel und unter anderem auch Anton, der Auerhahn. Bei einem kniffligen Fragespiel rund um Anton k\u00f6nnt ihr viel \u00fcber Auerh\u00e4hne lernen.\" \/>\n<meta name=\"robots\" content=\"index, follow, max-snippet:-1, max-image-preview:large, max-video-preview:-1\" \/>\n<link rel=\"canonical\" href=\"https:\/\/www.naturparkmagazin.de\/vdn\/das-auerhahn-quiz\/\" \/>\n<meta property=\"og:locale\" content=\"de_DE\" \/>\n<meta property=\"og:type\" content=\"article\" \/>\n<meta property=\"og:title\" content=\"Das Auerhahn-Quiz\" \/>\n<meta property=\"og:description\" content=\"In einem verwunschenen W\u00e4ldchen hoch oben auf dem Feldberg im Naturpark S\u00fcdschwarzwald leben die Feldbergwichtel und unter anderem auch Anton, der Auerhahn. Bei einem kniffligen Fragespiel rund um Anton k\u00f6nnt ihr viel \u00fcber Auerh\u00e4hne lernen.\" \/>\n<meta property=\"og:url\" content=\"https:\/\/www.naturparkmagazin.de\/vdn\/das-auerhahn-quiz\/\" \/>\n<meta property=\"og:site_name\" content=\"Verband Deutscher Naturparke\" \/>\n<meta property=\"article:published_time\" content=\"2015-10-19T09:36:29+00:00\" \/>\n<meta property=\"article:modified_time\" content=\"2025-07-09T08:10:43+00:00\" \/>\n<meta property=\"og:image\" content=\"https:\/\/www.naturparkmagazin.de\/vdn\/wp-content\/uploads\/sites\/3\/Wichtelweg.jpg\" \/>\n\t<meta property=\"og:image:width\" content=\"250\" \/>\n\t<meta property=\"og:image:height\" content=\"250\" \/>\n\t<meta property=\"og:image:type\" content=\"image\/jpeg\" \/>\n<meta name=\"author\" content=\"beatrixlosem\" \/>\n<meta name=\"twitter:label1\" content=\"Verfasst von\" \/>\n\t<meta name=\"twitter:data1\" content=\"beatrixlosem\" \/>\n\t<meta name=\"twitter:label2\" content=\"Gesch\u00e4tzte Lesezeit\" \/>\n\t<meta name=\"twitter:data2\" content=\"6\u00a0Minuten\" \/>\n<script type=\"application\/ld+json\" class=\"yoast-schema-graph\">{\"@context\":\"https:\/\/schema.org\",\"@graph\":[{\"@type\":\"WebPage\",\"@id\":\"https:\/\/www.naturparkmagazin.de\/vdn\/das-auerhahn-quiz\/\",\"url\":\"https:\/\/www.naturparkmagazin.de\/vdn\/das-auerhahn-quiz\/\",\"name\":\"Das Auerhahn-Quiz\",\"isPartOf\":{\"@id\":\"https:\/\/www.naturparkmagazin.de\/vdn\/#website\"},\"datePublished\":\"2015-10-19T09:36:29+00:00\",\"dateModified\":\"2025-07-09T08:10:43+00:00\",\"author\":{\"@id\":\"https:\/\/www.naturparkmagazin.de\/vdn\/#\/schema\/person\/d71357578c318b6db03be60b1f60396b\"},\"description\":\"In einem verwunschenen W\u00e4ldchen hoch oben auf dem Feldberg im Naturpark S\u00fcdschwarzwald leben die Feldbergwichtel und unter anderem auch Anton, der Auerhahn. Bei einem kniffligen Fragespiel rund um Anton k\u00f6nnt ihr viel \u00fcber Auerh\u00e4hne lernen.\",\"breadcrumb\":{\"@id\":\"https:\/\/www.naturparkmagazin.de\/vdn\/das-auerhahn-quiz\/#breadcrumb\"},\"inLanguage\":\"de\",\"potentialAction\":[{\"@type\":\"ReadAction\",\"target\":[\"https:\/\/www.naturparkmagazin.de\/vdn\/das-auerhahn-quiz\/\"]}]},{\"@type\":\"BreadcrumbList\",\"@id\":\"https:\/\/www.naturparkmagazin.de\/vdn\/das-auerhahn-quiz\/#breadcrumb\",\"itemListElement\":[{\"@type\":\"ListItem\",\"position\":1,\"name\":\"Home\",\"item\":\"https:\/\/www.naturparkmagazin.de\/vdn\/\"},{\"@type\":\"ListItem\",\"position\":2,\"name\":\"Das Auerhahn-Quiz\"}]},{\"@type\":\"WebSite\",\"@id\":\"https:\/\/www.naturparkmagazin.de\/vdn\/#website\",\"url\":\"https:\/\/www.naturparkmagazin.de\/vdn\/\",\"name\":\"Verband Deutscher Naturparke\",\"description\":\"Eine weitere Naturparkmagazin.de Netzwerk Seite\",\"potentialAction\":[{\"@type\":\"SearchAction\",\"target\":{\"@type\":\"EntryPoint\",\"urlTemplate\":\"https:\/\/www.naturparkmagazin.de\/vdn\/?s={search_term_string}\"},\"query-input\":\"required name=search_term_string\"}],\"inLanguage\":\"de\"},{\"@type\":\"Person\",\"@id\":\"https:\/\/www.naturparkmagazin.de\/vdn\/#\/schema\/person\/d71357578c318b6db03be60b1f60396b\",\"name\":\"beatrixlosem\",\"url\":\"https:\/\/www.naturparkmagazin.de\/vdn\/author\/beatrixlosem\/\"}]}<\/script>\n<!-- \/ Yoast SEO plugin. -->","yoast_head_json":{"title":"Das Auerhahn-Quiz","description":"In einem verwunschenen W\u00e4ldchen hoch oben auf dem Feldberg im Naturpark S\u00fcdschwarzwald leben die Feldbergwichtel und unter anderem auch Anton, der Auerhahn. Bei einem kniffligen Fragespiel rund um Anton k\u00f6nnt ihr viel \u00fcber Auerh\u00e4hne lernen.","robots":{"index":"index","follow":"follow","max-snippet":"max-snippet:-1","max-image-preview":"max-image-preview:large","max-video-preview":"max-video-preview:-1"},"canonical":"https:\/\/www.naturparkmagazin.de\/vdn\/das-auerhahn-quiz\/","og_locale":"de_DE","og_type":"article","og_title":"Das Auerhahn-Quiz","og_description":"In einem verwunschenen W\u00e4ldchen hoch oben auf dem Feldberg im Naturpark S\u00fcdschwarzwald leben die Feldbergwichtel und unter anderem auch Anton, der Auerhahn. Bei einem kniffligen Fragespiel rund um Anton k\u00f6nnt ihr viel \u00fcber Auerh\u00e4hne lernen.","og_url":"https:\/\/www.naturparkmagazin.de\/vdn\/das-auerhahn-quiz\/","og_site_name":"Verband Deutscher Naturparke","article_published_time":"2015-10-19T09:36:29+00:00","article_modified_time":"2025-07-09T08:10:43+00:00","og_image":[{"width":250,"height":250,"url":"https:\/\/www.naturparkmagazin.de\/vdn\/wp-content\/uploads\/sites\/3\/Wichtelweg.jpg","type":"image\/jpeg"}],"author":"beatrixlosem","twitter_misc":{"Verfasst von":"beatrixlosem","Gesch\u00e4tzte Lesezeit":"6\u00a0Minuten"},"schema":{"@context":"https:\/\/schema.org","@graph":[{"@type":"WebPage","@id":"https:\/\/www.naturparkmagazin.de\/vdn\/das-auerhahn-quiz\/","url":"https:\/\/www.naturparkmagazin.de\/vdn\/das-auerhahn-quiz\/","name":"Das Auerhahn-Quiz","isPartOf":{"@id":"https:\/\/www.naturparkmagazin.de\/vdn\/#website"},"datePublished":"2015-10-19T09:36:29+00:00","dateModified":"2025-07-09T08:10:43+00:00","author":{"@id":"https:\/\/www.naturparkmagazin.de\/vdn\/#\/schema\/person\/d71357578c318b6db03be60b1f60396b"},"description":"In einem verwunschenen W\u00e4ldchen hoch oben auf dem Feldberg im Naturpark S\u00fcdschwarzwald leben die Feldbergwichtel und unter anderem auch Anton, der Auerhahn. Bei einem kniffligen Fragespiel rund um Anton k\u00f6nnt ihr viel \u00fcber Auerh\u00e4hne lernen.","breadcrumb":{"@id":"https:\/\/www.naturparkmagazin.de\/vdn\/das-auerhahn-quiz\/#breadcrumb"},"inLanguage":"de","potentialAction":[{"@type":"ReadAction","target":["https:\/\/www.naturparkmagazin.de\/vdn\/das-auerhahn-quiz\/"]}]},{"@type":"BreadcrumbList","@id":"https:\/\/www.naturparkmagazin.de\/vdn\/das-auerhahn-quiz\/#breadcrumb","itemListElement":[{"@type":"ListItem","position":1,"name":"Home","item":"https:\/\/www.naturparkmagazin.de\/vdn\/"},{"@type":"ListItem","position":2,"name":"Das Auerhahn-Quiz"}]},{"@type":"WebSite","@id":"https:\/\/www.naturparkmagazin.de\/vdn\/#website","url":"https:\/\/www.naturparkmagazin.de\/vdn\/","name":"Verband Deutscher Naturparke","description":"Eine weitere Naturparkmagazin.de Netzwerk Seite","potentialAction":[{"@type":"SearchAction","target":{"@type":"EntryPoint","urlTemplate":"https:\/\/www.naturparkmagazin.de\/vdn\/?s={search_term_string}"},"query-input":"required name=search_term_string"}],"inLanguage":"de"},{"@type":"Person","@id":"https:\/\/www.naturparkmagazin.de\/vdn\/#\/schema\/person\/d71357578c318b6db03be60b1f60396b","name":"beatrixlosem","url":"https:\/\/www.naturparkmagazin.de\/vdn\/author\/beatrixlosem\/"}]}},"_links":{"self":[{"href":"https:\/\/www.naturparkmagazin.de\/vdn\/wp-json\/wp\/v2\/posts\/6051"}],"collection":[{"href":"https:\/\/www.naturparkmagazin.de\/vdn\/wp-json\/wp\/v2\/posts"}],"about":[{"href":"https:\/\/www.naturparkmagazin.de\/vdn\/wp-json\/wp\/v2\/types\/post"}],"author":[{"embeddable":true,"href":"https:\/\/www.naturparkmagazin.de\/vdn\/wp-json\/wp\/v2\/users\/51"}],"replies":[{"embeddable":true,"href":"https:\/\/www.naturparkmagazin.de\/vdn\/wp-json\/wp\/v2\/comments?post=6051"}],"version-history":[{"count":14,"href":"https:\/\/www.naturparkmagazin.de\/vdn\/wp-json\/wp\/v2\/posts\/6051\/revisions"}],"predecessor-version":[{"id":17976,"href":"https:\/\/www.naturparkmagazin.de\/vdn\/wp-json\/wp\/v2\/posts\/6051\/revisions\/17976"}],"wp:featuredmedia":[{"embeddable":true,"href":"https:\/\/www.naturparkmagazin.de\/vdn\/wp-json\/wp\/v2\/media\/6138"}],"wp:attachment":[{"href":"https:\/\/www.naturparkmagazin.de\/vdn\/wp-json\/wp\/v2\/media?parent=6051"}],"wp:term":[{"taxonomy":"category","embeddable":true,"href":"https:\/\/www.naturparkmagazin.de\/vdn\/wp-json\/wp\/v2\/categories?post=6051"},{"taxonomy":"post_tag","embeddable":true,"href":"https:\/\/www.naturparkmagazin.de\/vdn\/wp-json\/wp\/v2\/tags?post=6051"}],"curies":[{"name":"wp","href":"https:\/\/api.w.org\/{rel}","templated":true}]}}