{"id":6080,"date":"2015-10-19T13:04:23","date_gmt":"2015-10-19T11:04:23","guid":{"rendered":"http:\/\/www.naturparkmagazin.de\/vdn\/?p=6080"},"modified":"2015-10-19T14:05:10","modified_gmt":"2015-10-19T12:05:10","slug":"deutschlands-groesster-naturpark-suedschwarzwald","status":"publish","type":"post","link":"https:\/\/www.naturparkmagazin.de\/vdn\/deutschlands-groesster-naturpark-suedschwarzwald\/","title":{"rendered":"Deutschlands &#8222;Gr\u00f6\u00dfter&#8220; &#8211; Naturpark S\u00fcdschwarzwald"},"content":{"rendered":"<div id=\"attachment_6091\" style=\"width: 510px\" class=\"wp-caption aligncenter\"><a href=\"https:\/\/www.naturparkmagazin.de\/vdn\/wp-content\/uploads\/sites\/3\/wege-menzen-neu-x-b.jpg\"><img aria-describedby=\"caption-attachment-6091\" decoding=\"async\" loading=\"lazy\" class=\"size-full wp-image-6091\" src=\"https:\/\/www.naturparkmagazin.de\/vdn\/wp-content\/uploads\/sites\/3\/wege-menzen-neu-x-b.jpg\" alt=\"Welchen Weg nehmen wir heute? \u00a9 VDN \/ Ulrike Sobick\" width=\"500\" height=\"300\" srcset=\"https:\/\/www.naturparkmagazin.de\/vdn\/wp-content\/uploads\/sites\/3\/wege-menzen-neu-x-b.jpg 500w, https:\/\/www.naturparkmagazin.de\/vdn\/wp-content\/uploads\/sites\/3\/wege-menzen-neu-x-b-300x180.jpg 300w, https:\/\/www.naturparkmagazin.de\/vdn\/wp-content\/uploads\/sites\/3\/wege-menzen-neu-x-b-200x120.jpg 200w\" sizes=\"(max-width: 500px) 100vw, 500px\" \/><\/a><p id=\"caption-attachment-6091\" class=\"wp-caption-text\">Welchen Weg nehmen wir heute? \u00a9 VDN \/ Ulrike Sobick<\/p><\/div>\n<p>&nbsp;<\/p>\n<p>Der Naturpark S\u00fcdschwarzwald liegt im \u00e4u\u00dfersten S\u00fcdwesten Baden-W\u00fcrttembergs in unmittelbarer N\u00e4he zu Frankreich und der Schweiz. Sein Gebiet reicht von Herbolzheim und Triberg im Norden bis nach Waldshut-Tiengen und L\u00f6rrach im S\u00fcden. Im Westen schlie\u00dft er die Vorbergzone bis Freiburg und Emmendingen ein, nach Osten dehnt er sich bis Donaueschingen und Bad D\u00fcrrheim auf der Baar-Hochebene aus. Mit seinen 394.000 Hektar ist er der gr\u00f6\u00dfte Naturpark Deutschlands, der \u00fcber 650.000 Bewohner z\u00e4hlt. In ihm liegen auch die drei h\u00f6chsten Gipfel des Schwarzwaldes: der Feldberg mit 1.493 m, das Herzogenhorn (1.415 m) und der Belchen (1.414 m).<\/p>\n<p>&nbsp;<\/p>\n<div id=\"attachment_6092\" style=\"width: 510px\" class=\"wp-caption aligncenter\"><a href=\"https:\/\/www.naturparkmagazin.de\/vdn\/wp-content\/uploads\/sites\/3\/MG_1849-02b.jpg\"><img aria-describedby=\"caption-attachment-6092\" decoding=\"async\" loading=\"lazy\" class=\"size-full wp-image-6092\" src=\"https:\/\/www.naturparkmagazin.de\/vdn\/wp-content\/uploads\/sites\/3\/MG_1849-02b.jpg\" alt=\"Gletscher \u00a9 VDN\/Wasmer\" width=\"500\" height=\"300\" srcset=\"https:\/\/www.naturparkmagazin.de\/vdn\/wp-content\/uploads\/sites\/3\/MG_1849-02b.jpg 500w, https:\/\/www.naturparkmagazin.de\/vdn\/wp-content\/uploads\/sites\/3\/MG_1849-02b-300x180.jpg 300w, https:\/\/www.naturparkmagazin.de\/vdn\/wp-content\/uploads\/sites\/3\/MG_1849-02b-200x120.jpg 200w\" sizes=\"(max-width: 500px) 100vw, 500px\" \/><\/a><p id=\"caption-attachment-6092\" class=\"wp-caption-text\">Gletscher \u00a9 VDN\/Wasmer<\/p><\/div>\n<p>&nbsp;<\/p>\n<p>Hauptziel des Naturparks S\u00fcdschwarzwald ist es, die einzigartige historisch gewachsene Kulturlandschaft des S\u00fcdschwarzwalds zu erhalten und das harmonische Miteinander von Natur und Mensch zu f\u00f6rdern. Dazu unterst\u00fctzt er zahlreiche Projekte aus verschiedenen Bereichen wie Tourismus und Kultur, Land- und Forstwirtschaft, Natur- und Klimaschutz, Umweltbildung, Architektur und Siedlungsentwicklung, wie z. B. die \u201eK\u00e4seroute im Naturpark S\u00fcdschwarzwald\u201c, den \u201eS\u00fcdschwarzwald-Radweg\u201c, die Entwicklung hin zur \u201eEnergieRegion\u201c, die erste &#8222;Naturpark-Schule&#8220; Baden-W\u00fcrttembergs oder ein verst\u00e4rkt barrierefreies Angebot von Museen, Naturschauspielen und Erlebnispfaden.<\/p>\n<p>&nbsp;<\/p>\n<div id=\"attachment_6097\" style=\"width: 510px\" class=\"wp-caption aligncenter\"><a href=\"https:\/\/www.naturparkmagazin.de\/vdn\/wp-content\/uploads\/sites\/3\/img-0001-1-b.jpg\"><img aria-describedby=\"caption-attachment-6097\" decoding=\"async\" loading=\"lazy\" class=\"size-full wp-image-6097\" src=\"https:\/\/www.naturparkmagazin.de\/vdn\/wp-content\/uploads\/sites\/3\/img-0001-1-b.jpg\" alt=\"Goldener Oktober im Zeller Bergland \u00a9 VDN\/Sigrid Moisel\" width=\"500\" height=\"300\" srcset=\"https:\/\/www.naturparkmagazin.de\/vdn\/wp-content\/uploads\/sites\/3\/img-0001-1-b.jpg 500w, https:\/\/www.naturparkmagazin.de\/vdn\/wp-content\/uploads\/sites\/3\/img-0001-1-b-300x180.jpg 300w, https:\/\/www.naturparkmagazin.de\/vdn\/wp-content\/uploads\/sites\/3\/img-0001-1-b-200x120.jpg 200w\" sizes=\"(max-width: 500px) 100vw, 500px\" \/><\/a><p id=\"caption-attachment-6097\" class=\"wp-caption-text\">Goldener Oktober im Zeller Bergland \u00a9 VDN\/Sigrid Moisel<\/p><\/div>\n<p>&nbsp;<\/p>\n<p>Ob Wandern, Mountainbiken, Langlaufen, Schneeschuhwandern, Erlebnispfade erkunden, kulturelle Events erleben, regionale Produkte genie\u00dfen \u2013 der Naturpark S\u00fcdschwarzwald pr\u00e4sentiert sich Ihnen mit einer breiten Palette attraktiver Angebote. Ob als Tourist oder Einheimischer, ob als gro\u00dfer Abenteurer oder kleiner Entdecker \u2013 garantiert finden Sie im NaturparkS\u00fcdschwarzwald noch Unbekanntes und Entdeckungsw\u00fcrdiges!<\/p>\n<p>&nbsp;<\/p>\n<div id=\"attachment_6095\" style=\"width: 510px\" class=\"wp-caption aligncenter\"><a href=\"https:\/\/www.naturparkmagazin.de\/vdn\/wp-content\/uploads\/sites\/3\/IMG_1369-b.jpg\"><img aria-describedby=\"caption-attachment-6095\" decoding=\"async\" loading=\"lazy\" class=\"size-full wp-image-6095\" src=\"https:\/\/www.naturparkmagazin.de\/vdn\/wp-content\/uploads\/sites\/3\/IMG_1369-b.jpg\" alt=\"Reparatur M\u00fchlenrad \u00a9 VDN\/Karl Loch\" width=\"500\" height=\"300\" srcset=\"https:\/\/www.naturparkmagazin.de\/vdn\/wp-content\/uploads\/sites\/3\/IMG_1369-b.jpg 500w, https:\/\/www.naturparkmagazin.de\/vdn\/wp-content\/uploads\/sites\/3\/IMG_1369-b-300x180.jpg 300w, https:\/\/www.naturparkmagazin.de\/vdn\/wp-content\/uploads\/sites\/3\/IMG_1369-b-200x120.jpg 200w\" sizes=\"(max-width: 500px) 100vw, 500px\" \/><\/a><p id=\"caption-attachment-6095\" class=\"wp-caption-text\">Reparatur M\u00fchlenrad \u00a9 VDN\/Karl Loch<\/p><\/div>\n<p>&nbsp;<\/p>\n<p>Weitere Informationen zum Naturpark S\u00fcdschwarzwald erhalten sie <a href=\"http:\/\/www.naturpark-suedschwarzwald.de\/\">hier<\/a>.<\/p>\n<p>&nbsp;<\/p>\n<p>&nbsp;<\/p>\n<p>&nbsp;<\/p>\n","protected":false},"excerpt":{"rendered":"<p>Der Naturpark S\u00fcdschwarzwald ist eine der sch\u00f6nsten und meist besuchten Erholungsregionen Deutschlands: Berge bis fast 1.500 m H\u00f6he, wilde Schluchten, urige Schwarzwaldh\u00f6fe, bl\u00fchende Wiesen, fruchtbare Weinberge, dichte W\u00e4lder \u2013 eine einzigartige Mischung aus Natur und Kultur, aus Tradition und Moderne.<\/p>\n","protected":false},"author":51,"featured_media":6090,"comment_status":"open","ping_status":"open","sticky":false,"template":"","format":"standard","meta":{"_links_to":"","_links_to_target":""},"categories":[15],"tags":[316,263,35,3155,91,86,81,41],"yoast_head":"<!-- This site is optimized with the Yoast SEO plugin v19.10 - https:\/\/yoast.com\/wordpress\/plugins\/seo\/ -->\n<title>Deutschlands &quot;Gr\u00f6\u00dfter&quot; - Naturpark S\u00fcdschwarzwald<\/title>\n<meta name=\"description\" content=\"Der Naturpark S\u00fcdschwarzwald ist eine der sch\u00f6nsten und meist besuchten Erholungsregionen Deutschlands: Berge bis fast 1.500 m H\u00f6he, wilde Schluchten, urige Schwarzwaldh\u00f6fe, bl\u00fchende Wiesen, fruchtbare Weinberge, dichte W\u00e4lder \u2013 eine einzigartige Mischung aus Natur und Kultur, aus Tradition und Moderne.\" \/>\n<meta name=\"robots\" content=\"index, follow, max-snippet:-1, max-image-preview:large, max-video-preview:-1\" \/>\n<link rel=\"canonical\" href=\"https:\/\/www.naturparkmagazin.de\/vdn\/deutschlands-groesster-naturpark-suedschwarzwald\/\" \/>\n<meta property=\"og:locale\" content=\"de_DE\" \/>\n<meta property=\"og:type\" content=\"article\" \/>\n<meta property=\"og:title\" content=\"Deutschlands &quot;Gr\u00f6\u00dfter&quot; - Naturpark S\u00fcdschwarzwald\" \/>\n<meta property=\"og:description\" content=\"Der Naturpark S\u00fcdschwarzwald ist eine der sch\u00f6nsten und meist besuchten Erholungsregionen Deutschlands: Berge bis fast 1.500 m H\u00f6he, wilde Schluchten, urige Schwarzwaldh\u00f6fe, bl\u00fchende Wiesen, fruchtbare Weinberge, dichte W\u00e4lder \u2013 eine einzigartige Mischung aus Natur und Kultur, aus Tradition und Moderne.\" \/>\n<meta property=\"og:url\" content=\"https:\/\/www.naturparkmagazin.de\/vdn\/deutschlands-groesster-naturpark-suedschwarzwald\/\" \/>\n<meta property=\"og:site_name\" content=\"Verband Deutscher Naturparke\" \/>\n<meta property=\"article:published_time\" content=\"2015-10-19T11:04:23+00:00\" \/>\n<meta property=\"article:modified_time\" content=\"2015-10-19T12:05:10+00:00\" \/>\n<meta property=\"og:image\" content=\"https:\/\/www.naturparkmagazin.de\/vdn\/wp-content\/uploads\/sites\/3\/wege-menzen-neu-x-bf.jpg\" \/>\n\t<meta property=\"og:image:width\" content=\"250\" \/>\n\t<meta property=\"og:image:height\" content=\"250\" \/>\n\t<meta property=\"og:image:type\" content=\"image\/jpeg\" \/>\n<meta name=\"author\" content=\"beatrixlosem\" \/>\n<meta name=\"twitter:label1\" content=\"Verfasst von\" \/>\n\t<meta name=\"twitter:data1\" content=\"beatrixlosem\" \/>\n\t<meta name=\"twitter:label2\" content=\"Gesch\u00e4tzte Lesezeit\" \/>\n\t<meta name=\"twitter:data2\" content=\"2\u00a0Minuten\" \/>\n<script type=\"application\/ld+json\" class=\"yoast-schema-graph\">{\"@context\":\"https:\/\/schema.org\",\"@graph\":[{\"@type\":\"WebPage\",\"@id\":\"https:\/\/www.naturparkmagazin.de\/vdn\/deutschlands-groesster-naturpark-suedschwarzwald\/\",\"url\":\"https:\/\/www.naturparkmagazin.de\/vdn\/deutschlands-groesster-naturpark-suedschwarzwald\/\",\"name\":\"Deutschlands \\\"Gr\u00f6\u00dfter\\\" - Naturpark S\u00fcdschwarzwald\",\"isPartOf\":{\"@id\":\"https:\/\/www.naturparkmagazin.de\/vdn\/#website\"},\"datePublished\":\"2015-10-19T11:04:23+00:00\",\"dateModified\":\"2015-10-19T12:05:10+00:00\",\"author\":{\"@id\":\"https:\/\/www.naturparkmagazin.de\/vdn\/#\/schema\/person\/d71357578c318b6db03be60b1f60396b\"},\"description\":\"Der Naturpark S\u00fcdschwarzwald ist eine der sch\u00f6nsten und meist besuchten Erholungsregionen Deutschlands: Berge bis fast 1.500 m H\u00f6he, wilde Schluchten, urige Schwarzwaldh\u00f6fe, bl\u00fchende Wiesen, fruchtbare Weinberge, dichte W\u00e4lder \u2013 eine einzigartige Mischung aus Natur und Kultur, aus Tradition und Moderne.\",\"breadcrumb\":{\"@id\":\"https:\/\/www.naturparkmagazin.de\/vdn\/deutschlands-groesster-naturpark-suedschwarzwald\/#breadcrumb\"},\"inLanguage\":\"de\",\"potentialAction\":[{\"@type\":\"ReadAction\",\"target\":[\"https:\/\/www.naturparkmagazin.de\/vdn\/deutschlands-groesster-naturpark-suedschwarzwald\/\"]}]},{\"@type\":\"BreadcrumbList\",\"@id\":\"https:\/\/www.naturparkmagazin.de\/vdn\/deutschlands-groesster-naturpark-suedschwarzwald\/#breadcrumb\",\"itemListElement\":[{\"@type\":\"ListItem\",\"position\":1,\"name\":\"Home\",\"item\":\"https:\/\/www.naturparkmagazin.de\/vdn\/\"},{\"@type\":\"ListItem\",\"position\":2,\"name\":\"Deutschlands &#8222;Gr\u00f6\u00dfter&#8220; &#8211; Naturpark S\u00fcdschwarzwald\"}]},{\"@type\":\"WebSite\",\"@id\":\"https:\/\/www.naturparkmagazin.de\/vdn\/#website\",\"url\":\"https:\/\/www.naturparkmagazin.de\/vdn\/\",\"name\":\"Verband Deutscher Naturparke\",\"description\":\"Eine weitere Naturparkmagazin.de Netzwerk Seite\",\"potentialAction\":[{\"@type\":\"SearchAction\",\"target\":{\"@type\":\"EntryPoint\",\"urlTemplate\":\"https:\/\/www.naturparkmagazin.de\/vdn\/?s={search_term_string}\"},\"query-input\":\"required name=search_term_string\"}],\"inLanguage\":\"de\"},{\"@type\":\"Person\",\"@id\":\"https:\/\/www.naturparkmagazin.de\/vdn\/#\/schema\/person\/d71357578c318b6db03be60b1f60396b\",\"name\":\"beatrixlosem\",\"url\":\"https:\/\/www.naturparkmagazin.de\/vdn\/author\/beatrixlosem\/\"}]}<\/script>\n<!-- \/ Yoast SEO plugin. -->","yoast_head_json":{"title":"Deutschlands \"Gr\u00f6\u00dfter\" - Naturpark S\u00fcdschwarzwald","description":"Der Naturpark S\u00fcdschwarzwald ist eine der sch\u00f6nsten und meist besuchten Erholungsregionen Deutschlands: Berge bis fast 1.500 m H\u00f6he, wilde Schluchten, urige Schwarzwaldh\u00f6fe, bl\u00fchende Wiesen, fruchtbare Weinberge, dichte W\u00e4lder \u2013 eine einzigartige Mischung aus Natur und Kultur, aus Tradition und Moderne.","robots":{"index":"index","follow":"follow","max-snippet":"max-snippet:-1","max-image-preview":"max-image-preview:large","max-video-preview":"max-video-preview:-1"},"canonical":"https:\/\/www.naturparkmagazin.de\/vdn\/deutschlands-groesster-naturpark-suedschwarzwald\/","og_locale":"de_DE","og_type":"article","og_title":"Deutschlands \"Gr\u00f6\u00dfter\" - Naturpark S\u00fcdschwarzwald","og_description":"Der Naturpark S\u00fcdschwarzwald ist eine der sch\u00f6nsten und meist besuchten Erholungsregionen Deutschlands: Berge bis fast 1.500 m H\u00f6he, wilde Schluchten, urige Schwarzwaldh\u00f6fe, bl\u00fchende Wiesen, fruchtbare Weinberge, dichte W\u00e4lder \u2013 eine einzigartige Mischung aus Natur und Kultur, aus Tradition und Moderne.","og_url":"https:\/\/www.naturparkmagazin.de\/vdn\/deutschlands-groesster-naturpark-suedschwarzwald\/","og_site_name":"Verband Deutscher Naturparke","article_published_time":"2015-10-19T11:04:23+00:00","article_modified_time":"2015-10-19T12:05:10+00:00","og_image":[{"width":250,"height":250,"url":"https:\/\/www.naturparkmagazin.de\/vdn\/wp-content\/uploads\/sites\/3\/wege-menzen-neu-x-bf.jpg","type":"image\/jpeg"}],"author":"beatrixlosem","twitter_misc":{"Verfasst von":"beatrixlosem","Gesch\u00e4tzte Lesezeit":"2\u00a0Minuten"},"schema":{"@context":"https:\/\/schema.org","@graph":[{"@type":"WebPage","@id":"https:\/\/www.naturparkmagazin.de\/vdn\/deutschlands-groesster-naturpark-suedschwarzwald\/","url":"https:\/\/www.naturparkmagazin.de\/vdn\/deutschlands-groesster-naturpark-suedschwarzwald\/","name":"Deutschlands \"Gr\u00f6\u00dfter\" - Naturpark S\u00fcdschwarzwald","isPartOf":{"@id":"https:\/\/www.naturparkmagazin.de\/vdn\/#website"},"datePublished":"2015-10-19T11:04:23+00:00","dateModified":"2015-10-19T12:05:10+00:00","author":{"@id":"https:\/\/www.naturparkmagazin.de\/vdn\/#\/schema\/person\/d71357578c318b6db03be60b1f60396b"},"description":"Der Naturpark S\u00fcdschwarzwald ist eine der sch\u00f6nsten und meist besuchten Erholungsregionen Deutschlands: Berge bis fast 1.500 m H\u00f6he, wilde Schluchten, urige Schwarzwaldh\u00f6fe, bl\u00fchende Wiesen, fruchtbare Weinberge, dichte W\u00e4lder \u2013 eine einzigartige Mischung aus Natur und Kultur, aus Tradition und Moderne.","breadcrumb":{"@id":"https:\/\/www.naturparkmagazin.de\/vdn\/deutschlands-groesster-naturpark-suedschwarzwald\/#breadcrumb"},"inLanguage":"de","potentialAction":[{"@type":"ReadAction","target":["https:\/\/www.naturparkmagazin.de\/vdn\/deutschlands-groesster-naturpark-suedschwarzwald\/"]}]},{"@type":"BreadcrumbList","@id":"https:\/\/www.naturparkmagazin.de\/vdn\/deutschlands-groesster-naturpark-suedschwarzwald\/#breadcrumb","itemListElement":[{"@type":"ListItem","position":1,"name":"Home","item":"https:\/\/www.naturparkmagazin.de\/vdn\/"},{"@type":"ListItem","position":2,"name":"Deutschlands &#8222;Gr\u00f6\u00dfter&#8220; &#8211; Naturpark S\u00fcdschwarzwald"}]},{"@type":"WebSite","@id":"https:\/\/www.naturparkmagazin.de\/vdn\/#website","url":"https:\/\/www.naturparkmagazin.de\/vdn\/","name":"Verband Deutscher Naturparke","description":"Eine weitere Naturparkmagazin.de Netzwerk Seite","potentialAction":[{"@type":"SearchAction","target":{"@type":"EntryPoint","urlTemplate":"https:\/\/www.naturparkmagazin.de\/vdn\/?s={search_term_string}"},"query-input":"required name=search_term_string"}],"inLanguage":"de"},{"@type":"Person","@id":"https:\/\/www.naturparkmagazin.de\/vdn\/#\/schema\/person\/d71357578c318b6db03be60b1f60396b","name":"beatrixlosem","url":"https:\/\/www.naturparkmagazin.de\/vdn\/author\/beatrixlosem\/"}]}},"_links":{"self":[{"href":"https:\/\/www.naturparkmagazin.de\/vdn\/wp-json\/wp\/v2\/posts\/6080"}],"collection":[{"href":"https:\/\/www.naturparkmagazin.de\/vdn\/wp-json\/wp\/v2\/posts"}],"about":[{"href":"https:\/\/www.naturparkmagazin.de\/vdn\/wp-json\/wp\/v2\/types\/post"}],"author":[{"embeddable":true,"href":"https:\/\/www.naturparkmagazin.de\/vdn\/wp-json\/wp\/v2\/users\/51"}],"replies":[{"embeddable":true,"href":"https:\/\/www.naturparkmagazin.de\/vdn\/wp-json\/wp\/v2\/comments?post=6080"}],"version-history":[{"count":9,"href":"https:\/\/www.naturparkmagazin.de\/vdn\/wp-json\/wp\/v2\/posts\/6080\/revisions"}],"predecessor-version":[{"id":6098,"href":"https:\/\/www.naturparkmagazin.de\/vdn\/wp-json\/wp\/v2\/posts\/6080\/revisions\/6098"}],"wp:featuredmedia":[{"embeddable":true,"href":"https:\/\/www.naturparkmagazin.de\/vdn\/wp-json\/wp\/v2\/media\/6090"}],"wp:attachment":[{"href":"https:\/\/www.naturparkmagazin.de\/vdn\/wp-json\/wp\/v2\/media?parent=6080"}],"wp:term":[{"taxonomy":"category","embeddable":true,"href":"https:\/\/www.naturparkmagazin.de\/vdn\/wp-json\/wp\/v2\/categories?post=6080"},{"taxonomy":"post_tag","embeddable":true,"href":"https:\/\/www.naturparkmagazin.de\/vdn\/wp-json\/wp\/v2\/tags?post=6080"}],"curies":[{"name":"wp","href":"https:\/\/api.w.org\/{rel}","templated":true}]}}